{"id":35023,"count":1,"description":"Auto Added by WPeMatico","link":"https:\/\/redept.com.br\/blogosfera\/category\/injustica-condenacao-bolsonaro\/","name":"injusti\u00e7a condena\u00e7\u00e3o Bolsonaro","slug":"injustica-condenacao-bolsonaro","taxonomy":"category","parent":0,"meta":[],"_links":{"self":[{"href":"https:\/\/redept.com.br\/blogosfera\/wp-json\/wp\/v2\/categories\/35023","targetHints":{"allow":["GET"]}}],"collection":[{"href":"https:\/\/redept.com.br\/blogosfera\/wp-json\/wp\/v2\/categories"}],"about":[{"href":"https:\/\/redept.com.br\/blogosfera\/wp-json\/wp\/v2\/taxonomies\/category"}],"wp:post_type":[{"href":"https:\/\/redept.com.br\/blogosfera\/wp-json\/wp\/v2\/posts?categories=35023"}],"curies":[{"name":"wp","href":"https:\/\/api.w.org\/{rel}","templated":true}]}}