{"id":39683,"count":1,"description":"Auto Added by WPeMatico","link":"https:\/\/redept.com.br\/blogosfera\/category\/3a-conferencia-nacional-de-desenvolvimento-rural-sustentavel-e-solidario\/","name":"3\u00aa Confer\u00eancia Nacional de Desenvolvimento Rural Sustent\u00e1vel e Solid\u00e1rio","slug":"3a-conferencia-nacional-de-desenvolvimento-rural-sustentavel-e-solidario","taxonomy":"category","parent":0,"meta":[],"_links":{"self":[{"href":"https:\/\/redept.com.br\/blogosfera\/wp-json\/wp\/v2\/categories\/39683","targetHints":{"allow":["GET"]}}],"collection":[{"href":"https:\/\/redept.com.br\/blogosfera\/wp-json\/wp\/v2\/categories"}],"about":[{"href":"https:\/\/redept.com.br\/blogosfera\/wp-json\/wp\/v2\/taxonomies\/category"}],"wp:post_type":[{"href":"https:\/\/redept.com.br\/blogosfera\/wp-json\/wp\/v2\/posts?categories=39683"}],"curies":[{"name":"wp","href":"https:\/\/api.w.org\/{rel}","templated":true}]}}