{"id":51950,"count":1,"description":"Auto Added by WPeMatico","link":"https:\/\/redept.com.br\/blogosfera\/category\/correlacao-de-forcas-global\/","name":"correla\u00e7\u00e3o de for\u00e7as global","slug":"correlacao-de-forcas-global","taxonomy":"category","parent":0,"meta":[],"_links":{"self":[{"href":"https:\/\/redept.com.br\/blogosfera\/wp-json\/wp\/v2\/categories\/51950","targetHints":{"allow":["GET"]}}],"collection":[{"href":"https:\/\/redept.com.br\/blogosfera\/wp-json\/wp\/v2\/categories"}],"about":[{"href":"https:\/\/redept.com.br\/blogosfera\/wp-json\/wp\/v2\/taxonomies\/category"}],"wp:post_type":[{"href":"https:\/\/redept.com.br\/blogosfera\/wp-json\/wp\/v2\/posts?categories=51950"}],"curies":[{"name":"wp","href":"https:\/\/api.w.org\/{rel}","templated":true}]}}