{"id":52922,"count":1,"description":"Auto Added by WPeMatico","link":"https:\/\/redept.com.br\/blogosfera\/category\/manifestacao-sao-paulo\/","name":"Manifesta\u00e7\u00e3o S\u00e3o Paulo","slug":"manifestacao-sao-paulo","taxonomy":"category","parent":0,"meta":[],"_links":{"self":[{"href":"https:\/\/redept.com.br\/blogosfera\/wp-json\/wp\/v2\/categories\/52922","targetHints":{"allow":["GET"]}}],"collection":[{"href":"https:\/\/redept.com.br\/blogosfera\/wp-json\/wp\/v2\/categories"}],"about":[{"href":"https:\/\/redept.com.br\/blogosfera\/wp-json\/wp\/v2\/taxonomies\/category"}],"wp:post_type":[{"href":"https:\/\/redept.com.br\/blogosfera\/wp-json\/wp\/v2\/posts?categories=52922"}],"curies":[{"name":"wp","href":"https:\/\/api.w.org\/{rel}","templated":true}]}}