{"id":53193,"count":1,"description":"Auto Added by WPeMatico","link":"https:\/\/redept.com.br\/blogosfera\/category\/organizacao-da-conferencia-islamica\/","name":"Organiza\u00e7\u00e3o da Confer\u00eancia Isl\u00e2mica","slug":"organizacao-da-conferencia-islamica","taxonomy":"category","parent":0,"meta":[],"_links":{"self":[{"href":"https:\/\/redept.com.br\/blogosfera\/wp-json\/wp\/v2\/categories\/53193","targetHints":{"allow":["GET"]}}],"collection":[{"href":"https:\/\/redept.com.br\/blogosfera\/wp-json\/wp\/v2\/categories"}],"about":[{"href":"https:\/\/redept.com.br\/blogosfera\/wp-json\/wp\/v2\/taxonomies\/category"}],"wp:post_type":[{"href":"https:\/\/redept.com.br\/blogosfera\/wp-json\/wp\/v2\/posts?categories=53193"}],"curies":[{"name":"wp","href":"https:\/\/api.w.org\/{rel}","templated":true}]}}