{"id":100069,"date":"2026-08-13T16:00:58","date_gmt":"2026-08-13T19:00:58","guid":{"rendered":"https:\/\/redept.com.br\/blogosfera\/ira-rebate-trump-e-afirma-que-ninguem-pode-transitar-por-ormuz-sem-autorizacao-do-pais\/"},"modified":"2026-08-13T16:00:58","modified_gmt":"2026-08-13T19:00:58","slug":"ira-rebate-trump-e-afirma-que-ninguem-pode-transitar-por-ormuz-sem-autorizacao-do-pais","status":"publish","type":"post","link":"https:\/\/redept.com.br\/blogosfera\/ira-rebate-trump-e-afirma-que-ninguem-pode-transitar-por-ormuz-sem-autorizacao-do-pais\/","title":{"rendered":"Ir\u00e3 rebate Trump e afirma que \u2018ningu\u00e9m\u2019 pode transitar por Ormuz sem autoriza\u00e7\u00e3o do pa\u00eds"},"content":{"rendered":"<p>As For\u00e7as armadas do Ir\u00e3 recha\u00e7aram as recentes declara\u00e7\u00f5es do presidente norte-americano Donald Trump, sobre um suposto \u201ccontrole total\u201d dos Estados Unidos sobre o territ\u00f3rio mar\u00edtimo do Estreito de Ormuz.<\/p>\n<p>Segundo comunicado emitido pelo Quartel-General Central Khatam al-Anbiya, principal comando militar operacional das For\u00e7as Armadas do Ir\u00e3, e difundido pela ag\u00eancia estatal <em>Fars<\/em>, \u201co Estreito de Ormuz, assim como acontece desde 28 de fevereiro, permanece sob a gest\u00e3o e o controle plenos da Rep\u00fablica Isl\u00e2mica do Ir\u00e3\u201d.<\/p>\n<p>\u201cNenhuma embarca\u00e7\u00e3o comercial ou navio-tanque pode ter passagem segura pelo Estreito sem a permiss\u00e3o e a supervis\u00e3o das poderosas For\u00e7as Armadas do Ir\u00e3\u201d, acrescentou o comando militar iraniano.<\/p>\n<p>Teer\u00e3 tamb\u00e9m frisa que \u201cas alega\u00e7\u00f5es infundadas feitas pelos Estados Unidos a respeito da passagem normal de embarca\u00e7\u00f5es pelo Estreito de Ormuz n\u00e3o passam de mentiras e falsidades\u201d.<\/p>\n<p>A resposta iraniana acontece em um momento em que as negocia\u00e7\u00f5es entre Rep\u00fablica Isl\u00e2mica e os Estados Unidos por um acordo de cessar-fogo entrou em um novo per\u00edodo de impasse, o que levou a uma nova fase de acusa\u00e7\u00f5es m\u00fatuas sobre o controle do territ\u00f3rio mar\u00edtimo.<\/p>\n<p>Na ter\u00e7a-feira (11\/08), Trump chegou a declarar em entrevista que os Estados Unidos estariam exercendo \u201ccontrole total sobre o Estreito de Ormuz\u201d.<\/p>\n<p>\u201cTemos controle sobre todo o Estreito. Ningu\u00e9m mais, apenas n\u00f3s. Nossa Marinha \u00e9 inacredit\u00e1vel, e as coisas est\u00e3o indo muito bem para o nosso pa\u00eds\u201d, assegurou o mandat\u00e1rio norte-americano.<\/p>\n<h3>Contexto<\/h3>\n<p>Em junho passado, os dois pa\u00edses chegaram a um acordo que resultou em um cessar-fogo provis\u00f3rio e o restabelecimento do tr\u00e2nsito de embarca\u00e7\u00f5es mar\u00edtimas por Ormuz.<\/p>\n<figure aria-describedby=\"caption-attachment-262937\"><img fetchpriority=\"high\" decoding=\"async\"src=\"https:\/\/redept.com.br\/blogosfera\/wp-content\/uploads\/2026\/08\/fars.jpg\" alt=\"\" width=\"800\" height=\"435\" srcset=\"https:\/\/redept.com.br\/blogosfera\/wp-content\/uploads\/2026\/08\/fars.jpg 800w, https:\/\/operamundi.uol.com.br\/wp-content\/uploads\/2026\/08\/fars-300x163.jpg 300w, https:\/\/operamundi.uol.com.br\/wp-content\/uploads\/2026\/08\/fars-768x418.jpg 768w\" sizes=\"(max-width: 800px) 100vw, 800px\"><figcaption>Comando militar do Ir\u00e3 assegurou que pa\u00eds mant\u00e9m controle sobre tr\u00e2nsito mar\u00edtimo pelo Estreito de Ormuz <br \/>Fars<\/figcaption><\/figure>\n<p>Tal situa\u00e7\u00e3o durou algumas poucas semanas. No mesmo m\u00eas de junho, os Estados Unidos lan\u00e7aram um bombardeio a territ\u00f3rios no sul do Ir\u00e3 sob a alega\u00e7\u00e3o de pressionar o pa\u00eds persa para aceitar um tratado definitivo sobre o tema.<\/p>\n<p>Vale lembrar que o conflito na regi\u00e3o teve in\u00edcio no dia 28 de fevereiro, quando um ataque conjunto lan\u00e7ado por Estados Unidos e Israel matou o aiatol\u00e1 Ali Khamenei, ent\u00e3o l\u00edder supremo do Ir\u00e3.<\/p>\n<p>A opera\u00e7\u00e3o tamb\u00e9m destruiu diversos alvos no territ\u00f3rio iraniano, muitos deles civis, incluindo uma escola infantil, na cidade de Minab, onde faleceriam certa de 170 pessoas, a grande maioria meninas estudantes de entre cinco e doze anos.<\/p>\n<p>Naquele mesmo dia, Teer\u00e3 reagiu colocando em pr\u00e1tica sua estrat\u00e9gia de fechar o Estreito de Ormuz via mar\u00edtima por onde era transportado um quinto do petr\u00f3leo e do g\u00e1s natural liquefeito que abastecem os mercados do mundo.<\/p>\n<p>O post Ir\u00e3 rebate Trump e afirma que \u2018ningu\u00e9m\u2019 pode transitar por Ormuz sem autoriza\u00e7\u00e3o do pa\u00eds apareceu primeiro em Opera Mundi.<\/p>\n<!-- Begin Yuzo --><div class='yuzo_related_post style-1'  data-version='5.12.89'><!-- without result --><div class='yuzo_clearfixed yuzo__title yuzo__title'><h3>Related Post<\/h3><\/div>\n\t\t\t\t\t\t  <div class=\"relatedthumb \" style=\"width:125px;float:left;overflow:hidden;\">  \n\t\t\t\t\t\t\t  \n\t\t\t\t\t\t\t  <a  href=\"https:\/\/redept.com.br\/blogosfera\/trump-chama-brasil-de-politicamente-perigoso-no-g7-e-confunde-bolsonaros-lula-rebate-nao-se-meta-nas-eleicoes\/\"  >\n\t\t\t\t\t\t\t\t\t  <div class=\"yuzo-img-wrap \" style=\"width: 125px;height:90px;\">\n\t\t\t\t\t\t\t\t\t\t\n\t\t\t\t\t\t\t\t\t\t<div class=\"yuzo-img\" style=\"background:url('https:\/\/redept.org\/blogosfera\/wp-content\/plugins\/yuzo-related-post\/assets\/images\/default.png') 50% 50% no-repeat;width: 125px;height:90px;margin-bottom: 5px;background-size: cover; \"><\/div>\n\t\t\t\t\t\t\t\t\t  <\/div>\n\t\t\t\t\t\t\t\t\t  \n\t\t\t\t\t\t\t\t   <span class=\"yuzo__text--title\" style=\"font-size:13px;\">Trump chama Brasil de \u2018politicamente perigoso\u2019 no ...<\/span>\n\t\t\t\t\t\t\t  \n\t\t\t\t\t\t\t  \n\t\t\t\t\t\t\t  <\/a>\n\n\t\t\t\t\t\t  <\/div>\n\t\t\t\t\t\t  <div class=\"relatedthumb \" style=\"width:125px;float:left;overflow:hidden;\">  \n\t\t\t\t\t\t\t  \n\t\t\t\t\t\t\t  <a  href=\"https:\/\/redept.com.br\/blogosfera\/o-brasil-nao-tem-problema-com-israel-o-brasil-tem-problema-com-netanyahu-diz-lula-em-roma\/\"  >\n\t\t\t\t\t\t\t\t\t  <div class=\"yuzo-img-wrap \" style=\"width: 125px;height:90px;\">\n\t\t\t\t\t\t\t\t\t\t\n\t\t\t\t\t\t\t\t\t\t<div class=\"yuzo-img\" style=\"background:url('https:\/\/redept.org\/blogosfera\/wp-content\/plugins\/yuzo-related-post\/assets\/images\/default.png') 50% 50% no-repeat;width: 125px;height:90px;margin-bottom: 5px;background-size: cover; \"><\/div>\n\t\t\t\t\t\t\t\t\t  <\/div>\n\t\t\t\t\t\t\t\t\t  \n\t\t\t\t\t\t\t\t   <span class=\"yuzo__text--title\" style=\"font-size:13px;\">\u201cO Brasil n\u00e3o tem problema com Israel. O Brasil te...<\/span>\n\t\t\t\t\t\t\t  \n\t\t\t\t\t\t\t  \n\t\t\t\t\t\t\t  <\/a>\n\n\t\t\t\t\t\t  <\/div>\n\t\t\t\t\t\t  <div class=\"relatedthumb \" style=\"width:125px;float:left;overflow:hidden;\">  \n\t\t\t\t\t\t\t  \n\t\t\t\t\t\t\t  <a  href=\"https:\/\/redept.com.br\/blogosfera\/noticias-do-dia-com-o-jornal-tvt-news-segunda-edicao-24-06\/\"  >\n\t\t\t\t\t\t\t\t\t  <div class=\"yuzo-img-wrap \" style=\"width: 125px;height:90px;\">\n\t\t\t\t\t\t\t\t\t\t\n\t\t\t\t\t\t\t\t\t\t<div class=\"yuzo-img\" style=\"background:url('https:\/\/redept.com.br\/blogosfera\/wp-content\/uploads\/2025\/06\/jornal_tvt_new-24-150x150.jpeg') 50% 50% no-repeat;width: 125px;height:90px;margin-bottom: 5px;background-size: cover; \"><\/div>\n\t\t\t\t\t\t\t\t\t  <\/div>\n\t\t\t\t\t\t\t\t\t  \n\t\t\t\t\t\t\t\t   <span class=\"yuzo__text--title\" style=\"font-size:13px;\">Not\u00edcias do dia com o Jornal TVT News Segunda Edi\u00e7...<\/span>\n\t\t\t\t\t\t\t  \n\t\t\t\t\t\t\t  \n\t\t\t\t\t\t\t  <\/a>\n\n\t\t\t\t\t\t  <\/div>\n\t\t\t\t\t\t  <div class=\"relatedthumb \" style=\"width:125px;float:left;overflow:hidden;\">  \n\t\t\t\t\t\t\t  \n\t\t\t\t\t\t\t  <a  href=\"https:\/\/redept.com.br\/blogosfera\/o-legado-perverso-de-musk-e-a-batalha-do-zero-tres\/\"  >\n\t\t\t\t\t\t\t\t\t  <div class=\"yuzo-img-wrap \" style=\"width: 125px;height:90px;\">\n\t\t\t\t\t\t\t\t\t\t\n\t\t\t\t\t\t\t\t\t\t<div class=\"yuzo-img\" style=\"background:url('https:\/\/redept.org\/blogosfera\/wp-content\/plugins\/yuzo-related-post\/assets\/images\/default.png') 50% 50% no-repeat;width: 125px;height:90px;margin-bottom: 5px;background-size: cover; \"><\/div>\n\t\t\t\t\t\t\t\t\t  <\/div>\n\t\t\t\t\t\t\t\t\t  \n\t\t\t\t\t\t\t\t   <span class=\"yuzo__text--title\" style=\"font-size:13px;\">O legado perverso de Musk e a batalha do Zero Tr\u00eas...<\/span>\n\t\t\t\t\t\t\t  \n\t\t\t\t\t\t\t  \n\t\t\t\t\t\t\t  <\/a>\n\n\t\t\t\t\t\t  <\/div>\n<\/div> <script>\n\t\t\t\t\t\t  jQuery(document).ready(function( $ ){\n\t\t\t\t\t\t\t\/\/jQuery('.yuzo_related_post').equalizer({ overflow : 'relatedthumb' });\n\t\t\t\t\t\t\tjQuery('.yuzo_related_post .yuzo_wraps').equalizer({ columns : '> div' });\n\t\t\t\t\t\t   })\n\t\t\t\t\t\t  <\/script> <!-- End Yuzo :) -->","protected":false},"excerpt":{"rendered":"<p>As For\u00e7as armadas do Ir\u00e3 recha\u00e7aram as recentes declara\u00e7\u00f5es do presidente norte-americano Donald Trump, sobre um suposto \u201ccontrole total\u201d dos Estados Unidos sobre o territ\u00f3rio mar\u00edtimo do Estreito de Ormuz. Segundo comunicado emitido pelo Quartel-General Central Khatam al-Anbiya, principal comando militar operacional das For\u00e7as Armadas do Ir\u00e3, e difundido pela ag\u00eancia estatal Fars, \u201co Estreito [\u2026]<\/p>\n<p>O post <a href=\"https:\/\/operamundi.uol.com.br\/ira\/ira-rebate-trump-e-afirma-que-ninguem-pode-transitar-por-ormuz-sem-autorizacao-do-pais\/\">Ir\u00e3 rebate Trump e afirma que \u2018ningu\u00e9m\u2019 pode transitar por Ormuz sem autoriza\u00e7\u00e3o do pa\u00eds<\/a> apareceu primeiro em <a href=\"https:\/\/operamundi.uol.com.br\/\">Opera Mundi<\/a>.<\/p>\n","protected":false},"author":2,"featured_media":100070,"comment_status":"closed","ping_status":"closed","sticky":false,"template":"","format":"standard","meta":{"fifu_image_url":"","fifu_image_alt":"","footnotes":""},"categories":[8255,394,8650,9,37251,41,25,37228,37217,1453],"tags":[],"class_list":["post-100069","post","type-post","status-publish","format-standard","has-post-thumbnail","hentry","category-ali-khamenei","category-estados-unidos","category-estreito-de-ormuz","category-eua","category-guerra-eua-e-israel-x-ira","category-ira","category-israel","category-minab","category-ormuz","category-trump"],"_links":{"self":[{"href":"https:\/\/redept.com.br\/blogosfera\/wp-json\/wp\/v2\/posts\/100069","targetHints":{"allow":["GET"]}}],"collection":[{"href":"https:\/\/redept.com.br\/blogosfera\/wp-json\/wp\/v2\/posts"}],"about":[{"href":"https:\/\/redept.com.br\/blogosfera\/wp-json\/wp\/v2\/types\/post"}],"author":[{"embeddable":true,"href":"https:\/\/redept.com.br\/blogosfera\/wp-json\/wp\/v2\/users\/2"}],"replies":[{"embeddable":true,"href":"https:\/\/redept.com.br\/blogosfera\/wp-json\/wp\/v2\/comments?post=100069"}],"version-history":[{"count":0,"href":"https:\/\/redept.com.br\/blogosfera\/wp-json\/wp\/v2\/posts\/100069\/revisions"}],"wp:featuredmedia":[{"embeddable":true,"href":"https:\/\/redept.com.br\/blogosfera\/wp-json\/wp\/v2\/media\/100070"}],"wp:attachment":[{"href":"https:\/\/redept.com.br\/blogosfera\/wp-json\/wp\/v2\/media?parent=100069"}],"wp:term":[{"taxonomy":"category","embeddable":true,"href":"https:\/\/redept.com.br\/blogosfera\/wp-json\/wp\/v2\/categories?post=100069"},{"taxonomy":"post_tag","embeddable":true,"href":"https:\/\/redept.com.br\/blogosfera\/wp-json\/wp\/v2\/tags?post=100069"}],"curies":[{"name":"wp","href":"https:\/\/api.w.org\/{rel}","templated":true}]}}