{"id":100118,"date":"2026-08-14T11:28:23","date_gmt":"2026-08-14T14:28:23","guid":{"rendered":"https:\/\/redept.com.br\/blogosfera\/flavio-vai-desabar-e-tem-zero-chance-de-vencer-diz-kassab\/"},"modified":"2026-08-14T11:28:23","modified_gmt":"2026-08-14T14:28:23","slug":"flavio-vai-desabar-e-tem-zero-chance-de-vencer-diz-kassab","status":"publish","type":"post","link":"https:\/\/redept.com.br\/blogosfera\/flavio-vai-desabar-e-tem-zero-chance-de-vencer-diz-kassab\/","title":{"rendered":"Fl\u00e1vio vai desabar e tem zero chance de vencer, diz Kassab"},"content":{"rendered":"<p><img fetchpriority=\"high\" width=\"823\" height=\"462\"src=\"https:\/\/redept.com.br\/blogosfera\/wp-content\/uploads\/2026\/08\/flaviobolsonaro-Carlos-Moura_Agencia-Senado.jpg\" alt=\"\" decoding=\"async\" srcset=\"https:\/\/redept.com.br\/blogosfera\/wp-content\/uploads\/2026\/08\/flaviobolsonaro-Carlos-Moura_Agencia-Senado.jpg 823w, https:\/\/vermelho.org.br\/wp-content\/uploads\/2026\/08\/flaviobolsonaro-Carlos-Moura_Agencia-Senado-300x168.jpg 300w, https:\/\/vermelho.org.br\/wp-content\/uploads\/2026\/08\/flaviobolsonaro-Carlos-Moura_Agencia-Senado-768x431.jpg 768w\" sizes=\"(max-width: 823px) 100vw, 823px\"><\/p>\n<p>O presidente do PSD e candidato a vice-presidente de Ronaldo Caiado, Gilberto Kassab, declarou que os partidos do Centr\u00e3o est\u00e3o com Lula e que a chance de Fl\u00e1vio Bolsonaro (PL) vencer as elei\u00e7\u00f5es \u00e9 \u201czero\u201d. Disse ainda que, por ora, Fl\u00e1vio est\u00e1 sendo \u201cpreservado\u201d de cr\u00edticas dos advers\u00e1rios e que vai \u201cdesabar\u201d nas pesquisas quando a campanha de fato come\u00e7ar.<\/p>\n<p>As falas ocorreram nesta quinta-feira (13), durante jantar com um seleto p\u00fablico da elite econ\u00f4mica, formado por cerca de 200 empres\u00e1rios e aliados, num clube na capital paulista.<\/p>\n<p>\u201cA chance do Fl\u00e1vio se eleger \u00e9 zero\u201d, disparou. Kassab tamb\u00e9m afirmou que pesquisa \u00e9 \u201ctendenciosa\u201d porque \u201cn\u00e3o pega o Fl\u00e1vio que est\u00e1 apanhando durante a campanha. Ele est\u00e1 sendo preservado. Na hora que o PT mostrar quem \u00e9 o Fl\u00e1vio e as pessoas que est\u00e3o no entorno dele, ele vai desabar\u201d.<\/p>\n<p>Segundo Kassab, \u201cos partidos do Centr\u00e3o n\u00e3o est\u00e3o apoiando o Caiado, est\u00e3o com Lula\u201d. E, puxando a sardinha para o seu lado, argumentou que \u201cCaiado n\u00e3o \u00e9 a terceira via, \u00e9 a alternativa\u201d.<\/p>\n<p>Mesmo levando em conta que foram feitas sob medida para os seus interesses, as falas de Kassab n\u00e3o costumam ser vazias de significado. Afinal, partiram de um nome visto como arguto e pragm\u00e1tico analista pol\u00edtico, que n\u00e3o costuma jogar suas fichas ao l\u00e9u.<\/p>\n<p>Al\u00e9m disso, a avalia\u00e7\u00e3o foi verbalizada para um p\u00fablico que, embora tor\u00e7a o nariz para Lula \u2014 mesmo prosperando durante os governos populares que ele e Dilma Rousseff lideraram \u2014, tamb\u00e9m n\u00e3o parece se sentir confiante para, novamente, embarcar na nau bolsonarista.<\/p>\n<p>\u00c9 nessa insatisfa\u00e7\u00e3o que a candidatura de Caiado e Kassab busca surfar, mesmo cientes de que a hip\u00f3tese de irem para um segundo turno com Lula \u00e9 remota. Ainda assim, como Kassab \u201cn\u00e3o d\u00e1 ponto sem n\u00f3\u201d, suas declara\u00e7\u00f5es devem refletir alguma jogada antecipada do dirigente partid\u00e1rio, al\u00e9m de sinalizarem acenos para al\u00e9m da direita.<\/p>\n<p>Quanto ao Centr\u00e3o, est\u00e1 em seu DNA estar sempre no poder \u2014 ou seja, mesmo sendo majoritariamente de direita, o fisiologismo fala mais alto, de maneira que pouco importa a posi\u00e7\u00e3o pol\u00edtica do candidato, desde que possa tirar proveito. O PSD, ali\u00e1s, bebe dessa mesma fonte.<\/p>\n<p>N\u00e3o \u00e0 toa, seus partidos optaram pela \u201cneutralidade\u201d, n\u00e3o apoiando abertamente nenhum dos candidatos \u00e0 Presid\u00eancia agora. At\u00e9 porque, em estados do Nordeste, por exemplo, em que Lula e a esquerda t\u00eam mais for\u00e7a, apoiar Fl\u00e1vio poderia ser fatal para seus candidatos ao governo e ao Congresso.<\/p>\n<p>Certamente, como em outros momentos, o Centr\u00e3o usar\u00e1 sua influ\u00eancia pol\u00edtica, sobretudo local \u2014 al\u00e9m das emendas que hipertrofiaram o papel do parlamento no tabuleiro pol\u00edtico \u2014 como moeda de troca na hora que julgarem mais oportuna, como t\u00eam feito desde sempre.<\/p>\n<p>Seja como for, a avalia\u00e7\u00e3o de Kassab n\u00e3o parece bom press\u00e1gio para Fl\u00e1vio Bolsonaro, cuja candidatura acumula problemas em s\u00e9rie. \u00c0s v\u00e9speras do in\u00edcio oficial da campanha, devem estar causando inc\u00f4modo \u00e0 extrema direita, encalacrada em sua pr\u00f3pria teia.<\/p>\n<p>O post <a href=\"https:\/\/vermelho.org.br\/2026\/08\/14\/flavio-vai-desabar-na-campanha-e-tem-zero-chance-de-vencer-diz-kassab\/\">Fl\u00e1vio vai desabar e tem zero chance de vencer, diz Kassab<\/a> apareceu primeiro em <a href=\"https:\/\/vermelho.org.br\/\">Vermelho<\/a>.<\/p>\n<!-- Begin Yuzo --><div class='yuzo_related_post style-1'  data-version='5.12.89'><!-- without result --><div class='yuzo_clearfixed yuzo__title yuzo__title'><h3>Related Post<\/h3><\/div>\n\t\t\t\t\t\t  <div class=\"relatedthumb \" style=\"width:125px;float:left;overflow:hidden;\">  \n\t\t\t\t\t\t\t  \n\t\t\t\t\t\t\t  <a  href=\"https:\/\/redept.com.br\/blogosfera\/matriarcas-da-terra-agroecologia-e-luta-feminista-no-mst\/\"  >\n\t\t\t\t\t\t\t\t\t  <div class=\"yuzo-img-wrap \" style=\"width: 125px;height:90px;\">\n\t\t\t\t\t\t\t\t\t\t\n\t\t\t\t\t\t\t\t\t\t<div class=\"yuzo-img\" style=\"background:url('https:\/\/redept.com.br\/blogosfera\/wp-content\/uploads\/2025\/03\/thumb-matriarcas-da-terra1-1024x576-1-150x150.jpg') 50% 50% no-repeat;width: 125px;height:90px;margin-bottom: 5px;background-size: cover; \"><\/div>\n\t\t\t\t\t\t\t\t\t  <\/div>\n\t\t\t\t\t\t\t\t\t  \n\t\t\t\t\t\t\t\t   <span class=\"yuzo__text--title\" style=\"font-size:13px;\">Matriarcas da Terra: agroecologia e luta feminista...<\/span>\n\t\t\t\t\t\t\t  \n\t\t\t\t\t\t\t  \n\t\t\t\t\t\t\t  <\/a>\n\n\t\t\t\t\t\t  <\/div>\n\t\t\t\t\t\t  <div class=\"relatedthumb \" style=\"width:125px;float:left;overflow:hidden;\">  \n\t\t\t\t\t\t\t  \n\t\t\t\t\t\t\t  <a  href=\"https:\/\/redept.com.br\/blogosfera\/marina-fala-em-demolicao-do-licenciamento-ambiental\/\"  >\n\t\t\t\t\t\t\t\t\t  <div class=\"yuzo-img-wrap \" style=\"width: 125px;height:90px;\">\n\t\t\t\t\t\t\t\t\t\t\n\t\t\t\t\t\t\t\t\t\t<div class=\"yuzo-img\" style=\"background:url('https:\/\/redept.com.br\/blogosfera\/wp-content\/uploads\/2025\/11\/54951783954_d55a2bf571_c-150x150.jpg') 50% 50% no-repeat;width: 125px;height:90px;margin-bottom: 5px;background-size: cover; \"><\/div>\n\t\t\t\t\t\t\t\t\t  <\/div>\n\t\t\t\t\t\t\t\t\t  \n\t\t\t\t\t\t\t\t   <span class=\"yuzo__text--title\" style=\"font-size:13px;\">Marina fala em \u2018demoli\u00e7\u00e3o\u2019 do licenciamento ambien...<\/span>\n\t\t\t\t\t\t\t  \n\t\t\t\t\t\t\t  \n\t\t\t\t\t\t\t  <\/a>\n\n\t\t\t\t\t\t  <\/div>\n\t\t\t\t\t\t  <div class=\"relatedthumb \" style=\"width:125px;float:left;overflow:hidden;\">  \n\t\t\t\t\t\t\t  \n\t\t\t\t\t\t\t  <a  href=\"https:\/\/redept.com.br\/blogosfera\/expectativa-para-a-inflacao-recua-pela-terceira-semana-seguida-mostra-focus\/\"  >\n\t\t\t\t\t\t\t\t\t  <div class=\"yuzo-img-wrap \" style=\"width: 125px;height:90px;\">\n\t\t\t\t\t\t\t\t\t\t\n\t\t\t\t\t\t\t\t\t\t<div class=\"yuzo-img\" style=\"background:url('https:\/\/redept.com.br\/blogosfera\/wp-content\/uploads\/2026\/07\/mercado-150x150.webp') 50% 50% no-repeat;width: 125px;height:90px;margin-bottom: 5px;background-size: cover; \"><\/div>\n\t\t\t\t\t\t\t\t\t  <\/div>\n\t\t\t\t\t\t\t\t\t  \n\t\t\t\t\t\t\t\t   <span class=\"yuzo__text--title\" style=\"font-size:13px;\">Expectativa para a infla\u00e7\u00e3o recua pela terceira se...<\/span>\n\t\t\t\t\t\t\t  \n\t\t\t\t\t\t\t  \n\t\t\t\t\t\t\t  <\/a>\n\n\t\t\t\t\t\t  <\/div>\n\t\t\t\t\t\t  <div class=\"relatedthumb \" style=\"width:125px;float:left;overflow:hidden;\">  \n\t\t\t\t\t\t\t  \n\t\t\t\t\t\t\t  <a  href=\"https:\/\/redept.com.br\/blogosfera\/i-encontro-lgbti-sem-terra-em-pe-afirma-nao-ha-reforma-agraria-popular-sem-diversidade\/\"  >\n\t\t\t\t\t\t\t\t\t  <div class=\"yuzo-img-wrap \" style=\"width: 125px;height:90px;\">\n\t\t\t\t\t\t\t\t\t\t\n\t\t\t\t\t\t\t\t\t\t<div class=\"yuzo-img\" style=\"background:url('https:\/\/redept.com.br\/blogosfera\/wp-content\/uploads\/2025\/08\/IMG_5517-150x150.jpeg') 50% 50% no-repeat;width: 125px;height:90px;margin-bottom: 5px;background-size: cover; \"><\/div>\n\t\t\t\t\t\t\t\t\t  <\/div>\n\t\t\t\t\t\t\t\t\t  \n\t\t\t\t\t\t\t\t   <span class=\"yuzo__text--title\" style=\"font-size:13px;\">I Encontro LGBTI+ Sem Terra em PE afirma: n\u00e3o h\u00e1 R...<\/span>\n\t\t\t\t\t\t\t  \n\t\t\t\t\t\t\t  \n\t\t\t\t\t\t\t  <\/a>\n\n\t\t\t\t\t\t  <\/div>\n<\/div> <script>\n\t\t\t\t\t\t  jQuery(document).ready(function( $ ){\n\t\t\t\t\t\t\t\/\/jQuery('.yuzo_related_post').equalizer({ overflow : 'relatedthumb' });\n\t\t\t\t\t\t\tjQuery('.yuzo_related_post .yuzo_wraps').equalizer({ columns : '> div' });\n\t\t\t\t\t\t   })\n\t\t\t\t\t\t  <\/script> <!-- End Yuzo :) -->","protected":false},"excerpt":{"rendered":"<p>O presidente do PSD e candidato a vice-presidente de Ronaldo Caiado, Gilberto Kassab, declarou que os partidos do Centr\u00e3o est\u00e3o com Lula e que a chance de Fl\u00e1vio Bolsonaro (PL) vencer as elei\u00e7\u00f5es \u00e9 \u201czero\u201d. Disse ainda que, por ora, Fl\u00e1vio est\u00e1 sendo \u201cpreservado\u201d de cr\u00edticas dos advers\u00e1rios e que vai \u201cdesabar\u201d nas pesquisas quando [&hellip;]<\/p>\n","protected":false},"author":2,"featured_media":0,"comment_status":"open","ping_status":"closed","sticky":false,"template":"","format":"standard","meta":{"fifu_image_url":"","fifu_image_alt":"","footnotes":""},"categories":[395,1760,2427,4251,112,132],"tags":[],"class_list":["post-100118","post","type-post","status-publish","format-standard","hentry","category-centrao","category-eleicoes-2026","category-flavio-bolsonaro","category-gilberto-kassab","category-lula","category-politica"],"_links":{"self":[{"href":"https:\/\/redept.com.br\/blogosfera\/wp-json\/wp\/v2\/posts\/100118","targetHints":{"allow":["GET"]}}],"collection":[{"href":"https:\/\/redept.com.br\/blogosfera\/wp-json\/wp\/v2\/posts"}],"about":[{"href":"https:\/\/redept.com.br\/blogosfera\/wp-json\/wp\/v2\/types\/post"}],"author":[{"embeddable":true,"href":"https:\/\/redept.com.br\/blogosfera\/wp-json\/wp\/v2\/users\/2"}],"replies":[{"embeddable":true,"href":"https:\/\/redept.com.br\/blogosfera\/wp-json\/wp\/v2\/comments?post=100118"}],"version-history":[{"count":0,"href":"https:\/\/redept.com.br\/blogosfera\/wp-json\/wp\/v2\/posts\/100118\/revisions"}],"wp:attachment":[{"href":"https:\/\/redept.com.br\/blogosfera\/wp-json\/wp\/v2\/media?parent=100118"}],"wp:term":[{"taxonomy":"category","embeddable":true,"href":"https:\/\/redept.com.br\/blogosfera\/wp-json\/wp\/v2\/categories?post=100118"},{"taxonomy":"post_tag","embeddable":true,"href":"https:\/\/redept.com.br\/blogosfera\/wp-json\/wp\/v2\/tags?post=100118"}],"curies":[{"name":"wp","href":"https:\/\/api.w.org\/{rel}","templated":true}]}}