{"id":10050,"date":"2025-01-08T15:33:37","date_gmt":"2025-01-08T18:33:37","guid":{"rendered":"https:\/\/redept.org\/blogosfera\/sidonio-palmeira-assume-secom-com-desafio-de-comunicar-realizacoes-do-governo\/"},"modified":"2025-01-08T15:33:37","modified_gmt":"2025-01-08T18:33:37","slug":"sidonio-palmeira-assume-secom-com-desafio-de-comunicar-realizacoes-do-governo","status":"publish","type":"post","link":"https:\/\/redept.com.br\/blogosfera\/sidonio-palmeira-assume-secom-com-desafio-de-comunicar-realizacoes-do-governo\/","title":{"rendered":"Sid\u00f4nio Palmeira assume Secom com desafio de comunicar realiza\u00e7\u00f5es do governo"},"content":{"rendered":"<p><img loading=\"lazy\" width=\"1024\" height=\"513\"src=\"https:\/\/redept.org\/blogosfera\/wp-content\/uploads\/2025\/01\/Captura-de-Tela-2025-01-08-as-15.27.22.png\" alt=\"\" decoding=\"async\" loading=\"lazy\" srcset=\"https:\/\/vermelho.org.br\/wp-content\/uploads\/2025\/01\/Captura-de-Tela-2025-01-08-as-15.27.22-1024x513.png 1024w, https:\/\/vermelho.org.br\/wp-content\/uploads\/2025\/01\/Captura-de-Tela-2025-01-08-as-15.27.22-300x150.png 300w, https:\/\/vermelho.org.br\/wp-content\/uploads\/2025\/01\/Captura-de-Tela-2025-01-08-as-15.27.22-768x385.png 768w, https:\/\/redept.org\/blogosfera\/wp-content\/uploads\/2025\/01\/Captura-de-Tela-2025-01-08-as-15.27.22.png 1365w\" sizes=\"auto, (max-width: 1024px) 100vw, 1024px\"><\/p>\n<p>O ministro Paulo Pimenta deixar\u00e1 o comando da Secretaria de Comunica\u00e7\u00e3o Social (Secom) do governo Lula, sendo substitu\u00eddo pelo publicit\u00e1rio Sid\u00f4nio Palmeira. A decis\u00e3o foi tomada ap\u00f3s uma reuni\u00e3o nesta ter\u00e7a-feira (7) entre o presidente Luiz In\u00e1cio Lula da Silva e Pimenta, no Pal\u00e1cio do Planalto. Sid\u00f4nio, conhecido por ser o respons\u00e1vel pela campanha vitoriosa de Lula em 2022, assumir\u00e1 o cargo na pr\u00f3xima semana.<\/p>\n<p>A Secom \u00e9 o \u00f3rg\u00e3o respons\u00e1vel por formular e implementar a pol\u00edtica de comunica\u00e7\u00e3o e divulga\u00e7\u00e3o social do Poder Executivo federal, promover a rela\u00e7\u00e3o do governo federal com a imprensa, formular e implementar a\u00e7\u00f5es para acesso \u00e0 informa\u00e7\u00e3o, exerc\u00edcio de direitos e combate \u00e0 desinforma\u00e7\u00e3o, entre outras a\u00e7\u00f5es. Na secretaria executiva da pasta, segundo cargo mais importante, o tamb\u00e9m publicit\u00e1rio Thiago C\u00e9sar assumir\u00e1 no lugar do advogado Ricardo Zamora.\u00a0<\/p>\n<p>Pimenta, que sai de f\u00e9rias nesta quinta-feira, afirmou que a transi\u00e7\u00e3o j\u00e1 est\u00e1 em andamento. \u201cO presidente quer \u00e0 frente da Secom uma pessoa com um perfil diferente do que eu tenho. Vamos fazer a caminhada conjunta at\u00e9 a semana que vem. N\u00f3s temos o mesmo projeto e, portanto, vamos ter uma parceria que n\u00e3o se encerra\u201d, disse o ministro ao confirmar sua sa\u00edda.<\/p>\n<p>Sid\u00f4nio Palmeira ressaltou o ineditismo da fun\u00e7\u00e3o ao assumir uma pasta governamental pela primeira vez. \u201cEssa \u00e9 a minha primeira vez em governo. \u00c9 uma experi\u00eancia nova, interessante\u201d, afirmou, destacando seus objetivos: \u201cTem uma expectativa grande com o governo, tem a gest\u00e3o e a percep\u00e7\u00e3o popular: alinhar esses tr\u00eas \u00e9 o nosso objetivo. \u00c9 importante que a gest\u00e3o n\u00e3o seja anal\u00f3gica.\u201d<\/p>\n<p>\u201cTem uma observa\u00e7\u00e3o tamb\u00e9m, na parte digital, que as pessoas colocam, alguns dizem assim: \u2018que \u00e9 anal\u00f3gico\u2019 [o modelo de comunica\u00e7\u00e3o do governo]. Acho que a gente precisa evoluir nisso. J\u00e1 \u00e9 um in\u00edcio, mas precisa ter uma evolu\u00e7\u00e3o. E \u00e9 importante, isso \u00e9 papel do governo, [o de] comunicar. \u00c9 um papel e uma obriga\u00e7\u00e3o do governo comunicar o que foi feito. E tamb\u00e9m at\u00e9 para as pessoas poderem usufruir dos feitos do governo\u201d, refor\u00e7ou.<\/p>\n<p><strong>Perfil do novo ministro<\/strong><\/p>\n<p>Nascido na Bahia, Sid\u00f4nio Palmeira iniciou sua trajet\u00f3ria na comunica\u00e7\u00e3o em 1992, ao coordenar a campanha que elegeu L\u00eddice da Mata como prefeita de Salvador. Desde 2006, tem trabalhado em campanhas vitoriosas do PT, incluindo as elei\u00e7\u00f5es de Jaques Wagner, Rui Costa e Fernando Haddad, al\u00e9m da campanha presidencial de Lula em 2022.<\/p>\n<p>Durante o atual mandato de Lula, Sid\u00f4nio j\u00e1 vinha atuando nos bastidores, participando de reuni\u00f5es e dando orienta\u00e7\u00f5es sobre a comunica\u00e7\u00e3o do governo. Recentemente, esteve presente em momentos estrat\u00e9gicos, como o an\u00fancio do pacote de corte de gastos conduzido por Fernando Haddad e a reuni\u00e3o ministerial de fim de ano.<\/p>\n<p><strong>Desafios para o novo titular da Secom<\/strong><\/p>\n<p>Sid\u00f4nio assume a Secom com a tarefa de superar a percep\u00e7\u00e3o p\u00fablica de que os feitos do governo n\u00e3o t\u00eam sido suficientemente comunicados. Al\u00e9m disso, ser\u00e1 essencial refor\u00e7ar a articula\u00e7\u00e3o entre gest\u00e3o, percep\u00e7\u00e3o popular e estrat\u00e9gia de divulga\u00e7\u00e3o.<\/p>\n<p>O publicit\u00e1rio ter\u00e1 a miss\u00e3o de imprimir sua marca na comunica\u00e7\u00e3o do governo e atender \u00e0s expectativas de Lula, que busca transformar a \u00e1rea em uma ferramenta eficaz para amplificar os resultados do terceiro mandato e consolidar a narrativa governamental.<\/p>\n<p><strong>Cr\u00edticas de Lula \u00e0 comunica\u00e7\u00e3o<\/strong><\/p>\n<p>A sa\u00edda de Paulo Pimenta j\u00e1 era esperada desde dezembro de 2024, quando Lula manifestou publicamente sua insatisfa\u00e7\u00e3o com a comunica\u00e7\u00e3o do governo durante um discurso ao Partido dos Trabalhadores (PT). Segundo relatos na imprensa, o presidente tem reclamado que os feitos de sua gest\u00e3o n\u00e3o chegam \u00e0 popula\u00e7\u00e3o, destacando que considera este seu melhor mandato, embora pesquisas recentes indiquem que 41% da popula\u00e7\u00e3o n\u00e3o compartilhem dessa vis\u00e3o.<\/p>\n<p>No Planalto, de acordo com os relatos, avalia-se que o custo-benef\u00edcio da gest\u00e3o de Pimenta n\u00e3o teria correspondido \u00e0s expectativas e que a pasta necessitava de uma abordagem mais t\u00e9cnica e focada na propaganda. A insatisfa\u00e7\u00e3o com o desempenho nas m\u00eddias sociais, comandadas por Brunna Rosa, teria sido um dos pontos cr\u00edticos.<\/p>\n<p>Paulo Pimenta, que est\u00e1 licenciado do mandato de deputado federal pelo Rio Grande do Sul, informou que tirar\u00e1 cerca de uma semana de f\u00e9rias, para descansar com a fam\u00edlia, e s\u00f3 depois se reapresentar\u00e1 ao presidente Lula para definir seu futuro em algum outro cargo dentro do governo ou em outra miss\u00e3o pol\u00edtica, que pode ser inclusive o retorno \u00e0 C\u00e2mara dos Deputados.<\/p>\n<p>O post <a href=\"https:\/\/vermelho.org.br\/2025\/01\/08\/sidonio-palmeira-assume-secom-com-desafio-de-comunicar-realizacoes-do-governo\/\">Sid\u00f4nio Palmeira assume Secom com desafio de comunicar realiza\u00e7\u00f5es do governo<\/a> apareceu primeiro em <a href=\"https:\/\/vermelho.org.br\/\">Vermelho<\/a>.<\/p>\n<!-- Begin Yuzo --><div class='yuzo_related_post style-1'  data-version='5.12.89'><!-- without result --><div class='yuzo_clearfixed yuzo__title yuzo__title'><h3>Related Post<\/h3><\/div>\n\t\t\t\t\t\t  <div class=\"relatedthumb \" style=\"width:125px;float:left;overflow:hidden;\">  \n\t\t\t\t\t\t\t  \n\t\t\t\t\t\t\t  <a  href=\"https:\/\/redept.com.br\/blogosfera\/stf-determina-maior-transparencia-no-uso-de-emendas-em-universidades\/\"  >\n\t\t\t\t\t\t\t\t\t  <div class=\"yuzo-img-wrap \" style=\"width: 125px;height:90px;\">\n\t\t\t\t\t\t\t\t\t\t\n\t\t\t\t\t\t\t\t\t\t<div class=\"yuzo-img\" style=\"background:url('https:\/\/redept.com.br\/blogosfera\/wp-content\/uploads\/2025\/01\/53546293745_f8d9d167f9_c-150x150.jpg') 50% 50% no-repeat;width: 125px;height:90px;margin-bottom: 5px;background-size: cover; \"><\/div>\n\t\t\t\t\t\t\t\t\t  <\/div>\n\t\t\t\t\t\t\t\t\t  \n\t\t\t\t\t\t\t\t   <span class=\"yuzo__text--title\" style=\"font-size:13px;\">STF determina maior transpar\u00eancia no uso de emenda...<\/span>\n\t\t\t\t\t\t\t  \n\t\t\t\t\t\t\t  \n\t\t\t\t\t\t\t  <\/a>\n\n\t\t\t\t\t\t  <\/div>\n\t\t\t\t\t\t  <div class=\"relatedthumb \" style=\"width:125px;float:left;overflow:hidden;\">  \n\t\t\t\t\t\t\t  \n\t\t\t\t\t\t\t  <a  href=\"https:\/\/redept.com.br\/blogosfera\/muito-alem-do-8-de-marco-o-silenciamento-cotidiano-de-mulheres-na-politica\/\"  >\n\t\t\t\t\t\t\t\t\t  <div class=\"yuzo-img-wrap \" style=\"width: 125px;height:90px;\">\n\t\t\t\t\t\t\t\t\t\t\n\t\t\t\t\t\t\t\t\t\t<div class=\"yuzo-img\" style=\"background:url('https:\/\/redept.org\/blogosfera\/wp-content\/plugins\/yuzo-related-post\/assets\/images\/default.png') 50% 50% no-repeat;width: 125px;height:90px;margin-bottom: 5px;background-size: cover; \"><\/div>\n\t\t\t\t\t\t\t\t\t  <\/div>\n\t\t\t\t\t\t\t\t\t  \n\t\t\t\t\t\t\t\t   <span class=\"yuzo__text--title\" style=\"font-size:13px;\">Muito al\u00e9m do 8 de mar\u00e7o: o silenciamento cotidian...<\/span>\n\t\t\t\t\t\t\t  \n\t\t\t\t\t\t\t  \n\t\t\t\t\t\t\t  <\/a>\n\n\t\t\t\t\t\t  <\/div>\n\t\t\t\t\t\t  <div class=\"relatedthumb \" style=\"width:125px;float:left;overflow:hidden;\">  \n\t\t\t\t\t\t\t  \n\t\t\t\t\t\t\t  <a  href=\"https:\/\/redept.com.br\/blogosfera\/filme-indigena-pernambucano-tem-estreia-em-ato-nacional-dos-povos-originarios-em-brasilia-df\/\"  >\n\t\t\t\t\t\t\t\t\t  <div class=\"yuzo-img-wrap \" style=\"width: 125px;height:90px;\">\n\t\t\t\t\t\t\t\t\t\t\n\t\t\t\t\t\t\t\t\t\t<div class=\"yuzo-img\" style=\"background:url('https:\/\/redept.org\/blogosfera\/wp-content\/plugins\/yuzo-related-post\/assets\/images\/default.png') 50% 50% no-repeat;width: 125px;height:90px;margin-bottom: 5px;background-size: cover; \"><\/div>\n\t\t\t\t\t\t\t\t\t  <\/div>\n\t\t\t\t\t\t\t\t\t  \n\t\t\t\t\t\t\t\t   <span class=\"yuzo__text--title\" style=\"font-size:13px;\">Filme ind\u00edgena pernambucano tem estreia em ato nac...<\/span>\n\t\t\t\t\t\t\t  \n\t\t\t\t\t\t\t  \n\t\t\t\t\t\t\t  <\/a>\n\n\t\t\t\t\t\t  <\/div>\n\t\t\t\t\t\t  <div class=\"relatedthumb \" style=\"width:125px;float:left;overflow:hidden;\">  \n\t\t\t\t\t\t\t  \n\t\t\t\t\t\t\t  <a  href=\"https:\/\/redept.com.br\/blogosfera\/alencar-santana-denuncia-bolsonaro-e-senador-por-prevaricacao-em-esquema-de-fraudes-no-inss\/\"  >\n\t\t\t\t\t\t\t\t\t  <div class=\"yuzo-img-wrap \" style=\"width: 125px;height:90px;\">\n\t\t\t\t\t\t\t\t\t\t\n\t\t\t\t\t\t\t\t\t\t<div class=\"yuzo-img\" style=\"background:url('https:\/\/redept.org\/blogosfera\/wp-content\/plugins\/yuzo-related-post\/assets\/images\/default.png') 50% 50% no-repeat;width: 125px;height:90px;margin-bottom: 5px;background-size: cover; \"><\/div>\n\t\t\t\t\t\t\t\t\t  <\/div>\n\t\t\t\t\t\t\t\t\t  \n\t\t\t\t\t\t\t\t   <span class=\"yuzo__text--title\" style=\"font-size:13px;\">Alencar Santana denuncia Bolsonaro e senador por p...<\/span>\n\t\t\t\t\t\t\t  \n\t\t\t\t\t\t\t  \n\t\t\t\t\t\t\t  <\/a>\n\n\t\t\t\t\t\t  <\/div>\n<\/div> <script>\n\t\t\t\t\t\t  jQuery(document).ready(function( $ ){\n\t\t\t\t\t\t\t\/\/jQuery('.yuzo_related_post').equalizer({ overflow : 'relatedthumb' });\n\t\t\t\t\t\t\tjQuery('.yuzo_related_post .yuzo_wraps').equalizer({ columns : '> div' });\n\t\t\t\t\t\t   })\n\t\t\t\t\t\t  <\/script> <!-- End Yuzo :) -->","protected":false},"excerpt":{"rendered":"<p>O ministro Paulo Pimenta deixar\u00e1 o comando da Secretaria de Comunica\u00e7\u00e3o Social (Secom) do governo Lula, sendo substitu\u00eddo pelo publicit\u00e1rio Sid\u00f4nio Palmeira. A decis\u00e3o foi tomada ap\u00f3s uma reuni\u00e3o nesta ter\u00e7a-feira (7) entre o presidente Luiz In\u00e1cio Lula da Silva e Pimenta, no Pal\u00e1cio do Planalto. Sid\u00f4nio, conhecido por ser o respons\u00e1vel pela campanha vitoriosa [&hellip;]<\/p>\n","protected":false},"author":2,"featured_media":10051,"comment_status":"closed","ping_status":"closed","sticky":false,"template":"","format":"standard","meta":{"fifu_image_url":"","fifu_image_alt":"","footnotes":""},"categories":[354,353,134,3081,3082],"tags":[],"class_list":["post-10050","post","type-post","status-publish","format-standard","has-post-thumbnail","hentry","category-comunicacao","category-midia","category-paulo-pimenta","category-secom","category-sidonio-palmeira"],"_links":{"self":[{"href":"https:\/\/redept.com.br\/blogosfera\/wp-json\/wp\/v2\/posts\/10050","targetHints":{"allow":["GET"]}}],"collection":[{"href":"https:\/\/redept.com.br\/blogosfera\/wp-json\/wp\/v2\/posts"}],"about":[{"href":"https:\/\/redept.com.br\/blogosfera\/wp-json\/wp\/v2\/types\/post"}],"author":[{"embeddable":true,"href":"https:\/\/redept.com.br\/blogosfera\/wp-json\/wp\/v2\/users\/2"}],"replies":[{"embeddable":true,"href":"https:\/\/redept.com.br\/blogosfera\/wp-json\/wp\/v2\/comments?post=10050"}],"version-history":[{"count":0,"href":"https:\/\/redept.com.br\/blogosfera\/wp-json\/wp\/v2\/posts\/10050\/revisions"}],"wp:featuredmedia":[{"embeddable":true,"href":"https:\/\/redept.com.br\/blogosfera\/wp-json\/wp\/v2\/media\/10051"}],"wp:attachment":[{"href":"https:\/\/redept.com.br\/blogosfera\/wp-json\/wp\/v2\/media?parent=10050"}],"wp:term":[{"taxonomy":"category","embeddable":true,"href":"https:\/\/redept.com.br\/blogosfera\/wp-json\/wp\/v2\/categories?post=10050"},{"taxonomy":"post_tag","embeddable":true,"href":"https:\/\/redept.com.br\/blogosfera\/wp-json\/wp\/v2\/tags?post=10050"}],"curies":[{"name":"wp","href":"https:\/\/api.w.org\/{rel}","templated":true}]}}