{"id":100607,"date":"2026-08-18T10:26:38","date_gmt":"2026-08-18T13:26:38","guid":{"rendered":"https:\/\/redept.com.br\/blogosfera\/etanol-fica-mais-barato-em-22-estados-e-media-cai-para-r-391\/"},"modified":"2026-08-18T10:26:38","modified_gmt":"2026-08-18T13:26:38","slug":"etanol-fica-mais-barato-em-22-estados-e-media-cai-para-r-391","status":"publish","type":"post","link":"https:\/\/redept.com.br\/blogosfera\/etanol-fica-mais-barato-em-22-estados-e-media-cai-para-r-391\/","title":{"rendered":"Etanol fica mais barato em 22 estados e m\u00e9dia cai para R$ 3,91"},"content":{"rendered":"<p><img fetchpriority=\"high\" width=\"900\" height=\"506\"src=\"https:\/\/redept.com.br\/blogosfera\/wp-content\/uploads\/2026\/08\/posto-de-gasolina-posto-de-combustivel-gasolina-etanol-abastecimento-combustiveis-1775732698746_v2_900x506jpg.webp\" alt=\"\" decoding=\"async\" srcset=\"https:\/\/redept.com.br\/blogosfera\/wp-content\/uploads\/2026\/08\/posto-de-gasolina-posto-de-combustivel-gasolina-etanol-abastecimento-combustiveis-1775732698746_v2_900x506jpg.webp 900w, https:\/\/vermelho.org.br\/wp-content\/uploads\/2026\/08\/posto-de-gasolina-posto-de-combustivel-gasolina-etanol-abastecimento-combustiveis-1775732698746_v2_900x506.jpg-300x169.webp 300w, https:\/\/vermelho.org.br\/wp-content\/uploads\/2026\/08\/posto-de-gasolina-posto-de-combustivel-gasolina-etanol-abastecimento-combustiveis-1775732698746_v2_900x506.jpg-768x432.webp 768w\" sizes=\"(max-width: 900px) 100vw, 900px\"><\/p>\n<p>O pre\u00e7o do etanol caiu em 22 estados na \u00faltima semana. Na m\u00e9dia nacional, o litro passou de R$ 3,94 para R$ 3,91, redu\u00e7\u00e3o de 0,76%, segundo levantamento da Ag\u00eancia Nacional do Petr\u00f3leo, G\u00e1s Natural e Biocombust\u00edveis (ANP).<\/p>\n<p>A queda da \u00faltima semana faz parte de um movimento que vem ocorrendo h\u00e1 alguns meses. A <a href=\"https:\/\/www.gov.br\/anp\/pt-br\/assuntos\/precos-e-defesa-da-concorrencia\/precos\/precos-revenda-e-de-distribuicao-combustiveis\/serie-historica-do-levantamento-de-precos\"><strong>s\u00e9rie hist\u00f3rica da ANP<\/strong><\/a> mostra que o litro custava, em m\u00e9dia, R$ 4,22 no fim de maio. Desde ent\u00e3o, o pre\u00e7o caiu cerca de 7,3% at\u00e9 chegar aos atuais R$ 3,91. \u00c9 tamb\u00e9m o menor valor m\u00e9dio nacional registrado desde o in\u00edcio de julho de 2024.<\/p>\n<p>Em dois estados e no <strong>Distrito Federal<\/strong>, o pre\u00e7o aumentou. Em <strong>Roraima<\/strong>, permaneceu est\u00e1vel, enquanto o Amap\u00e1 n\u00e3o teve valores registrados na pesquisa.<\/p>\n<p><strong>S\u00e3o Paulo<\/strong>, maior produtor e consumidor de etanol do pa\u00eds, registrou queda de 0,55%, com o litro vendido, em m\u00e9dia, a R$ 3,61. A maior redu\u00e7\u00e3o ocorreu em <strong>Minas Gerais<\/strong>: 4,31%, levando o pre\u00e7o m\u00e9dio para R$ 3,77.<\/p>\n<p>Os pre\u00e7os encontrados nos postos, por\u00e9m, variam bastante pelo pa\u00eds. O litro mais barato da pesquisa custava R$ 2,79, em S\u00e3o Paulo. O mais caro chegou a R$ 6,60, no <strong>Acre<\/strong>. Considerando a m\u00e9dia de cada estado, S\u00e3o Paulo tamb\u00e9m teve o menor valor, de R$ 3,61, enquanto Roraima apresentou o maior, de R$ 5,41.<\/p>\n<figure><img decoding=\"async\" width=\"1024\" height=\"683\"src=\"https:\/\/redept.com.br\/blogosfera\/wp-content\/uploads\/2026\/08\/Imagem-criada-por-ia.png\" alt=\"\" srcset=\"https:\/\/vermelho.org.br\/wp-content\/uploads\/2026\/08\/Imagem-criada-por-ia-1024x683.png 1024w, https:\/\/vermelho.org.br\/wp-content\/uploads\/2026\/08\/Imagem-criada-por-ia-300x200.png 300w, https:\/\/vermelho.org.br\/wp-content\/uploads\/2026\/08\/Imagem-criada-por-ia-768x512.png 768w, https:\/\/vermelho.org.br\/wp-content\/uploads\/2026\/08\/Imagem-criada-por-ia-272x182.png 272w, https:\/\/redept.com.br\/blogosfera\/wp-content\/uploads\/2026\/08\/Imagem-criada-por-ia.png 1536w\" sizes=\"(max-width: 1024px) 100vw, 1024px\"><figcaption><em>Imagem criada por IA<\/em> \u2013 <em>Portal Vermelho<\/em><\/figcaption><\/figure>\n<\/p>\n<p><strong>Quando compensa abastecer com etanol?<\/strong><\/p>\n<p>O levantamento tamb\u00e9m comparou os pre\u00e7os do etanol e da gasolina. Entre 9 e 15 de agosto, o etanol foi considerado mais vantajoso em dez estados e no Distrito Federal.<\/p>\n<p>A conta usada como refer\u00eancia \u00e9 simples: em geral, o etanol compensa quando custa at\u00e9 70% do pre\u00e7o da gasolina. Na m\u00e9dia nacional, essa rela\u00e7\u00e3o ficou em 59,88%, abaixo desse limite.<\/p>\n<p><strong>Mato Grosso<\/strong> apresentou a melhor rela\u00e7\u00e3o, com o etanol custando o equivalente a 55,06% do pre\u00e7o da gasolina. Em S\u00e3o Paulo, a propor\u00e7\u00e3o foi de 56,85%. O resultado para cada motorista, no entanto, tamb\u00e9m depende do ve\u00edculo e das condi\u00e7\u00f5es de uso.<\/p>\n<p>__<\/p>\n<\/p>\n<p>O post <a href=\"https:\/\/vermelho.org.br\/2026\/08\/18\/etanol-fica-mais-barato-em-22-estados-e-media-cai-para-r-391\/\">Etanol fica mais barato em 22 estados e m\u00e9dia cai para R$ 3,91<\/a> apareceu primeiro em <a href=\"https:\/\/vermelho.org.br\/\">Vermelho<\/a>.<\/p>\n<!-- Begin Yuzo --><div class='yuzo_related_post style-1'  data-version='5.12.89'><!-- without result --><div class='yuzo_clearfixed yuzo__title yuzo__title'><h3>Related Post<\/h3><\/div>\n\t\t\t\t\t\t  <div class=\"relatedthumb \" style=\"width:125px;float:left;overflow:hidden;\">  \n\t\t\t\t\t\t\t  \n\t\t\t\t\t\t\t  <a  href=\"https:\/\/redept.com.br\/blogosfera\/ministro-da-justica-diz-que-castro-deve-se-responsabilizar-ou-jogar-a-toalha\/\"  >\n\t\t\t\t\t\t\t\t\t  <div class=\"yuzo-img-wrap \" style=\"width: 125px;height:90px;\">\n\t\t\t\t\t\t\t\t\t\t\n\t\t\t\t\t\t\t\t\t\t<div class=\"yuzo-img\" style=\"background:url('https:\/\/redept.com.br\/blogosfera\/wp-content\/uploads\/2025\/10\/chacina-rio-Tomaz-Silva_Agencia-Brasil-150x150.webp') 50% 50% no-repeat;width: 125px;height:90px;margin-bottom: 5px;background-size: cover; \"><\/div>\n\t\t\t\t\t\t\t\t\t  <\/div>\n\t\t\t\t\t\t\t\t\t  \n\t\t\t\t\t\t\t\t   <span class=\"yuzo__text--title\" style=\"font-size:13px;\">Ministro da Justi\u00e7a diz que Castro deve se respons...<\/span>\n\t\t\t\t\t\t\t  \n\t\t\t\t\t\t\t  \n\t\t\t\t\t\t\t  <\/a>\n\n\t\t\t\t\t\t  <\/div>\n\t\t\t\t\t\t  <div class=\"relatedthumb \" style=\"width:125px;float:left;overflow:hidden;\">  \n\t\t\t\t\t\t\t  \n\t\t\t\t\t\t\t  <a  href=\"https:\/\/redept.com.br\/blogosfera\/guerra-de-trump-e-netanyahu-mata-cada-vez-mais-criancas-no-oriente-medio-diz-unicef\/\"  >\n\t\t\t\t\t\t\t\t\t  <div class=\"yuzo-img-wrap \" style=\"width: 125px;height:90px;\">\n\t\t\t\t\t\t\t\t\t\t\n\t\t\t\t\t\t\t\t\t\t<div class=\"yuzo-img\" style=\"background:url('https:\/\/redept.com.br\/blogosfera\/wp-content\/uploads\/2026\/03\/UNICEFDar-al-MussawirRamzi-Haidar-Membros-de-uma-familia-que-fugiram-de-sua-casa-no-Libano-descansam-sob-uma-arvore-2048x926-1-150x150.png') 50% 50% no-repeat;width: 125px;height:90px;margin-bottom: 5px;background-size: cover; \"><\/div>\n\t\t\t\t\t\t\t\t\t  <\/div>\n\t\t\t\t\t\t\t\t\t  \n\t\t\t\t\t\t\t\t   <span class=\"yuzo__text--title\" style=\"font-size:13px;\">Guerra de Trump e Netanyahu mata cada vez mais cri...<\/span>\n\t\t\t\t\t\t\t  \n\t\t\t\t\t\t\t  \n\t\t\t\t\t\t\t  <\/a>\n\n\t\t\t\t\t\t  <\/div>\n\t\t\t\t\t\t  <div class=\"relatedthumb \" style=\"width:125px;float:left;overflow:hidden;\">  \n\t\t\t\t\t\t\t  \n\t\t\t\t\t\t\t  <a  href=\"https:\/\/redept.com.br\/blogosfera\/queda-nas-acoes-apos-tarifaco-provoca-prejuizo-aos-bilionarios-apoiadores-de-trump\/\"  >\n\t\t\t\t\t\t\t\t\t  <div class=\"yuzo-img-wrap \" style=\"width: 125px;height:90px;\">\n\t\t\t\t\t\t\t\t\t\t\n\t\t\t\t\t\t\t\t\t\t<div class=\"yuzo-img\" style=\"background:url('https:\/\/redept.com.br\/blogosfera\/wp-content\/uploads\/2025\/04\/48765153148_bd9a4e33a1_c-150x150.jpg') 50% 50% no-repeat;width: 125px;height:90px;margin-bottom: 5px;background-size: cover; \"><\/div>\n\t\t\t\t\t\t\t\t\t  <\/div>\n\t\t\t\t\t\t\t\t\t  \n\t\t\t\t\t\t\t\t   <span class=\"yuzo__text--title\" style=\"font-size:13px;\">Queda nas a\u00e7\u00f5es ap\u00f3s tarifa\u00e7o provoca preju\u00edzo aos...<\/span>\n\t\t\t\t\t\t\t  \n\t\t\t\t\t\t\t  \n\t\t\t\t\t\t\t  <\/a>\n\n\t\t\t\t\t\t  <\/div>\n\t\t\t\t\t\t  <div class=\"relatedthumb \" style=\"width:125px;float:left;overflow:hidden;\">  \n\t\t\t\t\t\t\t  \n\t\t\t\t\t\t\t  <a  href=\"https:\/\/redept.com.br\/blogosfera\/por-2-a-0-espanha-elimina-a-franca-e-vai-para-a-final-da-copa-do-mundo\/\"  >\n\t\t\t\t\t\t\t\t\t  <div class=\"yuzo-img-wrap \" style=\"width: 125px;height:90px;\">\n\t\t\t\t\t\t\t\t\t\t\n\t\t\t\t\t\t\t\t\t\t<div class=\"yuzo-img\" style=\"background:url('https:\/\/redept.org\/blogosfera\/wp-content\/plugins\/yuzo-related-post\/assets\/images\/default.png') 50% 50% no-repeat;width: 125px;height:90px;margin-bottom: 5px;background-size: cover; \"><\/div>\n\t\t\t\t\t\t\t\t\t  <\/div>\n\t\t\t\t\t\t\t\t\t  \n\t\t\t\t\t\t\t\t   <span class=\"yuzo__text--title\" style=\"font-size:13px;\">Por 2 a 0, Espanha elimina a Fran\u00e7a e vai para a f...<\/span>\n\t\t\t\t\t\t\t  \n\t\t\t\t\t\t\t  \n\t\t\t\t\t\t\t  <\/a>\n\n\t\t\t\t\t\t  <\/div>\n<\/div> <script>\n\t\t\t\t\t\t  jQuery(document).ready(function( $ ){\n\t\t\t\t\t\t\t\/\/jQuery('.yuzo_related_post').equalizer({ overflow : 'relatedthumb' });\n\t\t\t\t\t\t\tjQuery('.yuzo_related_post .yuzo_wraps').equalizer({ columns : '> div' });\n\t\t\t\t\t\t   })\n\t\t\t\t\t\t  <\/script> <!-- End Yuzo :) -->","protected":false},"excerpt":{"rendered":"<p>O pre\u00e7o do etanol caiu em 22 estados na \u00faltima semana. Na m\u00e9dia nacional, o litro passou de R$ 3,94 para R$ 3,91, redu\u00e7\u00e3o de 0,76%, segundo levantamento da Ag\u00eancia Nacional do Petr\u00f3leo, G\u00e1s Natural e Biocombust\u00edveis (ANP). A queda da \u00faltima semana faz parte de um movimento que vem ocorrendo h\u00e1 alguns meses. A [&hellip;]<\/p>\n","protected":false},"author":2,"featured_media":0,"comment_status":"open","ping_status":"closed","sticky":false,"template":"","format":"standard","meta":{"fifu_image_url":"","fifu_image_alt":"","footnotes":""},"categories":[7075,1000,3453,221,3767,3456,80150,7517],"tags":[],"class_list":["post-100607","post","type-post","status-publish","format-standard","hentry","category-anp","category-biocombustiveis","category-combustiveis","category-economia","category-etanol","category-gasolina","category-preco-do-etanol","category-preco-dos-combustiveis"],"_links":{"self":[{"href":"https:\/\/redept.com.br\/blogosfera\/wp-json\/wp\/v2\/posts\/100607","targetHints":{"allow":["GET"]}}],"collection":[{"href":"https:\/\/redept.com.br\/blogosfera\/wp-json\/wp\/v2\/posts"}],"about":[{"href":"https:\/\/redept.com.br\/blogosfera\/wp-json\/wp\/v2\/types\/post"}],"author":[{"embeddable":true,"href":"https:\/\/redept.com.br\/blogosfera\/wp-json\/wp\/v2\/users\/2"}],"replies":[{"embeddable":true,"href":"https:\/\/redept.com.br\/blogosfera\/wp-json\/wp\/v2\/comments?post=100607"}],"version-history":[{"count":0,"href":"https:\/\/redept.com.br\/blogosfera\/wp-json\/wp\/v2\/posts\/100607\/revisions"}],"wp:attachment":[{"href":"https:\/\/redept.com.br\/blogosfera\/wp-json\/wp\/v2\/media?parent=100607"}],"wp:term":[{"taxonomy":"category","embeddable":true,"href":"https:\/\/redept.com.br\/blogosfera\/wp-json\/wp\/v2\/categories?post=100607"},{"taxonomy":"post_tag","embeddable":true,"href":"https:\/\/redept.com.br\/blogosfera\/wp-json\/wp\/v2\/tags?post=100607"}],"curies":[{"name":"wp","href":"https:\/\/api.w.org\/{rel}","templated":true}]}}