{"id":100743,"date":"2026-08-18T16:20:56","date_gmt":"2026-08-18T19:20:56","guid":{"rendered":"https:\/\/redept.com.br\/blogosfera\/muito-alem-de-trump-por-que-os-eua-cobicam-a-groenlandia\/"},"modified":"2026-08-18T16:20:56","modified_gmt":"2026-08-18T19:20:56","slug":"muito-alem-de-trump-por-que-os-eua-cobicam-a-groenlandia","status":"publish","type":"post","link":"https:\/\/redept.com.br\/blogosfera\/muito-alem-de-trump-por-que-os-eua-cobicam-a-groenlandia\/","title":{"rendered":"Muito al\u00e9m de Trump: por que os EUA cobi\u00e7am a Groenl\u00e2ndia?"},"content":{"rendered":"<p>Quando o presidente norte-americano Donald Trump disse publicamente que estava cogitando a compra da Groenl\u00e2ndia em 2019, ainda em seu primeiro mandato, o caso foi tratado como piada. Nas redes sociais, houve at\u00e9 quem tentasse estabelecer um pre\u00e7o para a transa\u00e7\u00e3o baseado no custo do pote de arenque em conserva.<\/p>\n<p>Cinco anos depois, de volta \u00e0 Casa Branca, Trump voltou a expressar o desejo de incorporar a Groenl\u00e2ndia \u2014 empregando, dessa vez, uma linguagem bem mais agressiva, que n\u00e3o dava margem a interpreta\u00e7\u00f5es c\u00f4micas. O republicano disse que a ilha seria tomada pelos Estados Unidos \u201cde uma forma ou de outra\u201d e se recusou a descartar o uso de for\u00e7a militar. Amea\u00e7ou a Dinamarca com a imposi\u00e7\u00e3o de tarifas e at\u00e9 nomeou Jeff Landry como seu emiss\u00e1rio para trabalhar em favor da anexa\u00e7\u00e3o. Em julho deste ano, durante a reuni\u00e3o de c\u00fapula da OTAN, Trump voltou a defender que os norte-americanos deveriam tomar a ilha.<\/p>\n<p>A imprensa reagiu tratando tais declara\u00e7\u00f5es como uma excentricidade t\u00edpica de Trump, mas a ideia de anexar a Groenl\u00e2ndia n\u00e3o \u00e9 uma novidade. Desde o s\u00e9culo 19, diversos l\u00edderes republicanos e democratas demonstraram interesse em dominar a ilha, vista como um ativo estrat\u00e9gico para os interesses econ\u00f4micos e militares de Washington.<\/p>\n<h3>A coloniza\u00e7\u00e3o da Groenl\u00e2ndia<\/h3>\n<p>Os primeiros habitantes conhecidos da Groenl\u00e2ndia foram povos paleo-inu\u00edtes, que chegaram \u00e0 regi\u00e3o h\u00e1 milhares de anos, em diferentes ondas migrat\u00f3rias que partiam do continente americano. Os ancestrais diretos dos atuais nativos groenlandeses, pertencentes \u00e0 Cultura Thule, estabeleceram-se na ilha a partir do s\u00e9culo 13. A popula\u00e7\u00e3o ind\u00edgena desenvolveu formas de vida adaptadas ao ambiente \u00e1rtico, baseadas sobretudo na ca\u00e7a de focas, baleias, caribus e outros animais.<\/p>\n<p>A coloniza\u00e7\u00e3o europeia da Groenl\u00e2ndia teve in\u00edcio no ano 985, quando o explorador n\u00f3rdico Erik, o Vermelho, exilado da Isl\u00e2ndia, estabeleceu assentamentos no sudoeste da ilha. Os colonos escandinavos criaram tr\u00eas principais comunidades, os assentamentos Oriental, M\u00e9dio e Ocidental, dedicadas \u00e0 cria\u00e7\u00e3o de gado, \u00e0 pr\u00e1tica limitada da agricultura, \u00e0 ca\u00e7a e ao com\u00e9rcio com a Europa.<\/p>\n<p>No s\u00e9culo 13, a Groenl\u00e2ndia se tornou parte do Reino da Noruega, que posteriormente se fundiu \u00e0 Dinamarca na Uni\u00e3o de Kalmar. Os assentamentos n\u00f3rdicos na ilha, no entanto, come\u00e7aram a entrar em decl\u00ednio a partir do s\u00e9culo 14, em fun\u00e7\u00e3o das mudan\u00e7as clim\u00e1ticas ocorridas durante a \u201cPequena Idade do Gelo\u201d e das dificuldades econ\u00f4micas derivadas do isolamento geogr\u00e1fico.<\/p>\n<p>Um novo impulso colonizador ocorreu a partir do s\u00e9culo 18, ap\u00f3s o mission\u00e1rio luterano Hans Egede iniciar a cristianiza\u00e7\u00e3o dos inu\u00edtes e a integra\u00e7\u00e3o da Groenl\u00e2ndia \u00e0s rotas comerciais europeias. A uni\u00e3o entre Noruega e Dinamarca foi desfeita em 1814 pelo Tratado de Kiel, em meio \u00e0s Guerras Napole\u00f4nicas. Aliada da Fran\u00e7a, a Dinamarca foi obrigada a ceder o controle da Noruega \u00e0 Su\u00e9cia, mas manteve a Groenl\u00e2ndia como uma de suas possess\u00f5es ultramarinas.<\/p>\n<h3>As primeiras propostas de aquisi\u00e7\u00e3o<\/h3>\n<p>Ao longo do s\u00e9culo 19, em conson\u00e2ncia com os ditames da Doutrina Monroe e em meio ao processo de expans\u00e3o territorial, diversas lideran\u00e7as pol\u00edticas norte-americanas expressaram a ideia de que a Groenl\u00e2ndia deveria estar plenamente integrada \u00e0 esfera de influ\u00eancia de Washington.<\/p>\n<p>As primeiras tentativas de incorporar o territ\u00f3rio da Groenl\u00e2ndia aos Estados Unidos datam de 1867, ap\u00f3s o governo do democrata Andrew Johnson comprar o Alasca do Imp\u00e9rio Russo por US$ 7,2 milh\u00f5es. No mesmo ano, o secret\u00e1rio de Estado, William Henry Seward, e o ex-secret\u00e1rio do Tesouro, Robert Walker, passaram a defender a ideia de que a Groenl\u00e2ndia deveria ser o pr\u00f3ximo territ\u00f3rio anexado pelos Estados Unidos.<\/p>\n<p>Seward encomendou a confec\u00e7\u00e3o de um relat\u00f3rio detalhado, redigido pelo engenheiro de minas Benjamin Mills Peirce e publicado em 1868 sob o t\u00edtulo \u201cA Report on the Resources of Iceland and Greenland\u201d. O documento descrevia a Groenl\u00e2ndia como uma terra de recursos abundantes e com um potencial mineral ainda inexplorado. O secret\u00e1rio argumentava que a aquisi\u00e7\u00e3o da Groenl\u00e2ndia permitiria aos Estados Unidos assumir o \u201ccomando do com\u00e9rcio do mundo\u201d e estabelecer plenamente sua hegemonia sobre o Atl\u00e2ntico Norte.<\/p>\n<p>Os Estados Unidos chegaram a cogitar uma oferta de US$ 5 milh\u00f5es pela ilha, mas a iniciativa n\u00e3o avan\u00e7ou. A oposi\u00e7\u00e3o de grande parte dos congressistas e as pesadas cr\u00edticas da imprensa \u00e0 compra do Alaska (ridicularizado como \u201ca caixa de gelo e Seward\u201d) desestimularam o apetite por novas aquisi\u00e7\u00f5es de territ\u00f3rios \u00e1rticos.<\/p>\n<p>O dom\u00ednio norte-americano sobre a Groenl\u00e2ndia continuou sendo defendido por muitos militares e l\u00edderes pol\u00edticos. O explorador Robert Peary, famoso por suas expedi\u00e7\u00f5es ao Polo Norte, explorou extensamente o norte da Groenl\u00e2ndia a partir da d\u00e9cada de 1890 e chegou a reivindicar partes do territ\u00f3rio setentrional para os Estados Unidos.<\/p>\n<figure aria-describedby=\"caption-attachment-263255\"><img loading=\"lazy\" loading=\"lazy\" decoding=\"async\"src=\"https:\/\/redept.com.br\/blogosfera\/wp-content\/uploads\/2026\/08\/c-864_-_members_of_a_mountain-climbing_trip_observe_the_glacier_after_climbing_to_this_great_height_in_greenland_52289825160.jpg\" alt=\"Militares norte-americanos na Groenl\u00e2ndia durante a Segunda Guerra Mundial.\" width=\"960\" height=\"762\" srcset=\"https:\/\/redept.com.br\/blogosfera\/wp-content\/uploads\/2026\/08\/c-864_-_members_of_a_mountain-climbing_trip_observe_the_glacier_after_climbing_to_this_great_height_in_greenland_52289825160.jpg 960w, https:\/\/operamundi.uol.com.br\/wp-content\/uploads\/2026\/08\/c-864_-_members_of_a_mountain-climbing_trip_observe_the_glacier_after_climbing_to_this_great_height_in_greenland._52289825160-300x238.jpg 300w, https:\/\/operamundi.uol.com.br\/wp-content\/uploads\/2026\/08\/c-864_-_members_of_a_mountain-climbing_trip_observe_the_glacier_after_climbing_to_this_great_height_in_greenland._52289825160-768x610.jpg 768w, https:\/\/operamundi.uol.com.br\/wp-content\/uploads\/2026\/08\/c-864_-_members_of_a_mountain-climbing_trip_observe_the_glacier_after_climbing_to_this_great_height_in_greenland._52289825160-750x595.jpg 750w\" sizes=\"auto, (max-width: 960px) 100vw, 960px\"><figcaption>Militares norte-americanos na Groenl\u00e2ndia durante a Segunda Guerra Mundial. <br \/>Via Wikimedia Commons<\/figcaption><\/figure>\n<h3>De Taft \u00e0 ocupa\u00e7\u00e3o militar na Segunda Guerra<\/h3>\n<p>Uma nova tentativa de adquirir a ilha ocorreu em 1910, na gest\u00e3o do republicano William Howard Taft. \u00c0 \u00e9poca, o embaixador dos Estados Unidos na Dinamarca, Maurice Francis Egan, chegou a elaborar propostas envolvendo permuta de territ\u00f3rios. Em troca da Groenl\u00e2ndia, a Casa Branca estaria disposta a ceder dom\u00ednios nas Filipinas, em especial a Ilha de Mindanau.<\/p>\n<p>Incomodada com o ass\u00e9dio dos Estados Unidos, a Dinamarca chegou a exigir que a Casa Branca reconhecesse formalmente a soberania do pa\u00eds sobre a Groenl\u00e2ndia como condi\u00e7\u00e3o para concluir a venda das \u00edndias Ocidentais Dinamarquesas \u2014 outro territ\u00f3rio que havia entrado na mira do expansionismo norte-americano.<\/p>\n<p>Em 1917, os Estados Unidos conclu\u00edram a compra das \u00cdndias Ocidentais (rebatizadas como Ilhas Virgens Americanas) por 25 milh\u00f5es de d\u00f3lares. Como parte do acordo, o secret\u00e1rio de Estado Robert Lansing declarou formalmente que \u201cos Estados Unidos da Am\u00e9rica n\u00e3o se opor\u00e3o a que o Governo Dinamarqu\u00eas estenda seus interesses pol\u00edticos e econ\u00f4micos a toda a Groenl\u00e2ndia\u201d.<\/p>\n<p>Apesar do reconhecimento, os Estados Unidos seguiriam pressionando a Dinamarca a ceder o controle da ilha. A eclos\u00e3o da Segunda Guerra Mundial e a ocupa\u00e7\u00e3o da Dinamarca pelas tropas de Adolf Hitler dariam a Washington o pretexto ideal para ocupar militarmente a Groenl\u00e2ndia, alegando a necessidade de impedir uma eventual invas\u00e3o nazista.<\/p>\n<p>Em 1941, ap\u00f3s a assinatura de um acordo com representantes dinamarqueses, os Estados Unidos assumiram a prerrogativa de defender militarmente a Groenl\u00e2ndia e conquistaram o direito de construir bases e instala\u00e7\u00f5es militares na ilha. A Groenl\u00e2ndia teve papel importante no conflito, abrigando campos de avia\u00e7\u00e3o de onde partiram milhares de aeronaves aliadas. O Pent\u00e1gono se referia \u00e0 ilha como \u201co maior porta-avi\u00f5es estacion\u00e1rio do mundo\u201d.<\/p>\n<h3>Guerra Fria<\/h3>\n<p>Com o fim da Segunda Guerra Mundial e o in\u00edcio da Guerra Fria, o interesse pelo territ\u00f3rio se intensificou. Em abril de 1946, o diplomata John Hickerson relatou que \u201cpraticamente todos os membros\u201d do comit\u00ea de planejamento e estrat\u00e9gia do Estado-Maior Conjunto concordavam que os Estados Unidos deveriam adquirir a Groenl\u00e2ndia. O senador Owen Brewster, do Maine, tamb\u00e9m declarou publicamente que a compra da ilha era uma \u201cnecessidade militar\u201d.<\/p>\n<p>Em dezembro de 1946, durante o governo do democrata Harry Truman, o secret\u00e1rio de Estado James Byrnes apresentou ao ministro das Rela\u00e7\u00f5es Exteriores da Dinamarca, Gustav Rasmussen, uma oferta de US$ 100 milh\u00f5es em lingotes de ouro pela Groenl\u00e2ndia. A proposta, mais uma vez, foi recusada.<\/p>\n<p>A despeito da rejei\u00e7\u00e3o da proposta, um novo acordo militar firmado em 1951 garantiu aos Estados Unidos o direito de expandir sua presen\u00e7a militar na Groenl\u00e2ndia. Em 1953, os norte-americanos inauguraram a Base A\u00e9rea de Thule, que se tornou componente essencial de seu Comando Estrat\u00e9gico A\u00e9reo e passou a abrigar sistemas de alerta de m\u00edsseis bal\u00edsticos. Dois anos depois, em 1955, os Chefes de Estado-Maior Conjunto recomendaram a Dwight Eisenhower que formulasse nova proposta de compra da ilha.<\/p>\n<p>Entre 1959 e 1967, em meio \u00e0 corrida armamentista contra a Uni\u00e3o Sovi\u00e9tica, o Ex\u00e9rcito dos Estados Unidos conduziria o \u201cProjeto Iceworm\u201d, um programa secreto que pretendia construir um sistema de lan\u00e7amentos de m\u00edsseis nucleares sob a camada de gelo da Groenl\u00e2ndia. A instabilidade das instala\u00e7\u00f5es, no entanto, for\u00e7ou o cancelamento do programa.<\/p>\n<p>Na d\u00e9cada de 1970, Nelson Rockefeller, vice-presidente na gest\u00e3o do republicano Gerald Ford, conduziu mais uma articula\u00e7\u00e3o secreta visando a compra da Groenl\u00e2ndia, dessa vez com pesada participa\u00e7\u00e3o de empres\u00e1rios do setor de minera\u00e7\u00e3o. Mais uma vez, a proposta foi recusada.<\/p>\n<p>J\u00e1 em 1990, Pat Buchanan, ex-diretor de comunica\u00e7\u00f5es da Casa Branca, afirmava que a tomada da Groenl\u00e2ndia pelos Estados Unidos \u201cn\u00e3o era um sonho t\u00e3o absurdo\u201d. Ap\u00f3s a dissolu\u00e7\u00e3o da Uni\u00e3o Sovi\u00e9tica, o interesse dos l\u00edderes norte-americanos pela ilha parecia ter arrefecido, at\u00e9 ressurgir com vigor nas declara\u00e7\u00f5es de Donald Trump.<\/p>\n<p>Por tr\u00e1s desses quase dois s\u00e9culos de tentativas de expandir o dom\u00ednio territorial dos Estados Unidos \u00e0 Groenl\u00e2ndia, h\u00e1 um enorme potencial de lucro. A Groenl\u00e2ndia \u00e9 extremamente rica em recursos minerais e energ\u00e9ticos. O Servi\u00e7o Geol\u00f3gico dos Estados Unidos estima que a ilha possui reservas de petr\u00f3leo com cerca de 17 bilh\u00f5es de barris, al\u00e9m de 4 trilh\u00f5es de metros c\u00fabicos de g\u00e1s natural.<\/p>\n<p>A Groenl\u00e2ndia tamb\u00e9m possui dep\u00f3sitos de cobre, grafite, ni\u00f3bio, tit\u00e2nio, r\u00f3dio e a segunda ou terceira maior reserva de terras raras do mundo. Seu manto de gelo tamb\u00e9m constitui a segunda maior reserva de \u00e1gua doce do mundo, inferior somente \u00e0 Ant\u00e1rtida.<\/p>\n<p>A Groenl\u00e2ndia possui ainda grande import\u00e2ncia para as estrat\u00e9gias norte-americanas de conten\u00e7\u00e3o da China e da R\u00fassia, refor\u00e7ando o poderio de Washington sobre o C\u00edrculo Polar \u00c1rtico e o Atl\u00e2ntico Norte. O dom\u00ednio da ilha tamb\u00e9m daria aos norte-americanos a primazia sobre rotas comerciais emergentes, criadas a partir do aquecimento global e do derretimento do gelo marinho no \u00c1rtico. A Passagem do Noroeste, por exemplo, correndo ao longo da costa norte do Canad\u00e1 e da Groenl\u00e2ndia, permitiria encurtar significativamente v\u00e1rias rotas que hoje dependem do Canal do Panam\u00e1.<\/p>\n<p>O post Muito al\u00e9m de Trump: por que os EUA cobi\u00e7am a Groenl\u00e2ndia? apareceu primeiro em Opera Mundi.<\/p>\n<!-- Begin Yuzo --><div class='yuzo_related_post style-1'  data-version='5.12.89'><!-- without result --><div class='yuzo_clearfixed yuzo__title yuzo__title'><h3>Related Post<\/h3><\/div>\n\t\t\t\t\t\t  <div class=\"relatedthumb \" style=\"width:125px;float:left;overflow:hidden;\">  \n\t\t\t\t\t\t\t  \n\t\t\t\t\t\t\t  <a  href=\"https:\/\/redept.com.br\/blogosfera\/documentario-do-brasil-de-fato-sobre-tarifa-zero-sera-exibido-na-cinemateca-brasileira-em-sao-paulo-sp\/\"  >\n\t\t\t\t\t\t\t\t\t  <div class=\"yuzo-img-wrap \" style=\"width: 125px;height:90px;\">\n\t\t\t\t\t\t\t\t\t\t\n\t\t\t\t\t\t\t\t\t\t<div class=\"yuzo-img\" style=\"background:url('https:\/\/redept.org\/blogosfera\/wp-content\/plugins\/yuzo-related-post\/assets\/images\/default.png') 50% 50% no-repeat;width: 125px;height:90px;margin-bottom: 5px;background-size: cover; \"><\/div>\n\t\t\t\t\t\t\t\t\t  <\/div>\n\t\t\t\t\t\t\t\t\t  \n\t\t\t\t\t\t\t\t   <span class=\"yuzo__text--title\" style=\"font-size:13px;\">Document\u00e1rio do Brasil de Fato sobre tarifa zero s...<\/span>\n\t\t\t\t\t\t\t  \n\t\t\t\t\t\t\t  \n\t\t\t\t\t\t\t  <\/a>\n\n\t\t\t\t\t\t  <\/div>\n\t\t\t\t\t\t  <div class=\"relatedthumb \" style=\"width:125px;float:left;overflow:hidden;\">  \n\t\t\t\t\t\t\t  \n\t\t\t\t\t\t\t  <a  href=\"https:\/\/redept.com.br\/blogosfera\/israel-desafia-acordo-entre-eua-e-ira-e-volta-a-atacar-o-sul-do-libano\/\"  >\n\t\t\t\t\t\t\t\t\t  <div class=\"yuzo-img-wrap \" style=\"width: 125px;height:90px;\">\n\t\t\t\t\t\t\t\t\t\t\n\t\t\t\t\t\t\t\t\t\t<div class=\"yuzo-img\" style=\"background:url('https:\/\/redept.com.br\/blogosfera\/wp-content\/uploads\/2026\/06\/WhatsApp-Image-2026-06-15-at-102329-150x150.jpeg') 50% 50% no-repeat;width: 125px;height:90px;margin-bottom: 5px;background-size: cover; \"><\/div>\n\t\t\t\t\t\t\t\t\t  <\/div>\n\t\t\t\t\t\t\t\t\t  \n\t\t\t\t\t\t\t\t   <span class=\"yuzo__text--title\" style=\"font-size:13px;\">Israel desafia acordo entre EUA e Ir\u00e3 e volta a at...<\/span>\n\t\t\t\t\t\t\t  \n\t\t\t\t\t\t\t  \n\t\t\t\t\t\t\t  <\/a>\n\n\t\t\t\t\t\t  <\/div>\n\t\t\t\t\t\t  <div class=\"relatedthumb \" style=\"width:125px;float:left;overflow:hidden;\">  \n\t\t\t\t\t\t\t  \n\t\t\t\t\t\t\t  <a  href=\"https:\/\/redept.com.br\/blogosfera\/as-vesperas-da-cop30-desinformacao-e-o-grande-desafio-do-brasil\/\"  >\n\t\t\t\t\t\t\t\t\t  <div class=\"yuzo-img-wrap \" style=\"width: 125px;height:90px;\">\n\t\t\t\t\t\t\t\t\t\t\n\t\t\t\t\t\t\t\t\t\t<div class=\"yuzo-img\" style=\"background:url('https:\/\/redept.org\/blogosfera\/wp-content\/plugins\/yuzo-related-post\/assets\/images\/default.png') 50% 50% no-repeat;width: 125px;height:90px;margin-bottom: 5px;background-size: cover; \"><\/div>\n\t\t\t\t\t\t\t\t\t  <\/div>\n\t\t\t\t\t\t\t\t\t  \n\t\t\t\t\t\t\t\t   <span class=\"yuzo__text--title\" style=\"font-size:13px;\">\u00c0s v\u00e9speras da COP30, desinforma\u00e7\u00e3o \u00e9 o grande des...<\/span>\n\t\t\t\t\t\t\t  \n\t\t\t\t\t\t\t  \n\t\t\t\t\t\t\t  <\/a>\n\n\t\t\t\t\t\t  <\/div>\n\t\t\t\t\t\t  <div class=\"relatedthumb \" style=\"width:125px;float:left;overflow:hidden;\">  \n\t\t\t\t\t\t\t  \n\t\t\t\t\t\t\t  <a  href=\"https:\/\/redept.com.br\/blogosfera\/o-trabalho-nao-para-lula-inaugura-tunel-emociona-se-em-comunidade-e-ativa-socorro-emergencial-a-vitimas-de-enchentes\/\"  >\n\t\t\t\t\t\t\t\t\t  <div class=\"yuzo-img-wrap \" style=\"width: 125px;height:90px;\">\n\t\t\t\t\t\t\t\t\t\t\n\t\t\t\t\t\t\t\t\t\t<div class=\"yuzo-img\" style=\"background:url('https:\/\/redept.org\/blogosfera\/wp-content\/plugins\/yuzo-related-post\/assets\/images\/default.png') 50% 50% no-repeat;width: 125px;height:90px;margin-bottom: 5px;background-size: cover; \"><\/div>\n\t\t\t\t\t\t\t\t\t  <\/div>\n\t\t\t\t\t\t\t\t\t  \n\t\t\t\t\t\t\t\t   <span class=\"yuzo__text--title\" style=\"font-size:13px;\">\u201cO trabalho n\u00e3o para!\u201d \u2013 Lula inaugura t\u00fanel, emoc...<\/span>\n\t\t\t\t\t\t\t  \n\t\t\t\t\t\t\t  \n\t\t\t\t\t\t\t  <\/a>\n\n\t\t\t\t\t\t  <\/div>\n<\/div> <script>\n\t\t\t\t\t\t  jQuery(document).ready(function( $ ){\n\t\t\t\t\t\t\t\/\/jQuery('.yuzo_related_post').equalizer({ overflow : 'relatedthumb' });\n\t\t\t\t\t\t\tjQuery('.yuzo_related_post .yuzo_wraps').equalizer({ columns : '> div' });\n\t\t\t\t\t\t   })\n\t\t\t\t\t\t  <\/script> <!-- End Yuzo :) -->","protected":false},"excerpt":{"rendered":"<p>Quando o presidente norte-americano Donald Trump disse publicamente que estava cogitando a compra da Groenl\u00e2ndia em 2019, ainda em seu primeiro mandato, o caso foi tratado como piada. Nas redes sociais, houve at\u00e9 quem tentasse estabelecer um pre\u00e7o para a transa\u00e7\u00e3o baseado no custo do pote de arenque em conserva. Cinco anos depois, de volta [\u2026]<\/p>\n<p>O post <a href=\"https:\/\/operamundi.uol.com.br\/pensar-a-historia\/muito-alem-de-trump-por-que-os-eua-cobicam-a-groenlandia\/\">Muito al\u00e9m de Trump: por que os EUA cobi\u00e7am a Groenl\u00e2ndia?<\/a> apareceu primeiro em <a href=\"https:\/\/operamundi.uol.com.br\/\">Opera Mundi<\/a>.<\/p>\n","protected":false},"author":2,"featured_media":100744,"comment_status":"closed","ping_status":"closed","sticky":false,"template":"","format":"standard","meta":{"fifu_image_url":"","fifu_image_alt":"","footnotes":""},"categories":[18898,29521,1023,394,40181,43965,1312,4094,4556,5622,13968],"tags":[],"class_list":["post-100743","post","type-post","status-publish","format-standard","has-post-thumbnail","hentry","category-artico","category-atlantico-norte","category-donald-trump","category-estados-unidos","category-estrategia-militar","category-expansao-territorial","category-geopolitica","category-groenlandia","category-guerra-fria","category-pensar-a-historia","category-recursos-naturais"],"_links":{"self":[{"href":"https:\/\/redept.com.br\/blogosfera\/wp-json\/wp\/v2\/posts\/100743","targetHints":{"allow":["GET"]}}],"collection":[{"href":"https:\/\/redept.com.br\/blogosfera\/wp-json\/wp\/v2\/posts"}],"about":[{"href":"https:\/\/redept.com.br\/blogosfera\/wp-json\/wp\/v2\/types\/post"}],"author":[{"embeddable":true,"href":"https:\/\/redept.com.br\/blogosfera\/wp-json\/wp\/v2\/users\/2"}],"replies":[{"embeddable":true,"href":"https:\/\/redept.com.br\/blogosfera\/wp-json\/wp\/v2\/comments?post=100743"}],"version-history":[{"count":0,"href":"https:\/\/redept.com.br\/blogosfera\/wp-json\/wp\/v2\/posts\/100743\/revisions"}],"wp:featuredmedia":[{"embeddable":true,"href":"https:\/\/redept.com.br\/blogosfera\/wp-json\/wp\/v2\/media\/100744"}],"wp:attachment":[{"href":"https:\/\/redept.com.br\/blogosfera\/wp-json\/wp\/v2\/media?parent=100743"}],"wp:term":[{"taxonomy":"category","embeddable":true,"href":"https:\/\/redept.com.br\/blogosfera\/wp-json\/wp\/v2\/categories?post=100743"},{"taxonomy":"post_tag","embeddable":true,"href":"https:\/\/redept.com.br\/blogosfera\/wp-json\/wp\/v2\/tags?post=100743"}],"curies":[{"name":"wp","href":"https:\/\/api.w.org\/{rel}","templated":true}]}}