{"id":100969,"date":"2026-08-20T09:17:06","date_gmt":"2026-08-20T12:17:06","guid":{"rendered":"https:\/\/redept.com.br\/blogosfera\/stf-amplia-lei-maria-da-penha-e-inclui-violencia-politica-de-genero\/"},"modified":"2026-08-20T09:17:06","modified_gmt":"2026-08-20T12:17:06","slug":"stf-amplia-lei-maria-da-penha-e-inclui-violencia-politica-de-genero","status":"publish","type":"post","link":"https:\/\/redept.com.br\/blogosfera\/stf-amplia-lei-maria-da-penha-e-inclui-violencia-politica-de-genero\/","title":{"rendered":"STF amplia Lei Maria da Penha e inclui viol\u00eancia pol\u00edtica de g\u00eanero"},"content":{"rendered":"<p>A prote\u00e7\u00e3o da Lei Maria da Penha n\u00e3o depende mais de uma rela\u00e7\u00e3o dom\u00e9stica, familiar ou afetiva entre a mulher e o agressor. O Supremo Tribunal Federal (STF) decidiu por unanimidade, na quarta-feira (19), que as medidas protetivas previstas na legisla\u00e7\u00e3o tamb\u00e9m devem ser aplicadas quando a viol\u00eancia contra a mulher ocorre fora desses ambientes, desde que esteja relacionada ao g\u00eanero.<\/p>\n<p>A decis\u00e3o amplia a prote\u00e7\u00e3o para diferentes espa\u00e7os da vida social, incluindo a comunidade, o trabalho, institui\u00e7\u00f5es e a pol\u00edtica. Como foi tomada por unanimidade, a determina\u00e7\u00e3o dever\u00e1 ser seguida pela Justi\u00e7a em casos semelhantes.<\/p>\n<p>O que muda, na pr\u00e1tica, \u00e9 o crit\u00e9rio para garantir prote\u00e7\u00e3o. N\u00e3o \u00e9 mais o v\u00ednculo entre a v\u00edtima e o agressor que define a aplica\u00e7\u00e3o da medida, mas a rela\u00e7\u00e3o da viol\u00eancia com a condi\u00e7\u00e3o de mulher da v\u00edtima. No julgamento, o presidente do STF, ministro Edson Fachin, afirmou que a viol\u00eancia de g\u00eanero n\u00e3o pode ser limitada ao espa\u00e7o onde ocorre ou \u00e0 exist\u00eancia de uma rela\u00e7\u00e3o afetiva.<\/p>\n<p>A decis\u00e3o foi tomada a partir de um caso de Minas Gerais. Uma mulher havia denunciado um vizinho por persegui\u00e7\u00e3o e amea\u00e7as de morte. A Justi\u00e7a mineira negou as medidas protetivas porque n\u00e3o havia entre os dois uma rela\u00e7\u00e3o \u00edntima de afeto. O caso chegou ao Supremo por recurso do Minist\u00e9rio P\u00fablico de Minas Gerais, e os ministros entenderam que a aus\u00eancia de v\u00ednculo n\u00e3o poderia impedir a prote\u00e7\u00e3o.<\/p>\n<p>Para Fachin, uma interpreta\u00e7\u00e3o que restrinja a Lei Maria da Penha \u00e0s rela\u00e7\u00f5es dom\u00e9sticas ou afetivas deixa de fora outras situa\u00e7\u00f5es em que mulheres s\u00e3o v\u00edtimas de viol\u00eancia por serem mulheres. O ministro citou a Conven\u00e7\u00e3o de Bel\u00e9m do Par\u00e1, que reconhece a viol\u00eancia contra a mulher tanto na esfera p\u00fablica quanto na privada e n\u00e3o condiciona sua exist\u00eancia \u00e0 rela\u00e7\u00e3o entre v\u00edtima e agressor.<\/p>\n<p>A partir da decis\u00e3o, situa\u00e7\u00f5es como persegui\u00e7\u00e3o, ass\u00e9dio e sequestro tamb\u00e9m podem receber medidas protetivas quando ficar caracterizada a viol\u00eancia baseada no g\u00eanero. <strong>Entre as medidas est\u00e3o o afastamento do agressor, a proibi\u00e7\u00e3o de contato com a v\u00edtima e a restri\u00e7\u00e3o de acesso a determinados locais.<\/strong><\/p>\n<p><strong>Prote\u00e7\u00e3o n\u00e3o pode esperar<\/strong><\/p>\n<p>O STF tamb\u00e9m decidiu que uma mulher em situa\u00e7\u00e3o de risco n\u00e3o pode ficar sem resposta porque procurou inicialmente uma autoridade que n\u00e3o seria respons\u00e1vel pelo caso.<\/p>\n<p>Se um pedido de medida protetiva chegar a um juiz que n\u00e3o seja o respons\u00e1vel pelo processo, mas houver risco imediato \u00e0 integridade f\u00edsica ou psicol\u00f3gica da v\u00edtima, ele dever\u00e1 analisar a situa\u00e7\u00e3o e decidir sobre a prote\u00e7\u00e3o. Depois, o caso ser\u00e1 encaminhado ao ju\u00edzo competente.<\/p>\n<p>A decis\u00e3o tamb\u00e9m mant\u00e9m a possibilidade de concess\u00e3o de medidas protetivas por delegados ou agentes policiais em situa\u00e7\u00f5es urgentes, conforme entendimento anterior do pr\u00f3prio Supremo.<\/p>\n<p>A preocupa\u00e7\u00e3o com a rapidez \u00e9 especialmente relevante em casos de viol\u00eancia de g\u00eanero, nos quais a demora pode aumentar o risco para a v\u00edtima. Segundo dados apresentados por Fachin durante o julgamento, 53% dos pedidos de medidas protetivas s\u00e3o decididos no mesmo dia em que s\u00e3o apresentados. Nos demais casos, o prazo informado pelo ministro chega a dois dias.<\/p>\n<p><strong>Viol\u00eancia pol\u00edtica entra na prote\u00e7\u00e3o<\/strong><\/p>\n<p>Entre os pontos da decis\u00e3o est\u00e1 a inclus\u00e3o da viol\u00eancia pol\u00edtica de g\u00eanero. O Supremo estabeleceu que mulheres v\u00edtimas desse tipo de viol\u00eancia tamb\u00e9m podem receber medidas protetivas previstas na Lei Maria da Penha. Nesses casos, a an\u00e1lise ficar\u00e1 a cargo da Justi\u00e7a Eleitoral.<\/p>\n<p>A defini\u00e7\u00e3o ganha peso em 2026, ano de elei\u00e7\u00f5es. A viol\u00eancia contra mulheres na pol\u00edtica pode assumir diferentes formas, desde amea\u00e7as e persegui\u00e7\u00f5es at\u00e9 agress\u00f5es que buscam constranger ou afastar mulheres dos espa\u00e7os de participa\u00e7\u00e3o e poder. A inclus\u00e3o foi proposta pelo ministro Fl\u00e1vio Dino. Durante o julgamento, ele destacou que a viol\u00eancia f\u00edsica e simb\u00f3lica contra mulheres pode desestimular sua participa\u00e7\u00e3o na pol\u00edtica.<\/p>\n<p>Com isso, a prote\u00e7\u00e3o estabelecida pelo STF ultrapassa a esfera privada justamente em um momento de disputa eleitoral. A mulher que sofrer viol\u00eancia motivada por g\u00eanero no ambiente pol\u00edtico n\u00e3o precisar\u00e1 demonstrar qualquer rela\u00e7\u00e3o dom\u00e9stica ou afetiva com o agressor para buscar a prote\u00e7\u00e3o prevista na lei.<\/p>\n<p><strong>\u2018Sociedade mis\u00f3gina\u2019<\/strong><\/p>\n<p>Durante o julgamento, a ministra C\u00e1rmen L\u00facia afirmou que a viol\u00eancia contra as mulheres n\u00e3o decorre de rela\u00e7\u00f5es de afeto, mas de rela\u00e7\u00f5es de poder. Ao tratar do cen\u00e1rio brasileiro, ela tamb\u00e9m chamou aten\u00e7\u00e3o para o avan\u00e7o de discursos que amea\u00e7am direitos conquistados pelas mulheres.<\/p>\n<p>\u201cA verdade \u00e9 que n\u00f3s temos uma sociedade mis\u00f3gina e n\u00f3s estamos vivendo em um tempo de tentativa de retrocesso de direitos. Falo especificamente no tema que \u00e9 aqui, que \u00e9 contra os direitos da mulher.\u201d<\/p>\n<div>\n<figure><img fetchpriority=\"high\" decoding=\"async\" width=\"400\" height=\"267\"src=\"https:\/\/redept.com.br\/blogosfera\/wp-content\/uploads\/2026\/08\/55475273930_a428c4a2e4_w.jpg\" alt=\"\" srcset=\"https:\/\/redept.com.br\/blogosfera\/wp-content\/uploads\/2026\/08\/55475273930_a428c4a2e4_w.jpg 400w, https:\/\/vermelho.org.br\/wp-content\/uploads\/2026\/08\/55475273930_a428c4a2e4_w-300x200.jpg 300w, https:\/\/vermelho.org.br\/wp-content\/uploads\/2026\/08\/55475273930_a428c4a2e4_w-272x182.jpg 272w\" sizes=\"(max-width: 400px) 100vw, 400px\"><figcaption>Foto: Alejandro Zambrana\/STF<\/figcaption><\/figure>\n<\/div>\n<p>C\u00e1rmen L\u00facia tamb\u00e9m apontou insufici\u00eancias nas estruturas criadas para enfrentar a viol\u00eancia e defendeu avan\u00e7os na educa\u00e7\u00e3o voltada \u00e0 civilidade e \u00e0 conviv\u00eancia entre as pessoas.<\/p>\n<p>Em outro momento do julgamento, a ministra afirmou que feminic\u00eddios e outras formas de viol\u00eancia contra mulheres est\u00e3o ligados a rela\u00e7\u00f5es de poder. Para ela, n\u00e3o \u00e9 uma suposta rela\u00e7\u00e3o de afeto que explica a viol\u00eancia.<\/p>\n<p>A discuss\u00e3o ocorre no m\u00eas em que a Lei Maria da Penha completa 20 anos. O anivers\u00e1rio da legisla\u00e7\u00e3o acontece em meio \u00e0 perman\u00eancia de \u00edndices elevados de viol\u00eancia contra as mulheres e \u00e0 necessidade de ampliar os mecanismos de prote\u00e7\u00e3o.<\/p>\n<p><strong>Leia tamb\u00e9m: <\/strong> <a href=\"https:\/\/vermelho.org.br\/2026\/08\/07\/jandira-onde-a-lei-maria-da-penha-e-aplicada-ela-salva-vidas\/\">Jandira: \u201cOnde a Lei Maria da Penha \u00e9 aplicada, ela salva vidas\u201d<\/a><\/p>\n<p>Dados do Atlas da Viol\u00eancia 2026 apresentados no julgamento mostram que 293.842 mulheres foram v\u00edtimas de viol\u00eancia n\u00e3o letal no Brasil. Embora 64% dos casos tenham ocorrido em contexto dom\u00e9stico, tamb\u00e9m foram registrados epis\u00f3dios em espa\u00e7os comunit\u00e1rios, mistos e institucionais.<\/p>\n<p>Em 2025, o Judici\u00e1rio registrou mais de 670 mil decis\u00f5es relacionadas a medidas protetivas de urg\u00eancia, cerca de 1.800 por dia. No mesmo ano, o F\u00f3rum Brasileiro de Seguran\u00e7a P\u00fablica contabilizou 1.571 feminic\u00eddios no pa\u00eds.<\/p>\n<p>A decis\u00e3o amplia, assim, o alcance da Lei Maria da Penha para al\u00e9m das rela\u00e7\u00f5es privadas. A prote\u00e7\u00e3o passa a acompanhar a viol\u00eancia de g\u00eanero onde ela estiver, inclusive nos espa\u00e7os p\u00fablicos e pol\u00edticos. <\/p>\n<p>O post <a href=\"https:\/\/vermelho.org.br\/2026\/08\/20\/stf-amplia-lei-maria-da-penha-e-inclui-violencia-politica-de-genero\/\">STF amplia Lei Maria da Penha e inclui viol\u00eancia pol\u00edtica de g\u00eanero<\/a> apareceu primeiro em <a href=\"https:\/\/vermelho.org.br\/\">Vermelho<\/a>.<\/p>\n<!-- Begin Yuzo --><div class='yuzo_related_post style-1'  data-version='5.12.89'><!-- without result --><div class='yuzo_clearfixed yuzo__title yuzo__title'><h3>Related Post<\/h3><\/div>\n\t\t\t\t\t\t  <div class=\"relatedthumb \" style=\"width:125px;float:left;overflow:hidden;\">  \n\t\t\t\t\t\t\t  \n\t\t\t\t\t\t\t  <a  href=\"https:\/\/redept.com.br\/blogosfera\/bolsonaro-fecha-o-cerco-ao-senado-e-rifa-aliados\/\"  >\n\t\t\t\t\t\t\t\t\t  <div class=\"yuzo-img-wrap \" style=\"width: 125px;height:90px;\">\n\t\t\t\t\t\t\t\t\t\t\n\t\t\t\t\t\t\t\t\t\t<div class=\"yuzo-img\" style=\"background:url('https:\/\/redept.com.br\/blogosfera\/wp-content\/uploads\/2026\/02\/jair-bolsonaro_abio-Rodrigues-Pozzebom_-Agencia-Brasil-150x150.jpg') 50% 50% no-repeat;width: 125px;height:90px;margin-bottom: 5px;background-size: cover; \"><\/div>\n\t\t\t\t\t\t\t\t\t  <\/div>\n\t\t\t\t\t\t\t\t\t  \n\t\t\t\t\t\t\t\t   <span class=\"yuzo__text--title\" style=\"font-size:13px;\">Bolsonaro fecha o cerco ao Senado e \u201crifa\u201d aliados...<\/span>\n\t\t\t\t\t\t\t  \n\t\t\t\t\t\t\t  \n\t\t\t\t\t\t\t  <\/a>\n\n\t\t\t\t\t\t  <\/div>\n\t\t\t\t\t\t  <div class=\"relatedthumb \" style=\"width:125px;float:left;overflow:hidden;\">  \n\t\t\t\t\t\t\t  \n\t\t\t\t\t\t\t  <a  href=\"https:\/\/redept.com.br\/blogosfera\/brasilia-df-recebe-2a-marsha-nacional-pela-visibilidade-trans-no-dia-26-de-janeiro\/\"  >\n\t\t\t\t\t\t\t\t\t  <div class=\"yuzo-img-wrap \" style=\"width: 125px;height:90px;\">\n\t\t\t\t\t\t\t\t\t\t\n\t\t\t\t\t\t\t\t\t\t<div class=\"yuzo-img\" style=\"background:url('https:\/\/redept.org\/blogosfera\/wp-content\/plugins\/yuzo-related-post\/assets\/images\/default.png') 50% 50% no-repeat;width: 125px;height:90px;margin-bottom: 5px;background-size: cover; \"><\/div>\n\t\t\t\t\t\t\t\t\t  <\/div>\n\t\t\t\t\t\t\t\t\t  \n\t\t\t\t\t\t\t\t   <span class=\"yuzo__text--title\" style=\"font-size:13px;\">Bras\u00edlia (DF) recebe 2\u00aa \u2018Marsha\u2019 Nacio...<\/span>\n\t\t\t\t\t\t\t  \n\t\t\t\t\t\t\t  \n\t\t\t\t\t\t\t  <\/a>\n\n\t\t\t\t\t\t  <\/div>\n\t\t\t\t\t\t  <div class=\"relatedthumb \" style=\"width:125px;float:left;overflow:hidden;\">  \n\t\t\t\t\t\t\t  \n\t\t\t\t\t\t\t  <a  href=\"https:\/\/redept.com.br\/blogosfera\/se-amar-os-pobres-incomoda-amemos-ate-o-fim-diz-pe-julio-lancellotti-em-sua-igreja-lotada-apos-censura-video\/\"  >\n\t\t\t\t\t\t\t\t\t  <div class=\"yuzo-img-wrap \" style=\"width: 125px;height:90px;\">\n\t\t\t\t\t\t\t\t\t\t\n\t\t\t\t\t\t\t\t\t\t<div class=\"yuzo-img\" style=\"background:url('https:\/\/redept.org\/blogosfera\/wp-content\/plugins\/yuzo-related-post\/assets\/images\/default.png') 50% 50% no-repeat;width: 125px;height:90px;margin-bottom: 5px;background-size: cover; \"><\/div>\n\t\t\t\t\t\t\t\t\t  <\/div>\n\t\t\t\t\t\t\t\t\t  \n\t\t\t\t\t\t\t\t   <span class=\"yuzo__text--title\" style=\"font-size:13px;\">\u201cSe amar os pobres incomoda, amemos at\u00e9 o fim\u201d, di...<\/span>\n\t\t\t\t\t\t\t  \n\t\t\t\t\t\t\t  \n\t\t\t\t\t\t\t  <\/a>\n\n\t\t\t\t\t\t  <\/div>\n\t\t\t\t\t\t  <div class=\"relatedthumb \" style=\"width:125px;float:left;overflow:hidden;\">  \n\t\t\t\t\t\t\t  \n\t\t\t\t\t\t\t  <a  href=\"https:\/\/redept.com.br\/blogosfera\/45-anos-do-pt-partido-abriu-as-portas-para-que-o-povo-tivesse-representacao\/\"  >\n\t\t\t\t\t\t\t\t\t  <div class=\"yuzo-img-wrap \" style=\"width: 125px;height:90px;\">\n\t\t\t\t\t\t\t\t\t\t\n\t\t\t\t\t\t\t\t\t\t<div class=\"yuzo-img\" style=\"background:url('https:\/\/redept.org\/blogosfera\/wp-content\/plugins\/yuzo-related-post\/assets\/images\/default.png') 50% 50% no-repeat;width: 125px;height:90px;margin-bottom: 5px;background-size: cover; \"><\/div>\n\t\t\t\t\t\t\t\t\t  <\/div>\n\t\t\t\t\t\t\t\t\t  \n\t\t\t\t\t\t\t\t   <span class=\"yuzo__text--title\" style=\"font-size:13px;\">45 anos do PT: partido abriu as portas para que o ...<\/span>\n\t\t\t\t\t\t\t  \n\t\t\t\t\t\t\t  \n\t\t\t\t\t\t\t  <\/a>\n\n\t\t\t\t\t\t  <\/div>\n<\/div> <script>\n\t\t\t\t\t\t  jQuery(document).ready(function( $ ){\n\t\t\t\t\t\t\t\/\/jQuery('.yuzo_related_post').equalizer({ overflow : 'relatedthumb' });\n\t\t\t\t\t\t\tjQuery('.yuzo_related_post .yuzo_wraps').equalizer({ columns : '> div' });\n\t\t\t\t\t\t   })\n\t\t\t\t\t\t  <\/script> <!-- End Yuzo :) -->","protected":false},"excerpt":{"rendered":"<p>A prote\u00e7\u00e3o da Lei Maria da Penha n\u00e3o depende mais de uma rela\u00e7\u00e3o dom\u00e9stica, familiar ou afetiva entre a mulher e o agressor. O Supremo Tribunal Federal (STF) decidiu por unanimidade, na quarta-feira (19), que as medidas protetivas previstas na legisla\u00e7\u00e3o tamb\u00e9m devem ser aplicadas quando a viol\u00eancia contra a mulher ocorre fora desses ambientes, [&hellip;]<\/p>\n","protected":false},"author":2,"featured_media":0,"comment_status":"open","ping_status":"closed","sticky":false,"template":"","format":"standard","meta":{"fifu_image_url":"","fifu_image_alt":"","footnotes":""},"categories":[288,4778,260,1090,7217],"tags":[],"class_list":["post-100969","post","type-post","status-publish","format-standard","hentry","category-justica","category-lei-maria-da-penha","category-stf","category-violencia-de-genero","category-violencia-politica-de-genero"],"_links":{"self":[{"href":"https:\/\/redept.com.br\/blogosfera\/wp-json\/wp\/v2\/posts\/100969","targetHints":{"allow":["GET"]}}],"collection":[{"href":"https:\/\/redept.com.br\/blogosfera\/wp-json\/wp\/v2\/posts"}],"about":[{"href":"https:\/\/redept.com.br\/blogosfera\/wp-json\/wp\/v2\/types\/post"}],"author":[{"embeddable":true,"href":"https:\/\/redept.com.br\/blogosfera\/wp-json\/wp\/v2\/users\/2"}],"replies":[{"embeddable":true,"href":"https:\/\/redept.com.br\/blogosfera\/wp-json\/wp\/v2\/comments?post=100969"}],"version-history":[{"count":0,"href":"https:\/\/redept.com.br\/blogosfera\/wp-json\/wp\/v2\/posts\/100969\/revisions"}],"wp:attachment":[{"href":"https:\/\/redept.com.br\/blogosfera\/wp-json\/wp\/v2\/media?parent=100969"}],"wp:term":[{"taxonomy":"category","embeddable":true,"href":"https:\/\/redept.com.br\/blogosfera\/wp-json\/wp\/v2\/categories?post=100969"},{"taxonomy":"post_tag","embeddable":true,"href":"https:\/\/redept.com.br\/blogosfera\/wp-json\/wp\/v2\/tags?post=100969"}],"curies":[{"name":"wp","href":"https:\/\/api.w.org\/{rel}","templated":true}]}}