{"id":101189,"date":"2026-08-21T15:17:42","date_gmt":"2026-08-21T18:17:42","guid":{"rendered":"https:\/\/redept.com.br\/blogosfera\/bispos-repudiam-conservadorismo-autoritario-e-pregam-pacto-pela-democracia\/"},"modified":"2026-08-21T15:17:42","modified_gmt":"2026-08-21T18:17:42","slug":"bispos-repudiam-conservadorismo-autoritario-e-pregam-pacto-pela-democracia","status":"publish","type":"post","link":"https:\/\/redept.com.br\/blogosfera\/bispos-repudiam-conservadorismo-autoritario-e-pregam-pacto-pela-democracia\/","title":{"rendered":"Bispos repudiam \u201cconservadorismo autorit\u00e1rio\u201d e pregam pacto pela democracia"},"content":{"rendered":"<p><img loading=\"lazy\" width=\"823\" height=\"462\"src=\"https:\/\/redept.com.br\/blogosfera\/wp-content\/uploads\/2026\/08\/bispos_Foto-Arquivo-CNBB.jpg\" alt=\"\" decoding=\"async\" loading=\"lazy\" srcset=\"https:\/\/redept.com.br\/blogosfera\/wp-content\/uploads\/2026\/08\/bispos_Foto-Arquivo-CNBB.jpg 823w, https:\/\/vermelho.org.br\/wp-content\/uploads\/2026\/08\/bispos_Foto-Arquivo-CNBB-300x168.jpg 300w, https:\/\/vermelho.org.br\/wp-content\/uploads\/2026\/08\/bispos_Foto-Arquivo-CNBB-768x431.jpg 768w\" sizes=\"auto, (max-width: 823px) 100vw, 823px\"><\/p>\n<p>O grupo cat\u00f3lico Bispos do Di\u00e1logo pelo Reino emitiu nota, nesta sexta-feira (21), em que recha\u00e7a o \u201cconservadorismo autorit\u00e1rio\u201d e, citando o per\u00edodo eleitoral, diz renovar seu \u201cpacto pela vida, pela democracia, pela soberania e pela defesa da casa comum\u201d.<\/p>\n<p>O texto tamb\u00e9m ressalta que o grupo n\u00e3o tem partido, mas que est\u00e1 \u201cdo lado dos pobres, de quem os respeita e defende; de quem defende a democracia e a soberania do pa\u00eds; de quem \u00e9 contra qualquer postura fascista; de quem \u00e9 contra a manipula\u00e7\u00e3o pol\u00edtica da religi\u00e3o; de quem \u00e9 contra a avalanche de mentiras e dissemina\u00e7\u00e3o do \u00f3dio pelas avenidas digitais\u201d.<\/p>\n<p>Por isso, prossegue, \u201cincentivamos cada cidad\u00e3o a fazer uma escolha consciente e l\u00facida de candidatas e candidatos comprometidos com as causas populares, com o bem comum e com a prote\u00e7\u00e3o de nossa casa comum\u201d.<\/p>\n<p>Ao mesmo tempo, defende as \u201cin\u00fameras pastorais sociais, juntamente com v\u00e1rios movimentos populares, pelo exemplo dado no enfrentamento da minera\u00e7\u00e3o predat\u00f3ria, do agroneg\u00f3cio sem crit\u00e9rio, de situa\u00e7\u00f5es diversas no mundo do trabalho, das viol\u00eancias contra as mulheres, os povos origin\u00e1rios, os afrodescendentes, a popula\u00e7\u00e3o LGBTQIAPN+, entre outros\u201d.<\/p>\n<p>Conforme noticiou a <em>Folha de S.Paulo<\/em>, os signat\u00e1rios n\u00e3o a assinaram individualmente a nota por temer repres\u00e1lias. Em 2022, eles tamb\u00e9m se manifestaram neste mesmo sentido. <\/p>\n<p><strong>\u201cConservadorismo autorit\u00e1rio\u201d<\/strong><\/p>\n<p>Citando carta do Papa Le\u00e3o 14, a nota afirma que em \u201ccada \u00e9poca paira o risco de se construir um mundo desumano e mais injusto\u201d.<\/p>\n<p>Ainda em refer\u00eancia a um pedido do pont\u00edfice, o texto prega que seja evitada \u201ca idolatria do lucro, que sacrifica os fracos; a uniformidade que anula as diferen\u00e7as; a pretens\u00e3o de uma linguagem \u00fanica \u2014mesmo digital\u2014 dedicada a traduzir tudo em dados e desempenhos, inclusive o mist\u00e9rio da pessoa\u201d.<\/p>\n<p>Na sequ\u00eancia, assinala que essa realidade \u201cencontra eco no cora\u00e7\u00e3o de pessoas com mentalidades fechadas num conservadorismo autorit\u00e1rio que, lamentavelmente, atrav\u00e9s das redes e alguns dos meios de comunica\u00e7\u00e3o de inspira\u00e7\u00e3o cat\u00f3lica, incluindo alguns membros dos minist\u00e9rios ordenados, religiosos e leigos, promovem devocionismos, discursos superficiais e violentos contra pessoas que testemunham a f\u00e9 no meio dos pobres, na defesa da democracia e das pautas ambientais\u201d.<\/p>\n<p>O grupo completa apontando que essas pessoas \u201cs\u00e3o indiferentes e rejeitam as orienta\u00e7\u00f5es do magist\u00e9rio da Igreja, alimentando bolhas alienadas e alienantes no ambiente s\u00f3cio-eclesial, se alimentam do \u00f3dio e alimentam o \u00f3dio contra aqueles e aquelas que t\u00eam uma viv\u00eancia de Igreja comprometida com a transforma\u00e7\u00e3o social e com o cuidado da cria\u00e7\u00e3o, elas revelam uma agressividade que fere as pessoas, rompe a comunh\u00e3o e enfraquece o profetismo eclesial\u201d.<\/p>\n<p>A carta salienta, ainda, que \u201cem tempo de elei\u00e7\u00f5es, tais situa\u00e7\u00f5es tendem a aumentar. Sendo assim, renovamos nosso pacto pela vida, pela democracia, pela soberania e pela defesa da casa comum. O tempo atual exige de todos n\u00f3s crist\u00e3os e da sociedade brasileira, muita coragem para gestar um projeto de pa\u00eds que n\u00e3o pactue com a grave injusti\u00e7a social que sempre nos acompanhou\u201d.<\/p>\n<p>O post <a href=\"https:\/\/vermelho.org.br\/2026\/08\/21\/bispos-repudiam-conservadorismo-autoritario-e-pregam-pacto-pela-democracia\/\">Bispos repudiam \u201cconservadorismo autorit\u00e1rio\u201d e pregam pacto pela democracia<\/a> apareceu primeiro em <a href=\"https:\/\/vermelho.org.br\/\">Vermelho<\/a>.<\/p>\n<!-- Begin Yuzo --><div class='yuzo_related_post style-1'  data-version='5.12.89'><!-- without result --><div class='yuzo_clearfixed yuzo__title yuzo__title'><h3>Related Post<\/h3><\/div>\n\t\t\t\t\t\t  <div class=\"relatedthumb \" style=\"width:125px;float:left;overflow:hidden;\">  \n\t\t\t\t\t\t\t  \n\t\t\t\t\t\t\t  <a  href=\"https:\/\/redept.com.br\/blogosfera\/brasileiros-escravizados-em-myanmar-chegam-a-sao-paulo\/\"  >\n\t\t\t\t\t\t\t\t\t  <div class=\"yuzo-img-wrap \" style=\"width: 125px;height:90px;\">\n\t\t\t\t\t\t\t\t\t\t\n\t\t\t\t\t\t\t\t\t\t<div class=\"yuzo-img\" style=\"background:url('https:\/\/redept.org\/blogosfera\/wp-content\/plugins\/yuzo-related-post\/assets\/images\/default.png') 50% 50% no-repeat;width: 125px;height:90px;margin-bottom: 5px;background-size: cover; \"><\/div>\n\t\t\t\t\t\t\t\t\t  <\/div>\n\t\t\t\t\t\t\t\t\t  \n\t\t\t\t\t\t\t\t   <span class=\"yuzo__text--title\" style=\"font-size:13px;\">Brasileiros escravizados em Myanmar chegam a S\u00e3o P...<\/span>\n\t\t\t\t\t\t\t  \n\t\t\t\t\t\t\t  \n\t\t\t\t\t\t\t  <\/a>\n\n\t\t\t\t\t\t  <\/div>\n\t\t\t\t\t\t  <div class=\"relatedthumb \" style=\"width:125px;float:left;overflow:hidden;\">  \n\t\t\t\t\t\t\t  \n\t\t\t\t\t\t\t  <a  href=\"https:\/\/redept.com.br\/blogosfera\/ibovespa-dispara-apos-pesquisa-atlas-revelar-que-lula-pode-vencer-ja-no-primeiro-turno-de-2026\/\"  >\n\t\t\t\t\t\t\t\t\t  <div class=\"yuzo-img-wrap \" style=\"width: 125px;height:90px;\">\n\t\t\t\t\t\t\t\t\t\t\n\t\t\t\t\t\t\t\t\t\t<div class=\"yuzo-img\" style=\"background:url('https:\/\/redept.org\/blogosfera\/wp-content\/plugins\/yuzo-related-post\/assets\/images\/default.png') 50% 50% no-repeat;width: 125px;height:90px;margin-bottom: 5px;background-size: cover; \"><\/div>\n\t\t\t\t\t\t\t\t\t  <\/div>\n\t\t\t\t\t\t\t\t\t  \n\t\t\t\t\t\t\t\t   <span class=\"yuzo__text--title\" style=\"font-size:13px;\">Ibovespa dispara ap\u00f3s pesquisa Atlas revelar que L...<\/span>\n\t\t\t\t\t\t\t  \n\t\t\t\t\t\t\t  \n\t\t\t\t\t\t\t  <\/a>\n\n\t\t\t\t\t\t  <\/div>\n\t\t\t\t\t\t  <div class=\"relatedthumb \" style=\"width:125px;float:left;overflow:hidden;\">  \n\t\t\t\t\t\t\t  \n\t\t\t\t\t\t\t  <a  href=\"https:\/\/redept.com.br\/blogosfera\/os-tres-grandes-motores-da-inseguranca-alimentar\/\"  >\n\t\t\t\t\t\t\t\t\t  <div class=\"yuzo-img-wrap \" style=\"width: 125px;height:90px;\">\n\t\t\t\t\t\t\t\t\t\t\n\t\t\t\t\t\t\t\t\t\t<div class=\"yuzo-img\" style=\"background:url('https:\/\/redept.com.br\/blogosfera\/wp-content\/uploads\/2025\/09\/121b0834d50a41463d8ab816a4077741-150x150.jpg') 50% 50% no-repeat;width: 125px;height:90px;margin-bottom: 5px;background-size: cover; \"><\/div>\n\t\t\t\t\t\t\t\t\t  <\/div>\n\t\t\t\t\t\t\t\t\t  \n\t\t\t\t\t\t\t\t   <span class=\"yuzo__text--title\" style=\"font-size:13px;\">Os tr\u00eas grandes motores da inseguran\u00e7a alimentar<\/span>\n\t\t\t\t\t\t\t  \n\t\t\t\t\t\t\t  \n\t\t\t\t\t\t\t  <\/a>\n\n\t\t\t\t\t\t  <\/div>\n\t\t\t\t\t\t  <div class=\"relatedthumb \" style=\"width:125px;float:left;overflow:hidden;\">  \n\t\t\t\t\t\t\t  \n\t\t\t\t\t\t\t  <a  href=\"https:\/\/www.pragmatismopolitico.com.br\/2025\/08\/maduro-mobiliza-45-milhoes-de-reservistas-apos-trump-oferecer-us-50-milhoes-por-sua-captura-e-deslocar-navios.html\"  >\n\t\t\t\t\t\t\t\t\t  <div class=\"yuzo-img-wrap \" style=\"width: 125px;height:90px;\">\n\t\t\t\t\t\t\t\t\t\t\n\t\t\t\t\t\t\t\t\t\t<div class=\"yuzo-img\" style=\"background:url('https:\/\/www.pragmatismopolitico.com.br\/wp-content\/uploads\/2025\/08\/trump-maduro.jpg') 50% 50% no-repeat;width: 125px;height:90px;margin-bottom: 5px;background-size: cover; \"><\/div>\n\t\t\t\t\t\t\t\t\t  <\/div>\n\t\t\t\t\t\t\t\t\t  \n\t\t\t\t\t\t\t\t   <span class=\"yuzo__text--title\" style=\"font-size:13px;\">Maduro mobiliza 4,5 milh\u00f5es de reservistas ap\u00f3s Tr...<\/span>\n\t\t\t\t\t\t\t  \n\t\t\t\t\t\t\t  \n\t\t\t\t\t\t\t  <\/a>\n\n\t\t\t\t\t\t  <\/div>\n<\/div> <script>\n\t\t\t\t\t\t  jQuery(document).ready(function( $ ){\n\t\t\t\t\t\t\t\/\/jQuery('.yuzo_related_post').equalizer({ overflow : 'relatedthumb' });\n\t\t\t\t\t\t\tjQuery('.yuzo_related_post .yuzo_wraps').equalizer({ columns : '> div' });\n\t\t\t\t\t\t   })\n\t\t\t\t\t\t  <\/script> <!-- End Yuzo :) -->","protected":false},"excerpt":{"rendered":"<p>O grupo cat\u00f3lico Bispos do Di\u00e1logo pelo Reino emitiu nota, nesta sexta-feira (21), em que recha\u00e7a o \u201cconservadorismo autorit\u00e1rio\u201d e, citando o per\u00edodo eleitoral, diz renovar seu \u201cpacto pela vida, pela democracia, pela soberania e pela defesa da casa comum\u201d. O texto tamb\u00e9m ressalta que o grupo n\u00e3o tem partido, mas que est\u00e1 \u201cdo lado [&hellip;]<\/p>\n","protected":false},"author":2,"featured_media":0,"comment_status":"open","ping_status":"closed","sticky":false,"template":"","format":"standard","meta":{"fifu_image_url":"","fifu_image_alt":"","footnotes":""},"categories":[80498,1760,1467,132,5017,26438],"tags":[],"class_list":["post-101189","post","type-post","status-publish","format-standard","hentry","category-bispos-do-dialogo-pelo-reino","category-eleicoes-2026","category-igreja-catolica","category-politica","category-progressismo","category-religiao-e-democracia"],"_links":{"self":[{"href":"https:\/\/redept.com.br\/blogosfera\/wp-json\/wp\/v2\/posts\/101189","targetHints":{"allow":["GET"]}}],"collection":[{"href":"https:\/\/redept.com.br\/blogosfera\/wp-json\/wp\/v2\/posts"}],"about":[{"href":"https:\/\/redept.com.br\/blogosfera\/wp-json\/wp\/v2\/types\/post"}],"author":[{"embeddable":true,"href":"https:\/\/redept.com.br\/blogosfera\/wp-json\/wp\/v2\/users\/2"}],"replies":[{"embeddable":true,"href":"https:\/\/redept.com.br\/blogosfera\/wp-json\/wp\/v2\/comments?post=101189"}],"version-history":[{"count":0,"href":"https:\/\/redept.com.br\/blogosfera\/wp-json\/wp\/v2\/posts\/101189\/revisions"}],"wp:attachment":[{"href":"https:\/\/redept.com.br\/blogosfera\/wp-json\/wp\/v2\/media?parent=101189"}],"wp:term":[{"taxonomy":"category","embeddable":true,"href":"https:\/\/redept.com.br\/blogosfera\/wp-json\/wp\/v2\/categories?post=101189"},{"taxonomy":"post_tag","embeddable":true,"href":"https:\/\/redept.com.br\/blogosfera\/wp-json\/wp\/v2\/tags?post=101189"}],"curies":[{"name":"wp","href":"https:\/\/api.w.org\/{rel}","templated":true}]}}