{"id":101217,"date":"2026-08-21T17:51:20","date_gmt":"2026-08-21T20:51:20","guid":{"rendered":"https:\/\/redept.com.br\/blogosfera\/lula-visita-obras-da-br-116-e-da-ponte-do-sao-raimundo-em-governador-valadares-mg\/"},"modified":"2026-08-21T17:51:20","modified_gmt":"2026-08-21T20:51:20","slug":"lula-visita-obras-da-br-116-e-da-ponte-do-sao-raimundo-em-governador-valadares-mg","status":"publish","type":"post","link":"https:\/\/redept.com.br\/blogosfera\/lula-visita-obras-da-br-116-e-da-ponte-do-sao-raimundo-em-governador-valadares-mg\/","title":{"rendered":"Lula visita obras da BR-116 e da Ponte do S\u00e3o Raimundo em Governador Valadares (MG)"},"content":{"rendered":"<p>O presidente da Rep\u00fablica, <a href=\"https:\/\/tvtnews.com.br\/tag\/lula\/\" data-type=\"post_tag\" data-id=\"4337\" target=\"_blank\" rel=\"noreferrer noopener\">Luiz In\u00e1cio Lula da Silva<\/a>, visitou nesta sexta-feira, 21 de agosto, as obras de duplica\u00e7\u00e3o da rodovia BR-116 e da Ponte sobre o Rio Doce (Ponte do S\u00e3o Raimundo), localizadas no munic\u00edpio de Governador Valadares (MG). As interven\u00e7\u00f5es s\u00e3o executadas pela concession\u00e1ria Ecovias Rio Minas, respons\u00e1vel pela administra\u00e7\u00e3o do trecho. <a href=\"https:\/\/tvtnews.com.br\/\" target=\"_blank\" rel=\"noreferrer noopener\">Leia em TVT News.<\/a><\/p>\n<p>Com investimentos de aproximadamente R$ 309 milh\u00f5es, os trabalhos foram iniciados em junho de 2025 entre os km 408 e 421,6, com o objetivo de ampliar a capacidade de tr\u00e1fego e reduzir o congestionamento local. O projeto total prev\u00ea a gera\u00e7\u00e3o de cerca de dois mil empregos diretos e indiretos, com absor\u00e7\u00e3o de m\u00e3o de obra prioritariamente pelos munic\u00edpios cortados pela rodovia, levando crescimento econ\u00f4mico e desenvolvimento para a regi\u00e3o.<\/p>\n<p><a href=\"https:\/\/chat.whatsapp.com\/HC8TJaWXK8t4wNAG0oRwZI?mode=gi_t\" target=\"_blank\" rel=\"noreferrer noopener nofollow\">&gt;&gt; Siga o grupo da\u00a0<strong>TVT News\u00a0<\/strong>no WhatsApp<\/a><\/p>\n<p>ESTRUTURA \u2014 As obras contemplam um conjunto de interven\u00e7\u00f5es infraestruturais ao longo do trecho delimitado:<\/p>\n<ul>\n<li>9,1 quil\u00f4metros de pistas duplicadas;<\/li>\n<li>5,2 quil\u00f4metros de vias marginais;<\/li>\n<li>Duas novas pontes, incluindo a nova estrutura sobre o Rio Doce;<\/li>\n<li>Dois novos viadutos e constru\u00e7\u00e3o de passagens inferiores com in\u00edcio em 2026;<\/li>\n<li>Seis passarelas para pedestres e readequa\u00e7\u00e3o de acessos segundo as diretrizes de acessibilidade da norma NBR 9.050\/2004; <\/li>\n<li>Seis pontos de \u00f4nibus, 12 acessos e dois retornos.<\/li>\n<\/ul>\n<p>NOVA PONTE \u2014 A nova ponte sobre o Rio Doce tem 477 metros de extens\u00e3o, composta por v\u00e3os de at\u00e9 55 metros sobre a \u00e1gua e 30 metros sobre a terra. A estrutura \u00e9 constru\u00edda com vigas pr\u00e9-moldadas de concreto, laje de conex\u00e3o e pilares fixados diretamente em rocha. A pista contar\u00e1 com duas faixas de rolamento, acostamento e passagem para pedestres. Atualmente, a duplica\u00e7\u00e3o da ponte alcan\u00e7ou cerca de 50% de execu\u00e7\u00e3o.<\/p>\n<p>FASES \u2014 Em mar\u00e7o de 2026, a concession\u00e1ria iniciou a fase de duplica\u00e7\u00e3o do trecho entre o km 421+400 e o km 414, que se estende at\u00e9 a regi\u00e3o da Ponte do S\u00e3o Raimundo. As etapas preliminares englobam a limpeza de vegeta\u00e7\u00e3o, remo\u00e7\u00e3o da camada superficial do solo, montagem do canteiro de obras e implanta\u00e7\u00e3o de sinaliza\u00e7\u00e3o provis\u00f3ria para seguran\u00e7a vi\u00e1ria.<\/p>\n<p>DESENVOLVIMENTO REGIONAL \u2014 A previs\u00e3o de t\u00e9rmino de todo o conjunto de interven\u00e7\u00f5es \u00e9 para o ano de 2026. A duplica\u00e7\u00e3o deste trecho \u00e9 considerada estrat\u00e9gica para o desenvolvimento regional, ao proporcionar melhorias na fluidez do tr\u00e1fego, ampliar as condi\u00e7\u00f5es de seguran\u00e7a vi\u00e1ria e apoiar o crescimento econ\u00f4mico de Governador Valadares e munic\u00edpios do entorno.<\/p>\n<p>SOLU\u00c7\u00d5ES \u2014 O projeto prev\u00ea a implementa\u00e7\u00e3o de solu\u00e7\u00f5es de infraestrutura tecnol\u00f3gica e sustent\u00e1vel: <\/p>\n<ul>\n<li>Uso de asfalto reciclado: Utiliza\u00e7\u00e3o do Material Asf\u00e1ltico Reciclado (RAP), obtido do fresado do pavimento da pr\u00f3pria rodovia para confec\u00e7\u00e3o de novas misturas.<\/li>\n<li>Ilumina\u00e7\u00e3o inteligente: Sistema automatizado para ajuste de intensidade conforme a luz ambiente, com t\u00e9rmino previsto para 2027 (quinto ano da concess\u00e3o).<\/li>\n<li>Monitoramento e conectividade: Instala\u00e7\u00e3o de c\u00e2meras CFTV com transmiss\u00e3o em tempo real ao Centro de Controle Operacional, pain\u00e9is de mensagens vari\u00e1veis e implanta\u00e7\u00e3o de sinal 4G ao longo da rodovia.<\/li>\n<\/ul>\n<p>PROJETO RIO MINAS \u2014 As obras de duplica\u00e7\u00e3o da rodovia BR-116 e da Ponte do S\u00e3o Raimundo fazem parte do projeto de concess\u00e3o rodovi\u00e1ria Ecovias Rio Minas, que totaliza R$ 15 bilh\u00f5es de investimentos no primeiro ciclo de obras. A iniciativa conta com financiamento de R$ 7,3 bilh\u00f5es do BNDES, contratado em janeiro de 2025, e<br \/>cofinanciamento do mercado de capitais (50% da 1\u00aa s\u00e9rie, que \u00e9 de R$ 675 milh\u00f5es), al\u00e9m de financiamento de R$ 500 milh\u00f5es do Banco do Nordeste. <\/p>\n<p>726,9 KM \u2014 O projeto abrange 726,9 km de rodovias federais (BR-493\/RJ, BR-465\/RJ e BR-116\/RJ\/MG), ligando a Regi\u00e3o Metropolitana do Rio de Janeiro a Governador Valadares. A previs\u00e3o \u00e9 de que as obras geram mais de 24 mil empregos diretos e indiretos. O projeto envolve a \u00fanica rota terrestre de contorno da Ba\u00eda de Guanabara e de<br \/>conex\u00e3o ao Porto de Itagua\u00ed \u2014 corredor de escoamento de min\u00e9rio, gr\u00e3os, caf\u00e9 e produtos industriais entre Minas Gerais e Rio de Janeiro.<\/p>\n<p>The post <a rel=\"nofollow\" href=\"https:\/\/tvtnews.com.br\/lula-obras-governador-valadares-mg\/\">Lula visita obras da BR-116 e da Ponte do S\u00e3o Raimundo em Governador Valadares (MG)<\/a> appeared first on <a rel=\"nofollow\" href=\"https:\/\/tvtnews.com.br\/\">TVT News<\/a>.<\/p>\n<!-- Begin Yuzo --><div class='yuzo_related_post style-1'  data-version='5.12.89'><!-- without result --><div class='yuzo_clearfixed yuzo__title yuzo__title'><h3>Related Post<\/h3><\/div>\n\t\t\t\t\t\t  <div class=\"relatedthumb \" style=\"width:125px;float:left;overflow:hidden;\">  \n\t\t\t\t\t\t\t  \n\t\t\t\t\t\t\t  <a  href=\"https:\/\/sul21.com.br\/noticias\/geral\/2025\/10\/governo-lanca-consulta-sobre-fim-da-exigencia-de-autoescola-para-cnh\/\"  >\n\t\t\t\t\t\t\t\t\t  <div class=\"yuzo-img-wrap \" style=\"width: 125px;height:90px;\">\n\t\t\t\t\t\t\t\t\t\t\n\t\t\t\t\t\t\t\t\t\t<div class=\"yuzo-img\" style=\"background:url('https:\/\/redept.org\/blogosfera\/wp-content\/plugins\/yuzo-related-post\/assets\/images\/default.png') 50% 50% no-repeat;width: 125px;height:90px;margin-bottom: 5px;background-size: cover; \"><\/div>\n\t\t\t\t\t\t\t\t\t  <\/div>\n\t\t\t\t\t\t\t\t\t  \n\t\t\t\t\t\t\t\t   <span class=\"yuzo__text--title\" style=\"font-size:13px;\">Governo lan\u00e7a consulta sobre fim da exig\u00eancia de a...<\/span>\n\t\t\t\t\t\t\t  \n\t\t\t\t\t\t\t  \n\t\t\t\t\t\t\t  <\/a>\n\n\t\t\t\t\t\t  <\/div>\n\t\t\t\t\t\t  <div class=\"relatedthumb \" style=\"width:125px;float:left;overflow:hidden;\">  \n\t\t\t\t\t\t\t  \n\t\t\t\t\t\t\t  <a  href=\"https:\/\/redept.com.br\/blogosfera\/deu-com-a-lingua-nos-dentes-aos-45-do-segundo-tempo\/\"  >\n\t\t\t\t\t\t\t\t\t  <div class=\"yuzo-img-wrap \" style=\"width: 125px;height:90px;\">\n\t\t\t\t\t\t\t\t\t\t\n\t\t\t\t\t\t\t\t\t\t<div class=\"yuzo-img\" style=\"background:url('https:\/\/redept.org\/blogosfera\/wp-content\/plugins\/yuzo-related-post\/assets\/images\/default.png') 50% 50% no-repeat;width: 125px;height:90px;margin-bottom: 5px;background-size: cover; \"><\/div>\n\t\t\t\t\t\t\t\t\t  <\/div>\n\t\t\t\t\t\t\t\t\t  \n\t\t\t\t\t\t\t\t   <span class=\"yuzo__text--title\" style=\"font-size:13px;\">Deu com a l\u00edngua nos dentes aos 45 do segundo temp...<\/span>\n\t\t\t\t\t\t\t  \n\t\t\t\t\t\t\t  \n\t\t\t\t\t\t\t  <\/a>\n\n\t\t\t\t\t\t  <\/div>\n\t\t\t\t\t\t  <div class=\"relatedthumb \" style=\"width:125px;float:left;overflow:hidden;\">  \n\t\t\t\t\t\t\t  \n\t\t\t\t\t\t\t  <a  href=\"https:\/\/redept.com.br\/blogosfera\/industria-textil-como-frear-a-superexploracao\/\"  >\n\t\t\t\t\t\t\t\t\t  <div class=\"yuzo-img-wrap \" style=\"width: 125px;height:90px;\">\n\t\t\t\t\t\t\t\t\t\t\n\t\t\t\t\t\t\t\t\t\t<div class=\"yuzo-img\" style=\"background:url('https:\/\/redept.com.br\/blogosfera\/wp-content\/uploads\/2026\/07\/a1be58772631d2df418f98af0c728072-150x150.jpg') 50% 50% no-repeat;width: 125px;height:90px;margin-bottom: 5px;background-size: cover; \"><\/div>\n\t\t\t\t\t\t\t\t\t  <\/div>\n\t\t\t\t\t\t\t\t\t  \n\t\t\t\t\t\t\t\t   <span class=\"yuzo__text--title\" style=\"font-size:13px;\">Ind\u00fastria t\u00eaxtil: como frear a superexplora\u00e7\u00e3o?...<\/span>\n\t\t\t\t\t\t\t  \n\t\t\t\t\t\t\t  \n\t\t\t\t\t\t\t  <\/a>\n\n\t\t\t\t\t\t  <\/div>\n\t\t\t\t\t\t  <div class=\"relatedthumb \" style=\"width:125px;float:left;overflow:hidden;\">  \n\t\t\t\t\t\t\t  \n\t\t\t\t\t\t\t  <a  href=\"https:\/\/redept.com.br\/blogosfera\/eduardo-leite-puxou-saco-de-fascista-bolsonarista-plantou-vento-e-colheu-tempestade-de-vaias-diz-pimenta-videos\/\"  >\n\t\t\t\t\t\t\t\t\t  <div class=\"yuzo-img-wrap \" style=\"width: 125px;height:90px;\">\n\t\t\t\t\t\t\t\t\t\t\n\t\t\t\t\t\t\t\t\t\t<div class=\"yuzo-img\" style=\"background:url('https:\/\/redept.org\/blogosfera\/wp-content\/plugins\/yuzo-related-post\/assets\/images\/default.png') 50% 50% no-repeat;width: 125px;height:90px;margin-bottom: 5px;background-size: cover; \"><\/div>\n\t\t\t\t\t\t\t\t\t  <\/div>\n\t\t\t\t\t\t\t\t\t  \n\t\t\t\t\t\t\t\t   <span class=\"yuzo__text--title\" style=\"font-size:13px;\">Eduardo Leite \u2018puxou saco de fascista bolsonarista...<\/span>\n\t\t\t\t\t\t\t  \n\t\t\t\t\t\t\t  \n\t\t\t\t\t\t\t  <\/a>\n\n\t\t\t\t\t\t  <\/div>\n<\/div> <script>\n\t\t\t\t\t\t  jQuery(document).ready(function( $ ){\n\t\t\t\t\t\t\t\/\/jQuery('.yuzo_related_post').equalizer({ overflow : 'relatedthumb' });\n\t\t\t\t\t\t\tjQuery('.yuzo_related_post .yuzo_wraps').equalizer({ columns : '> div' });\n\t\t\t\t\t\t   })\n\t\t\t\t\t\t  <\/script> <!-- End Yuzo :) -->","protected":false},"excerpt":{"rendered":"<p>O presidente da Rep\u00fablica, Luiz In\u00e1cio Lula da Silva, visitou nesta sexta-feira, 21 de agosto, as obras de duplica\u00e7\u00e3o da rodovia BR-116 e da Ponte sobre o Rio Doce (Ponte do S\u00e3o Raimundo), localizadas no munic\u00edpio de Governador Valadares (MG). As interven\u00e7\u00f5es s\u00e3o executadas pela concession\u00e1ria Ecovias Rio Minas, respons\u00e1vel pela administra\u00e7\u00e3o do trecho. Leia [&hellip;]<\/p>\n","protected":false},"author":2,"featured_media":0,"comment_status":"open","ping_status":"closed","sticky":false,"template":"","format":"standard","meta":{"fifu_image_url":"","fifu_image_alt":"","footnotes":""},"categories":[489,112,316,132],"tags":[],"class_list":["post-101217","post","type-post","status-publish","format-standard","hentry","category-destaque-pequeno","category-lula","category-minas-gerais","category-politica"],"_links":{"self":[{"href":"https:\/\/redept.com.br\/blogosfera\/wp-json\/wp\/v2\/posts\/101217","targetHints":{"allow":["GET"]}}],"collection":[{"href":"https:\/\/redept.com.br\/blogosfera\/wp-json\/wp\/v2\/posts"}],"about":[{"href":"https:\/\/redept.com.br\/blogosfera\/wp-json\/wp\/v2\/types\/post"}],"author":[{"embeddable":true,"href":"https:\/\/redept.com.br\/blogosfera\/wp-json\/wp\/v2\/users\/2"}],"replies":[{"embeddable":true,"href":"https:\/\/redept.com.br\/blogosfera\/wp-json\/wp\/v2\/comments?post=101217"}],"version-history":[{"count":0,"href":"https:\/\/redept.com.br\/blogosfera\/wp-json\/wp\/v2\/posts\/101217\/revisions"}],"wp:attachment":[{"href":"https:\/\/redept.com.br\/blogosfera\/wp-json\/wp\/v2\/media?parent=101217"}],"wp:term":[{"taxonomy":"category","embeddable":true,"href":"https:\/\/redept.com.br\/blogosfera\/wp-json\/wp\/v2\/categories?post=101217"},{"taxonomy":"post_tag","embeddable":true,"href":"https:\/\/redept.com.br\/blogosfera\/wp-json\/wp\/v2\/tags?post=101217"}],"curies":[{"name":"wp","href":"https:\/\/api.w.org\/{rel}","templated":true}]}}