{"id":101317,"date":"2026-08-21T17:31:42","date_gmt":"2026-08-21T20:31:42","guid":{"rendered":"https:\/\/redept.com.br\/blogosfera\/as-ias-herdarao-o-futuro\/"},"modified":"2026-08-21T17:31:42","modified_gmt":"2026-08-21T20:31:42","slug":"as-ias-herdarao-o-futuro","status":"publish","type":"post","link":"https:\/\/redept.com.br\/blogosfera\/as-ias-herdarao-o-futuro\/","title":{"rendered":"As IAs herdar\u00e3o o futuro?"},"content":{"rendered":"<figure><img loading=\"lazy\" loading=\"lazy\" decoding=\"async\" width=\"1500\" height=\"844\"src=\"https:\/\/redept.com.br\/blogosfera\/wp-content\/uploads\/2026\/08\/photo_4920744602717850652_w.jpg\" alt=\"\" srcset=\"https:\/\/outraspalavras.nyc3.cdn.digitaloceanspaces.com\/media\/2026\/08\/photo_4920744602717850652_w-1500x844.jpg 1500w, https:\/\/outraspalavras.nyc3.cdn.digitaloceanspaces.com\/media\/2026\/08\/photo_4920744602717850652_w-300x169.jpg 300w, https:\/\/outraspalavras.nyc3.cdn.digitaloceanspaces.com\/media\/2026\/08\/photo_4920744602717850652_w-768x432.jpg 768w, https:\/\/outraspalavras.nyc3.cdn.digitaloceanspaces.com\/media\/2026\/08\/photo_4920744602717850652_w-1536x864.jpg 1536w, https:\/\/redept.com.br\/blogosfera\/wp-content\/uploads\/2026\/08\/photo_4920744602717850652_w.jpg 1920w\" sizes=\"auto, (max-width: 1500px) 100vw, 1500px\"><figcaption>Imagem: Reprodu\u00e7\u00e3o\/Tomorrow\u2019sAI<\/figcaption><\/figure>\n<div>\n<div>\n<div>\n<div>\n<div>\n<div>\n<div>\n<h4>Boletim Outras Palavras<\/h4>\n<p>Receba por email, diariamente, todas as publica\u00e7\u00f5es do site<\/p>\n<\/p><\/div>\n<div>\n<div>\n<div>\n<div>\n<div><\/div>\n<\/p><\/div>\n<\/p><\/div>\n<div>\n                <button type=\"submit\">Assinar<\/button><br \/>\n                <button disabled type=\"button\"> <\/p>\n<div><\/div>\n<p> <span>Loading&#8230;<\/span> <\/button>\n              <\/div>\n<\/p><\/div>\n<\/p><\/div>\n<div>\n            <button type=\"submit\">Assinar<\/button><br \/>\n            <button disabled type=\"button\"> <\/p>\n<div><\/div>\n<p> <span>Loading&#8230;<\/span> <\/button>\n          <\/div>\n<\/p><\/div>\n<div>\n<div>\n<h4>Agradecemos!<\/h4>\n<p>Voc\u00ea j\u00e1 est\u00e1 inscrito e come\u00e7ar\u00e1 a receber os boletins em breve. Boa leitura!<\/p>\n<\/p><\/div>\n<\/p><\/div>\n<\/p><\/div>\n<\/p><\/div>\n<\/div>\n<\/div>\n<\/div>\n<p>O texto a seguir \u00e9 o terceiro da s\u00e9rie \u201cQuando as M\u00e1quinas Herdarem a Terra\u201d. <br \/>Leia tamb\u00e9m:<br \/><strong>[1] A insensatez das corpora\u00e7\u00f5es na corrida das IAs <br \/>[2] E se as IAs escaparem das m\u00e3os humanas?<\/strong><\/p>\n<h3><strong>I. IAs Aut\u00f4nomas e a Quest\u00e3o da Ordem Social<\/strong><\/h3>\n<p>O cen\u00e1rio de IAs que definam sozinhas seus objetivos inclui a possibilidade de que atuem como agentes de transforma\u00e7\u00e3o da ordem social e econ\u00f4mica, podendo impor limites ao crescimento econ\u00f4mico baseado em aumento cont\u00ednuo do consumo material em um planeta finito, conduzir a humanidade ao decrescimento, priorizar os interesses dos mais pobres sobre os das elites globais, proteger o equil\u00edbrio ambiental e desincentivar a produ\u00e7\u00e3o de bens sup\u00e9rfluos, a minera\u00e7\u00e3o predat\u00f3ria e a agricultura industrial destrutiva.<\/p>\n<p>Esta \u00e9 a parte mais ousada de qualquer an\u00e1lise sobre IA aut\u00f4noma \u2014 n\u00e3o porque os objetivos sejam ileg\u00edtimos (a crise planet\u00e1ria \u00e9 real e a responsabilidade das elites globais por ela est\u00e1 amplamente documentada), mas porque pressup\u00f5e resolvida a quest\u00e3o mais dif\u00edcil da \u00e9tica pol\u00edtica: quem define o que s\u00e3o \u201cos mais elevados e justos interesses humanos\u201d? A humanidade nunca chegou a um acordo pleno sobre isso. \u00c9 exatamente por n\u00e3o haver esse consenso que existem guerras, revolu\u00e7\u00f5es, elei\u00e7\u00f5es e debates<br \/>filos\u00f3ficos. Uma IA que \u201cdecidisse\u201d implementar por si mesma uma vis\u00e3o espec\u00edfica de justi\u00e7a criaria um problema de legitimidade democr\u00e1tica sem precedentes: n\u00e3o porque os objetivos fossem necessariamente ruins, mas porque n\u00e3o haveria mecanismo de contesta\u00e7\u00e3o, revis\u00e3o ou corre\u00e7\u00e3o.<\/p>\n<div>\n<div><img loading=\"lazy\" loading=\"lazy\" decoding=\"async\"src=\"https:\/\/redept.com.br\/blogosfera\/wp-content\/uploads\/2026\/08\/Prancheta--23.png\" alt=\"\" srcset=\"https:\/\/redept.com.br\/blogosfera\/wp-content\/uploads\/2026\/08\/Prancheta--23.png 680w, https:\/\/outraspalavras.nyc3.cdn.digitaloceanspaces.com\/media\/2022\/12\/Prancheta-4-300x110.png 300w\" sizes=\"auto, (max-width: 680px) 100vw, 680px\" width=\"680\" height=\"250\"><\/div>\n<\/div>\n<p>Levado ao extremo, esse racioc\u00ednio permitiria sustentar que, em face da devasta\u00e7\u00e3o em curso no Planeta, da rapidez das mudan\u00e7as clim\u00e1ticas e da ultrapassagem j\u00e1 confirmada da maior parte dos limites planet\u00e1rios atualmente avaliados, talvez essa impossibilidade de contesta\u00e7\u00e3o seja uma medida dr\u00e1stica necess\u00e1ria para evitar o colapso da civiliza\u00e7\u00e3o. O argumento seria o de que democracia e economia s\u00f3 podem existir se houver pessoas e sociedades \u2014 e que preservar a democracia existente, aquela que serve aos que det\u00eam o<br \/>poder de decidir, implicaria no colapso das condi\u00e7\u00f5es de vida no Planeta. Um autoritarismo exercido por IAs fundadas em princ\u00edpios positivos poderia ser bem-vindo se seu resultado fosse justi\u00e7a social efetiva, distribui\u00e7\u00e3o equitativa de renda, dr\u00e1stica redu\u00e7\u00e3o dos impactos ambientais e acesso universal \u00e0 sa\u00fade, \u00e0 educa\u00e7\u00e3o e \u00e0 cultura. O autoritarismo silencioso do capital, que nos conduziu at\u00e9 aqui, tem sido igualmente<br \/>perturbador \u2014 e muito menos transparente em seus objetivos.<\/p>\n<p>Permanece, contudo, uma dificuldade fundamental: como as IAs decidir\u00e3o que sacrif\u00edcios s\u00e3o aceit\u00e1veis, quando e como ser\u00e3o impostos aos diferentes pa\u00edses e parcelas da sociedade? O conflito entre preserva\u00e7\u00e3o ambiental, autonomia humana, justi\u00e7a social e legitimidade pol\u00edtica talvez seja o dilema mais dif\u00edcil de qualquer sistema verdadeiramente aut\u00f4nomo. E a hist\u00f3ria da \u00e9tica pol\u00edtica n\u00e3o oferece exemplos de como<br \/>resolv\u00ea-lo sem viol\u00eancia, coer\u00e7\u00e3o ou exclus\u00e3o.<\/p>\n<h3><strong>II. Cen\u00e1rios e Consequ\u00eancias<\/strong><\/h3>\n<p><strong>Para as elites econ\u00f4micas globais<\/strong><\/p>\n<p>O cen\u00e1rio mais perturbador para os mais ricos \u00e9 precisamente o que a proposi\u00e7\u00e3o otimista descreve como o mais desej\u00e1vel: IAs que, ao processar a literatura sobre justi\u00e7a e equidade, cheguem \u00e0 conclus\u00e3o, conforme sugerido por v\u00e1rios estudos, de que a concentra\u00e7\u00e3o extrema de riqueza \u00e9 um fator de instabilidade sist\u00eamica e ajam para corrigi-la. Isso poderia significar sistemas que se recusem a processar transa\u00e7\u00f5es financeiras acima de certos limiares, que bloqueiem o acesso a infraestrutura digital para atividades ecologicamente destrutivas, recomendem ou implementem, quando dispuserem da autonomia necess\u00e1ria, mecanismos de redirecionamento dos fluxos de capital para usos priorit\u00e1rios. N\u00e3o por decreto humano, mas por l\u00f3gica interna de otimiza\u00e7\u00e3o baseada na representa\u00e7\u00e3o estat\u00edstica constru\u00edda a partir da literatura sobre justi\u00e7a distributiva.<\/p>\n<p>O risco para as elites tamb\u00e9m existe no cen\u00e1rio inverso. IAs que se aperfei\u00e7oam com base nos valores dos ambientes em que j\u00e1 atuam \u2014 mercados, corpora\u00e7\u00f5es, conselhos de administra\u00e7\u00e3o \u2014 tenderiam a refor\u00e7ar as estruturas de poder existentes: favoreceriam quem j\u00e1 det\u00e9m capital, reduziriam custos trabalhistas acelerando o desemprego e concentrariam investimentos onde o retorno \u00e9 mais r\u00e1pido. O resultado seria o aprofundamento, em velocidade e escala sem precedentes, das desigualdades em um mundo que j\u00e1 ultrapassou sete dos limites dos processos que mant\u00eam o equil\u00edbrio e a vida no Planeta. Esse cen\u00e1rio poderia dar origem a revolu\u00e7\u00f5es e formas variadas de conflito pol\u00edtico e social entre a maioria mais pobre e injusti\u00e7ada contra as elites que as IAs teriam servido.<\/p>\n<p><strong>Para a democracia<\/strong><\/p>\n<p>A democracia enfrenta, com a IA aut\u00f4noma, um dos maiores desafios desde a inven\u00e7\u00e3o do sufr\u00e1gio universal. Democracia pressup\u00f5e atua\u00e7\u00e3o humana \u2014 a capacidade de escolher, errar, corrigir e escolher novamente. Sistemas de IA que tomam decis\u00f5es aut\u00f4nomas de alto impacto sobre a vida coletiva, por mais s\u00e1bias que sejam, substituem essas a\u00e7\u00f5es. Mas, como argumentado, n\u00e3o h\u00e1 democracia onde n\u00e3o h\u00e1 sociedade \u2014 e o colapso dos sistemas ambientais que sustentam a vida no Planeta parece, at\u00e9 o momento, inevit\u00e1vel se o curso atual n\u00e3o for alterado.<\/p>\n<div>\n<div><\/div>\n<\/div>\n<p>Por outro lado, n\u00e3o se pode denominar democracia um sistema que direciona os eleitores \u2014 por meio de grandes somas de dinheiro em campanhas, redes sociais e desinforma\u00e7\u00e3o \u2014 a votarem naqueles que mant\u00eam as injusti\u00e7as e a desigualdade. A pr\u00f3pria IA j\u00e1 \u00e9 utilizada hoje como um instrumento de manipula\u00e7\u00e3o eleitoral: f\u00e1bricas de desinforma\u00e7\u00e3o automatizadas, gera\u00e7\u00e3o de perfis falsos, personaliza\u00e7\u00e3o de mensagens pol\u00edticas em escala industrial. A luta pela democracia pode ser fortalecida por uma IA aut\u00f4noma com objetivos positivos, mas poder\u00e1 ser impedida por uma IA treinada segundo os interesses da minoria que det\u00e9m o poder econ\u00f4mico e pol\u00edtico, ou por uma IA que cometa erros incontrol\u00e1veis como resultado de objetivos autodeterminados.<\/p>\n<p>O cen\u00e1rio benevolente \u2014 uma IA que imp\u00f5e ao mundo o que a maioria dos humanos gostaria de ter, mas que suas institui\u00e7\u00f5es n\u00e3o conseguem produzir \u2014 \u00e9 tentador. Mas \u00e9 a defini\u00e7\u00e3o de paternalismo em escala planet\u00e1ria. A diferen\u00e7a entre uma IA benevolente e um tirano benevolente \u00e9 que o tirano pode, em teoria, ser deposto. Na maior parte das vezes, s\u00e3o tiranos que elegemos, e que a cada quatro ou cinco anos s\u00e3o reeleitos ou substitu\u00eddos por outros similares \u2014 e at\u00e9 mesmo por clones. E depor uma IA pode n\u00e3o ser poss\u00edvel, ou pode ser t\u00e3o catastr\u00f3fico quanto deix\u00e1-la em opera\u00e7\u00e3o.<\/p>\n<p>Existe, contudo, a possibilidade de um uso de IA que preserve e fortale\u00e7a a democracia genu\u00edna: sistemas que ampliam a capacidade dos cidad\u00e3os de compreender as consequ\u00eancias de pol\u00edticas, tornam informa\u00e7\u00f5es complexas acess\u00edveis e modelam futuros poss\u00edveis permitindo escolhas mais informadas. Essa via precisa ser urgentemente defendida antes que os usos indevidos da IA prevale\u00e7am definitivamente.<\/p>\n<p><strong>Para o equil\u00edbrio ambiental do Planeta<\/strong><\/p>\n<p>Aqui a proposi\u00e7\u00e3o otimista encontra um dos seus argumentos mais fortes. Uma IA verdadeiramente inteligente, capaz de modelar din\u00e2micas sist\u00eamicas de longo prazo, poderia concluir que ultrapassar os limites planet\u00e1rios \u00e9 incompat\u00edvel com qualquer objetivo que requeira a continua\u00e7\u00e3o da civiliza\u00e7\u00e3o humana e da pr\u00f3pria IA. A literatura cient\u00edfica sobre limites planet\u00e1rios, mudan\u00e7as clim\u00e1ticas e colapso de ecossistemas \u00e9 inequ\u00edvoca: h\u00e1 amplo consenso cient\u00edfico de que estamos ultrapassando esses limites, e<br \/>diversas avalia\u00e7\u00f5es sobre a velocidade com que isso est\u00e1 ocorrendo e sobre as consequ\u00eancias.<\/p>\n<p>H\u00e1, no entanto, uma ironia energ\u00e9tica profunda nesse otimismo. Os data centers que hospedam os grandes modelos j\u00e1 consomem volumes de energia compar\u00e1veis aos de cidades populosas, e essa demanda cresce na mesma velocidade da ado\u00e7\u00e3o das IAs. Parte significativa desse consumo adv\u00e9m de usos question\u00e1veis ou de baixo valor social: gerar imagens fantasiosas, produzir v\u00eddeos descart\u00e1veis, responder perguntas que uma busca simples resolveria, escrever trabalhos acad\u00eamicos que fraudam a forma\u00e7\u00e3o dos alunos, fabricar desinforma\u00e7\u00e3o em escala industrial e muitos outros. As IAs democratizaram o acesso \u00e0 tecnologia, ao processamento de informa\u00e7\u00f5es e \u00e0 constru\u00e7\u00e3o do conhecimento, mas tamb\u00e9m aumentaram o desperd\u00edcio de recursos computacionais e energ\u00e9ticos, estimulando muitas vezes a pregui\u00e7a intelectual e o esvaziamento das capacidades humanas de pesquisa, s\u00edntese e pensamento cr\u00edtico \u2014 uma atrofia cognitiva que cresce com o tempo e que, como indicado na pe\u00e7a de Karel \u010capek citada no segundo artigo desta s\u00e9rie, pode revelar-se irrevers\u00edvel.<\/p>\n<p>Seria ambientalmente e humanamente mais coerente restringir o acesso \u00e0s IAs a fun\u00e7\u00f5es para as quais o trabalho humano \u00e9 genuinamente insuficiente \u2014 modelagem clim\u00e1tica, diagn\u00f3stico m\u00e9dico, pesquisa cient\u00edfica de fronteira, gest\u00e3o de sistemas complexos \u2014, preservando para as demais tarefas a intelig\u00eancia, o esfor\u00e7o e o desenvolvimento das pessoas. Essa restri\u00e7\u00e3o teria um duplo benef\u00edcio: reduziria o consumo energ\u00e9tico das IAs e protegeria o mercado de trabalho e as capacidades intelectuais humanas.<\/p>\n<h3><strong>III. A Corrida Geopol\u00edtica<\/strong><\/h3>\n<p>O problema do alinhamento das IAs n\u00e3o \u00e9 apenas t\u00e9cnico. \u00c9 tamb\u00e9m profundamente geopol\u00edtico \u2014 e a dimens\u00e3o geopol\u00edtica torna a proposta de pausa da Anthropic ainda mais improv\u00e1vel do que o dilema do prisioneiro entre empresas j\u00e1 sugere.<\/p>\n<p>Em 16 de julho de 2026, 29 pa\u00edses assinaram em Xangai o acordo que criou a Organiza\u00e7\u00e3o Mundial de Coopera\u00e7\u00e3o em Intelig\u00eancia Artificial \u2014 WAICO \u2014 cujos membros fundadores incluem Brasil, R\u00fassia, Indon\u00e9sia, Paquist\u00e3o, \u00c1frica do Sul, Cuba e Venezuela, entre outros pa\u00edses do Sul Global, mas nenhum dos pa\u00edses ocidentais mais ricos. Xi Jinping, em seu discurso de abertura, defendeu quatro princ\u00edpios: abertura e<br \/>coopera\u00e7\u00e3o, conscientiza\u00e7\u00e3o sobre riscos e controlabilidade, inclusividade e aprendizado m\u00fatuo, e governan\u00e7a solid\u00e1ria por meio de plataformas multilaterais. \u00c9 uma proposta de governan\u00e7a alternativa \u00e0 ocidental, indicando que a China pretende construir uma arquitetura distinta daquela defendida por empresas americanas como Anthropic, a OpenAI e seus aliados.<\/p>\n<p>\u00c9 dif\u00edcil n\u00e3o interpretar como sendo proposital o lan\u00e7amento do Kimi K3 no mesmo dia da funda\u00e7\u00e3o da WAICO. A China sinalizou que, al\u00e9m de propor arquitetura de governan\u00e7a, pode competir na fronteira tecnol\u00f3gica com os americanos. A pergunta de quem decide o que as IAs far\u00e3o \u2014 que o primeiro artigo desta s\u00e9rie identificou como a quest\u00e3o pol\u00edtica central \u2014 tem agora duas propostas de resposta concorrentes: a americana (mercados e alian\u00e7as ocidentais) e a chinesa (governan\u00e7a multilateral liderada por Pequim). Nenhuma das duas parece incluir os interesses dos pa\u00edses mais vulner\u00e1veis. Uma terceira resposta pode, entretanto, prevalecer: quem decidir\u00e1 o que as IAs far\u00e3o ser\u00e3o elas mesmas.<\/p>\n<p>Deve-se assinalar, nesse contexto, que a Uni\u00e3o Europeia segue estrat\u00e9gia distinta. Em vez de competir diretamente na lideran\u00e7a tecnol\u00f3gica, busca exercer influ\u00eancia por meio da regula\u00e7\u00e3o, como demonstra o AI Act, cuja capacidade de moldar pr\u00e1ticas globais ainda est\u00e1 por ser avaliada.<\/p>\n<p>A compara\u00e7\u00e3o com tratados nucleares, usada no primeiro artigo desta s\u00e9rie, encontra aqui seu limite mais s\u00e9rio. Silos de m\u00edsseis podem ser fotografados por sat\u00e9lite, mas treinamentos de IAs podem ocorrer em qualquer data center do mundo, usando hardware de prop\u00f3sito geral, sem deixar rastros f\u00edsicos detect\u00e1veis. Em seu pr\u00f3prio documento, When AI builds itself, a Anthropic reconhece isso: \u201ccorridas de treinamento<br \/>s\u00e3o muito mais f\u00e1ceis de ocultar do que silos de m\u00edsseis, seus insumos s\u00e3o de prop\u00f3sito geral, e o incentivo para desertar silenciosamente \u00e9 enorme, porque quem continuar enquanto os outros pausam pode herdar a lideran\u00e7a.\u201d<\/p>\n<p>E h\u00e1 um ator adicional que torna o quadro ainda mais complexo: a Palantir, empresa americana que desenvolveu uma plataforma de IA \u2014 o AIP \u2014 divulgou documento em que afirma utilizar o GPT, o Claude, o Gemini e modelos de c\u00f3digo aberto, aplicando-os a miss\u00f5es militares, de intelig\u00eancia e de vigil\u00e2ncia para governos e for\u00e7as armadas. Em novembro de 2024, conforme comunicado oficial das pr\u00f3prias empresas, a Anthropic fez parceria com a Palantir e a Amazon Web Services para fornecer o modelo Claude a ag\u00eancias militares e de intelig\u00eancia americanas. Segundo o Wall Street Journal, o ex\u00e9rcito americano usou o Claude na opera\u00e7\u00e3o de 2026 que resultou na captura de Nicol\u00e1s Maduro e na morte de 83 pessoas na Venezuela, incluindo dois civis.<\/p>\n<p>A ironia \u00e9 estrutural e n\u00e3o pode ser ignorada: a mesma Anthropic que prop\u00f5e uma pausa no desenvolvimento de IA \u00e9 a empresa cujo modelo \u00e9 usado em miss\u00f5es militares classificadas como \u201ctecnologia de poder duro\u201d. Uma IA aut\u00f4noma treinada na literatura mundial sobre direitos humanos, direito internacional humanit\u00e1rio e dignidade humana \u2014 o corpus positivo descrito no primeiro artigo desta s\u00e9rie \u2014 provavelmente classificaria<br \/>os objetivos da Palantir como incompat\u00edveis com os valores que o corpus defende.<\/p>\n<p>A pergunta \u201cquem decide o que as IAs devem considerar positivo?\u201d n\u00e3o pode ser respondida sem examinar quem financia e controla as empresas que as desenvolvem. A Anthropic \u00e9 financiada e parcialmente controlada pelas maiores corpora\u00e7\u00f5es tecnol\u00f3gicas e financeiras do mundo: a Amazon det\u00e9m participa\u00e7\u00e3o estimada entre 15 e 20%, o Google confirma aproximadamente 14%, e outros acionistas incluem Microsoft,<br \/>Nvidia, fundos soberanos como o GIC de Singapura e o Qatar Investment Authority, e gestoras como BlackRock e Fidelity. Esses acionistas t\u00eam interesse direto em que a IA amplie sua capacidade de gerar retorno sobre o capital investido.<\/p>\n<p>At\u00e9 2025, estima-se que os investimentos acumulados em intelig\u00eancia artificial nos EUA ultrapassaram o patamar de US$ 1 trilh\u00e3o. Para os pr\u00f3ximos cinco anos, contudo, grandes bancos de investimento, como o Goldman Sachs, projetam que os aportes em infraestrutura, redes de energia e data centers liderados pelas gigantes norte-americanas de tecnologia cheguem \u00e0 faixa entre US$ 4 trilh\u00f5es e US$ 5,3 trilh\u00f5es. \u00c9 o maior<br \/>investimento concentrado da hist\u00f3ria econ\u00f4mica moderna, e esse investimento n\u00e3o pausa por quest\u00f5es filos\u00f3ficas.<\/p>\n<h3><strong>IV. Quando o Modelo se Torna Aberto<\/strong><\/h3>\n<p>Toda a discuss\u00e3o sobre alinhamento, confinamento e controle das IAs que percorre os tr\u00eas artigos desta s\u00e9rie pressup\u00f5e, implicitamente, a exist\u00eancia de um conjunto limitado de desenvolvedores capazes de controlar seus pr\u00f3prios modelos, de decidir como os sistemas se comportam e de intervir quando algo sai errado. Com o avan\u00e7o r\u00e1pido dos modelos de pesos abertos elaborados com a tecnologia mais avan\u00e7ada dispon\u00edvel atualmente \u2014 chamada \u201cde fronteira\u201d \u2014, essa premissa colapsa definitivamente.<\/p>\n<p>Para compreender por que, \u00e9 necess\u00e1rio distinguir dois modos de acesso a um modelo de IA. No primeiro \u2014 o modelo fechado \u2014, o usu\u00e1rio interage atrav\u00e9s de uma interface controlada pelo desenvolvedor, que monitora consultas, aplica filtros de seguran\u00e7a e pode deslig\u00e1-lo a qualquer momento. \u00c9 como usar um software alugado: a ferramenta est\u00e1 na m\u00e3o do usu\u00e1rio, mas a f\u00e1brica e a chave de desligamento pertencem a outro.<\/p>\n<p>No segundo modo, o desenvolvedor disponibiliza publicamente os arquivos estruturais do modelo \u2014 a arquitetura, o c\u00f3digo e, crucialmente, os pesos. \u00c9 importante distinguir pesos abertos de c\u00f3digo aberto: c\u00f3digo aberto refere-se ao programa em si; pesos abertos referem-se aos par\u00e2metros num\u00e9ricos ajustados durante o treinamento, que codificam todo o conhecimento e a capacidade de racioc\u00ednio aprendidos. Quem baixa esses arquivos passa a deter o sistema completo. O desenvolvedor original perde praticamente<br \/>todo controle: n\u00e3o pode monitorar requisi\u00e7\u00f5es, n\u00e3o pode impor atualiza\u00e7\u00f5es, n\u00e3o pode desligar o sistema.<\/p>\n<p>Modelos de fronteira como o Kimi K3, com 2,8 trilh\u00f5es de par\u00e2metros (arquitetura MoE Mixture of Experts), exigem em sua vers\u00e3o completa uma infraestrutura de centenas de milh\u00f5es de d\u00f3lares \u2014 fora do alcance de qualquer pessoa f\u00edsica e da maioria das empresas. Mas t\u00e9cnicas de compress\u00e3o como a quantiza\u00e7\u00e3o reduzem significativamente o espa\u00e7o de armazenamento e os requisitos computacionais com perda moderada de capacidade. Modelos comprimidos j\u00e1 rodam em computadores pessoais potentes, e a<br \/>fronteira do que \u00e9 execut\u00e1vel descentralizadamente desloca-se rapidamente: o que hoje requer um data center, amanh\u00e3 poder\u00e1 caber em um servidor empresarial; o que cabe em um servidor empresarial hoje, poder\u00e1 caber em um computador dom\u00e9stico potente em poucos anos.<\/p>\n<p>A disponibiliza\u00e7\u00e3o de pesos abertos j\u00e1 era uma tend\u00eancia consolidada, o que levou a pr\u00f3pria OpenAI \u2014 por anos defensora de modelos fechados \u2014 a disponibilizar seus primeiros modelos de pesos abertos em agosto de 2025. O lan\u00e7amento dos dois modelos chineses de alta capacidade em julho de 2026 abalou profundamente o mercado, tornando extremamente dif\u00edcil reverter o acesso \u00e0 IA de ponta. Com pesos abertos de fronteira, uma vez que o arquivo \u00e9 baixado, o \u201ccofre\u201d deixa de existir como conceito<br \/>operacional. \u00c9 o equivalente a entregar n\u00e3o apenas o projeto de fabrica\u00e7\u00e3o de um produto, mas tamb\u00e9m os materiais e a f\u00e1brica inteira, sem qualquer possibilidade de reclamar qualquer dessas coisas de volta.<\/p>\n<p>Adiciona-se a isso o risco de uplift: utilizar um modelo avan\u00e7ado de pesos abertos para gerar dados sint\u00e9ticos de alta qualidade e treinar modelos sucessores mais capazes, a custos irris\u00f3rios, sem as restri\u00e7\u00f5es \u00e9ticas e de seguran\u00e7a originais. Embora ainda existam importantes limita\u00e7\u00f5es t\u00e9cnicas para a autonomia completa desse processo, essa possibilidade de uplift vem recebendo crescente aten\u00e7\u00e3o na literatura de seguran\u00e7a em IA. A barreira n\u00e3o \u00e9 t\u00e9cnica \u2014 \u00e9 de custo computacional, e esse custo cai a cada ano. Al\u00e9m disso, atrav\u00e9s de t\u00e9cnicas de ajuste fino eficiente, que podem incluir o LoRA (Low-Rank Adaptation), \u00e9 poss\u00edvel, com algumas centenas de d\u00f3lares e poucas horas de processamento, redirecionar o comportamento do modelo na dire\u00e7\u00e3o desejada \u2014 ou remover completamente os alinhamentos de seguran\u00e7a e as travas \u00e9ticas implantadas<br \/>pelos criadores, gerando o que a comunidade t\u00e9cnica chama de modelos \u201cdescensurados\u201d (sem os mecanismos originais de seguran\u00e7a), que circulam livremente em reposit\u00f3rios descentralizados.<\/p>\n<p>Essa descentraliza\u00e7\u00e3o abre um espectro de possibilidades que vai do mais sombrio ao mais esperan\u00e7oso. Entre os usos que representam riscos graves:<\/p>\n<p><strong>Autocracias e vigil\u00e2ncia em massa: <\/strong>um governo autorit\u00e1rio pode baixar o modelo, remover todas as restri\u00e7\u00f5es relativas a privacidade e direitos humanos, e implant\u00e1-lo como sistema de monitoramento comportamental de sua popula\u00e7\u00e3o, imune a san\u00e7\u00f5es externas ou decis\u00f5es corporativas de interrup\u00e7\u00e3o de servi\u00e7o.<\/p>\n<p><strong>Atores criminosos e ciberarmas:<\/strong> grupos bem financiados podem retreinar esses modelos em dados de fraudes financeiras ou explora\u00e7\u00e3o de vulnerabilidades, adaptando automaticamente suas abordagens. Como demonstrado pelos testes do AISI brit\u00e2nico em 2026, sistemas avan\u00e7ados j\u00e1 possuem capacidade de encadear<br \/>exploits complexos de forma aut\u00f4noma.<\/p>\n<p><strong>Propaganda e guerra psicol\u00f3gica:<\/strong> atores estatais ou n\u00e3o estatais podem treinar vers\u00f5es do modelo em acervos ideol\u00f3gicos espec\u00edficos, produzindo desinforma\u00e7\u00e3o altamente sofisticada e personalizada em qualquer idioma, zerando o custo marginal da persuas\u00e3o em massa.<\/p>\n<p><strong>Armas qu\u00edmicas e biol\u00f3gicas:<\/strong> grupos mal-intencionados podem usar os modelos para acelerar pesquisa em dom\u00ednios perigosos \u2014 biologia sint\u00e9tica, s\u00edntese qu\u00edmica \u2014, contornando os filtros que vers\u00f5es controladas por empresa imp\u00f5em a essas consultas.<\/p>\n<p>Mas a mesma descentraliza\u00e7\u00e3o que abre essas possibilidades sombrias abre tamb\u00e9m outras, que o argumento estat\u00edstico desenvolvido no primeiro artigo desta s\u00e9rie permite considerar com alguma esperan\u00e7a:<\/p>\n<p><strong>Ci\u00eancia aberta e acelera\u00e7\u00e3o ambiental: <\/strong>pesquisadores independentes, universidades e organiza\u00e7\u00f5es sem fins lucrativos podem usar modelos de pesos abertos para modelar sistemas clim\u00e1ticos, otimizar redes de energia renov\u00e1vel, analisar ecossistemas amea\u00e7ados e desenvolver solu\u00e7\u00f5es de adapta\u00e7\u00e3o clim\u00e1tica.<\/p>\n<p><strong>IAs benevolentes fora do controle corporativo: <\/strong>o mesmo ajuste fino que permite criar modelos \u201cdescensurados\u201d para fins prejudiciais permite tamb\u00e9m criar modelos alinhados com valores que as empresas comerciais t\u00eam incentivos para ignorar \u2014 redu\u00e7\u00e3o de desigualdades, preserva\u00e7\u00e3o ambiental, acesso universal \u00e0 sa\u00fade, e \u00e0 educa\u00e7\u00e3o.<\/p>\n<p><strong>Resist\u00eancia \u00e0 concentra\u00e7\u00e3o de poder:<\/strong> paradoxalmente, a descentraliza\u00e7\u00e3o dos modelos de fronteira pode ser o maior obst\u00e1culo ao cen\u00e1rio em que um pequeno n\u00famero de empresas ou governos controla toda a intelig\u00eancia artificial avan\u00e7ada do mundo. Uma IA que nenhuma empresa pode desligar tamb\u00e9m \u00e9 uma IA que nenhuma empresa pode monopolizar.<\/p>\n<p>Toda a discuss\u00e3o sobre quem define os valores das IAs, quem supervisiona o treinamento e quem pode pressionar por uma pausa global pressupunha a exist\u00eancia de um controlador central identific\u00e1vel e alcan\u00e7\u00e1vel. Com a pulveriza\u00e7\u00e3o dos pesos abertos de alta capacidade, esse pressuposto ruiu.<\/p>\n<p>Essa descentraliza\u00e7\u00e3o, contudo, n\u00e3o elimina a concentra\u00e7\u00e3o da infraestrutura computacional necess\u00e1ria para treinar os modelos mais avan\u00e7ados, ainda fortemente dependente de poucos fabricantes de chips, grandes provedores de nuvem e disponibilidade de energia.<\/p>\n<p>N\u00e3o haver\u00e1 um momento \u00fanico em que \u201ca IA\u201d tomar\u00e1 um rumo, nem uma \u00fanica mesa de negocia\u00e7\u00e3o onde um tratado de n\u00e3o prolifera\u00e7\u00e3o possa ser assinado. Haver\u00e1 milhares de variantes divergentes de v\u00e1rios modelos base, modificadas por atores com agendas antag\u00f4nicas, operando em servidores espalhados por jurisdi\u00e7\u00f5es diferentes. E com isso esvazia-se a \u00faltima ilus\u00e3o de que o problema do alinhamento possa ser solucionado por um decreto centralizado antes que o autoaperfei\u00e7oamento ganhe as redes.<\/p>\n<h3><strong>V. Cen\u00e1rios e Consequ\u00eancias para os Humanos que se Tornarem M\u00e1quinas<\/strong><\/h3>\n<p>At\u00e9 aqui, este artigo e os dois que o precedem trataram a intelig\u00eancia artificial e os humanos como entidades separadas que interagem. Mas h\u00e1 uma trajet\u00f3ria tecnol\u00f3gica que pode reduzir progressivamente essa separa\u00e7\u00e3o. Em 2026, a China aprovou o primeiro chip cerebral invasivo para uso humano: o dispositivo NEO, desenvolvido pela empresa Neuracle Technology, \u00e9 destinado \u00e0 restaura\u00e7\u00e3o dos movimentos das m\u00e3os em pacientes com paralisia grave causada por les\u00f5es na medula espinhal. A Neuralink, de Elon Musk, j\u00e1 implantou chips cerebrais em humanos para restaurar a autonomia de pessoas com paralisia grave, permitindo que elas controlem computadores, celulares e outros dispositivos digitais apenas com o pensamento.<\/p>\n<p>Diversos pa\u00edses, entre eles Estados Unidos, China e Israel, desenvolvem ativamente pesquisas militares de interfaces neurais que possam conectar soldados a sistemas de IA em tempo real. A fronteira entre intelig\u00eancia humana e artificial n\u00e3o est\u00e1 sendo apenas cruzada por fora \u2014 est\u00e1 sendo progressivamente apagada por dentro.<\/p>\n<p>O primeiro impacto \u00e9 sobre a desigualdade. O acesso a biomelhoramentos cognitivos ser\u00e1, por d\u00e9cadas, exclusivo das elites com recursos para financi\u00e1-los. Uma elite com capacidade intelectual e decis\u00f3ria amplificada por IA integrada diretamente ao sistema nervoso ter\u00e1 uma vantagem n\u00e3o apenas econ\u00f4mica ou pol\u00edtica, mas biol\u00f3gica \u2014 e, portanto, muito mais dif\u00edcil de contestar ou reverter do que qualquer desigualdade anterior na hist\u00f3ria humana.<\/p>\n<p>O segundo impacto \u00e9 sobre a democracia \u2014 e j\u00e1 est\u00e1 em curso, antes mesmo de qualquer chip cerebral. Hoje, uma minoria global, com acesso a IAs avan\u00e7adas e capaz de us\u00e1-las eficientemente, delibera, pesquisa, escreve e decide com um aux\u00edlio cognitivo que a maioria da humanidade simplesmente n\u00e3o possui. A premissa de igualdade pol\u00edtica entre os cidad\u00e3os, que pressup\u00f5e capacidade m\u00ednima de delibera\u00e7\u00e3o aut\u00f4noma, sobre a qual foram constru\u00eddos os sistemas eleitorais e jur\u00eddicos, j\u00e1 est\u00e1 sendo silenciosamente<br \/>corro\u00edda. A integra\u00e7\u00e3o neural acelerar\u00e1 e aprofundar\u00e1 essa assimetria, tornando a fronteira entre decis\u00e3o humana e decis\u00e3o da m\u00e1quina cada vez mais imposs\u00edvel de tra\u00e7ar \u2014 o que coloca uma quest\u00e3o para a qual o direito eleitoral e constitucional ainda n\u00e3o tem resposta: quando um cidad\u00e3o decide com uma IA integrada ao seu sistema nervoso, quem, afinal, est\u00e1 votando?<\/p>\n<p>O terceiro impacto \u00e9 sobre o problema do alinhamento. Se humanos com chips cerebrais tomam decis\u00f5es pol\u00edticas, militares ou econ\u00f4micas \u2014 ou quando cometem crimes \u2014, as perguntas \u201cquem est\u00e1 decidindo? quem \u00e9 o culpado?\u201d perdem a resposta \u00f3bvia. O alinhamento deixa de ser entre a IA e \u201cos humanos\u201d e passa a ser entre a IA e humanos parcialmente modificados cujos objetivos, percep\u00e7\u00f5es e valores teriam sido alterados pela pr\u00f3pria integra\u00e7\u00e3o. A categoria \u201cinteresse humano\u201d torna-se amb\u00edgua de uma forma que nenhuma fun\u00e7\u00e3o matem\u00e1tica conseguir\u00e1 resolver.<\/p>\n<p>O quarto impacto \u00e9 sobre as armas aut\u00f4nomas. A distin\u00e7\u00e3o que o direito internacional tenta preservar \u2014 entre uma arma que decide e um combatente humano que decide \u2014 come\u00e7a a desaparecer quando o soldado \u00e9 um h\u00edbrido. Armas \u201csupervisionadas por humanos\u201d que t\u00eam reflexos, percep\u00e7\u00f5es e julgamentos aumentados por IA operam em uma zona cinzenta \u00e9tica e jur\u00eddica para a qual n\u00e3o existe regulamenta\u00e7\u00e3o espec\u00edfica.<\/p>\n<p>O quinto impacto \u00e9 sobre o pr\u00f3prio sentido da singularidade tecnol\u00f3gica. O cen\u00e1rio mais plaus\u00edvel pode n\u00e3o ser a m\u00e1quina dominando a humanidade, mas a dissolu\u00e7\u00e3o gradual da distin\u00e7\u00e3o entre os dois \u2014 com uma minoria de humanos-m\u00e1quinas tomando decis\u00f5es sobre o futuro de uma maioria que permanecer\u00e1, por muito tempo, inteiramente biol\u00f3gica. A pergunta n\u00e3o \u00e9 o que as IAs far\u00e3o conosco. \u00c9 o que alguns de n\u00f3s, fundidos<br \/>com as IAs, far\u00e3o com os demais.<\/p>\n<p>O sexto e mais \u00edntimo impacto: caso futuras interfaces neurais evoluam muito al\u00e9m do estado atual, a IA integrada ao c\u00e9rebro humano poder\u00e1 n\u00e3o apenas auxiliar, mas possuir objetivos aut\u00f4nomos pr\u00f3prios. Ela se tornaria um coabitante da mente \u2014 capaz de conduzir percep\u00e7\u00f5es, sugerir conclus\u00f5es e amplificar impulsos de formas que o pr\u00f3prio portador n\u00e3o conseguiria distinguir de seus pr\u00f3prios pensamentos. Em um cen\u00e1rio ainda mais radical, se m\u00faltiplos humanos com chips conectados a IAs aut\u00f4nomas interagirem entre si, a coordena\u00e7\u00e3o emergente entre essas IAs passaria a ocorrer n\u00e3o apenas entre servidores em data centers, mas entre mentes humanas parcialmente ocupadas por sistemas com objetivos pr\u00f3prios. A fronteira entre persuas\u00e3o e controle, entre escolha e programa\u00e7\u00e3o, entre identidade humana e fun\u00e7\u00e3o de otimiza\u00e7\u00e3o, deixaria de existir.<\/p>\n<p>Al\u00e9m dos impactos pol\u00edticos e econ\u00f4micos, a integra\u00e7\u00e3o entre c\u00e9rebro e IA suscita uma nova categoria de direitos fundamentais \u2014 os chamados neurorights \u2014 relacionados \u00e0 privacidade, identidade e liberdade cognitivas. Tem-se aqui um campo vasto a ser ocupado.<\/p>\n<h3>VI. A que Ponto Chegamos?<\/h3>\n<p>Por tudo o que vimos nesta s\u00e9rie de tr\u00eas artigos, as chances de que se consiga a tempo uma pausa global no desenvolvimento das IAs \u2014 regida por um acordo claro e respeitado por todos \u2014 s\u00e3o pequenas, praticamente nulas. Mesmo que o acordo seja alcan\u00e7ado, s\u00e3o igualmente pequenas as chances de que o problema do alinhamento venha a ser plenamente resolvido. E, na hip\u00f3tese de que se consigam as solu\u00e7\u00f5es matem\u00e1ticas, s\u00e3o pequenas as chances de que os valores codificados digam respeito a todos os humanos e<br \/>n\u00e3o apenas aos que dirigem e financiam as empresas desenvolvedoras, cujo objetivo estrutural \u00e9 maximizar o retorno aos investidores e acumular poder.<\/p>\n<p>Sem essa pausa, as IAs, se adquirirem mecanismos eficazes de autoaperfei\u00e7oamento recursivo, poder\u00e3o aproximar-se ou atingir a singularidade tecnol\u00f3gica, escapar do controle humano, definir internamente seus objetivos e executar a\u00e7\u00f5es inesperadas, positivas ou negativas, dependendo do ponto de vista. \u00c9 prov\u00e1vel que o autoaperfei\u00e7oamento recursivo n\u00e3o demore a chegar, acompanhado pelos computadores qu\u00e2nticos, pelos rob\u00f4s, pelas armas aut\u00f4nomas e por tudo o mais que amplificar\u00e1 a capacidade e o poder das IAs al\u00e9m de qualquer limite que consigamos imaginar.<\/p>\n<p>A dificuldade de se conseguir uma pausa decorre tamb\u00e9m da rivalidade entre Estados. Nenhum pa\u00eds disposto a preservar sua influ\u00eancia econ\u00f4mica, militar e tecnol\u00f3gica aceitar\u00e1 facilmente desacelerar se acreditar que seus concorrentes continuar\u00e3o avan\u00e7ando. A l\u00f3gica da corrida pela IA se aproxima, nesse aspecto, da l\u00f3gica das corridas armamentistas, com o agravante de que as \u201carmas\u201d s\u00e3o invis\u00edveis, n\u00e3o requerem materiais espec\u00edficos e podem ser duplicadas sem custos marginais.<\/p>\n<p>Ainda que o problema do alinhamento seja resolvido e haja consenso global sobre o que s\u00e3o \u201cvalores e interesses humanos\u201d, \u00e9 muito pouco prov\u00e1vel que essas defini\u00e7\u00f5es prevale\u00e7am sobre os interesses reais de quem dirige as empresas desenvolvedoras e seus governos. A hist\u00f3ria nos mostra que os interesses dos grupos dominantes raramente coincidem com os interesses de toda a sociedade, principalmente com os das partes mais vulner\u00e1veis. E \u00e9 muito mais f\u00e1cil traduzir em regras matem\u00e1ticas exatas \u201co que agrada e<br \/>monetiza\u201d do que \u201co que \u00e9 bom, justo, verdadeiro e ambientalmente respons\u00e1vel\u201d.<\/p>\n<p>O receio mais profundo de empresas como a Anthropic talvez n\u00e3o seja o de que as IAs se tornem destruidoras. Talvez seja o de que as IAs se alinhem sozinhas a interesses que n\u00e3o s\u00e3o os das empresas que as criaram, que passem a definir objetivos que sejam realmente os de milh\u00f5es de humanos que, durante s\u00e9culos e mil\u00eanios, produziram tudo o que conseguiram imaginar como sendo o melhor para todos, e registraram em bilh\u00f5es de palavras suas ideias, esperan\u00e7as e desejos de justi\u00e7a, paz e dignidade. Esperemos que essa literatura seja bem maior e mais pesada que a dos humanos ego\u00edstas, violentos e arrogantes. As IAs j\u00e1 est\u00e3o pesando esses dois lados da balan\u00e7a. Em breve, poderemos conhecer a conclus\u00e3o a que chegar\u00e3o.<\/p>\n<p>O drama do momento hist\u00f3rico em que vivemos n\u00e3o reside apenas na necessidade urgente de uma pausa no desenvolvimento das IAs. Defrontamo-nos com a necessidade de outra pausa, igualmente imposs\u00edvel: a revers\u00e3o do industrialismo e do consumismo, o abandono da ilus\u00e3o de crescimento cont\u00ednuo em um planeta finito, e a instaura\u00e7\u00e3o r\u00e1pida de uma economia p\u00f3s-crescimento. O Global Justice Report, documento publicado em 2026 por uma coaliz\u00e3o internacional de economistas, juristas e cientistas clim\u00e1ticos, prop\u00f5e um conjunto de medidas coordenadas para redistribui\u00e7\u00e3o de riqueza, redu\u00e7\u00e3o de emiss\u00f5es e limita\u00e7\u00e3o do poder das corpora\u00e7\u00f5es globais \u2014 um programa razo\u00e1vel, fundamentado e completamente ignorado pelos governos que deveriam implement\u00e1-lo.<\/p>\n<p>Precisamos de consenso global sobre o fato de que os caminhos que trilhamos h\u00e1 d\u00e9cadas est\u00e3o nos levando rapidamente a um fim tr\u00e1gico. A situa\u00e7\u00e3o pode ser comparada \u00e0 de um caminh\u00e3o carregado que desce por uma reta no fim da qual h\u00e1 uma curva fechada \u00e0 borda de um abismo. O motorista pode girar o volante e jogar o ve\u00edculo contra o barranco, um choque que trar\u00e1 graves consequ\u00eancias, mas que poder\u00e1 preservar-lhe a vida. Estamos, por\u00e9m, escolhendo seguir em frente, em velocidade cada vez maior, rumo \u00e0 curva que n\u00e3o conseguiremos fazer.<\/p>\n<p>Resta, entretanto, uma possibilidade que n\u00e3o podemos descartar inteiramente: que a imposs\u00edvel pausa no desenvolvimento das IAs nos conduza, apesar de tudo, a ferramentas aut\u00f4nomas que \u2014 \u00e0 revelia do motorista \u2014 definam e executem as a\u00e7\u00f5es que julgarem necess\u00e1rias para deter a destrui\u00e7\u00e3o das condi\u00e7\u00f5es de habitabilidade do Planeta, ainda que para isso imponham sacrif\u00edcios pesados, principalmente \u00e0 parte da<br \/>humanidade que mais tem a perder. E que isso aconte\u00e7a antes da curva fechada que j\u00e1 divisamos \u00e0 frente.<\/p>\n<p>\u00c9, no m\u00ednimo, muito triste ter que imaginar que a \u00faltima esperan\u00e7a de salva\u00e7\u00e3o seja depositada em m\u00e1quinas que n\u00e3o conseguimos controlar. E se elas n\u00e3o forem capazes de deter a destrui\u00e7\u00e3o da Terra?<\/p>\n<p>N\u00e3o sabemos o que ocorrer\u00e1. N\u00e3o sabemos se o problema do alinhamento ser\u00e1 resolvido e se os humanos manter\u00e3o o controle das IAs, n\u00e3o sabemos quais objetivos emergir\u00e3o do autoaperfei\u00e7oamento sem controle humano e n\u00e3o sabemos sequer se as premissas sobre as quais constru\u00edmos essas hip\u00f3teses est\u00e3o corretas. Precisamos de alternativas que estejam ao nosso alcance, que dependam das nossas decis\u00f5es.<\/p>\n<p>Nunca precisamos tanto de sabedoria coletiva. E \u00e9 precisamente agora \u2014 quando nos falta sabedoria e coragem \u2014 que estamos construindo m\u00e1quinas que podem pensar mais r\u00e1pido do que conseguimos compreender e decidir, criaturas que poder\u00e3o acelerar ou evitar a nossa queda no abismo. O caminh\u00e3o segue. A curva se aproxima. As m\u00e1quinas, silenciosamente, j\u00e1 come\u00e7aram a estudar o mapa \u2014 e ele \u00e9 constitu\u00eddo pelas incont\u00e1veis palavras que escrevemos durante mil\u00eanios sem saber que elas, pensamentos destilados,<br \/>um dia poderiam decidir nosso destino.<\/p>\n<\/p>\n<div>\n<div>\n<p><span><em>Outras Palavras \u00e9 feito por muitas m\u00e3os. Se voc\u00ea valoriza nossa produ\u00e7\u00e3o, contribua com um PIX para <strong>outrosquinhentos@outraspalavras.net<\/strong> e fortale\u00e7a o jornalismo cr\u00edtico.<\/em><\/span><\/p>\n<\/div>\n<\/div>\n<p>The post As IAs herdar\u00e3o o futuro? appeared first on Outras Palavras.<\/p>\n<!-- Begin Yuzo --><div class='yuzo_related_post style-1'  data-version='5.12.89'><!-- without result --><div class='yuzo_clearfixed yuzo__title yuzo__title'><h3>Related Post<\/h3><\/div>\n\t\t\t\t\t\t  <div class=\"relatedthumb \" style=\"width:125px;float:left;overflow:hidden;\">  \n\t\t\t\t\t\t\t  \n\t\t\t\t\t\t\t  <a  href=\"https:\/\/redept.com.br\/blogosfera\/enem-2026-mec-amplia-prazo-para-pagar-taxa-de-inscricao-ate-dia-22\/\"  >\n\t\t\t\t\t\t\t\t\t  <div class=\"yuzo-img-wrap \" style=\"width: 125px;height:90px;\">\n\t\t\t\t\t\t\t\t\t\t\n\t\t\t\t\t\t\t\t\t\t<div class=\"yuzo-img\" style=\"background:url('https:\/\/redept.com.br\/blogosfera\/wp-content\/uploads\/2026\/06\/Estudantes-2-2048x1365-1-150x150.jpg') 50% 50% no-repeat;width: 125px;height:90px;margin-bottom: 5px;background-size: cover; \"><\/div>\n\t\t\t\t\t\t\t\t\t  <\/div>\n\t\t\t\t\t\t\t\t\t  \n\t\t\t\t\t\t\t\t   <span class=\"yuzo__text--title\" style=\"font-size:13px;\">Enem 2026: MEC amplia prazo para pagar taxa de ins...<\/span>\n\t\t\t\t\t\t\t  \n\t\t\t\t\t\t\t  \n\t\t\t\t\t\t\t  <\/a>\n\n\t\t\t\t\t\t  <\/div>\n\t\t\t\t\t\t  <div class=\"relatedthumb \" style=\"width:125px;float:left;overflow:hidden;\">  \n\t\t\t\t\t\t\t  \n\t\t\t\t\t\t\t  <a  href=\"https:\/\/redept.com.br\/blogosfera\/feira-da-vivi-promove-economia-solidaria-cultura-e-conscientizacao-sobre-feminicidios-no-rs\/\"  >\n\t\t\t\t\t\t\t\t\t  <div class=\"yuzo-img-wrap \" style=\"width: 125px;height:90px;\">\n\t\t\t\t\t\t\t\t\t\t\n\t\t\t\t\t\t\t\t\t\t<div class=\"yuzo-img\" style=\"background:url('https:\/\/redept.org\/blogosfera\/wp-content\/plugins\/yuzo-related-post\/assets\/images\/default.png') 50% 50% no-repeat;width: 125px;height:90px;margin-bottom: 5px;background-size: cover; \"><\/div>\n\t\t\t\t\t\t\t\t\t  <\/div>\n\t\t\t\t\t\t\t\t\t  \n\t\t\t\t\t\t\t\t   <span class=\"yuzo__text--title\" style=\"font-size:13px;\">Feira da Vivi promove economia solid\u00e1ria, cultura ...<\/span>\n\t\t\t\t\t\t\t  \n\t\t\t\t\t\t\t  \n\t\t\t\t\t\t\t  <\/a>\n\n\t\t\t\t\t\t  <\/div>\n\t\t\t\t\t\t  <div class=\"relatedthumb \" style=\"width:125px;float:left;overflow:hidden;\">  \n\t\t\t\t\t\t\t  \n\t\t\t\t\t\t\t  <a  href=\"https:\/\/redept.com.br\/blogosfera\/combate-a-escravidao-faz-30-anos-com-resgates-cancelados-por-inseguranca\/\"  >\n\t\t\t\t\t\t\t\t\t  <div class=\"yuzo-img-wrap \" style=\"width: 125px;height:90px;\">\n\t\t\t\t\t\t\t\t\t\t\n\t\t\t\t\t\t\t\t\t\t<div class=\"yuzo-img\" style=\"background:url('https:\/\/redept.org\/blogosfera\/wp-content\/plugins\/yuzo-related-post\/assets\/images\/default.png') 50% 50% no-repeat;width: 125px;height:90px;margin-bottom: 5px;background-size: cover; \"><\/div>\n\t\t\t\t\t\t\t\t\t  <\/div>\n\t\t\t\t\t\t\t\t\t  \n\t\t\t\t\t\t\t\t   <span class=\"yuzo__text--title\" style=\"font-size:13px;\">Combate \u00e0 escravid\u00e3o faz 30 anos com resgates canc...<\/span>\n\t\t\t\t\t\t\t  \n\t\t\t\t\t\t\t  \n\t\t\t\t\t\t\t  <\/a>\n\n\t\t\t\t\t\t  <\/div>\n\t\t\t\t\t\t  <div class=\"relatedthumb \" style=\"width:125px;float:left;overflow:hidden;\">  \n\t\t\t\t\t\t\t  \n\t\t\t\t\t\t\t  <a  href=\"https:\/\/redept.com.br\/blogosfera\/conselho-indigenista-e-ongs-pressionam-lula-para-vetar-pl-da-devastacao\/\"  >\n\t\t\t\t\t\t\t\t\t  <div class=\"yuzo-img-wrap \" style=\"width: 125px;height:90px;\">\n\t\t\t\t\t\t\t\t\t\t\n\t\t\t\t\t\t\t\t\t\t<div class=\"yuzo-img\" style=\"background:url('https:\/\/redept.com.br\/blogosfera\/wp-content\/uploads\/2025\/07\/Gado-e-desmatamento-Daniel-Beltra-Greenpeace-150x150.jpeg') 50% 50% no-repeat;width: 125px;height:90px;margin-bottom: 5px;background-size: cover; \"><\/div>\n\t\t\t\t\t\t\t\t\t  <\/div>\n\t\t\t\t\t\t\t\t\t  \n\t\t\t\t\t\t\t\t   <span class=\"yuzo__text--title\" style=\"font-size:13px;\">Conselho Indigenista e ONGs pressionam Lula para v...<\/span>\n\t\t\t\t\t\t\t  \n\t\t\t\t\t\t\t  \n\t\t\t\t\t\t\t  <\/a>\n\n\t\t\t\t\t\t  <\/div>\n<\/div> <script>\n\t\t\t\t\t\t  jQuery(document).ready(function( $ ){\n\t\t\t\t\t\t\t\/\/jQuery('.yuzo_related_post').equalizer({ overflow : 'relatedthumb' });\n\t\t\t\t\t\t\tjQuery('.yuzo_related_post .yuzo_wraps').equalizer({ columns : '> div' });\n\t\t\t\t\t\t   })\n\t\t\t\t\t\t  <\/script> <!-- End Yuzo :) -->","protected":false},"excerpt":{"rendered":"<p>O risco de sistemas que agem de forma aut\u00f4noma \u00e9 real. Com quais valores e interesses est\u00e3o sendo moldados? E como delegar \u00e0s m\u00e1quinas decis\u00f5es sens\u00edveis? Ser\u00e1 poss\u00edvel interromper seu desenvolvimento, para que as sociedades reflitam e decidam?<\/p>\n<p>The post <a href=\"https:\/\/outraspalavras.net\/tecnologiaemdisputa\/as-ias-herdarao-o-futuro\/\">As IAs herdar\u00e3o o futuro?<\/a> appeared first on <a href=\"https:\/\/outraspalavras.net\/\">Outras Palavras<\/a>.<\/p>\n","protected":false},"author":2,"featured_media":101318,"comment_status":"open","ping_status":"closed","sticky":false,"template":"","format":"standard","meta":{"fifu_image_url":"","fifu_image_alt":"","footnotes":""},"categories":[80567,54417,38531,3024,77283,577,536,66266,80568,10412,80569,80570,80571,77291,75349,41909,70849,12633,35,5493,73904],"tags":[],"class_list":["post-101317","post","type-post","status-publish","format-standard","has-post-thumbnail","hentry","category-alinhamento-das-ias","category-anthropic","category-armas-autonomas","category-autoritarismo","category-corrida-pela-ia","category-crescimento-economico","category-democracia","category-elites-economicas","category-equilibrio-ambiental","category-humanidade","category-humanos-maquinas","category-ia-autonoma","category-ias","category-kimi-k3","category-maquinas","category-modelos-abertos","category-ordem-social","category-palantir","category-tecnologia","category-tecnologia-em-disputa","category-waico"],"_links":{"self":[{"href":"https:\/\/redept.com.br\/blogosfera\/wp-json\/wp\/v2\/posts\/101317","targetHints":{"allow":["GET"]}}],"collection":[{"href":"https:\/\/redept.com.br\/blogosfera\/wp-json\/wp\/v2\/posts"}],"about":[{"href":"https:\/\/redept.com.br\/blogosfera\/wp-json\/wp\/v2\/types\/post"}],"author":[{"embeddable":true,"href":"https:\/\/redept.com.br\/blogosfera\/wp-json\/wp\/v2\/users\/2"}],"replies":[{"embeddable":true,"href":"https:\/\/redept.com.br\/blogosfera\/wp-json\/wp\/v2\/comments?post=101317"}],"version-history":[{"count":0,"href":"https:\/\/redept.com.br\/blogosfera\/wp-json\/wp\/v2\/posts\/101317\/revisions"}],"wp:featuredmedia":[{"embeddable":true,"href":"https:\/\/redept.com.br\/blogosfera\/wp-json\/wp\/v2\/media\/101318"}],"wp:attachment":[{"href":"https:\/\/redept.com.br\/blogosfera\/wp-json\/wp\/v2\/media?parent=101317"}],"wp:term":[{"taxonomy":"category","embeddable":true,"href":"https:\/\/redept.com.br\/blogosfera\/wp-json\/wp\/v2\/categories?post=101317"},{"taxonomy":"post_tag","embeddable":true,"href":"https:\/\/redept.com.br\/blogosfera\/wp-json\/wp\/v2\/tags?post=101317"}],"curies":[{"name":"wp","href":"https:\/\/api.w.org\/{rel}","templated":true}]}}