{"id":101709,"date":"2026-08-25T18:14:09","date_gmt":"2026-08-25T21:14:09","guid":{"rendered":"https:\/\/redept.com.br\/blogosfera\/numero-de-candidatas-ao-senado-bate-recorde-com-destaque-para-bases-de-lula\/"},"modified":"2026-08-25T18:14:09","modified_gmt":"2026-08-25T21:14:09","slug":"numero-de-candidatas-ao-senado-bate-recorde-com-destaque-para-bases-de-lula","status":"publish","type":"post","link":"https:\/\/redept.com.br\/blogosfera\/numero-de-candidatas-ao-senado-bate-recorde-com-destaque-para-bases-de-lula\/","title":{"rendered":"N\u00famero de candidatas ao Senado bate recorde, com destaque para bases de Lula"},"content":{"rendered":"<p><img loading=\"lazy\" width=\"799\" height=\"533\"src=\"https:\/\/redept.com.br\/blogosfera\/wp-content\/uploads\/2026\/08\/46101073624_3ecd50a380_c.jpg\" alt=\"\" decoding=\"async\" loading=\"lazy\" srcset=\"https:\/\/redept.com.br\/blogosfera\/wp-content\/uploads\/2026\/08\/46101073624_3ecd50a380_c.jpg 799w, https:\/\/vermelho.org.br\/wp-content\/uploads\/2026\/08\/46101073624_3ecd50a380_c-300x200.jpg 300w, https:\/\/vermelho.org.br\/wp-content\/uploads\/2026\/08\/46101073624_3ecd50a380_c-768x512.jpg 768w, https:\/\/vermelho.org.br\/wp-content\/uploads\/2026\/08\/46101073624_3ecd50a380_c-272x182.jpg 272w\" sizes=\"auto, (max-width: 799px) 100vw, 799px\"><\/p>\n<p>A disputa pelo Senado chega a 2026 com um recorde feminino: 69 mulheres est\u00e3o entre as candidaturas registradas para as 54 cadeiras que ser\u00e3o renovadas neste ano; s\u00e3o sete a mais que em 2018, quando 62 mulheres concorreram ao cargo, e 11,3% acima daquele resultado. Em 2022, foram 58 candidatas.<\/p>\n<div>\n<figure><img loading=\"lazy\" loading=\"lazy\" decoding=\"async\" width=\"405\" height=\"462\"src=\"https:\/\/redept.com.br\/blogosfera\/wp-content\/uploads\/2026\/08\/Captura-de-tela-2026-08-25-175230.png\" alt=\"\" srcset=\"https:\/\/redept.com.br\/blogosfera\/wp-content\/uploads\/2026\/08\/Captura-de-tela-2026-08-25-175230.png 405w, https:\/\/vermelho.org.br\/wp-content\/uploads\/2026\/08\/Captura-de-tela-2026-08-25-175230-263x300.png 263w\" sizes=\"auto, (max-width: 405px) 100vw, 405px\"><figcaption>Fonte: Tribunal Superior Eleitoral \u2013 2026 <\/figcaption><\/figure>\n<\/div>\n<p>O recorde ganha ainda mais peso quando se olha para a composi\u00e7\u00e3o das chapas. Nos tr\u00eas maiores col\u00e9gios eleitorais do pa\u00eds, S\u00e3o Paulo, Minas Gerais e Rio de Janeiro, cinco das seis candidaturas ao Senado nas bases de Luiz In\u00e1cio Lula da Silva s\u00e3o de mulheres.<\/p>\n<p>Em S\u00e3o Paulo, <strong>Simone Tebet (PSB) e Marina Silva (Rede) <\/strong>disputam as duas vagas; em Minas Gerais, <strong>Mar\u00edlia Campos (PT) e \u00c1urea Carolina (PSOL) <\/strong>formam a dupla; e, no Rio de Janeiro,<strong> Benedita da Silva (PT) <\/strong>concorre ao lado de Pedro Paulo (PSD). Nos tr\u00eas estados, que concentram alguns dos maiores eleitorados do pa\u00eds, as candidaturas femininas ocupam espa\u00e7o central na disputa por duas cadeiras ao Senado e na forma\u00e7\u00e3o da pr\u00f3xima correla\u00e7\u00e3o de for\u00e7as no Congresso.<\/p>\n<p><strong>Pesquisas em SP, MG e RJ<\/strong><\/p>\n<p>Em S\u00e3o Paulo, Marina Silva e Simone Tebet aparecem em posi\u00e7\u00e3o competitiva na corrida pelas duas vagas. A pesquisa Quaest, divulgada nesta ter\u00e7a-feira (25), mostra Guilherme Derrite (PP) e Marina empatados com 12%, seguidos por Simone, com 11%. Andr\u00e9 do Prado (PL) aparece com 7%. Quando os eleitores s\u00e3o perguntados sobre o primeiro voto, Marina e Simone chegam a 15% cada, atr\u00e1s de Derrite, com 17%. A pesquisa mostra tamb\u00e9m um cen\u00e1rio ainda aberto: 27% est\u00e3o indecisos e 18% dizem que votar\u00e3o em branco, nulo ou n\u00e3o pretendem votar.<\/p>\n<p>Ainda pela Quaest, em Minas Gerais, Mar\u00edlia Campos lidera com 15%, \u00e0 frente de Carlos Viana (PSD) e Domingos S\u00e1vio (PL), ambos com 8%, e Marcelo Aro (PP), com 6%. \u00c1urea Carolina aparece com 2%. No recorte do primeiro voto, Mar\u00edlia chega a 19%, enquanto \u00c1urea tem 3%; no segundo, Mar\u00edlia marca 10% e \u00c1urea, 1%. O levantamento tamb\u00e9m revela uma disputa em forma\u00e7\u00e3o: 94% dos eleitores n\u00e3o citam espontaneamente nenhum nome e 52% afirmam que ainda podem mudar de voto at\u00e9 outubro.<\/p>\n<p>No Rio de Janeiro, Benedita da Silva lidera a corrida com 10%, seguida por Carlos Jordy (PL), com 7%, Marcelo Crivella (Republicanos), com 6%, e Monica Benicio (Psol) e Carlos Portinho (PL), com 5% cada. Pedro Paulo (PSD), que completa a chapa das bases de Lula no estado, aparece com 3%. No primeiro voto, Benedita chega a 16%, enquanto Pedro Paulo tem 3%; no segundo, Benedita aparece com 5% e Pedro Paulo, com 2%. Assim como nos outros dois estados, h\u00e1 espa\u00e7o para mudan\u00e7a: 88% dos eleitores n\u00e3o apontaram espontaneamente nenhum candidato, enquanto, na pesquisa estimulada, 29% est\u00e3o indecisos e 28% declaram voto branco, nulo ou inten\u00e7\u00e3o de n\u00e3o votar.<\/p>\n<p><strong>Presen\u00e7a feminina chega a todos os estados pela primeira vez desde 2014<\/strong><\/p>\n<figure><img loading=\"lazy\" loading=\"lazy\" decoding=\"async\" width=\"860\" height=\"570\"src=\"https:\/\/redept.com.br\/blogosfera\/wp-content\/uploads\/2026\/08\/imagem_materia-1.jpg\" alt=\"\" srcset=\"https:\/\/redept.com.br\/blogosfera\/wp-content\/uploads\/2026\/08\/imagem_materia-1.jpg 860w, https:\/\/vermelho.org.br\/wp-content\/uploads\/2026\/08\/imagem_materia-1-300x199.jpg 300w, https:\/\/vermelho.org.br\/wp-content\/uploads\/2026\/08\/imagem_materia-1-768x509.jpg 768w\" sizes=\"auto, (max-width: 860px) 100vw, 860px\"><figcaption>Geraldo Magela\/Ag\u00eancia Senado<\/figcaption><\/figure>\n<p>O n\u00famero de candidatas cresceu e, embora ainda representem apenas 22% das candidaturas ao Senado em 2026, o resultado \u00e9 superior ao registrado em 2018, quando eram 17,6%. <\/p>\n<p>Em rela\u00e7\u00e3o a 2022 (quando apenas uma vaga por estado estava em disputa), no entanto, a participa\u00e7\u00e3o proporcional caiu de 23,9% para 22%, embora o n\u00famero absoluto de candidatas tenha aumentado de 58 para 69.<\/p>\n<p>Ainda assim, o avan\u00e7o no n\u00famero de candidatas \u00e9 nacional: pela primeira vez desde 2014, todos os 26 estados e o Distrito Federal t\u00eam ao menos uma mulher na disputa pelo Senado.<\/p>\n<p>S\u00e3o Paulo, Rio Grande do Norte e Santa Catarina concentram o maior n\u00famero, com cinco candidatas cada. Na outra ponta, oito estados t\u00eam apenas uma mulher na disputa: Acre, Alagoas, Amazonas, Bahia, Mato Grosso do Sul, Para\u00edba, Sergipe e Tocantins.<\/p>\n<p>O post <a href=\"https:\/\/vermelho.org.br\/2026\/08\/25\/recorde-de-mulheres-no-senado-se-destaca-nas-bases-de-lula-em-2026\/\">N\u00famero de candidatas ao Senado bate recorde, com destaque para bases de Lula<\/a> apareceu primeiro em <a href=\"https:\/\/vermelho.org.br\/\">Vermelho<\/a>.<\/p>\n<!-- Begin Yuzo --><div class='yuzo_related_post style-1'  data-version='5.12.89'><!-- without result --><div class='yuzo_clearfixed yuzo__title yuzo__title'><h3>Related Post<\/h3><\/div>\n\t\t\t\t\t\t  <div class=\"relatedthumb \" style=\"width:125px;float:left;overflow:hidden;\">  \n\t\t\t\t\t\t\t  \n\t\t\t\t\t\t\t  <a  href=\"https:\/\/redept.com.br\/blogosfera\/no-recife-caixa-cultural-recebe-show-com-diversidade-sonora-da-regiao-guarani-neste-sabado\/\"  >\n\t\t\t\t\t\t\t\t\t  <div class=\"yuzo-img-wrap \" style=\"width: 125px;height:90px;\">\n\t\t\t\t\t\t\t\t\t\t\n\t\t\t\t\t\t\t\t\t\t<div class=\"yuzo-img\" style=\"background:url('https:\/\/redept.org\/blogosfera\/wp-content\/plugins\/yuzo-related-post\/assets\/images\/default.png') 50% 50% no-repeat;width: 125px;height:90px;margin-bottom: 5px;background-size: cover; \"><\/div>\n\t\t\t\t\t\t\t\t\t  <\/div>\n\t\t\t\t\t\t\t\t\t  \n\t\t\t\t\t\t\t\t   <span class=\"yuzo__text--title\" style=\"font-size:13px;\">No Recife, Caixa Cultural recebe show com diversid...<\/span>\n\t\t\t\t\t\t\t  \n\t\t\t\t\t\t\t  \n\t\t\t\t\t\t\t  <\/a>\n\n\t\t\t\t\t\t  <\/div>\n\t\t\t\t\t\t  <div class=\"relatedthumb \" style=\"width:125px;float:left;overflow:hidden;\">  \n\t\t\t\t\t\t\t  \n\t\t\t\t\t\t\t  <a  href=\"https:\/\/sul21.com.br\/noticias\/politica\/2025\/09\/motta-quer-tirar-da-frente-pautas-toxicas-e-diz-que-isencao-do-ir-pode-ser-pautado-na-proxima-semana\/\"  >\n\t\t\t\t\t\t\t\t\t  <div class=\"yuzo-img-wrap \" style=\"width: 125px;height:90px;\">\n\t\t\t\t\t\t\t\t\t\t\n\t\t\t\t\t\t\t\t\t\t<div class=\"yuzo-img\" style=\"background:url('https:\/\/agenciabrasil.ebc.com.br\/ebc.png?id=1659739&amp;o=node') 50% 50% no-repeat;width: 125px;height:90px;margin-bottom: 5px;background-size: cover; \"><\/div>\n\t\t\t\t\t\t\t\t\t  <\/div>\n\t\t\t\t\t\t\t\t\t  \n\t\t\t\t\t\t\t\t   <span class=\"yuzo__text--title\" style=\"font-size:13px;\">Motta quer tirar da frente \u2018pautas t\u00f3xicas\u2019 e diz ...<\/span>\n\t\t\t\t\t\t\t  \n\t\t\t\t\t\t\t  \n\t\t\t\t\t\t\t  <\/a>\n\n\t\t\t\t\t\t  <\/div>\n\t\t\t\t\t\t  <div class=\"relatedthumb \" style=\"width:125px;float:left;overflow:hidden;\">  \n\t\t\t\t\t\t\t  \n\t\t\t\t\t\t\t  <a  href=\"https:\/\/redept.com.br\/blogosfera\/demissao-ideologica-de-diretor-da-niteroi-na-alerj-nao-impede-a-chegada-da-primavera-diz-perfil\/\"  >\n\t\t\t\t\t\t\t\t\t  <div class=\"yuzo-img-wrap \" style=\"width: 125px;height:90px;\">\n\t\t\t\t\t\t\t\t\t\t\n\t\t\t\t\t\t\t\t\t\t<div class=\"yuzo-img\" style=\"background:url('https:\/\/redept.org\/blogosfera\/wp-content\/plugins\/yuzo-related-post\/assets\/images\/default.png') 50% 50% no-repeat;width: 125px;height:90px;margin-bottom: 5px;background-size: cover; \"><\/div>\n\t\t\t\t\t\t\t\t\t  <\/div>\n\t\t\t\t\t\t\t\t\t  \n\t\t\t\t\t\t\t\t   <span class=\"yuzo__text--title\" style=\"font-size:13px;\">Demiss\u00e3o \u201cideol\u00f3gica\u201d de diretor da Niter\u00f3i na Ale...<\/span>\n\t\t\t\t\t\t\t  \n\t\t\t\t\t\t\t  \n\t\t\t\t\t\t\t  <\/a>\n\n\t\t\t\t\t\t  <\/div>\n\t\t\t\t\t\t  <div class=\"relatedthumb \" style=\"width:125px;float:left;overflow:hidden;\">  \n\t\t\t\t\t\t\t  \n\t\t\t\t\t\t\t  <a  href=\"https:\/\/redept.com.br\/blogosfera\/casagrande-levara-camiseta-da-democracia-corinthiana-a-zohran-mamdani\/\"  >\n\t\t\t\t\t\t\t\t\t  <div class=\"yuzo-img-wrap \" style=\"width: 125px;height:90px;\">\n\t\t\t\t\t\t\t\t\t\t\n\t\t\t\t\t\t\t\t\t\t<div class=\"yuzo-img\" style=\"background:url('https:\/\/redept.com.br\/blogosfera\/wp-content\/uploads\/2026\/06\/mamdani-150x150.jpg') 50% 50% no-repeat;width: 125px;height:90px;margin-bottom: 5px;background-size: cover; \"><\/div>\n\t\t\t\t\t\t\t\t\t  <\/div>\n\t\t\t\t\t\t\t\t\t  \n\t\t\t\t\t\t\t\t   <span class=\"yuzo__text--title\" style=\"font-size:13px;\">Casagrande levar\u00e1 camiseta da Democracia Corinthia...<\/span>\n\t\t\t\t\t\t\t  \n\t\t\t\t\t\t\t  \n\t\t\t\t\t\t\t  <\/a>\n\n\t\t\t\t\t\t  <\/div>\n<\/div> <script>\n\t\t\t\t\t\t  jQuery(document).ready(function( $ ){\n\t\t\t\t\t\t\t\/\/jQuery('.yuzo_related_post').equalizer({ overflow : 'relatedthumb' });\n\t\t\t\t\t\t\tjQuery('.yuzo_related_post .yuzo_wraps').equalizer({ columns : '> div' });\n\t\t\t\t\t\t   })\n\t\t\t\t\t\t  <\/script> <!-- End Yuzo :) -->","protected":false},"excerpt":{"rendered":"<p>A disputa pelo Senado chega a 2026 com um recorde feminino: 69 mulheres est\u00e3o entre as candidaturas registradas para as 54 cadeiras que ser\u00e3o renovadas neste ano; s\u00e3o sete a mais que em 2018, quando 62 mulheres concorreram ao cargo, e 11,3% acima daquele resultado. Em 2022, foram 58 candidatas. Fonte: Tribunal Superior Eleitoral \u2013 [&hellip;]<\/p>\n","protected":false},"author":2,"featured_media":0,"comment_status":"open","ping_status":"closed","sticky":false,"template":"","format":"standard","meta":{"fifu_image_url":"","fifu_image_alt":"","footnotes":""},"categories":[1760,4252,316,82,132,49,29,531],"tags":[],"class_list":["post-101709","post","type-post","status-publish","format-standard","hentry","category-eleicoes-2026","category-lula-2026","category-minas-gerais","category-mulheres","category-politica","category-rio-de-janeiro","category-sao-paulo","category-senado"],"_links":{"self":[{"href":"https:\/\/redept.com.br\/blogosfera\/wp-json\/wp\/v2\/posts\/101709","targetHints":{"allow":["GET"]}}],"collection":[{"href":"https:\/\/redept.com.br\/blogosfera\/wp-json\/wp\/v2\/posts"}],"about":[{"href":"https:\/\/redept.com.br\/blogosfera\/wp-json\/wp\/v2\/types\/post"}],"author":[{"embeddable":true,"href":"https:\/\/redept.com.br\/blogosfera\/wp-json\/wp\/v2\/users\/2"}],"replies":[{"embeddable":true,"href":"https:\/\/redept.com.br\/blogosfera\/wp-json\/wp\/v2\/comments?post=101709"}],"version-history":[{"count":0,"href":"https:\/\/redept.com.br\/blogosfera\/wp-json\/wp\/v2\/posts\/101709\/revisions"}],"wp:attachment":[{"href":"https:\/\/redept.com.br\/blogosfera\/wp-json\/wp\/v2\/media?parent=101709"}],"wp:term":[{"taxonomy":"category","embeddable":true,"href":"https:\/\/redept.com.br\/blogosfera\/wp-json\/wp\/v2\/categories?post=101709"},{"taxonomy":"post_tag","embeddable":true,"href":"https:\/\/redept.com.br\/blogosfera\/wp-json\/wp\/v2\/tags?post=101709"}],"curies":[{"name":"wp","href":"https:\/\/api.w.org\/{rel}","templated":true}]}}