{"id":101776,"date":"2026-08-26T12:33:27","date_gmt":"2026-08-26T15:33:27","guid":{"rendered":"https:\/\/redept.com.br\/blogosfera\/justica-confirma-que-casas-bahia-deve-readmitir-1-900-funcionarios\/"},"modified":"2026-08-26T12:33:27","modified_gmt":"2026-08-26T15:33:27","slug":"justica-confirma-que-casas-bahia-deve-readmitir-1-900-funcionarios","status":"publish","type":"post","link":"https:\/\/redept.com.br\/blogosfera\/justica-confirma-que-casas-bahia-deve-readmitir-1-900-funcionarios\/","title":{"rendered":"Justi\u00e7a confirma que Casas Bahia deve readmitir 1.900 funcion\u00e1rios"},"content":{"rendered":"<p><img loading=\"lazy\" width=\"640\" height=\"427\"src=\"https:\/\/redept.com.br\/blogosfera\/wp-content\/uploads\/2026\/08\/casas-bahia-1.webp\" alt=\"\" decoding=\"async\" loading=\"lazy\" srcset=\"https:\/\/redept.com.br\/blogosfera\/wp-content\/uploads\/2026\/08\/casas-bahia-1.webp 640w, https:\/\/vermelho.org.br\/wp-content\/uploads\/2026\/08\/casas-bahia-1-300x200.webp 300w, https:\/\/vermelho.org.br\/wp-content\/uploads\/2026\/08\/casas-bahia-1-272x182.webp 272w\" sizes=\"auto, (max-width: 640px) 100vw, 640px\"><\/p>\n<p>A 11\u00aa Vara do Trabalho de Bras\u00edlia, do Tribunal Regional do Trabalho da 10\u00aa Regi\u00e3o (TRT-10), determinou que o Grupo Casas Bahia deve readmitir os 1.900 funcion\u00e1rios at\u00e9 que a situa\u00e7\u00e3o seja tratada dentro dos par\u00e2metros legais, ou seja, que as demiss\u00f5es em massa sejam precedidas de negocia\u00e7\u00e3o coletiva, como determina o STF (Supremo Tribunal Federal).<\/p>\n<p>A decis\u00e3o de segunda-feira (24), portanto, extingue o mandado de seguran\u00e7a impetrado pela Casas Bahia contra a decis\u00e3o anterior da 11\u00aa Vara, que j\u00e1 havia determinado a suspens\u00e3o das demiss\u00f5es ap\u00f3s a\u00e7\u00e3o do movimento sindical, encabe\u00e7ado pela Confedera\u00e7\u00e3o Nacional dos Trabalhadores no Com\u00e9rcio (CNTC).<\/p>\n<p>Na ocasi\u00e3o, a Justi\u00e7a n\u00e3o somente determinou a volta dos 1.900 empregados que haviam sido demitidos no \u00faltimo m\u00eas dentro do projeto de reestrutura\u00e7\u00e3o que a companhia pretende fazer. A empresa tamb\u00e9m foi impedida de realizar novas demiss\u00f5es at\u00e9 que as negocia\u00e7\u00f5es com os sindicatos e representa\u00e7\u00f5es sindicais sejam formalizadas.<\/p>\n<p>A Casas Bahia havia anunciado a inten\u00e7\u00e3o de demitir at\u00e9 3 mil funcion\u00e1rios. No plano de recupera\u00e7\u00e3o judicial, <a href=\"https:\/\/vermelho.org.br\/2026\/08\/18\/com-divida-de-r-173-bilhoes-casas-bahia-pede-recuperacao-judicial\/\">o grupo pretende renegociar R$ 17,3 bilh\u00f5es em d\u00edvidas.<\/a><\/p>\n<p><strong>Mandado de seguran\u00e7a<\/strong><\/p>\n<p>A 11\u00aa Vara n\u00e3o chegou a analisar o pedido do mandado de seguran\u00e7a da Casas Bahia, que buscava evitar o restabelecimento dos v\u00ednculos empregat\u00edcios e dos benef\u00edcios dos demitidos. Isto porque documentos obrigat\u00f3rios n\u00e3o foram anexados ao processo pelos advogados da empresa, que n\u00e3o inclu\u00edram a pr\u00f3pria decis\u00e3o anterior da Justi\u00e7a, que a defesa pretendia contestar, ou mesmo o comprovante de intima\u00e7\u00e3o.<\/p>\n<p>Com a impossibilidade de novo prazo para a empresa apresentar os documentos corretamente, o mandado de seguran\u00e7a foi extinto e a decis\u00e3o anterior de readmiss\u00e3o continua valendo.<\/p>\n<p><strong>Leia mais: <\/strong><a href=\"https:\/\/vermelho.org.br\/2026\/08\/19\/comericiarios-consegue-na-justica-a-suspensao-das-3-mil-demissoes-das-casas-bahia\/\">Comerci\u00e1rios conseguem na Justi\u00e7a a suspens\u00e3o das 3 mil demiss\u00f5es da Casas Bahia<\/a><\/p>\n<p>Dessa forma, os empregados demitidos devem ser reintegrados, ainda que de forma provis\u00f3ria, at\u00e9 que sejam realizadas as negocia\u00e7\u00f5es coletivas. A Casas Bahia tamb\u00e9m n\u00e3o pode fazer novas demiss\u00f5es em massa sem a participa\u00e7\u00e3o sindical e deve preservar documentos e dados relacionados ao Plano de Transforma\u00e7\u00e3o da companhia.<\/p>\n<p><strong>Atua\u00e7\u00e3o da CNTC<\/strong><\/p>\n<p>A CNTC tem estado na linha de frente por uma negocia\u00e7\u00e3o justa para os trabalhadores. Foi com base no pedido da Confedera\u00e7\u00e3o que a Justi\u00e7a determinou a reintegra\u00e7\u00e3o dos demitidos e tamb\u00e9m impediu novos desligamentos.<\/p>\n<p>O vice-presidente da CNTC, Guiomar Vidor, que \u00e9 presidente da Fecosul (Federa\u00e7\u00e3o dos Empregados no Com\u00e9rcio do Rio Grande do Sul), entidade filiada \u00e0 CTB (Central dos Trabalhadores e Trabalhadoras do Brasil), se reuniu nesta ter\u00e7a-feira (26) com o procurador-geral do Trabalho, Gl\u00e1ucio Ara\u00fajo de Oliveira, para apresentar as medidas adotadas contra as demiss\u00f5es coletivas promovidas pela Casas Bahia em meio ao processo de recupera\u00e7\u00e3o judicial.<\/p>\n<p>Vidor destacou a atua\u00e7\u00e3o da entidade que resultou na decis\u00e3o liminar da Justi\u00e7a do Trabalho que suspendeu as dispensas, restabeleceu provisoriamente os v\u00ednculos e benef\u00edcios dos trabalhadores e determinou negocia\u00e7\u00e3o com os sindicatos, al\u00e9m de informar que a tentativa da empresa de derrubar a liminar foi rejeitada.<\/p>\n<p>Como encaminhamento da reuni\u00e3o, CNTC e o Minist\u00e9rio P\u00fablico do Trabalho concordaram em realizar uma media\u00e7\u00e3o ainda nesta semana para buscar uma solu\u00e7\u00e3o negociada para o impasse.<\/p>\n<p>O post <a href=\"https:\/\/vermelho.org.br\/2026\/08\/26\/justica-confirma-que-casas-bahia-deve-readmitir-1-900-funcionarios\/\">Justi\u00e7a confirma que Casas Bahia deve readmitir 1.900 funcion\u00e1rios<\/a> apareceu primeiro em <a href=\"https:\/\/vermelho.org.br\/\">Vermelho<\/a>.<\/p>\n<!-- Begin Yuzo --><div class='yuzo_related_post style-1'  data-version='5.12.89'><!-- without result --><div class='yuzo_clearfixed yuzo__title yuzo__title'><h3>Related Post<\/h3><\/div>\n\t\t\t\t\t\t  <div class=\"relatedthumb \" style=\"width:125px;float:left;overflow:hidden;\">  \n\t\t\t\t\t\t\t  \n\t\t\t\t\t\t\t  <a  href=\"https:\/\/redept.com.br\/blogosfera\/cantoras-pernambucanas-se-reunem-em-coletanea-apos-imersao-no-projeto-incubadora-musical\/\"  >\n\t\t\t\t\t\t\t\t\t  <div class=\"yuzo-img-wrap \" style=\"width: 125px;height:90px;\">\n\t\t\t\t\t\t\t\t\t\t\n\t\t\t\t\t\t\t\t\t\t<div class=\"yuzo-img\" style=\"background:url('https:\/\/redept.org\/blogosfera\/wp-content\/plugins\/yuzo-related-post\/assets\/images\/default.png') 50% 50% no-repeat;width: 125px;height:90px;margin-bottom: 5px;background-size: cover; \"><\/div>\n\t\t\t\t\t\t\t\t\t  <\/div>\n\t\t\t\t\t\t\t\t\t  \n\t\t\t\t\t\t\t\t   <span class=\"yuzo__text--title\" style=\"font-size:13px;\">Cantoras pernambucanas se re\u00fanem em colet\u00e2nea ap\u00f3s...<\/span>\n\t\t\t\t\t\t\t  \n\t\t\t\t\t\t\t  \n\t\t\t\t\t\t\t  <\/a>\n\n\t\t\t\t\t\t  <\/div>\n\t\t\t\t\t\t  <div class=\"relatedthumb \" style=\"width:125px;float:left;overflow:hidden;\">  \n\t\t\t\t\t\t\t  \n\t\t\t\t\t\t\t  <a  href=\"https:\/\/redept.com.br\/blogosfera\/o-que-sao-as-ndcs-que-lula-esta-cobrando-de-paises-na-onu-antes-da-cop30\/\"  >\n\t\t\t\t\t\t\t\t\t  <div class=\"yuzo-img-wrap \" style=\"width: 125px;height:90px;\">\n\t\t\t\t\t\t\t\t\t\t\n\t\t\t\t\t\t\t\t\t\t<div class=\"yuzo-img\" style=\"background:url('https:\/\/redept.org\/blogosfera\/wp-content\/plugins\/yuzo-related-post\/assets\/images\/default.png') 50% 50% no-repeat;width: 125px;height:90px;margin-bottom: 5px;background-size: cover; \"><\/div>\n\t\t\t\t\t\t\t\t\t  <\/div>\n\t\t\t\t\t\t\t\t\t  \n\t\t\t\t\t\t\t\t   <span class=\"yuzo__text--title\" style=\"font-size:13px;\">O que s\u00e3o as NDCs que Lula est\u00e1 cobrando de pa\u00edses...<\/span>\n\t\t\t\t\t\t\t  \n\t\t\t\t\t\t\t  \n\t\t\t\t\t\t\t  <\/a>\n\n\t\t\t\t\t\t  <\/div>\n\t\t\t\t\t\t  <div class=\"relatedthumb \" style=\"width:125px;float:left;overflow:hidden;\">  \n\t\t\t\t\t\t\t  \n\t\t\t\t\t\t\t  <a  href=\"https:\/\/redept.com.br\/blogosfera\/karl-marx-mujica-e-meio-ambiente-sao-destaques-de-vendas-na-editora-e-livraria-via-sapiens\/\"  >\n\t\t\t\t\t\t\t\t\t  <div class=\"yuzo-img-wrap \" style=\"width: 125px;height:90px;\">\n\t\t\t\t\t\t\t\t\t\t\n\t\t\t\t\t\t\t\t\t\t<div class=\"yuzo-img\" style=\"background:url('https:\/\/redept.org\/blogosfera\/wp-content\/plugins\/yuzo-related-post\/assets\/images\/default.png') 50% 50% no-repeat;width: 125px;height:90px;margin-bottom: 5px;background-size: cover; \"><\/div>\n\t\t\t\t\t\t\t\t\t  <\/div>\n\t\t\t\t\t\t\t\t\t  \n\t\t\t\t\t\t\t\t   <span class=\"yuzo__text--title\" style=\"font-size:13px;\">Karl Marx, Mujica e meio ambiente s\u00e3o destaques de...<\/span>\n\t\t\t\t\t\t\t  \n\t\t\t\t\t\t\t  \n\t\t\t\t\t\t\t  <\/a>\n\n\t\t\t\t\t\t  <\/div>\n\t\t\t\t\t\t  <div class=\"relatedthumb \" style=\"width:125px;float:left;overflow:hidden;\">  \n\t\t\t\t\t\t\t  \n\t\t\t\t\t\t\t  <a  href=\"https:\/\/sul21.com.br\/noticias\/politica\/2026\/08\/pesquisa-quaest-para-o-governo-do-rs-zucco-tem-26-das-intencoes-de-voto-e-juliana-23\/\"  >\n\t\t\t\t\t\t\t\t\t  <div class=\"yuzo-img-wrap \" style=\"width: 125px;height:90px;\">\n\t\t\t\t\t\t\t\t\t\t\n\t\t\t\t\t\t\t\t\t\t<div class=\"yuzo-img\" style=\"background:url('https:\/\/redept.org\/blogosfera\/wp-content\/plugins\/yuzo-related-post\/assets\/images\/default.png') 50% 50% no-repeat;width: 125px;height:90px;margin-bottom: 5px;background-size: cover; \"><\/div>\n\t\t\t\t\t\t\t\t\t  <\/div>\n\t\t\t\t\t\t\t\t\t  \n\t\t\t\t\t\t\t\t   <span class=\"yuzo__text--title\" style=\"font-size:13px;\">Pesquisa Quaest para o governo do RS: Zucco tem 26...<\/span>\n\t\t\t\t\t\t\t  \n\t\t\t\t\t\t\t  \n\t\t\t\t\t\t\t  <\/a>\n\n\t\t\t\t\t\t  <\/div>\n<\/div> <script>\n\t\t\t\t\t\t  jQuery(document).ready(function( $ ){\n\t\t\t\t\t\t\t\/\/jQuery('.yuzo_related_post').equalizer({ overflow : 'relatedthumb' });\n\t\t\t\t\t\t\tjQuery('.yuzo_related_post .yuzo_wraps').equalizer({ columns : '> div' });\n\t\t\t\t\t\t   })\n\t\t\t\t\t\t  <\/script> <!-- End Yuzo :) -->","protected":false},"excerpt":{"rendered":"<p>A 11\u00aa Vara do Trabalho de Bras\u00edlia, do Tribunal Regional do Trabalho da 10\u00aa Regi\u00e3o (TRT-10), determinou que o Grupo Casas Bahia deve readmitir os 1.900 funcion\u00e1rios at\u00e9 que a situa\u00e7\u00e3o seja tratada dentro dos par\u00e2metros legais, ou seja, que as demiss\u00f5es em massa sejam precedidas de negocia\u00e7\u00e3o coletiva, como determina o STF (Supremo Tribunal [&hellip;]<\/p>\n","protected":false},"author":2,"featured_media":0,"comment_status":"open","ping_status":"closed","sticky":false,"template":"","format":"standard","meta":{"fifu_image_url":"","fifu_image_alt":"","footnotes":""},"categories":[50173,2289,80317,19307,1015,278,3701],"tags":[],"class_list":["post-101776","post","type-post","status-publish","format-standard","hentry","category-casas-bahia","category-cntc","category-confederacao-nacional-dos-trabalhadores-no-comercio","category-demissao-em-massa","category-justica-do-trabalho","category-movimentos","category-recuperacao-judicial"],"_links":{"self":[{"href":"https:\/\/redept.com.br\/blogosfera\/wp-json\/wp\/v2\/posts\/101776","targetHints":{"allow":["GET"]}}],"collection":[{"href":"https:\/\/redept.com.br\/blogosfera\/wp-json\/wp\/v2\/posts"}],"about":[{"href":"https:\/\/redept.com.br\/blogosfera\/wp-json\/wp\/v2\/types\/post"}],"author":[{"embeddable":true,"href":"https:\/\/redept.com.br\/blogosfera\/wp-json\/wp\/v2\/users\/2"}],"replies":[{"embeddable":true,"href":"https:\/\/redept.com.br\/blogosfera\/wp-json\/wp\/v2\/comments?post=101776"}],"version-history":[{"count":0,"href":"https:\/\/redept.com.br\/blogosfera\/wp-json\/wp\/v2\/posts\/101776\/revisions"}],"wp:attachment":[{"href":"https:\/\/redept.com.br\/blogosfera\/wp-json\/wp\/v2\/media?parent=101776"}],"wp:term":[{"taxonomy":"category","embeddable":true,"href":"https:\/\/redept.com.br\/blogosfera\/wp-json\/wp\/v2\/categories?post=101776"},{"taxonomy":"post_tag","embeddable":true,"href":"https:\/\/redept.com.br\/blogosfera\/wp-json\/wp\/v2\/tags?post=101776"}],"curies":[{"name":"wp","href":"https:\/\/api.w.org\/{rel}","templated":true}]}}