{"id":102087,"date":"2026-08-28T11:03:37","date_gmt":"2026-08-28T14:03:37","guid":{"rendered":"https:\/\/redept.com.br\/blogosfera\/brasil-soberano-iii-conselho-monetario-nacional-define-condicoes-de-financiamento\/"},"modified":"2026-08-28T11:03:37","modified_gmt":"2026-08-28T14:03:37","slug":"brasil-soberano-iii-conselho-monetario-nacional-define-condicoes-de-financiamento","status":"publish","type":"post","link":"https:\/\/redept.com.br\/blogosfera\/brasil-soberano-iii-conselho-monetario-nacional-define-condicoes-de-financiamento\/","title":{"rendered":"Brasil Soberano III: Conselho Monet\u00e1rio Nacional define condi\u00e7\u00f5es de financiamento"},"content":{"rendered":"<p>O Conselho Monet\u00e1rio Nacional (CMN) aprovou, nesta quinta-feira, 27 de agosto, resolu\u00e7\u00e3o que altera a Resolu\u00e7\u00e3o CMN n\u00ba 5.292\/2026, a qual estabelece as condi\u00e7\u00f5es, os encargos financeiros, os prazos e as demais regras das linhas de financiamento da Lei n\u00ba 15.473\/2026, resultante da convers\u00e3o da Medida Provis\u00f3ria n\u00ba 1.345\/2026, no \u00e2mbito do Plano Brasil Soberano. <a href=\"https:\/\/tvtnews.com.br\/\">Leia em TVT News.<\/a><\/p>\n<p>Os dispositivos atuais estabelecem as condi\u00e7\u00f5es para que as empresas acessem as linhas de cr\u00e9dito do Plano Brasil Soberano III, no \u00e2mbito da Medida Provis\u00f3ria n\u00ba 1.379\/26. A nova etapa do plano vai apoiar empresas brasileiras que atuam em setores estrat\u00e9gicos para a balan\u00e7a comercial, al\u00e9m daquelas afetadas por tarifas comerciais impostas pelos Estados Unidos, por conflitos internacionais e pelo avan\u00e7o de medidas protecionistas no com\u00e9rcio mundial. <\/p>\n<p><a href=\"https:\/\/chat.whatsapp.com\/HC8TJaWXK8t4wNAG0oRwZI?mode=gi_t\" target=\"_blank\" rel=\"noreferrer noopener nofollow\">&gt;&gt; Siga o grupo da\u00a0<strong>TVT News\u00a0<\/strong>no WhatsApp<\/a><\/p>\n<p>A primeira altera\u00e7\u00e3o amplia as finalidades de financiamento acess\u00edveis \u00e0s empresas que atuam na fabrica\u00e7\u00e3o de adubos e fertilizantes, na fabrica\u00e7\u00e3o de intermedi\u00e1rios para fertilizantes e na extra\u00e7\u00e3o de minerais para fabrica\u00e7\u00e3o de adubos, fertilizantes e outros produtos qu\u00edmicos. Esses ramos, que at\u00e9 ent\u00e3o podiam contratar apenas financiamentos para aquisi\u00e7\u00e3o de bens de capital e para investimento, passam a ter acesso tamb\u00e9m \u00e0s linhas de capital de giro. A mudan\u00e7a acompanha o ciclo financeiro do setor, que paga as importa\u00e7\u00f5es de insumos no desembarque e recebe as vendas ao produtor rural conforme o calend\u00e1rio agr\u00edcola.<\/p>\n<p>A segunda altera\u00e7\u00e3o reduz para 3,0% ao ano o encargo devido a t\u00edtulo de remunera\u00e7\u00e3o da fonte de recursos nos financiamentos de aquisi\u00e7\u00e3o de bens de capital e de investimento contratados por empresas que atuam em atividades industriais e tecnol\u00f3gicas na cadeia de minerais cr\u00edticos e estrat\u00e9gicos. As taxas aplic\u00e1veis a essas finalidades s\u00e3o hoje de 8,0% e de 6,5% ao ano, conforme o caso. A medida busca estimular o adensamento das etapas de beneficiamento, refino e transforma\u00e7\u00e3o no pa\u00eds. <\/p>\n<p>A defini\u00e7\u00e3o das empresas eleg\u00edveis ao Plano Brasil Soberano cabe a ato conjunto do Minist\u00e9rio do Desenvolvimento, Ind\u00fastria, Com\u00e9rcio e Servi\u00e7os e do <a href=\"https:\/\/tvtnews.com.br\/tag\/ministerio-da-fazenda\/\" target=\"_blank\" data-type=\"post_tag\" data-id=\"4551\" rel=\"noreferrer noopener\">Minist\u00e9rio da Fazenda<\/a>. A rela\u00e7\u00e3o de setores benefici\u00e1rios consta do Anexo I da Portaria Interministerial MDIC\/MF n\u00ba 171\/2026, atualizada pela Portaria Interministerial MDIC\/MF n\u00ba 194\/2026.<\/p>\n<p>A resolu\u00e7\u00e3o tamb\u00e9m atualiza as refer\u00eancias legais da Resolu\u00e7\u00e3o CMN n\u00ba 5.292\/2026, dada a convers\u00e3o da MP n\u00ba 1.345\/2026 na Lei n\u00ba 15.473\/2026, e prorroga por 12 meses, at\u00e9 31 de dezembro de 2027, o prazo para protocolo dos pedidos de financiamento no BNDES. <\/p>\n<p>As medidas ampliam o alcance do apoio aos setores atingidos pela eleva\u00e7\u00e3o das tarifas norte-americanas sobre produtos exportados pelo Brasil e por outros efeitos da instabilidade internacional, com o objetivo de preservar a atividade produtiva e a gera\u00e7\u00e3o de emprego e renda. <\/p>\n<p>O Plano Brasil Soberano III, prev\u00ea R$ 18,5 bilh\u00f5es em linhas de financiamento. Desse total, R$ 13,5 bilh\u00f5es s\u00e3o provenientes da Uni\u00e3o, de acordo com a Resolu\u00e7\u00e3o n\u00ba 1, da Presid\u00eancia da Rep\u00fablica, da Casa Civil e do Conselho Interministerial do Plano Brasil Soberano, publicada no Di\u00e1rio Oficial da Uni\u00e3o da \u00faltima segunda-feira (24\/8). Outros R$ 5 bilh\u00f5es ser\u00e3o disponibilizados pelo <a href=\"https:\/\/tvtnews.com.br\/tag\/bndes\/\" target=\"_blank\" data-type=\"post_tag\" data-id=\"4219\" rel=\"noreferrer noopener\">Banco Nacional de Desenvolvimento Econ\u00f4mico e Social<\/a> (BNDES). <\/p>\n<p>Os financiamentos poder\u00e3o ser concedidos pelo BNDES ou por institui\u00e7\u00f5es financeiras por ele habilitadas, que assumir\u00e3o integralmente os riscos das opera\u00e7\u00f5es, inclusive o risco de cr\u00e9dito.<\/p>\n<p>PLANO BRASIL SOBERANO III <\/p>\n<p>CONDI\u00c7\u00d5ES \u2014 Os encargos financeiros variam conforme a finalidade do financiamento. A linha de capital de giro para grandes empresas ter\u00e1 custo de 9,8% ao ano, enquanto para micro, pequenas e m\u00e9dias empresas, a taxa ser\u00e1 de 8,3%. A linha de capital de giro voltado \u00e0 exporta\u00e7\u00e3o ter\u00e1 taxa de 8,3% ao ano (empresas de todos os portes). O custo da linha para aquisi\u00e7\u00e3o de bens de capital foi definido em 8% (todos os portes) e a de investimento, 6,5% ao ano. <\/p>\n<p>A nova etapa do Plano ter\u00e1 linha de cr\u00e9dito espec\u00edfica para minerais cr\u00edticos, com custo de 3% ao ano <\/p>\n<p>FERTILIZANTES \u2014 A ind\u00fastria de fertilizantes est\u00e1 entre os setores contemplados pelo Brasil Soberano III, com linhas de cr\u00e9dito de capital de giro, investimentos e aquisi\u00e7\u00e3o de m\u00e1quinas e equipamentos. <\/p>\n<p>A medida ocorre em um cen\u00e1rio de instabilidade nas cadeias internacionais de fornecimento. O setor tamb\u00e9m \u00e9 acompanhado por uma Sala de Situa\u00e7\u00e3o coordenada pela Casa Civil, que monitora os impactos do cen\u00e1rio externo e busca alternativas para o abastecimento.<\/p>\n<p>REMUNERA\u00c7\u00c3O \u2013 As taxas de remunera\u00e7\u00e3o das fontes de recursos v\u00e3o de 1,5% (BNDES) a at\u00e9 5% das institui\u00e7\u00f5es financeiras. <\/p>\n<p>ALOCA\u00c7\u00c3O DOS RECURSOS \u2013 Do total de R$ 13,5 bilh\u00f5es do Brasil Soberano III provenientes da Uni\u00e3o, R$ 5 bilh\u00f5es ser\u00e3o destinados a exportadores e seus fornecedores afetados pela aplica\u00e7\u00e3o de percentuais majorados de tarifas comerciais setoriais por parte dos Estados Unidos. Outros R$ 3,5 bilh\u00f5es ser\u00e3o destinados aos benefici\u00e1rios exportadores e seus fornecedores que exportam para pa\u00edses do Golfo P\u00e9rsico, regi\u00e3o afetada pelo conflito no Oriente M\u00e9dio. <\/p>\n<p>Os R$ 5 bilh\u00f5es restantes ser\u00e3o distribu\u00eddos da seguinte forma: <\/p>\n<p>\u27a2 R$ 1 bilh\u00e3o destinados a empresas atuantes em setores industriais relevantes ao com\u00e9rcio exterior brasileiro;<br \/>\u27a2 R$ 2 bilh\u00f5es para empresas atuantes em atividades relacionadas \u00e0 fabrica\u00e7\u00e3o de adubos e fertilizantes ou de intermedi\u00e1rios para fertilizantes;<br \/>\u27a2 R$ 2 bilh\u00f5es para empresas atuantes em atividades industriais e tecnol\u00f3gicas na cadeia de minerais cr\u00edticos e estrat\u00e9gicos, considerando as etapas de lavra (extra\u00e7\u00e3o do min\u00e9rio do solo), desde que associada a processos de beneficiamento, refino ou de transforma\u00e7\u00e3o de minerais.<\/p>\n<p>A aplica\u00e7\u00e3o dos recursos \u00e9 acompanhada pelo Conselho Interministerial do Plano Brasil Soberano, formado pela Casa Civil, pelo Minist\u00e9rio do Desenvolvimento, Ind\u00fastria, Com\u00e9rcio e Servi\u00e7os, pelo Minist\u00e9rio da Fazenda e pelo Minist\u00e9rio do Planejamento e Or\u00e7amento, com apoio t\u00e9cnico do BNDES.<\/p>\n<p>The post <a rel=\"nofollow\" href=\"https:\/\/tvtnews.com.br\/brasil-soberano-iii-condicoes-de-financiamento\/\">Brasil Soberano III: Conselho Monet\u00e1rio Nacional define condi\u00e7\u00f5es de financiamento<\/a> appeared first on <a rel=\"nofollow\" href=\"https:\/\/tvtnews.com.br\/\">TVT News<\/a>.<\/p>\n<!-- Begin Yuzo --><div class='yuzo_related_post style-1'  data-version='5.12.89'><!-- without result --><div class='yuzo_clearfixed yuzo__title yuzo__title'><h3>Related Post<\/h3><\/div>\n\t\t\t\t\t\t  <div class=\"relatedthumb \" style=\"width:125px;float:left;overflow:hidden;\">  \n\t\t\t\t\t\t\t  \n\t\t\t\t\t\t\t  <a  href=\"https:\/\/sul21.com.br\/noticias\/geral\/2025\/10\/onibus-escolar-pega-fogo-no-centro-de-porto-alegre-apos-colisao-com-carros\/\"  >\n\t\t\t\t\t\t\t\t\t  <div class=\"yuzo-img-wrap \" style=\"width: 125px;height:90px;\">\n\t\t\t\t\t\t\t\t\t\t\n\t\t\t\t\t\t\t\t\t\t<div class=\"yuzo-img\" style=\"background:url('https:\/\/sul21.com.br\/wp-content\/uploads\/2025\/10\/Imagem-do-WhatsApp-de-2025-10-03-as-17.03.20_b8cfea7f-1024x768.jpg') 50% 50% no-repeat;width: 125px;height:90px;margin-bottom: 5px;background-size: cover; \"><\/div>\n\t\t\t\t\t\t\t\t\t  <\/div>\n\t\t\t\t\t\t\t\t\t  \n\t\t\t\t\t\t\t\t   <span class=\"yuzo__text--title\" style=\"font-size:13px;\">\u00d4nibus escolar pega fogo no Centro de Porto Alegre...<\/span>\n\t\t\t\t\t\t\t  \n\t\t\t\t\t\t\t  \n\t\t\t\t\t\t\t  <\/a>\n\n\t\t\t\t\t\t  <\/div>\n\t\t\t\t\t\t  <div class=\"relatedthumb \" style=\"width:125px;float:left;overflow:hidden;\">  \n\t\t\t\t\t\t\t  \n\t\t\t\t\t\t\t  <a  href=\"https:\/\/redept.com.br\/blogosfera\/atentado-a-bomba-em-restaurante-de-moscou-deixa-cinco-mortos-e-mais-de-20-feridos\/\"  >\n\t\t\t\t\t\t\t\t\t  <div class=\"yuzo-img-wrap \" style=\"width: 125px;height:90px;\">\n\t\t\t\t\t\t\t\t\t\t\n\t\t\t\t\t\t\t\t\t\t<div class=\"yuzo-img\" style=\"background:url('https:\/\/redept.org\/blogosfera\/wp-content\/plugins\/yuzo-related-post\/assets\/images\/default.png') 50% 50% no-repeat;width: 125px;height:90px;margin-bottom: 5px;background-size: cover; \"><\/div>\n\t\t\t\t\t\t\t\t\t  <\/div>\n\t\t\t\t\t\t\t\t\t  \n\t\t\t\t\t\t\t\t   <span class=\"yuzo__text--title\" style=\"font-size:13px;\">Atentado a bomba em restaurante de Moscou deixa ci...<\/span>\n\t\t\t\t\t\t\t  \n\t\t\t\t\t\t\t  \n\t\t\t\t\t\t\t  <\/a>\n\n\t\t\t\t\t\t  <\/div>\n\t\t\t\t\t\t  <div class=\"relatedthumb \" style=\"width:125px;float:left;overflow:hidden;\">  \n\t\t\t\t\t\t\t  \n\t\t\t\t\t\t\t  <a  href=\"https:\/\/redept.com.br\/blogosfera\/governo-federal-libera-r-17-milhao-para-enfrentamento-da-estiagem-no-nordeste\/\"  >\n\t\t\t\t\t\t\t\t\t  <div class=\"yuzo-img-wrap \" style=\"width: 125px;height:90px;\">\n\t\t\t\t\t\t\t\t\t\t\n\t\t\t\t\t\t\t\t\t\t<div class=\"yuzo-img\" style=\"background:url('https:\/\/redept.org\/blogosfera\/wp-content\/plugins\/yuzo-related-post\/assets\/images\/default.png') 50% 50% no-repeat;width: 125px;height:90px;margin-bottom: 5px;background-size: cover; \"><\/div>\n\t\t\t\t\t\t\t\t\t  <\/div>\n\t\t\t\t\t\t\t\t\t  \n\t\t\t\t\t\t\t\t   <span class=\"yuzo__text--title\" style=\"font-size:13px;\">Governo federal libera R$ 1,7 milh\u00e3o para enfrenta...<\/span>\n\t\t\t\t\t\t\t  \n\t\t\t\t\t\t\t  \n\t\t\t\t\t\t\t  <\/a>\n\n\t\t\t\t\t\t  <\/div>\n\t\t\t\t\t\t  <div class=\"relatedthumb \" style=\"width:125px;float:left;overflow:hidden;\">  \n\t\t\t\t\t\t\t  \n\t\t\t\t\t\t\t  <a  href=\"https:\/\/redept.com.br\/blogosfera\/em-votacao-historica-fflch-usp-rompe-convenio-com-universidade-de-haifa-em-israel\/\"  >\n\t\t\t\t\t\t\t\t\t  <div class=\"yuzo-img-wrap \" style=\"width: 125px;height:90px;\">\n\t\t\t\t\t\t\t\t\t\t\n\t\t\t\t\t\t\t\t\t\t<div class=\"yuzo-img\" style=\"background:url('https:\/\/redept.org\/blogosfera\/wp-content\/plugins\/yuzo-related-post\/assets\/images\/default.png') 50% 50% no-repeat;width: 125px;height:90px;margin-bottom: 5px;background-size: cover; \"><\/div>\n\t\t\t\t\t\t\t\t\t  <\/div>\n\t\t\t\t\t\t\t\t\t  \n\t\t\t\t\t\t\t\t   <span class=\"yuzo__text--title\" style=\"font-size:13px;\">Em vota\u00e7\u00e3o hist\u00f3rica, FFLCH-USP rompe conv\u00eanio com...<\/span>\n\t\t\t\t\t\t\t  \n\t\t\t\t\t\t\t  \n\t\t\t\t\t\t\t  <\/a>\n\n\t\t\t\t\t\t  <\/div>\n<\/div> <script>\n\t\t\t\t\t\t  jQuery(document).ready(function( $ ){\n\t\t\t\t\t\t\t\/\/jQuery('.yuzo_related_post').equalizer({ overflow : 'relatedthumb' });\n\t\t\t\t\t\t\tjQuery('.yuzo_related_post .yuzo_wraps').equalizer({ columns : '> div' });\n\t\t\t\t\t\t   })\n\t\t\t\t\t\t  <\/script> <!-- End Yuzo :) -->","protected":false},"excerpt":{"rendered":"<p>O Conselho Monet\u00e1rio Nacional (CMN) aprovou, nesta quinta-feira, 27 de agosto, resolu\u00e7\u00e3o que altera a Resolu\u00e7\u00e3o CMN n\u00ba 5.292\/2026, a qual estabelece as condi\u00e7\u00f5es, os encargos financeiros, os prazos e as demais regras das linhas de financiamento da Lei n\u00ba 15.473\/2026, resultante da convers\u00e3o da Medida Provis\u00f3ria n\u00ba 1.345\/2026, no \u00e2mbito do Plano Brasil Soberano. [&hellip;]<\/p>\n","protected":false},"author":2,"featured_media":0,"comment_status":"open","ping_status":"closed","sticky":false,"template":"","format":"standard","meta":{"fifu_image_url":"","fifu_image_alt":"","footnotes":""},"categories":[633,473,221,643,3641],"tags":[],"class_list":["post-102087","post","type-post","status-publish","format-standard","hentry","category-bndes","category-destaque-medio","category-economia","category-exportacoes","category-tarifaco"],"_links":{"self":[{"href":"https:\/\/redept.com.br\/blogosfera\/wp-json\/wp\/v2\/posts\/102087","targetHints":{"allow":["GET"]}}],"collection":[{"href":"https:\/\/redept.com.br\/blogosfera\/wp-json\/wp\/v2\/posts"}],"about":[{"href":"https:\/\/redept.com.br\/blogosfera\/wp-json\/wp\/v2\/types\/post"}],"author":[{"embeddable":true,"href":"https:\/\/redept.com.br\/blogosfera\/wp-json\/wp\/v2\/users\/2"}],"replies":[{"embeddable":true,"href":"https:\/\/redept.com.br\/blogosfera\/wp-json\/wp\/v2\/comments?post=102087"}],"version-history":[{"count":0,"href":"https:\/\/redept.com.br\/blogosfera\/wp-json\/wp\/v2\/posts\/102087\/revisions"}],"wp:attachment":[{"href":"https:\/\/redept.com.br\/blogosfera\/wp-json\/wp\/v2\/media?parent=102087"}],"wp:term":[{"taxonomy":"category","embeddable":true,"href":"https:\/\/redept.com.br\/blogosfera\/wp-json\/wp\/v2\/categories?post=102087"},{"taxonomy":"post_tag","embeddable":true,"href":"https:\/\/redept.com.br\/blogosfera\/wp-json\/wp\/v2\/tags?post=102087"}],"curies":[{"name":"wp","href":"https:\/\/api.w.org\/{rel}","templated":true}]}}