{"id":102183,"date":"2026-08-29T00:01:24","date_gmt":"2026-08-29T03:01:24","guid":{"rendered":"https:\/\/redept.com.br\/blogosfera\/ancestralidade-africana-de-guimaraes-rosa-nao-aparece-na-critica-mas-esta-na-obra-diz-biografo-do-escritor\/"},"modified":"2026-08-29T00:01:24","modified_gmt":"2026-08-29T03:01:24","slug":"ancestralidade-africana-de-guimaraes-rosa-nao-aparece-na-critica-mas-esta-na-obra-diz-biografo-do-escritor","status":"publish","type":"post","link":"https:\/\/redept.com.br\/blogosfera\/ancestralidade-africana-de-guimaraes-rosa-nao-aparece-na-critica-mas-esta-na-obra-diz-biografo-do-escritor\/","title":{"rendered":"\u2018Ancestralidade africana de Guimar\u00e3es Rosa n\u00e3o aparece na cr\u00edtica, mas est\u00e1 na obra\u2019, diz bi\u00f3grafo do escritor"},"content":{"rendered":"<p>&#8216;Ancestralidade africana de Guimar\u00e3es Rosa n\u00e3o aparece na cr\u00edtica, mas est\u00e1 na obra&#8217;, diz bi\u00f3grafo do escritor<\/p>\n<p><a href=\"https:\/\/www.brasildefato.com.br\/podcast\/bem-viver\/2026\/08\/28\/ancestralidade-africana-de-guimaraes-rosa-nao-aparece-na-critica-mas-esta-na-obra-diz-biografo-do-escritor\/\" rel=\"nofollow\">Fonte<\/a><\/p>\n<!-- Begin Yuzo --><div class='yuzo_related_post style-1'  data-version='5.12.89'><!-- without result --><div class='yuzo_clearfixed yuzo__title yuzo__title'><h3>Related Post<\/h3><\/div>\n\t\t\t\t\t\t  <div class=\"relatedthumb \" style=\"width:125px;float:left;overflow:hidden;\">  \n\t\t\t\t\t\t\t  \n\t\t\t\t\t\t\t  <a  href=\"https:\/\/redept.com.br\/blogosfera\/governo-federal-oferece-frequencias-de-radios-comunitarias-em-14-municipios-de-pernambuco\/\"  >\n\t\t\t\t\t\t\t\t\t  <div class=\"yuzo-img-wrap \" style=\"width: 125px;height:90px;\">\n\t\t\t\t\t\t\t\t\t\t\n\t\t\t\t\t\t\t\t\t\t<div class=\"yuzo-img\" style=\"background:url('https:\/\/redept.org\/blogosfera\/wp-content\/plugins\/yuzo-related-post\/assets\/images\/default.png') 50% 50% no-repeat;width: 125px;height:90px;margin-bottom: 5px;background-size: cover; \"><\/div>\n\t\t\t\t\t\t\t\t\t  <\/div>\n\t\t\t\t\t\t\t\t\t  \n\t\t\t\t\t\t\t\t   <span class=\"yuzo__text--title\" style=\"font-size:13px;\">Governo federal oferece frequ\u00eancias de r\u00e1dios comu...<\/span>\n\t\t\t\t\t\t\t  \n\t\t\t\t\t\t\t  \n\t\t\t\t\t\t\t  <\/a>\n\n\t\t\t\t\t\t  <\/div>\n\t\t\t\t\t\t  <div class=\"relatedthumb \" style=\"width:125px;float:left;overflow:hidden;\">  \n\t\t\t\t\t\t\t  \n\t\t\t\t\t\t\t  <a  href=\"https:\/\/redept.com.br\/blogosfera\/governo-na-rua-vai-ouvir-o-povo-e-levar-demandas-a-gestao-federal\/\"  >\n\t\t\t\t\t\t\t\t\t  <div class=\"yuzo-img-wrap \" style=\"width: 125px;height:90px;\">\n\t\t\t\t\t\t\t\t\t\t\n\t\t\t\t\t\t\t\t\t\t<div class=\"yuzo-img\" style=\"background:url('https:\/\/redept.com.br\/blogosfera\/wp-content\/uploads\/2025\/11\/Captura-de-Tela-2025-11-09-as-110554-150x150.png') 50% 50% no-repeat;width: 125px;height:90px;margin-bottom: 5px;background-size: cover; \"><\/div>\n\t\t\t\t\t\t\t\t\t  <\/div>\n\t\t\t\t\t\t\t\t\t  \n\t\t\t\t\t\t\t\t   <span class=\"yuzo__text--title\" style=\"font-size:13px;\">Governo na Rua vai ouvir o povo e levar demandas \u00e0...<\/span>\n\t\t\t\t\t\t\t  \n\t\t\t\t\t\t\t  \n\t\t\t\t\t\t\t  <\/a>\n\n\t\t\t\t\t\t  <\/div>\n\t\t\t\t\t\t  <div class=\"relatedthumb \" style=\"width:125px;float:left;overflow:hidden;\">  \n\t\t\t\t\t\t\t  \n\t\t\t\t\t\t\t  <a  href=\"https:\/\/redept.com.br\/blogosfera\/orquestra-sinfonica-internacional-da-tv-brics-realiza-1o-concerto-ao-ar-livre-na-russia-em-homenagem-aos-20-anos-do-brics\/\"  >\n\t\t\t\t\t\t\t\t\t  <div class=\"yuzo-img-wrap \" style=\"width: 125px;height:90px;\">\n\t\t\t\t\t\t\t\t\t\t\n\t\t\t\t\t\t\t\t\t\t<div class=\"yuzo-img\" style=\"background:url('https:\/\/redept.org\/blogosfera\/wp-content\/plugins\/yuzo-related-post\/assets\/images\/default.png') 50% 50% no-repeat;width: 125px;height:90px;margin-bottom: 5px;background-size: cover; \"><\/div>\n\t\t\t\t\t\t\t\t\t  <\/div>\n\t\t\t\t\t\t\t\t\t  \n\t\t\t\t\t\t\t\t   <span class=\"yuzo__text--title\" style=\"font-size:13px;\">Orquestra Sinf\u00f4nica Internacional da TV Brics real...<\/span>\n\t\t\t\t\t\t\t  \n\t\t\t\t\t\t\t  \n\t\t\t\t\t\t\t  <\/a>\n\n\t\t\t\t\t\t  <\/div>\n\t\t\t\t\t\t  <div class=\"relatedthumb \" style=\"width:125px;float:left;overflow:hidden;\">  \n\t\t\t\t\t\t\t  \n\t\t\t\t\t\t\t  <a  href=\"https:\/\/redept.com.br\/blogosfera\/alceu-valenca-traz-show-comemorativo-de-seus-80-anos-ao-recife-nesta-sexta-feira-15\/\"  >\n\t\t\t\t\t\t\t\t\t  <div class=\"yuzo-img-wrap \" style=\"width: 125px;height:90px;\">\n\t\t\t\t\t\t\t\t\t\t\n\t\t\t\t\t\t\t\t\t\t<div class=\"yuzo-img\" style=\"background:url('https:\/\/redept.org\/blogosfera\/wp-content\/plugins\/yuzo-related-post\/assets\/images\/default.png') 50% 50% no-repeat;width: 125px;height:90px;margin-bottom: 5px;background-size: cover; \"><\/div>\n\t\t\t\t\t\t\t\t\t  <\/div>\n\t\t\t\t\t\t\t\t\t  \n\t\t\t\t\t\t\t\t   <span class=\"yuzo__text--title\" style=\"font-size:13px;\">Alceu Valen\u00e7a traz show comemorativo de seus 80 an...<\/span>\n\t\t\t\t\t\t\t  \n\t\t\t\t\t\t\t  \n\t\t\t\t\t\t\t  <\/a>\n\n\t\t\t\t\t\t  <\/div>\n<\/div> <script>\n\t\t\t\t\t\t  jQuery(document).ready(function( $ ){\n\t\t\t\t\t\t\t\/\/jQuery('.yuzo_related_post').equalizer({ overflow : 'relatedthumb' });\n\t\t\t\t\t\t\tjQuery('.yuzo_related_post .yuzo_wraps').equalizer({ columns : '> div' });\n\t\t\t\t\t\t   })\n\t\t\t\t\t\t  <\/script> <!-- End Yuzo :) -->","protected":false},"excerpt":{"rendered":"<p>&#8216;Ancestralidade africana de Guimar\u00e3es Rosa n\u00e3o aparece na cr\u00edtica, mas est\u00e1 na obra&#8217;, diz bi\u00f3grafo do escritor Fonte Related Post Concurso do IBGE: locais de prova de domingo est\u00e3o&#8230; PF desarticula esquemas de lavagem de dinheiro e t&#8230; Vai ao Plen\u00e1rio cria\u00e7\u00e3o do m\u00eas de conscientiza\u00e7\u00e3o &#8230; Estudo projeta aumento de 36% em mortes por [&hellip;]<\/p>\n","protected":false},"author":2,"featured_media":0,"comment_status":"open","ping_status":"closed","sticky":false,"template":"","format":"standard","meta":{"fifu_image_url":"","fifu_image_alt":"","footnotes":""},"categories":[81034,55747,763,69130,42110,81035,7424,7724,53529,2176,81036,42087,71625,15415,76299,81037,75668,81038,9335,81039,316,26556,3953,53287,81040,81041,4704,81042,67171,5628],"tags":[],"class_list":["post-102183","post","type-post","status-publish","format-standard","hentry","category-a-hora-e-a-vez-de-augusto-matraga","category-ancestralidade-africana","category-biografia","category-brasil-profundo","category-conversa-bem-viver","category-cordisburgo","category-critica-literaria","category-cultura-afro-brasileira","category-diario-pessoal","category-escravidao","category-escritor-mineiro","category-grande-sertao-veredas","category-heranca-familiar","category-identidade-nacional","category-joao-guimaraes-rosa","category-jornalismo-literario","category-leonencio-nossa","category-linguagem-literaria","category-literatura-brasileira","category-literatura-e-historia","category-minas-gerais","category-modernismo","category-nazismo","category-oralidade","category-perseguicao-aos-judeus","category-personagens-brasileiros","category-radio-brasil-de-fato","category-revolucao-na-linguagem","category-riobaldo","category-segunda-guerra-mundial"],"_links":{"self":[{"href":"https:\/\/redept.com.br\/blogosfera\/wp-json\/wp\/v2\/posts\/102183","targetHints":{"allow":["GET"]}}],"collection":[{"href":"https:\/\/redept.com.br\/blogosfera\/wp-json\/wp\/v2\/posts"}],"about":[{"href":"https:\/\/redept.com.br\/blogosfera\/wp-json\/wp\/v2\/types\/post"}],"author":[{"embeddable":true,"href":"https:\/\/redept.com.br\/blogosfera\/wp-json\/wp\/v2\/users\/2"}],"replies":[{"embeddable":true,"href":"https:\/\/redept.com.br\/blogosfera\/wp-json\/wp\/v2\/comments?post=102183"}],"version-history":[{"count":0,"href":"https:\/\/redept.com.br\/blogosfera\/wp-json\/wp\/v2\/posts\/102183\/revisions"}],"wp:attachment":[{"href":"https:\/\/redept.com.br\/blogosfera\/wp-json\/wp\/v2\/media?parent=102183"}],"wp:term":[{"taxonomy":"category","embeddable":true,"href":"https:\/\/redept.com.br\/blogosfera\/wp-json\/wp\/v2\/categories?post=102183"},{"taxonomy":"post_tag","embeddable":true,"href":"https:\/\/redept.com.br\/blogosfera\/wp-json\/wp\/v2\/tags?post=102183"}],"curies":[{"name":"wp","href":"https:\/\/api.w.org\/{rel}","templated":true}]}}