{"id":102373,"date":"2026-08-31T12:01:17","date_gmt":"2026-08-31T15:01:17","guid":{"rendered":"https:\/\/redept.com.br\/blogosfera\/atlas-intel-e-real-time-big-data-divulgam-pesquisas-de-intencao-de-voto-para-o-rj-nesta-semana\/"},"modified":"2026-08-31T12:01:17","modified_gmt":"2026-08-31T15:01:17","slug":"atlas-intel-e-real-time-big-data-divulgam-pesquisas-de-intencao-de-voto-para-o-rj-nesta-semana","status":"publish","type":"post","link":"https:\/\/redept.com.br\/blogosfera\/atlas-intel-e-real-time-big-data-divulgam-pesquisas-de-intencao-de-voto-para-o-rj-nesta-semana\/","title":{"rendered":"Atlas Intel e Real Time Big Data divulgam pesquisas de inten\u00e7\u00e3o de voto para o RJ nesta semana"},"content":{"rendered":"<p>Nesta semana duas pesquisas de inten\u00e7\u00f5es de voto no estado do Rio de Janeiro ser\u00e3o divulgadas. A primeira, da Atlas Intel, sai nesta ter\u00e7a-feira (1\u00ba) e foi realizada entre os dias 26 e 31 de agosto com 1800 eleitores. J\u00e1 a segunda, da Real Time Big Data, ser\u00e1 divulgada na quarta-feira (2) e ouviu dois [\u2026]<\/p>\n<p><a href=\"https:\/\/www.brasildefato.com.br\/2026\/08\/31\/atlas-intel-e-real-time-big-data-divulgam-pesquisas-de-intencao-de-voto-para-o-rj-nesta-semana\/\" rel=\"nofollow\">Fonte<\/a><\/p>\n<!-- Begin Yuzo --><div class='yuzo_related_post style-1'  data-version='5.12.89'><!-- without result --><div class='yuzo_clearfixed yuzo__title yuzo__title'><h3>Related Post<\/h3><\/div>\n\t\t\t\t\t\t  <div class=\"relatedthumb \" style=\"width:125px;float:left;overflow:hidden;\">  \n\t\t\t\t\t\t\t  \n\t\t\t\t\t\t\t  <a  href=\"https:\/\/redept.com.br\/blogosfera\/putin-devolve-felix-de-ferro-a-academia-do-servico-federal-de-seguranca\/\"  >\n\t\t\t\t\t\t\t\t\t  <div class=\"yuzo-img-wrap \" style=\"width: 125px;height:90px;\">\n\t\t\t\t\t\t\t\t\t\t\n\t\t\t\t\t\t\t\t\t\t<div class=\"yuzo-img\" style=\"background:url('https:\/\/redept.com.br\/blogosfera\/wp-content\/uploads\/2026\/04\/rian_archive_142949_lubyanka_square_in_moscow-150x150.jpg') 50% 50% no-repeat;width: 125px;height:90px;margin-bottom: 5px;background-size: cover; \"><\/div>\n\t\t\t\t\t\t\t\t\t  <\/div>\n\t\t\t\t\t\t\t\t\t  \n\t\t\t\t\t\t\t\t   <span class=\"yuzo__text--title\" style=\"font-size:13px;\">Putin devolve \u2018Felix de Ferro\u2019 \u00e0 Academia do Servi...<\/span>\n\t\t\t\t\t\t\t  \n\t\t\t\t\t\t\t  \n\t\t\t\t\t\t\t  <\/a>\n\n\t\t\t\t\t\t  <\/div>\n\t\t\t\t\t\t  <div class=\"relatedthumb \" style=\"width:125px;float:left;overflow:hidden;\">  \n\t\t\t\t\t\t\t  \n\t\t\t\t\t\t\t  <a  href=\"https:\/\/redept.com.br\/blogosfera\/mexico-apoia-medida-contra-carteis-mas-eua-precisarao-admitir-que-armaram-terroristas-diz-sheinbaum\/\"  >\n\t\t\t\t\t\t\t\t\t  <div class=\"yuzo-img-wrap \" style=\"width: 125px;height:90px;\">\n\t\t\t\t\t\t\t\t\t\t\n\t\t\t\t\t\t\t\t\t\t<div class=\"yuzo-img\" style=\"background:url('https:\/\/redept.com.br\/blogosfera\/wp-content\/uploads\/2025\/02\/claudia-150x150.png') 50% 50% no-repeat;width: 125px;height:90px;margin-bottom: 5px;background-size: cover; \"><\/div>\n\t\t\t\t\t\t\t\t\t  <\/div>\n\t\t\t\t\t\t\t\t\t  \n\t\t\t\t\t\t\t\t   <span class=\"yuzo__text--title\" style=\"font-size:13px;\">M\u00e9xico apoia medida contra cart\u00e9is, mas EUA precis...<\/span>\n\t\t\t\t\t\t\t  \n\t\t\t\t\t\t\t  \n\t\t\t\t\t\t\t  <\/a>\n\n\t\t\t\t\t\t  <\/div>\n\t\t\t\t\t\t  <div class=\"relatedthumb \" style=\"width:125px;float:left;overflow:hidden;\">  \n\t\t\t\t\t\t\t  \n\t\t\t\t\t\t\t  <a  href=\"https:\/\/redept.com.br\/blogosfera\/livro-que-descortina-crise-provocada-pelo-neoliberalismo-e-lancado-em-porto-alegre\/\"  >\n\t\t\t\t\t\t\t\t\t  <div class=\"yuzo-img-wrap \" style=\"width: 125px;height:90px;\">\n\t\t\t\t\t\t\t\t\t\t\n\t\t\t\t\t\t\t\t\t\t<div class=\"yuzo-img\" style=\"background:url('https:\/\/redept.com.br\/blogosfera\/wp-content\/uploads\/2025\/04\/image-53-150x150.png') 50% 50% no-repeat;width: 125px;height:90px;margin-bottom: 5px;background-size: cover; \"><\/div>\n\t\t\t\t\t\t\t\t\t  <\/div>\n\t\t\t\t\t\t\t\t\t  \n\t\t\t\t\t\t\t\t   <span class=\"yuzo__text--title\" style=\"font-size:13px;\">Livro que descortina crise provocada pelo neoliber...<\/span>\n\t\t\t\t\t\t\t  \n\t\t\t\t\t\t\t  \n\t\t\t\t\t\t\t  <\/a>\n\n\t\t\t\t\t\t  <\/div>\n\t\t\t\t\t\t  <div class=\"relatedthumb \" style=\"width:125px;float:left;overflow:hidden;\">  \n\t\t\t\t\t\t\t  \n\t\t\t\t\t\t\t  <a  href=\"https:\/\/redept.com.br\/blogosfera\/trumps-bravadoes-may-be-an-opportunity-for-global-south-countries-to-get-stronger\/\"  >\n\t\t\t\t\t\t\t\t\t  <div class=\"yuzo-img-wrap \" style=\"width: 125px;height:90px;\">\n\t\t\t\t\t\t\t\t\t\t\n\t\t\t\t\t\t\t\t\t\t<div class=\"yuzo-img\" style=\"background:url('https:\/\/redept.org\/blogosfera\/wp-content\/plugins\/yuzo-related-post\/assets\/images\/default.png') 50% 50% no-repeat;width: 125px;height:90px;margin-bottom: 5px;background-size: cover; \"><\/div>\n\t\t\t\t\t\t\t\t\t  <\/div>\n\t\t\t\t\t\t\t\t\t  \n\t\t\t\t\t\t\t\t   <span class=\"yuzo__text--title\" style=\"font-size:13px;\">Trump\u2019s bravadoes may be an opportunity for ...<\/span>\n\t\t\t\t\t\t\t  \n\t\t\t\t\t\t\t  \n\t\t\t\t\t\t\t  <\/a>\n\n\t\t\t\t\t\t  <\/div>\n<\/div> <script>\n\t\t\t\t\t\t  jQuery(document).ready(function( $ ){\n\t\t\t\t\t\t\t\/\/jQuery('.yuzo_related_post').equalizer({ overflow : 'relatedthumb' });\n\t\t\t\t\t\t\tjQuery('.yuzo_related_post .yuzo_wraps').equalizer({ columns : '> div' });\n\t\t\t\t\t\t   })\n\t\t\t\t\t\t  <\/script> <!-- End Yuzo :) -->","protected":false},"excerpt":{"rendered":"<p>Nesta semana duas pesquisas de inten\u00e7\u00f5es de voto no estado do Rio de Janeiro ser\u00e3o divulgadas. A primeira, da Atlas Intel, sai nesta ter\u00e7a-feira (1\u00ba) e foi realizada entre os dias 26 e 31 de agosto com 1800 eleitores. J\u00e1 a segunda, da Real Time Big Data, ser\u00e1 divulgada na quarta-feira (2) e ouviu dois [&hellip;]<\/p>\n","protected":false},"author":2,"featured_media":0,"comment_status":"open","ping_status":"closed","sticky":false,"template":"","format":"standard","meta":{"fifu_image_url":"","fifu_image_alt":"","footnotes":""},"categories":[28792,3883,637,79618,3003,40870,892,1760,43823,6445,81282,50450,4794,52870,112,40350,52752,68640,81283,491,51624,1583,132,11856,81284,1475,81285,39869,49,923,531],"tags":[],"class_list":["post-102373","post","type-post","status-publish","format-standard","hentry","category-anthony-garotinho","category-atlas-intel","category-bolsa-familia","category-candidatos-ao-governo","category-claudio-castro","category-douglas-ruas","category-eduardo-paes","category-eleicoes-2026","category-eleitores","category-governo-do-estado","category-imagem-politica","category-instituto-de-pesquisa","category-intencao-de-voto","category-levantamento-eleitoral","category-lula","category-margem-de-erro","category-nivel-de-confianca","category-palacio-guanabara","category-pesquisa-de-rejeicao","category-pesquisa-eleitoral","category-pesquisa-estimulada","category-polarizacao","category-politica","category-primeiro-turno","category-problemas-do-estado","category-real-time-big-data","category-regra-eleitoral-2026","category-ricardo-couto","category-rio-de-janeiro","category-segundo-turno","category-senado"],"_links":{"self":[{"href":"https:\/\/redept.com.br\/blogosfera\/wp-json\/wp\/v2\/posts\/102373","targetHints":{"allow":["GET"]}}],"collection":[{"href":"https:\/\/redept.com.br\/blogosfera\/wp-json\/wp\/v2\/posts"}],"about":[{"href":"https:\/\/redept.com.br\/blogosfera\/wp-json\/wp\/v2\/types\/post"}],"author":[{"embeddable":true,"href":"https:\/\/redept.com.br\/blogosfera\/wp-json\/wp\/v2\/users\/2"}],"replies":[{"embeddable":true,"href":"https:\/\/redept.com.br\/blogosfera\/wp-json\/wp\/v2\/comments?post=102373"}],"version-history":[{"count":0,"href":"https:\/\/redept.com.br\/blogosfera\/wp-json\/wp\/v2\/posts\/102373\/revisions"}],"wp:attachment":[{"href":"https:\/\/redept.com.br\/blogosfera\/wp-json\/wp\/v2\/media?parent=102373"}],"wp:term":[{"taxonomy":"category","embeddable":true,"href":"https:\/\/redept.com.br\/blogosfera\/wp-json\/wp\/v2\/categories?post=102373"},{"taxonomy":"post_tag","embeddable":true,"href":"https:\/\/redept.com.br\/blogosfera\/wp-json\/wp\/v2\/tags?post=102373"}],"curies":[{"name":"wp","href":"https:\/\/api.w.org\/{rel}","templated":true}]}}