{"id":102383,"date":"2026-08-31T13:01:13","date_gmt":"2026-08-31T16:01:13","guid":{"rendered":"https:\/\/redept.com.br\/blogosfera\/lula-assina-hoje-decretos-sobre-ingresso-digital-e-distribuicao-de-agua-em-eventos-nesta-segunda-31\/"},"modified":"2026-08-31T13:01:13","modified_gmt":"2026-08-31T16:01:13","slug":"lula-assina-hoje-decretos-sobre-ingresso-digital-e-distribuicao-de-agua-em-eventos-nesta-segunda-31","status":"publish","type":"post","link":"https:\/\/redept.com.br\/blogosfera\/lula-assina-hoje-decretos-sobre-ingresso-digital-e-distribuicao-de-agua-em-eventos-nesta-segunda-31\/","title":{"rendered":"Lula assina hoje decretos sobre ingresso digital e distribui\u00e7\u00e3o de \u00e1gua em eventos nesta segunda (31)"},"content":{"rendered":"<p>O presidente <a href=\"https:\/\/tvtnews.com.br\/tag\/lula\/\" target=\"_blank\" data-type=\"post_tag\" data-id=\"4337\" rel=\"noreferrer noopener\">Luiz In\u00e1cio Lula da Silva<\/a> participa, nesta segunda-feira (31), de uma cerim\u00f4nia no Pal\u00e1cio do Planalto para assinar dois decretos voltados \u00e0 prote\u00e7\u00e3o do consumidor e \u00e0 garantia de acesso \u00e0 \u00e1gua em eventos culturais.\u00a0<a href=\"https:\/\/tvtnews.com.br\/\">Leia em TVT News.<\/a><\/p>\n<p>\u00c0s 15h, Lula assina o decreto que estabelece regras para a comercializa\u00e7\u00e3o de ingressos para eventos, com medidas de prote\u00e7\u00e3o ao consumidor e enfrentamento ao chamado cambismo digital. Na mesma cerim\u00f4nia, ser\u00e1 assinado o decreto que trata da distribui\u00e7\u00e3o de \u00e1gua em eventos culturais.<\/p>\n<p><a href=\"https:\/\/chat.whatsapp.com\/HC8TJaWXK8t4wNAG0oRwZI?mode=gi_t\" target=\"_blank\" rel=\"noreferrer noopener nofollow\">&gt;&gt; Siga o grupo da\u00a0<strong>TVT News\u00a0<\/strong>no WhatsApp<\/a><\/p>\n<h2>Agenda de Lula nesta segunda-feira (31)<\/h2>\n<p><imgsrc=\"\" alt=\"\ud83d\udd52\"> <strong>15h<\/strong><\/p>\n<p><imgsrc=\"\" alt=\"\ud83d\udccd\"> <strong>Pal\u00e1cio do Planalto<\/strong><\/p>\n<p>O presidente Luiz In\u00e1cio Lula da Silva participa, nesta segunda-feira (31), da assinatura de dois decretos:<\/p>\n<p>\u2022 Decreto sobre a comercializa\u00e7\u00e3o de ingressos para eventos, com medidas de prote\u00e7\u00e3o ao consumidor e combate ao cambismo digital;<\/p>\n<p>\u2022 Decreto sobre a distribui\u00e7\u00e3o de \u00e1gua em eventos culturais.<\/p>\n<p>The post <a rel=\"nofollow\" href=\"https:\/\/tvtnews.com.br\/lula-decretos-cambismo-digital-agua-em-eventos\/\">Lula assina hoje decretos sobre ingresso digital e distribui\u00e7\u00e3o de \u00e1gua em eventos nesta segunda (31)<\/a> appeared first on <a rel=\"nofollow\" href=\"https:\/\/tvtnews.com.br\/\">TVT News<\/a>.<\/p>\n<!-- Begin Yuzo --><div class='yuzo_related_post style-1'  data-version='5.12.89'><!-- without result --><div class='yuzo_clearfixed yuzo__title yuzo__title'><h3>Related Post<\/h3><\/div>\n\t\t\t\t\t\t  <div class=\"relatedthumb \" style=\"width:125px;float:left;overflow:hidden;\">  \n\t\t\t\t\t\t\t  \n\t\t\t\t\t\t\t  <a  href=\"https:\/\/redept.com.br\/blogosfera\/o-processo-encontra-se-pronto-diz-moraes-a-zanin-pedindo-a-data-para-o-julgamento-de-bolsonaro\/\"  >\n\t\t\t\t\t\t\t\t\t  <div class=\"yuzo-img-wrap \" style=\"width: 125px;height:90px;\">\n\t\t\t\t\t\t\t\t\t\t\n\t\t\t\t\t\t\t\t\t\t<div class=\"yuzo-img\" style=\"background:url('https:\/\/redept.org\/blogosfera\/wp-content\/plugins\/yuzo-related-post\/assets\/images\/default.png') 50% 50% no-repeat;width: 125px;height:90px;margin-bottom: 5px;background-size: cover; \"><\/div>\n\t\t\t\t\t\t\t\t\t  <\/div>\n\t\t\t\t\t\t\t\t\t  \n\t\t\t\t\t\t\t\t   <span class=\"yuzo__text--title\" style=\"font-size:13px;\">\u201cO processo encontra-se pronto\u201d, diz Moraes a Zani...<\/span>\n\t\t\t\t\t\t\t  \n\t\t\t\t\t\t\t  \n\t\t\t\t\t\t\t  <\/a>\n\n\t\t\t\t\t\t  <\/div>\n\t\t\t\t\t\t  <div class=\"relatedthumb \" style=\"width:125px;float:left;overflow:hidden;\">  \n\t\t\t\t\t\t\t  \n\t\t\t\t\t\t\t  <a  href=\"https:\/\/redept.com.br\/blogosfera\/combate-a-pandemias-vacinas-e-solidariedade-parlamentos-do-brics-propoem-alianca-pela-saude-global\/\"  >\n\t\t\t\t\t\t\t\t\t  <div class=\"yuzo-img-wrap \" style=\"width: 125px;height:90px;\">\n\t\t\t\t\t\t\t\t\t\t\n\t\t\t\t\t\t\t\t\t\t<div class=\"yuzo-img\" style=\"background:url('https:\/\/redept.com.br\/blogosfera\/wp-content\/uploads\/2025\/06\/bdf-20250604-202240-065e59-150x150.jpg') 50% 50% no-repeat;width: 125px;height:90px;margin-bottom: 5px;background-size: cover; \"><\/div>\n\t\t\t\t\t\t\t\t\t  <\/div>\n\t\t\t\t\t\t\t\t\t  \n\t\t\t\t\t\t\t\t   <span class=\"yuzo__text--title\" style=\"font-size:13px;\">Combate a pandemias, vacinas e solidariedade: parl...<\/span>\n\t\t\t\t\t\t\t  \n\t\t\t\t\t\t\t  \n\t\t\t\t\t\t\t  <\/a>\n\n\t\t\t\t\t\t  <\/div>\n\t\t\t\t\t\t  <div class=\"relatedthumb \" style=\"width:125px;float:left;overflow:hidden;\">  \n\t\t\t\t\t\t\t  \n\t\t\t\t\t\t\t  <a  href=\"https:\/\/redept.com.br\/blogosfera\/ativistas-perseguidos-e-o-protesto-que-pode-custar-us-600-milhoes\/\"  >\n\t\t\t\t\t\t\t\t\t  <div class=\"yuzo-img-wrap \" style=\"width: 125px;height:90px;\">\n\t\t\t\t\t\t\t\t\t\t\n\t\t\t\t\t\t\t\t\t\t<div class=\"yuzo-img\" style=\"background:url('https:\/\/redept.org\/blogosfera\/wp-content\/plugins\/yuzo-related-post\/assets\/images\/default.png') 50% 50% no-repeat;width: 125px;height:90px;margin-bottom: 5px;background-size: cover; \"><\/div>\n\t\t\t\t\t\t\t\t\t  <\/div>\n\t\t\t\t\t\t\t\t\t  \n\t\t\t\t\t\t\t\t   <span class=\"yuzo__text--title\" style=\"font-size:13px;\">Ativistas perseguidos e o protesto que pode custar...<\/span>\n\t\t\t\t\t\t\t  \n\t\t\t\t\t\t\t  \n\t\t\t\t\t\t\t  <\/a>\n\n\t\t\t\t\t\t  <\/div>\n\t\t\t\t\t\t  <div class=\"relatedthumb \" style=\"width:125px;float:left;overflow:hidden;\">  \n\t\t\t\t\t\t\t  \n\t\t\t\t\t\t\t  <a  href=\"https:\/\/redept.com.br\/blogosfera\/centrao-abandona-flavio-bolsonaro-pp-e-uniao-brasil-declaram-neutralidade\/\"  >\n\t\t\t\t\t\t\t\t\t  <div class=\"yuzo-img-wrap \" style=\"width: 125px;height:90px;\">\n\t\t\t\t\t\t\t\t\t\t\n\t\t\t\t\t\t\t\t\t\t<div class=\"yuzo-img\" style=\"background:url('https:\/\/redept.org\/blogosfera\/wp-content\/plugins\/yuzo-related-post\/assets\/images\/default.png') 50% 50% no-repeat;width: 125px;height:90px;margin-bottom: 5px;background-size: cover; \"><\/div>\n\t\t\t\t\t\t\t\t\t  <\/div>\n\t\t\t\t\t\t\t\t\t  \n\t\t\t\t\t\t\t\t   <span class=\"yuzo__text--title\" style=\"font-size:13px;\">Centr\u00e3o abandona Fl\u00e1vio Bolsonaro: PP e Uni\u00e3o Bras...<\/span>\n\t\t\t\t\t\t\t  \n\t\t\t\t\t\t\t  \n\t\t\t\t\t\t\t  <\/a>\n\n\t\t\t\t\t\t  <\/div>\n<\/div> <script>\n\t\t\t\t\t\t  jQuery(document).ready(function( $ ){\n\t\t\t\t\t\t\t\/\/jQuery('.yuzo_related_post').equalizer({ overflow : 'relatedthumb' });\n\t\t\t\t\t\t\tjQuery('.yuzo_related_post .yuzo_wraps').equalizer({ columns : '> div' });\n\t\t\t\t\t\t   })\n\t\t\t\t\t\t  <\/script> <!-- End Yuzo :) -->","protected":false},"excerpt":{"rendered":"<p>O presidente Luiz In\u00e1cio Lula da Silva participa, nesta segunda-feira (31), de uma cerim\u00f4nia no Pal\u00e1cio do Planalto para assinar dois decretos voltados \u00e0 prote\u00e7\u00e3o do consumidor e \u00e0 garantia de acesso \u00e0 \u00e1gua em eventos culturais.\u00a0Leia em TVT News. \u00c0s 15h, Lula assina o decreto que estabelece regras para a comercializa\u00e7\u00e3o de ingressos para [&hellip;]<\/p>\n","protected":false},"author":2,"featured_media":0,"comment_status":"open","ping_status":"closed","sticky":false,"template":"","format":"standard","meta":{"fifu_image_url":"","fifu_image_alt":"","footnotes":""},"categories":[489,112,132],"tags":[],"class_list":["post-102383","post","type-post","status-publish","format-standard","hentry","category-destaque-pequeno","category-lula","category-politica"],"_links":{"self":[{"href":"https:\/\/redept.com.br\/blogosfera\/wp-json\/wp\/v2\/posts\/102383","targetHints":{"allow":["GET"]}}],"collection":[{"href":"https:\/\/redept.com.br\/blogosfera\/wp-json\/wp\/v2\/posts"}],"about":[{"href":"https:\/\/redept.com.br\/blogosfera\/wp-json\/wp\/v2\/types\/post"}],"author":[{"embeddable":true,"href":"https:\/\/redept.com.br\/blogosfera\/wp-json\/wp\/v2\/users\/2"}],"replies":[{"embeddable":true,"href":"https:\/\/redept.com.br\/blogosfera\/wp-json\/wp\/v2\/comments?post=102383"}],"version-history":[{"count":0,"href":"https:\/\/redept.com.br\/blogosfera\/wp-json\/wp\/v2\/posts\/102383\/revisions"}],"wp:attachment":[{"href":"https:\/\/redept.com.br\/blogosfera\/wp-json\/wp\/v2\/media?parent=102383"}],"wp:term":[{"taxonomy":"category","embeddable":true,"href":"https:\/\/redept.com.br\/blogosfera\/wp-json\/wp\/v2\/categories?post=102383"},{"taxonomy":"post_tag","embeddable":true,"href":"https:\/\/redept.com.br\/blogosfera\/wp-json\/wp\/v2\/tags?post=102383"}],"curies":[{"name":"wp","href":"https:\/\/api.w.org\/{rel}","templated":true}]}}