{"id":102386,"date":"2026-08-31T13:40:36","date_gmt":"2026-08-31T16:40:36","guid":{"rendered":"https:\/\/redept.com.br\/blogosfera\/bruno-dantas-renuncia-ao-tcu-e-deve-ser-substituido-por-rodrigo-pacheco\/"},"modified":"2026-08-31T13:40:36","modified_gmt":"2026-08-31T16:40:36","slug":"bruno-dantas-renuncia-ao-tcu-e-deve-ser-substituido-por-rodrigo-pacheco","status":"publish","type":"post","link":"https:\/\/redept.com.br\/blogosfera\/bruno-dantas-renuncia-ao-tcu-e-deve-ser-substituido-por-rodrigo-pacheco\/","title":{"rendered":"Bruno Dantas renuncia ao TCU e deve ser substitu\u00eddo por Rodrigo Pacheco"},"content":{"rendered":"<p>O ministro Bruno Dantas comunicou nesta segunda-feira (31) sua ren\u00fancia ao cargo no <a href=\"https:\/\/tvtnews.com.br\/tag\/tcu\/\" target=\"_blank\" data-type=\"post_tag\" data-id=\"4802\" rel=\"noreferrer noopener\">Tribunal de Contas da Uni\u00e3o (TCU)<\/a>. A vaga dever\u00e1 ser ocupada pelo senador Rodrigo Pacheco (PSD-MG), que j\u00e1 conta com o apoio do presidente do Senado, Davi Alcolumbre (Uni\u00e3o-AP), e deve ter seu nome analisado pelo Congresso Nacional nas pr\u00f3ximas semanas. <a href=\"https:\/\/tvtnews.com.br\/\">Leia em TVT News.<\/a><\/p>\n<p>Dantas encaminhou ao presidente do TCU, Vital do R\u00eago Filho, um pedido de ren\u00fancia em car\u00e1ter \u201cirretrat\u00e1vel\u201d. Ele solicitou que a vac\u00e2ncia e sua exonera\u00e7\u00e3o tenham efeito a partir de 9 de setembro de 2026.<\/p>\n<p>A sa\u00edda abre espa\u00e7o para uma nova indica\u00e7\u00e3o ao tribunal. Pelo modelo de composi\u00e7\u00e3o do TCU, cabe ao <a href=\"https:\/\/tvtnews.com.br\/tag\/congresso\/\" target=\"_blank\" data-type=\"post_tag\" data-id=\"4233\" rel=\"noreferrer noopener\">Congresso Nacional<\/a> escolher parte dos ministros da Corte. Pacheco \u00e9 o nome j\u00e1 escolhido para a vaga e deve passar pelo processo de aprova\u00e7\u00e3o dos parlamentares.<\/p>\n<p><a href=\"https:\/\/chat.whatsapp.com\/HC8TJaWXK8t4wNAG0oRwZI?mode=gi_t\" target=\"_blank\" rel=\"noreferrer noopener nofollow\">&gt;&gt; Siga o grupo da\u00a0<strong>TVT News\u00a0<\/strong>no WhatsApp<\/a><\/p>\n<h2>Pacheco tem apoio de Alcolumbre<\/h2>\n<p>A indica\u00e7\u00e3o de Rodrigo Pacheco para o TCU ocorre em meio a uma articula\u00e7\u00e3o pol\u00edtica que j\u00e1 havia colocado o senador como candidato a uma vaga no Supremo Tribunal Federal (STF).<\/p>\n<p>Davi Alcolumbre trabalhou neste ano para que Pacheco fosse indicado ao Supremo para ocupar o posto deixado por Lu\u00eds Roberto Barroso. O presidente Luiz In\u00e1cio Lula da Silva, entretanto, escolheu o advogado-geral da Uni\u00e3o, Jorge Messias, para a vaga.<\/p>\n<p>A indica\u00e7\u00e3o de Messias acabou n\u00e3o sendo aprovada pelos senadores, e o posto no STF continua aberto.<\/p>\n<p>Agora, Pacheco aparece como candidato \u00e0 vaga no TCU deixada por Bruno Dantas. O senador \u00e9 filiado ao PSD de Minas Gerais e presidiu o Senado Federal entre 2021 e 2025.<\/p>\n<h3>Sa\u00edda de Dantas ocorre ap\u00f3s quase tr\u00eas d\u00e9cadas no servi\u00e7o p\u00fablico<\/h3>\n<p>Bruno Dantas, de 48 anos, afirmou que sua decis\u00e3o de deixar o TCU foi pessoal e amadurecida nos \u00faltimos meses. O ministro est\u00e1 no servi\u00e7o p\u00fablico desde 1998 e j\u00e1 exerceu a presid\u00eancia do Tribunal de Contas da Uni\u00e3o.<\/p>\n<p>Na carta encaminhada ao TCU, Dantas afirmou que pretende iniciar uma nova etapa profissional. Entre os planos est\u00e1 a cria\u00e7\u00e3o de uma empresa voltada \u00e0 estrutura\u00e7\u00e3o de projetos de investimentos.<\/p>\n<p>Ele tamb\u00e9m solicitou \u00e0 Ordem dos Advogados do Brasil (OAB) a reativa\u00e7\u00e3o de sua carteira para voltar a exercer a advocacia. Segundo interlocutores, o ex-ministro mant\u00e9m conversas com o escrit\u00f3rio nova-iorquino White &amp; Case.<\/p>\n<p>A ren\u00fancia ter\u00e1 efeito a partir de 9 de setembro, conforme o pedido apresentado ao TCU. A partir da formaliza\u00e7\u00e3o da vac\u00e2ncia, o Congresso dever\u00e1 avan\u00e7ar no processo de escolha do novo ministro.<\/p>\n<p>Para assumir o posto, Pacheco ainda precisar\u00e1 ser submetido aos procedimentos previstos para a indica\u00e7\u00e3o de ministros do TCU no Legislativo.<\/p>\n<p>Na manifesta\u00e7\u00e3o em que anunciou sua sa\u00edda, Dantas agradeceu aos colegas, servidores, colaboradores, ao Senado Federal e \u00e0 fam\u00edlia. \u201cEncerro este ciclo com a serenidade de quem cumpriu, com lealdade e dedica\u00e7\u00e3o, todos os mandatos que me foram confiados\u201d, declarou.<\/p>\n<p>The post <a rel=\"nofollow\" href=\"https:\/\/tvtnews.com.br\/bruno-dantas-renuncia-tcu-substituido-pacheco\/\">Bruno Dantas renuncia ao TCU e deve ser substitu\u00eddo por Rodrigo Pacheco<\/a> appeared first on <a rel=\"nofollow\" href=\"https:\/\/tvtnews.com.br\/\">TVT News<\/a>.<\/p>\n<!-- Begin Yuzo --><div class='yuzo_related_post style-1'  data-version='5.12.89'><!-- without result --><div class='yuzo_clearfixed yuzo__title yuzo__title'><h3>Related Post<\/h3><\/div>\n\t\t\t\t\t\t  <div class=\"relatedthumb \" style=\"width:125px;float:left;overflow:hidden;\">  \n\t\t\t\t\t\t\t  \n\t\t\t\t\t\t\t  <a  href=\"https:\/\/redept.com.br\/blogosfera\/expectativa-de-vida-ao-nascer-no-brasil-sobe-para-764-anos-em-2023\/\"  >\n\t\t\t\t\t\t\t\t\t  <div class=\"yuzo-img-wrap \" style=\"width: 125px;height:90px;\">\n\t\t\t\t\t\t\t\t\t\t\n\t\t\t\t\t\t\t\t\t\t<div class=\"yuzo-img\" style=\"background:url('https:\/\/redept.org\/blogosfera\/wp-content\/plugins\/yuzo-related-post\/assets\/images\/default.png') 50% 50% no-repeat;width: 125px;height:90px;margin-bottom: 5px;background-size: cover; \"><\/div>\n\t\t\t\t\t\t\t\t\t  <\/div>\n\t\t\t\t\t\t\t\t\t  \n\t\t\t\t\t\t\t\t   <span class=\"yuzo__text--title\" style=\"font-size:13px;\">Expectativa de vida ao nascer no Brasil sobe para ...<\/span>\n\t\t\t\t\t\t\t  \n\t\t\t\t\t\t\t  \n\t\t\t\t\t\t\t  <\/a>\n\n\t\t\t\t\t\t  <\/div>\n\t\t\t\t\t\t  <div class=\"relatedthumb \" style=\"width:125px;float:left;overflow:hidden;\">  \n\t\t\t\t\t\t\t  \n\t\t\t\t\t\t\t  <a  href=\"https:\/\/redept.com.br\/blogosfera\/camara-de-vereadores-de-porto-alegre-concede-honraria-a-conab-pelos-35-anos-de-atuacao\/\"  >\n\t\t\t\t\t\t\t\t\t  <div class=\"yuzo-img-wrap \" style=\"width: 125px;height:90px;\">\n\t\t\t\t\t\t\t\t\t\t\n\t\t\t\t\t\t\t\t\t\t<div class=\"yuzo-img\" style=\"background:url('https:\/\/redept.com.br\/blogosfera\/wp-content\/uploads\/2025\/05\/image-1024x128-1-26-150x128.png') 50% 50% no-repeat;width: 125px;height:90px;margin-bottom: 5px;background-size: cover; \"><\/div>\n\t\t\t\t\t\t\t\t\t  <\/div>\n\t\t\t\t\t\t\t\t\t  \n\t\t\t\t\t\t\t\t   <span class=\"yuzo__text--title\" style=\"font-size:13px;\">C\u00e2mara de Vereadores de Porto Alegre concede honra...<\/span>\n\t\t\t\t\t\t\t  \n\t\t\t\t\t\t\t  \n\t\t\t\t\t\t\t  <\/a>\n\n\t\t\t\t\t\t  <\/div>\n\t\t\t\t\t\t  <div class=\"relatedthumb \" style=\"width:125px;float:left;overflow:hidden;\">  \n\t\t\t\t\t\t\t  \n\t\t\t\t\t\t\t  <a  href=\"https:\/\/redept.com.br\/blogosfera\/fiel-a-voz-do-dono-o-globo-sempre-ladra-contra-mais-direitos-para-os-trabalhadores\/\"  >\n\t\t\t\t\t\t\t\t\t  <div class=\"yuzo-img-wrap \" style=\"width: 125px;height:90px;\">\n\t\t\t\t\t\t\t\t\t\t\n\t\t\t\t\t\t\t\t\t\t<div class=\"yuzo-img\" style=\"background:url('https:\/\/redept.com.br\/blogosfera\/wp-content\/uploads\/2026\/04\/IMG-20260429-WA0479-150x150.jpg') 50% 50% no-repeat;width: 125px;height:90px;margin-bottom: 5px;background-size: cover; \"><\/div>\n\t\t\t\t\t\t\t\t\t  <\/div>\n\t\t\t\t\t\t\t\t\t  \n\t\t\t\t\t\t\t\t   <span class=\"yuzo__text--title\" style=\"font-size:13px;\">Fiel \u00e0 voz do dono: O Globo sempre ladra contra ma...<\/span>\n\t\t\t\t\t\t\t  \n\t\t\t\t\t\t\t  \n\t\t\t\t\t\t\t  <\/a>\n\n\t\t\t\t\t\t  <\/div>\n\t\t\t\t\t\t  <div class=\"relatedthumb \" style=\"width:125px;float:left;overflow:hidden;\">  \n\t\t\t\t\t\t\t  \n\t\t\t\t\t\t\t  <a  href=\"https:\/\/redept.com.br\/blogosfera\/nba-conferencia-leste-tem-vitorias-invictas-do-pacers-e-knicks-enquanto-oeste-tem-semifinais-empatadas\/\"  >\n\t\t\t\t\t\t\t\t\t  <div class=\"yuzo-img-wrap \" style=\"width: 125px;height:90px;\">\n\t\t\t\t\t\t\t\t\t\t\n\t\t\t\t\t\t\t\t\t\t<div class=\"yuzo-img\" style=\"background:url('https:\/\/redept.com.br\/blogosfera\/wp-content\/uploads\/2025\/05\/whatsapp-image-2025-05-09-at-141203-150x150.jpeg') 50% 50% no-repeat;width: 125px;height:90px;margin-bottom: 5px;background-size: cover; \"><\/div>\n\t\t\t\t\t\t\t\t\t  <\/div>\n\t\t\t\t\t\t\t\t\t  \n\t\t\t\t\t\t\t\t   <span class=\"yuzo__text--title\" style=\"font-size:13px;\">NBA: confer\u00eancia leste tem vit\u00f3rias invictas do Pa...<\/span>\n\t\t\t\t\t\t\t  \n\t\t\t\t\t\t\t  \n\t\t\t\t\t\t\t  <\/a>\n\n\t\t\t\t\t\t  <\/div>\n<\/div> <script>\n\t\t\t\t\t\t  jQuery(document).ready(function( $ ){\n\t\t\t\t\t\t\t\/\/jQuery('.yuzo_related_post').equalizer({ overflow : 'relatedthumb' });\n\t\t\t\t\t\t\tjQuery('.yuzo_related_post .yuzo_wraps').equalizer({ columns : '> div' });\n\t\t\t\t\t\t   })\n\t\t\t\t\t\t  <\/script> <!-- End Yuzo :) -->","protected":false},"excerpt":{"rendered":"<p>O ministro Bruno Dantas comunicou nesta segunda-feira (31) sua ren\u00fancia ao cargo no Tribunal de Contas da Uni\u00e3o (TCU). A vaga dever\u00e1 ser ocupada pelo senador Rodrigo Pacheco (PSD-MG), que j\u00e1 conta com o apoio do presidente do Senado, Davi Alcolumbre (Uni\u00e3o-AP), e deve ter seu nome analisado pelo Congresso Nacional nas pr\u00f3ximas semanas. Leia [&hellip;]<\/p>\n","protected":false},"author":2,"featured_media":0,"comment_status":"open","ping_status":"closed","sticky":false,"template":"","format":"standard","meta":{"fifu_image_url":"","fifu_image_alt":"","footnotes":""},"categories":[1],"tags":[],"class_list":["post-102386","post","type-post","status-publish","format-standard","hentry","category-uncategorized"],"_links":{"self":[{"href":"https:\/\/redept.com.br\/blogosfera\/wp-json\/wp\/v2\/posts\/102386","targetHints":{"allow":["GET"]}}],"collection":[{"href":"https:\/\/redept.com.br\/blogosfera\/wp-json\/wp\/v2\/posts"}],"about":[{"href":"https:\/\/redept.com.br\/blogosfera\/wp-json\/wp\/v2\/types\/post"}],"author":[{"embeddable":true,"href":"https:\/\/redept.com.br\/blogosfera\/wp-json\/wp\/v2\/users\/2"}],"replies":[{"embeddable":true,"href":"https:\/\/redept.com.br\/blogosfera\/wp-json\/wp\/v2\/comments?post=102386"}],"version-history":[{"count":0,"href":"https:\/\/redept.com.br\/blogosfera\/wp-json\/wp\/v2\/posts\/102386\/revisions"}],"wp:attachment":[{"href":"https:\/\/redept.com.br\/blogosfera\/wp-json\/wp\/v2\/media?parent=102386"}],"wp:term":[{"taxonomy":"category","embeddable":true,"href":"https:\/\/redept.com.br\/blogosfera\/wp-json\/wp\/v2\/categories?post=102386"},{"taxonomy":"post_tag","embeddable":true,"href":"https:\/\/redept.com.br\/blogosfera\/wp-json\/wp\/v2\/tags?post=102386"}],"curies":[{"name":"wp","href":"https:\/\/api.w.org\/{rel}","templated":true}]}}