{"id":102439,"date":"2026-08-31T17:46:48","date_gmt":"2026-08-31T20:46:48","guid":{"rendered":"https:\/\/redept.com.br\/blogosfera\/flavio-quer-modelo-de-seguranca-que-exacerba-violencia-e-fortalece-autoritarismo\/"},"modified":"2026-08-31T17:46:48","modified_gmt":"2026-08-31T20:46:48","slug":"flavio-quer-modelo-de-seguranca-que-exacerba-violencia-e-fortalece-autoritarismo","status":"publish","type":"post","link":"https:\/\/redept.com.br\/blogosfera\/flavio-quer-modelo-de-seguranca-que-exacerba-violencia-e-fortalece-autoritarismo\/","title":{"rendered":"Fl\u00e1vio quer modelo de seguran\u00e7a que exacerba viol\u00eancia e fortalece autoritarismo"},"content":{"rendered":"<p><img fetchpriority=\"high\" width=\"450\" height=\"300\"src=\"https:\/\/redept.com.br\/blogosfera\/wp-content\/uploads\/2026\/08\/60882ae6-bb51-48c1-8ebe-e03099c5975b.jpeg\" alt=\"\" decoding=\"async\" srcset=\"https:\/\/redept.com.br\/blogosfera\/wp-content\/uploads\/2026\/08\/60882ae6-bb51-48c1-8ebe-e03099c5975b.jpeg 450w, https:\/\/vermelho.org.br\/wp-content\/uploads\/2026\/08\/60882ae6-bb51-48c1-8ebe-e03099c5975b-300x200.jpeg 300w, https:\/\/vermelho.org.br\/wp-content\/uploads\/2026\/08\/60882ae6-bb51-48c1-8ebe-e03099c5975b-272x182.jpeg 272w\" sizes=\"(max-width: 450px) 100vw, 450px\"><\/p>\n<p>Se havia ainda alguma d\u00favida sobre o forte tra\u00e7o fascista da principal candidatura da extrema direita \u00e0 presid\u00eancia da Rep\u00fablica, Fl\u00e1vio Bolsonaro (PL) a enterrou de vez ao se encontrar com Gustavo Villatoro, ministro da Justi\u00e7a e Seguran\u00e7a P\u00fablica do governo de Nayib Bukele, de El Salvador.\u00a0<\/p>\n<p>A reuni\u00e3o em si, ocorrida neste domingo (30) em S\u00e3o Paulo, e falas posteriores do senador confirmam tal posi\u00e7\u00e3o, demonstrando o perigo que sua elei\u00e7\u00e3o representaria para a democracia, a seguran\u00e7a e os direitos humanos de todos os cidad\u00e3os \u2014 todos, vale enfatizar.\u00a0<\/p>\n<p>Fl\u00e1vio classificou o modelo implementado em El Salvador como \u201cum dos maiores e mais eficazes resgates de soberania\u201d por \u201cdevolver a seguran\u00e7a p\u00fablica para o povo\u201d.\u00a0<\/p>\n<p>Disse, ainda, que \u201ctem pouco preso no Brasil, tinha que ter mais\u201d e que \u201cs\u00f3 n\u00e3o tem mais porque a legisla\u00e7\u00e3o \u00e9 frouxa\u201d. Por isso, completou,\u00a0 \u201cn\u00f3s vamos criar mais de meio milh\u00e3o de vagas em pres\u00eddios para que ladr\u00e3o celular e com\u00e9rcio tenha no m\u00ednimo oito anos de cadeia e fique preso\u201d.\u00a0<\/p>\n<p>Segundo Fl\u00e1vio, a reuni\u00e3o \u201cnos inspira bastante para que possamos implementar um plano muito eficaz, firme, para defender os cidad\u00e3os, para defender as v\u00edtimas, e n\u00e3o os bandidos\u201d \u2014 como, mentiu novamente, \u201cfaz o atual governo\u201d.\u00a0<\/p>\n<p>Ainda segundo Fl\u00e1vio, Villatoro \u201cdestacou a import\u00e2ncia de termos senadores e deputados alinhados com o presidente da Rep\u00fablica, para que possam fazer as altera\u00e7\u00f5es legais que s\u00e3o necess\u00e1rias\u201d.\u00a0<\/p>\n<p>As falas e a postura assumidas por Fl\u00e1vio t\u00eam, ao menos, dois eixos de problema dos mais graves no que diz respeito ao enfrentamento \u00e0 viol\u00eancia e ao crime, especialmente o organizado, principal foco de preocupa\u00e7\u00e3o do Brasil.<\/p>\n<p>Primeiramente, \u00e9 preciso lembrar que o sistema de El Salvador vem sendo acusado, dentro e fora do pa\u00eds, por uma s\u00e9rie de abusos contra direitos b\u00e1sicos preconizados internacionalmente.\u00a0<\/p>\n<p>Homens, principalmente jovens, muitas vezes sem liga\u00e7\u00e3o com atos criminosos, t\u00eam sido presos aos montes com base em den\u00fancias an\u00f4nimas infundadas. E as deten\u00e7\u00f5es t\u00eam sido feitas sem mandado judicial, gra\u00e7as a um \u201cestado de emerg\u00eancia\u201d decretado em 2022.\u00a0<\/p>\n<p>Outro ponto grave s\u00e3o os diversos casos de tortura e de morte de detentos, bem como a realiza\u00e7\u00e3o de julgamentos em massa e a inexist\u00eancia do direito de defesa.\u00a0<\/p>\n<p>\u201cO resultado foi que aproximadamente um de cada 10 jovens (8,8%) entre 26 e 35 anos de sexo masculino foi para a cadeia, de forma que El Salvador atingiu subitamente a maior taxa de encarceramento do mundo. Entre essas dezenas de milhares de presos havia, tudo indica, muitos inocentes, que n\u00e3o tiveram a oportunidade de se defender das acusa\u00e7\u00f5es. Entre mar\u00e7o de 2022 e 29 de fevereiro de 2024, a Corte Suprema recebeu um total de 6.368 demandas de habeas corpus de pessoas detidas sob o regime de exce\u00e7\u00e3o, admitiu apenas 13 delas e estimou s\u00f3 tr\u00eas\u201d, escreve Ignacio Cano, pesquisador do Laborat\u00f3rio de An\u00e1lise da Viol\u00eancia (LAV-Uerj), em artigo publicado pelo F\u00f3rum Brasileiro de Seguran\u00e7a P\u00fablica.\u00a0<\/p>\n<p>O segundo eixo grave da posi\u00e7\u00e3o assumida por Fl\u00e1vio Bolsonaro (e outros presidenci\u00e1veis que tamb\u00e9m adotam o modelo como \u201cexemplo\u201d) est\u00e1 no fato de que tais medidas podem at\u00e9, num primeiro momento, trazer para a popula\u00e7\u00e3o a sensa\u00e7\u00e3o de que o problema foi resolvido.\u00a0<\/p>\n<p>No entanto, o fato \u00e9 que esse tipo de medida n\u00e3o acaba, por exemplo, com o comando do crime organizado e tende a se tornar invi\u00e1vel ao longo do tempo e uma amea\u00e7a real a quem nada tem a ver com a criminalidade.\u00a0<\/p>\n<p>Trata-se, na verdade, de uma vertente mais agressiva e radical da mesma agenda de controle social, populista e violenta que a direita e a extrema direita defendem desde sempre no Brasil e que, como a popula\u00e7\u00e3o pode sentir cotidianamente, n\u00e3o surtiu efeito. Ao contr\u00e1rio, ajudou a perpetuar e ampliar os poderes dessas organiza\u00e7\u00f5es, aumentar a promiscuidade entre estas e o poder p\u00fablico e a ceifar vidas, principalmente negras, jovens e pobres em escala industrial\u00a0<\/p>\n<p>Estudos e pesquisas baseados em evid\u00eancias e alinhados com vis\u00f5es mais progressistas indicam que essa \u00e9 uma falsa sa\u00edda. Opera\u00e7\u00f5es de intelig\u00eancia, asfixiamento financeiro e do topo do poder dessas organiza\u00e7\u00f5es; pol\u00edticas de desenvolvimento social e econ\u00f4mico;\u00a0 melhorias e amplia\u00e7\u00e3o na oferta de servi\u00e7os p\u00fablicos \u00e0s popula\u00e7\u00f5es mais vulner\u00e1veis; educa\u00e7\u00e3o, lazer, esporte e cidadania para crian\u00e7as e jovens e revis\u00e3o da estrutura e da atua\u00e7\u00e3o das pol\u00edcias s\u00e3o algumas das principais medidas para, de fato, sanar essa doen\u00e7a.\u00a0<\/p>\n<p>Cansada de vivenciar um cotidiano de medo, a popula\u00e7\u00e3o (daqui e de El Salvador) tende a apoiar solu\u00e7\u00f5es que tragam resolu\u00e7\u00f5es imediatas. Nesse contexto, \u00e9 preciso reafirmar que problemas complexos s\u00f3 se resolvem de verdade com sa\u00eddas tamb\u00e9m complexas, continuadas e de longo prazo.\u00a0<\/p>\n<p>Se o modelo Bukele for implantado aqui, veremos a exacerba\u00e7\u00e3o do exterm\u00ednio da juventude negra e pobre, abatida no altar da direita para esconder os verdadeiros respons\u00e1veis pela inseguran\u00e7a brasileira (muitos dos quais, seus aliados), assim como a concretiza\u00e7\u00e3o de um sistema autorit\u00e1rio e fascista que n\u00e3o ter\u00e1 pudores em prender ou matar quem se opuser aos seus des\u00edgnios. J\u00e1 vimos este filme e sabemos como ele termina e n\u00e3o podemos deixar que ele retorne, agora pela via eleitoral.\u00a0<\/p>\n<p>O post <a href=\"https:\/\/vermelho.org.br\/2026\/08\/31\/flavio-quer-modelo-de-seguranca-que-exacerba-violencia-e-fortalece-autoritarismo\/\">Fl\u00e1vio quer modelo de seguran\u00e7a que exacerba viol\u00eancia e fortalece autoritarismo<\/a> apareceu primeiro em <a href=\"https:\/\/vermelho.org.br\/\">Vermelho<\/a>.<\/p>\n<!-- Begin Yuzo --><div class='yuzo_related_post style-1'  data-version='5.12.89'><!-- without result --><div class='yuzo_clearfixed yuzo__title yuzo__title'><h3>Related Post<\/h3><\/div>\n\t\t\t\t\t\t  <div class=\"relatedthumb \" style=\"width:125px;float:left;overflow:hidden;\">  \n\t\t\t\t\t\t\t  \n\t\t\t\t\t\t\t  <a  href=\"https:\/\/redept.com.br\/blogosfera\/lula-endurece-regras-contra-cambismo-digital-e-garante-agua-em-shows\/\"  >\n\t\t\t\t\t\t\t\t\t  <div class=\"yuzo-img-wrap \" style=\"width: 125px;height:90px;\">\n\t\t\t\t\t\t\t\t\t\t\n\t\t\t\t\t\t\t\t\t\t<div class=\"yuzo-img\" style=\"background:url('https:\/\/redept.com.br\/blogosfera\/wp-content\/uploads\/2026\/08\/55501119220_de74a005b8_k-150x150.jpg') 50% 50% no-repeat;width: 125px;height:90px;margin-bottom: 5px;background-size: cover; \"><\/div>\n\t\t\t\t\t\t\t\t\t  <\/div>\n\t\t\t\t\t\t\t\t\t  \n\t\t\t\t\t\t\t\t   <span class=\"yuzo__text--title\" style=\"font-size:13px;\">Lula endurece regras contra cambismo digital e gar...<\/span>\n\t\t\t\t\t\t\t  \n\t\t\t\t\t\t\t  \n\t\t\t\t\t\t\t  <\/a>\n\n\t\t\t\t\t\t  <\/div>\n\t\t\t\t\t\t  <div class=\"relatedthumb \" style=\"width:125px;float:left;overflow:hidden;\">  \n\t\t\t\t\t\t\t  \n\t\t\t\t\t\t\t  <a  href=\"https:\/\/redept.com.br\/blogosfera\/trump-nao-descarta-acao-militar-na-venezuela-mas-se-diz-aberto-a-conversar-com-maduro\/\"  >\n\t\t\t\t\t\t\t\t\t  <div class=\"yuzo-img-wrap \" style=\"width: 125px;height:90px;\">\n\t\t\t\t\t\t\t\t\t\t\n\t\t\t\t\t\t\t\t\t\t<div class=\"yuzo-img\" style=\"background:url('https:\/\/redept.org\/blogosfera\/wp-content\/plugins\/yuzo-related-post\/assets\/images\/default.png') 50% 50% no-repeat;width: 125px;height:90px;margin-bottom: 5px;background-size: cover; \"><\/div>\n\t\t\t\t\t\t\t\t\t  <\/div>\n\t\t\t\t\t\t\t\t\t  \n\t\t\t\t\t\t\t\t   <span class=\"yuzo__text--title\" style=\"font-size:13px;\">Trump n\u00e3o descarta a\u00e7\u00e3o militar na Venezuela, mas ...<\/span>\n\t\t\t\t\t\t\t  \n\t\t\t\t\t\t\t  \n\t\t\t\t\t\t\t  <\/a>\n\n\t\t\t\t\t\t  <\/div>\n\t\t\t\t\t\t  <div class=\"relatedthumb \" style=\"width:125px;float:left;overflow:hidden;\">  \n\t\t\t\t\t\t\t  \n\t\t\t\t\t\t\t  <a  href=\"https:\/\/redept.com.br\/blogosfera\/mendonca-abre-dois-inqueritos-contra-lulinha-em-48-horas-coincidencia-ou-doisladismo\/\"  >\n\t\t\t\t\t\t\t\t\t  <div class=\"yuzo-img-wrap \" style=\"width: 125px;height:90px;\">\n\t\t\t\t\t\t\t\t\t\t\n\t\t\t\t\t\t\t\t\t\t<div class=\"yuzo-img\" style=\"background:url('https:\/\/redept.org\/blogosfera\/wp-content\/plugins\/yuzo-related-post\/assets\/images\/default.png') 50% 50% no-repeat;width: 125px;height:90px;margin-bottom: 5px;background-size: cover; \"><\/div>\n\t\t\t\t\t\t\t\t\t  <\/div>\n\t\t\t\t\t\t\t\t\t  \n\t\t\t\t\t\t\t\t   <span class=\"yuzo__text--title\" style=\"font-size:13px;\">Mendon\u00e7a abre dois inqu\u00e9ritos contra Lulinha em 48...<\/span>\n\t\t\t\t\t\t\t  \n\t\t\t\t\t\t\t  \n\t\t\t\t\t\t\t  <\/a>\n\n\t\t\t\t\t\t  <\/div>\n\t\t\t\t\t\t  <div class=\"relatedthumb \" style=\"width:125px;float:left;overflow:hidden;\">  \n\t\t\t\t\t\t\t  \n\t\t\t\t\t\t\t  <a  href=\"https:\/\/redept.com.br\/blogosfera\/discurso-de-lula-sinaliza-postura-de-enfrentamento-em-novo-governo-avalia-humberto-costa\/\"  >\n\t\t\t\t\t\t\t\t\t  <div class=\"yuzo-img-wrap \" style=\"width: 125px;height:90px;\">\n\t\t\t\t\t\t\t\t\t\t\n\t\t\t\t\t\t\t\t\t\t<div class=\"yuzo-img\" style=\"background:url('https:\/\/redept.org\/blogosfera\/wp-content\/plugins\/yuzo-related-post\/assets\/images\/default.png') 50% 50% no-repeat;width: 125px;height:90px;margin-bottom: 5px;background-size: cover; \"><\/div>\n\t\t\t\t\t\t\t\t\t  <\/div>\n\t\t\t\t\t\t\t\t\t  \n\t\t\t\t\t\t\t\t   <span class=\"yuzo__text--title\" style=\"font-size:13px;\">Discurso de Lula sinaliza postura de enfrentamento...<\/span>\n\t\t\t\t\t\t\t  \n\t\t\t\t\t\t\t  \n\t\t\t\t\t\t\t  <\/a>\n\n\t\t\t\t\t\t  <\/div>\n<\/div> <script>\n\t\t\t\t\t\t  jQuery(document).ready(function( $ ){\n\t\t\t\t\t\t\t\/\/jQuery('.yuzo_related_post').equalizer({ overflow : 'relatedthumb' });\n\t\t\t\t\t\t\tjQuery('.yuzo_related_post .yuzo_wraps').equalizer({ columns : '> div' });\n\t\t\t\t\t\t   })\n\t\t\t\t\t\t  <\/script> <!-- End Yuzo :) -->","protected":false},"excerpt":{"rendered":"<p>Se havia ainda alguma d\u00favida sobre o forte tra\u00e7o fascista da principal candidatura da extrema direita \u00e0 presid\u00eancia da Rep\u00fablica, Fl\u00e1vio Bolsonaro (PL) a enterrou de vez ao se encontrar com Gustavo Villatoro, ministro da Justi\u00e7a e Seguran\u00e7a P\u00fablica do governo de Nayib Bukele, de El Salvador.\u00a0 A reuni\u00e3o em si, ocorrida neste domingo (30) [&hellip;]<\/p>\n","protected":false},"author":2,"featured_media":0,"comment_status":"open","ping_status":"closed","sticky":false,"template":"","format":"standard","meta":{"fifu_image_url":"","fifu_image_alt":"","footnotes":""},"categories":[3024,1760,1819,2427,5194,132,73,77],"tags":[],"class_list":["post-102439","post","type-post","status-publish","format-standard","hentry","category-autoritarismo","category-eleicoes-2026","category-fascismo","category-flavio-bolsonaro","category-nayib-bukele","category-politica","category-seguranca-publica","category-violencia"],"_links":{"self":[{"href":"https:\/\/redept.com.br\/blogosfera\/wp-json\/wp\/v2\/posts\/102439","targetHints":{"allow":["GET"]}}],"collection":[{"href":"https:\/\/redept.com.br\/blogosfera\/wp-json\/wp\/v2\/posts"}],"about":[{"href":"https:\/\/redept.com.br\/blogosfera\/wp-json\/wp\/v2\/types\/post"}],"author":[{"embeddable":true,"href":"https:\/\/redept.com.br\/blogosfera\/wp-json\/wp\/v2\/users\/2"}],"replies":[{"embeddable":true,"href":"https:\/\/redept.com.br\/blogosfera\/wp-json\/wp\/v2\/comments?post=102439"}],"version-history":[{"count":0,"href":"https:\/\/redept.com.br\/blogosfera\/wp-json\/wp\/v2\/posts\/102439\/revisions"}],"wp:attachment":[{"href":"https:\/\/redept.com.br\/blogosfera\/wp-json\/wp\/v2\/media?parent=102439"}],"wp:term":[{"taxonomy":"category","embeddable":true,"href":"https:\/\/redept.com.br\/blogosfera\/wp-json\/wp\/v2\/categories?post=102439"},{"taxonomy":"post_tag","embeddable":true,"href":"https:\/\/redept.com.br\/blogosfera\/wp-json\/wp\/v2\/tags?post=102439"}],"curies":[{"name":"wp","href":"https:\/\/api.w.org\/{rel}","templated":true}]}}