{"id":102481,"date":"2026-08-31T15:00:16","date_gmt":"2026-08-31T18:00:16","guid":{"rendered":"https:\/\/redept.com.br\/blogosfera\/militante-espia-e-guerrilheira-a-trajetoria-de-tamara-bunke\/"},"modified":"2026-08-31T15:00:16","modified_gmt":"2026-08-31T18:00:16","slug":"militante-espia-e-guerrilheira-a-trajetoria-de-tamara-bunke","status":"publish","type":"post","link":"https:\/\/redept.com.br\/blogosfera\/militante-espia-e-guerrilheira-a-trajetoria-de-tamara-bunke\/","title":{"rendered":"Militante, espi\u00e3 e guerrilheira: a trajet\u00f3ria de Tamara Bunke"},"content":{"rendered":"<p>H\u00e1 59 anos, em 31 de agosto de 1967, a revolucion\u00e1ria teuto-argentina Tamara Bunke era assassinada por militares bolivianos durante uma emboscada no Vado del Yeso, coordenada pelo capit\u00e3o Mario Vargas.<\/p>\n<p>Filha de comunistas exilados que fugiram da Alemanha ap\u00f3s a ascens\u00e3o de Adolf Hitler, Tamara exerceu diversas fun\u00e7\u00f5es no governo revolucion\u00e1rio cubano. Em 1963, ela foi recrutada para servir como espi\u00e3 da Intelig\u00eancia Cubana, auxiliando Che Guevara na tentativa de criar um novo foco insurgente na Am\u00e9rica do Sul.<\/p>\n<p>Durante a \u201cOpera\u00e7\u00e3o Fantasma\u201d, Tamara se infiltrou junto \u00e0 elite pol\u00edtica e militar da Bol\u00edvia e ajudou a estabelecer uma rede de apoio para a Guerrilha de \u00d1ancahuaz\u00fa. Ap\u00f3s ter sua identidade exposta, ela se uniu aos combatentes, tornando-se a \u00fanica mulher a participar da guerrilha de Che Guevara na Bol\u00edvia.<\/p>\n<h3>Juventude, milit\u00e2ncia e forma\u00e7\u00e3o<\/h3>\n<p>Hayd\u00e9e Tamara Bunke Bider nasceu em 19 de novembro de 1937, em Buenos Aires, Argentina. Ela era filha ca\u00e7ula da polonesa Nadia Bider e do alem\u00e3o Erich Bunke, ambos judeus e militantes ativos da causa comunista. O casal havia fugido da Alemanha logo ap\u00f3s a ascens\u00e3o dos nazistas ao poder, em 1933.<\/p>\n<p>A fam\u00edlia se estabeleceu no bairro de Once, um dos principais polos de com\u00e9rcio popular em Buenos Aires. Tamara cursou o ensino prim\u00e1rio na Escola Cangallo Schule, onde seu pai trabalhava como professor. Interessava-se por m\u00fasica e dan\u00e7a folcl\u00f3rica, sobretudo pela zamba, e aprendeu a tocar piano, viol\u00e3o e acorde\u00e3o. Destacou-se ainda como atleta, praticando diversas modalidades no Club Vorw\u00e4rts, em Quilmes.<\/p>\n<p>Os pais de Tamara exerceram forte influ\u00eancia sobre a vis\u00e3o de mundo e a forma\u00e7\u00e3o pol\u00edtica da filha. Aos 14 anos, j\u00e1 matriculada na Escola Normal N\u00ba 9, ela ingressou na Federa\u00e7\u00e3o da Juventude Comunista (FJC), o \u00f3rg\u00e3o juvenil do Partido Comunista da Argentina (PCA). Atuava nas tarefas de base e colaborava na reda\u00e7\u00e3o do jornal \u201cJuventud\u201d.<\/p>\n<p>Em 1952, ap\u00f3s a funda\u00e7\u00e3o da Rep\u00fablica Democr\u00e1tica Alem\u00e3 (RDA, ou Alemanha Oriental), a fam\u00edlia Bunke decidiu deixar a Argentina e se mudou para Stalinstadt, uma cidade planejada para servir como modelo de gest\u00e3o socialista. \u00c0 \u00e9poca, o governo da RDA mantinha uma campanha que visava estimular o retorno das fam\u00edlias comunistas exiladas durante o regime nazista, convidando-as a colaborar com a reconstru\u00e7\u00e3o do pa\u00eds.<\/p>\n<p>Dando continuidade \u00e0 sua milit\u00e2ncia pol\u00edtica, Tamara se filiou \u00e0 Juventude Livre Alem\u00e3 e, posteriormente, ao Partido Socialista Unificado da Alemanha (SED). A participa\u00e7\u00e3o nas atividades da Federa\u00e7\u00e3o Mundial da Juventude Democr\u00e1tica permitiu que a jovem realizasse diversas viagens, conhecendo cidades como Viena, Praga e Moscou.<\/p>\n<p>Tamara estudou Letras e Filosofia na Universidade Humboldt de Berlim e recebeu treinamento para defesa junto \u00e0 Associa\u00e7\u00e3o para Esportes e Habilidades T\u00e9cnicas, tornando-se instrutora de tiro. Estudiosa, a jovem dominava cinco l\u00ednguas \u2014 ingl\u00eas, espanhol, franc\u00eas, alem\u00e3o e russo \u2014, o que a habilitou a atuar como int\u00e9rprete e tradutora de delega\u00e7\u00f5es estrangeiras que visitavam a Alemanha Oriental.<\/p>\n<h3>Atividades em Cuba<\/h3>\n<p>O trabalho como int\u00e9rprete possibilitou que Tamara conhecesse pessoalmente Che Guevara. Em 1960, o revolucion\u00e1rio argentino visitou a Alemanha Oriental como membro de uma delega\u00e7\u00e3o incumbida de estreitar os la\u00e7os entre o governo de Cuba e as na\u00e7\u00f5es do bloco socialista europeu. Tamara serviu como int\u00e9rprete da comitiva de Che Guevara e, paralelamente, atuou como tradutora para a bailarina Alicia Alonso, do Bal\u00e9 Nacional de Cuba.<\/p>\n<p>O recente triunfo da Revolu\u00e7\u00e3o Cubana havia despertado enorme entusiasmo entre os militantes de esquerda em todo o mundo, tornando-se um s\u00edmbolo poderoso da luta popular contra os regimes autorit\u00e1rios, o imperialismo e o colonialismo. Fascinada pela fa\u00e7anha dos guerrilheiros de Serra Maestra, Tamara n\u00e3o pensou duas vezes quando Alicia Alonso a convidou a ir para Havana.<\/p>\n<p>Cuba vivia os primeiros anos turbulentos da revolu\u00e7\u00e3o quando Tamara chegou em maio de 1961. As nacionaliza\u00e7\u00f5es e reformas conduzidas pelo gabinete de Fidel Castro criaram crescentes atritos com os Estados Unidos, que culminariam em uma tentativa de depor o novo governo atrav\u00e9s da Invas\u00e3o da Ba\u00eda dos Porcos. Reagindo \u00e0s press\u00f5es e tentativas de desestabiliza\u00e7\u00e3o coordenadas a partir de Washington, os revolucion\u00e1rios mobilizaram a popula\u00e7\u00e3o a se engajar na luta pela soberania da ilha.<\/p>\n<p>Tamara se destacou por seu comprometimento com a defesa da revolu\u00e7\u00e3o, exercendo diversas fun\u00e7\u00f5es e participando das jornadas dos volunt\u00e1rios. Estudou Jornalismo na Universidade de Havana, trabalhou no Minist\u00e9rio da Educa\u00e7\u00e3o e no Instituto Cubano de Amizade com os Povos (ICAP) e ajudou a organizar a confer\u00eancia da Uni\u00e3o Internacional de Estudantes em Havana.<\/p>\n<p>A jovem tamb\u00e9m atuou como professora volunt\u00e1ria no interior cubano e se juntou aos mutir\u00f5es respons\u00e1veis pela constru\u00e7\u00e3o de creches, escolas e hospitais. Participou da c\u00e9lebre Campanha Nacional de Alfabetiza\u00e7\u00e3o, que erradicou o analfabetismo da ilha em um per\u00edodo de apenas nove meses, e foi integrante das Mil\u00edcias de Defesa Popular. Destacou-se ainda como dirigente nacional da Federa\u00e7\u00e3o das Mulheres Cubanas (FMC), organiza\u00e7\u00e3o voltada ao fomento da participa\u00e7\u00e3o pol\u00edtica feminina.<\/p>\n<figure aria-describedby=\"caption-attachment-264405\"><img loading=\"lazy\" loading=\"lazy\" decoding=\"async\"src=\"https:\/\/redept.com.br\/blogosfera\/wp-content\/uploads\/2026\/08\/a-historia-da-guerrilheira-que-lutou-ao-lado-de-che-guevara-ate-o-fim-tamara-bunke.jpg\" alt=\"Tamara Bunke em 1964. Centro de Estudos Che Guevara, via Jornal GGN.\" width=\"800\" height=\"450\" srcset=\"https:\/\/redept.com.br\/blogosfera\/wp-content\/uploads\/2026\/08\/a-historia-da-guerrilheira-que-lutou-ao-lado-de-che-guevara-ate-o-fim-tamara-bunke.jpg 800w, https:\/\/operamundi.uol.com.br\/wp-content\/uploads\/2026\/08\/a-historia-da-guerrilheira-que-lutou-ao-lado-de-che-guevara-ate-o-fim-tamara-bunke-300x169.jpg 300w, https:\/\/operamundi.uol.com.br\/wp-content\/uploads\/2026\/08\/a-historia-da-guerrilheira-que-lutou-ao-lado-de-che-guevara-ate-o-fim-tamara-bunke-768x432.jpg 768w, https:\/\/operamundi.uol.com.br\/wp-content\/uploads\/2026\/08\/a-historia-da-guerrilheira-que-lutou-ao-lado-de-che-guevara-ate-o-fim-tamara-bunke-750x422.jpg 750w\" sizes=\"auto, (max-width: 800px) 100vw, 800px\"><figcaption>Tamara Bunke em 1964. Centro de Estudos Che Guevara <br \/>via Jornal GGN<\/figcaption><\/figure>\n<h3>Carreira como espi\u00e3<\/h3>\n<p>A fidelidade de Tamara \u00e0 revolu\u00e7\u00e3o e sua entrega \u00e0 causa da liberta\u00e7\u00e3o latino-americana impressionaram os dirigentes do pa\u00eds. Che Guevara decidiu ent\u00e3o recomend\u00e1-la para atuar em a\u00e7\u00f5es especiais junto \u00e0 Diretoria de Intelig\u00eancia Cubana. Em mar\u00e7o de 1963, Manuel Pi\u00f1eiro Losada, o chefe da intelig\u00eancia cubana, convidou Tamara para se tornar uma agente secreta.<\/p>\n<p>O treinamento de Tamara para miss\u00f5es de espionagem ficou a cargo de Ulises Estrada, que se tornaria seu parceiro amoroso. A jovem, ent\u00e3o com 25 anos, foi designada para atuar na chamada \u201cOpera\u00e7\u00e3o Fantasma\u201d, um n\u00facleo incumbido de fortalecer e prestar apoio aos movimentos revolucion\u00e1rios latino-americanos.<\/p>\n<p>Tamara aprendeu t\u00e9cnicas de vigil\u00e2ncia, contravigil\u00e2ncia e comunica\u00e7\u00e3o secreta. Foi instru\u00edda no uso de identidades falsas, criptografia e organiza\u00e7\u00e3o de redes clandestinas. Seu nome de guerra era \u201cTania\u201d, uma homenagem que evocava o pseud\u00f4nimo utilizado pela partisan sovi\u00e9tica Zoya Kosmodemyanskaya, m\u00e1rtir da resist\u00eancia antinazista.<\/p>\n<p>Em 1964, Tamara viajou \u00e0 Tchecoslov\u00e1quia sob uma identidade falsa. Ela passou quatro meses no pa\u00eds, sendo treinada pela Seguran\u00e7a Estatal (StB) no Campo L\u00e1dv\u00ed. Em seguida, viajou para a Europa acompanhada de oficiais da intelig\u00eancia cubana, tanto para buscar informa\u00e7\u00f5es quanto para elaborar uma biografia fict\u00edcia que usaria como cobertura. Empregou v\u00e1rios nomes falsos no per\u00edodo, incluindo \u201cHayd\u00e9e Bidel Gonzal\u00e9s\u201d, \u201cMarta Iriarte\u201d e \u201cVittoria Pancini\u201d.<\/p>\n<p>Conclu\u00eddo o treinamento, Tamara recebeu instru\u00e7\u00f5es diretas de Che Guevara sobre sua miss\u00e3o. A agente seria enviada para a Bol\u00edvia, pa\u00eds escolhido como ponto estrat\u00e9gico para criar um novo foco guerrilheiro, a partir do qual a luta revolucion\u00e1ria pudesse se expandir para outros pa\u00edses da Am\u00e9rica do Sul.<\/p>\n<p>Tamara foi incumbida de estabelecer rela\u00e7\u00f5es com representantes da classe pol\u00edtica e do alto comando das For\u00e7as Armadas na Bol\u00edvia. Ela assumiu a identidade de \u201cLaura Guti\u00e9rrez Bauer\u201d, uma suposta etn\u00f3loga e antrop\u00f3loga, especializada em arqueologia e nascida em Buenos Aires. Entre as estrat\u00e9gias adotadas por Tamara estava a de ministrar aulas de alem\u00e3o para os filhos da oligarquia local, obtendo um pretexto para frequentar as casas de fam\u00edlias poderosas.<\/p>\n<p>Carism\u00e1tica e talentosa, \u201cLaura\u201d ingressou rapidamente nos c\u00edrculos restritos da elite. Travou contato com artistas como Ortega Leyt\u00f3n e Mois\u00e9s Chire Barrientos e se aproximou de burocratas, ministros e altos oficiais, incluindo o general Alfredo Ovando Candia, comandante do ex\u00e9rcito. Acabou por fazer amizade com o pr\u00f3prio presidente da Bol\u00edvia, Ren\u00e9 Barrientos Ortu\u00f1o, que a convidou para acompanh\u00e1-lo em viagem de f\u00e9rias.<\/p>\n<p>Por meio de seus contatos, \u201cLaura\u201d conseguiu ter acesso \u00e0s depend\u00eancias do chefe de informa\u00e7\u00f5es da presid\u00eancia e aos boletins restritos do alto escal\u00e3o do governo. Como parte de seu disfarce, ela assumiu um cargo no Departamento de Folclore do Minist\u00e9rio da Educa\u00e7\u00e3o, elaborando um dos mais abrangentes comp\u00eandios de can\u00e7\u00f5es populares nativas. Para obter a cidadania boliviana, Tamara arranjou um casamento de conveni\u00eancia com o estudante universit\u00e1rio Mario Mart\u00ednez.<\/p>\n<h3>A guerrilha<\/h3>\n<p>Ao longo do segundo semestre de 1966, \u00e0 medida que os planos de Che Guevara para a instala\u00e7\u00e3o de um foco guerrilheiro na selva boliviana avan\u00e7avam, o papel de Tamara se tornou cada vez mais operacional, voltado \u00e0 constru\u00e7\u00e3o de uma rede de apoio log\u00edstico aos guerrilheiros.<\/p>\n<p>Tamara era respons\u00e1vel por receber os futuros combatentes que chegavam clandestinamente \u00e0 Bol\u00edvia e organizava o deslocamento at\u00e9 a regi\u00e3o de \u00d1ancahuaz\u00fa, onde seria montada a base de opera\u00e7\u00f5es da futura coluna revolucion\u00e1ria. Ela tamb\u00e9m tentou cooptar apoio das organiza\u00e7\u00f5es da esquerda boliviana e chegou a conduzir Mario Monje, Secret\u00e1rio-Geral do Partido Comunista da Bol\u00edvia, para uma reuni\u00e3o com Che Guevara. Monje, no entanto, recusou-se a apoiar a guerrilha.<\/p>\n<p>Che Guevara recomendou a Tamara que n\u00e3o retornasse ao acampamento para n\u00e3o correr o risco de ser descoberta, mas, em mar\u00e7o de 1967, a agente fez uma nova visita a \u00d1ancahuaz\u00fa, levando consigo o jornalista franc\u00eas R\u00e9gis Debray e o ex-guerrilheiro argentino Ciro Bustos.<\/p>\n<p>No mesmo per\u00edodo, tr\u00eas membros da guerrilha desertaram e informaram as autoridades bolivianas sobre a localiza\u00e7\u00e3o do grupo. Durante as buscas pela regi\u00e3o, os militares bolivianos encontraram um im\u00f3vel utilizado pelos revolucion\u00e1rios e um jipe onde havia documentos expondo a verdadeira identidade de \u201cLaura Guti\u00e9rrez Bauer\u201d. Com seu disfarce comprometido, Tamara n\u00e3o podia regressar a La Paz. A agente foi ent\u00e3o incorporada \u00e0 guerrilha, tornando-se a \u00fanica mulher a combater no movimento insurgente de Che Guevara na Bol\u00edvia.<\/p>\n<p>A vida na selva impunha dificuldades terr\u00edveis e as condi\u00e7\u00f5es se deterioravam rapidamente \u00e0 medida que o ex\u00e9rcito boliviano, diretamente auxiliado pela CIA, apertava o cerco contra os rebeldes. Em abril de 1967, Tamara acabou se ferindo na perna e desenvolveu uma febre persistente ap\u00f3s uma infesta\u00e7\u00e3o de parasitas.<\/p>\n<p>Com a sa\u00fade debilitada, Tamara foi transferida para uma coluna de guerrilheiros enfermos comandada por Juan Vitalio Acu\u00f1a N\u00fa\u00f1ez, exercendo principalmente fun\u00e7\u00f5es de retaguarda, gest\u00e3o de suprimentos e monitoramento de transmiss\u00f5es de r\u00e1dio. A divis\u00e3o era necess\u00e1ria para que Che Guevara e os combatentes saud\u00e1veis pudessem avan\u00e7ar com maior rapidez pela densa vegeta\u00e7\u00e3o da regi\u00e3o.<\/p>\n<p>Em 31 de agosto de 1967, j\u00e1 enfraquecida por m\u00faltiplas deser\u00e7\u00f5es e ataques dos militares, a coluna comandada por Acu\u00f1a N\u00fa\u00f1ez caiu em uma emboscada preparada por um destacamento especial do ex\u00e9rcito boliviano no Vado del Yeso, sob comando do capit\u00e3o Mario Vargas. A emboscada foi viabilizada pela dela\u00e7\u00e3o do campon\u00eas Honorato Rojas, um antigo aliado dos guerrilheiros que fora capturado pelas tropas bolivianas.<\/p>\n<p>Tamara morreu ap\u00f3s ser atingida por uma rajada de tiros enquanto tentava cruzar o Rio Grande. A guerrilheira tinha 29 anos de idade. Outros oito combatentes morreram no ataque. Algumas semanas depois, em outubro de 1967, o pr\u00f3prio Che Guevara tombaria em combate.<\/p>\n<p>A CIA conduziu uma campanha de desmoraliza\u00e7\u00e3o e difama\u00e7\u00e3o contra os insurgentes, ventilando boatos sobre esc\u00e2ndalos sexuais e tentando rotular Tamara como amante de Che Guevara \u2014 uma narrativa que \u00e9 cabalmente desmentida pelas evid\u00eancias historiogr\u00e1ficas.<\/p>\n<p>O corpo de Tamara foi levado pela correnteza e somente foi encontrado dias depois. As camponesas se organizaram para obrigar os militares a concederem a Tamara um \u201centerro crist\u00e3o\u201d. Sua sepultura somente foi localizada em 1998.<\/p>\n<p>A pedido da m\u00e3e de Tamara, seus restos mortais foram trasladados para a cidade cubana de Santa Clara e depositados no Mausol\u00e9u Che Guevara. Tamara Bunke foi proclamada por Fidel Castro como hero\u00edna da Revolu\u00e7\u00e3o Cubana, figurando no pante\u00e3o dos m\u00e1rtires da ilha. A guerrilheira foi homenageada em can\u00e7\u00f5es, filmes, poemas e livros e empresta seu nome a escolas, hospitais e equipamentos p\u00fablicos de Cuba e de outros pa\u00edses.<\/p>\n<p>O post Militante, espi\u00e3 e guerrilheira: a trajet\u00f3ria de Tamara Bunke apareceu primeiro em Opera Mundi.<\/p>\n<!-- Begin Yuzo --><div class='yuzo_related_post style-1'  data-version='5.12.89'><!-- without result --><div class='yuzo_clearfixed yuzo__title yuzo__title'><h3>Related Post<\/h3><\/div>\n\t\t\t\t\t\t  <div class=\"relatedthumb \" style=\"width:125px;float:left;overflow:hidden;\">  \n\t\t\t\t\t\t\t  \n\t\t\t\t\t\t\t  <a  href=\"https:\/\/redept.com.br\/blogosfera\/mensagens-apagadas-de-mauro-cid-dizem-muito-afirma-jandira-feghali\/\"  >\n\t\t\t\t\t\t\t\t\t  <div class=\"yuzo-img-wrap \" style=\"width: 125px;height:90px;\">\n\t\t\t\t\t\t\t\t\t\t\n\t\t\t\t\t\t\t\t\t\t<div class=\"yuzo-img\" style=\"background:url('https:\/\/redept.com.br\/blogosfera\/wp-content\/uploads\/2025\/05\/Mauro-Cid-CPMI-150x150.jpg') 50% 50% no-repeat;width: 125px;height:90px;margin-bottom: 5px;background-size: cover; \"><\/div>\n\t\t\t\t\t\t\t\t\t  <\/div>\n\t\t\t\t\t\t\t\t\t  \n\t\t\t\t\t\t\t\t   <span class=\"yuzo__text--title\" style=\"font-size:13px;\">Mensagens apagadas de Mauro Cid dizem muito, afirm...<\/span>\n\t\t\t\t\t\t\t  \n\t\t\t\t\t\t\t  \n\t\t\t\t\t\t\t  <\/a>\n\n\t\t\t\t\t\t  <\/div>\n\t\t\t\t\t\t  <div class=\"relatedthumb \" style=\"width:125px;float:left;overflow:hidden;\">  \n\t\t\t\t\t\t\t  \n\t\t\t\t\t\t\t  <a  href=\"https:\/\/sul21.com.br\/opiniao\/2025\/11\/a-leveza-das-utopias-por-luiz-marques\/\"  >\n\t\t\t\t\t\t\t\t\t  <div class=\"yuzo-img-wrap \" style=\"width: 125px;height:90px;\">\n\t\t\t\t\t\t\t\t\t\t\n\t\t\t\t\t\t\t\t\t\t<div class=\"yuzo-img\" style=\"background:url('https:\/\/redept.org\/blogosfera\/wp-content\/plugins\/yuzo-related-post\/assets\/images\/default.png') 50% 50% no-repeat;width: 125px;height:90px;margin-bottom: 5px;background-size: cover; \"><\/div>\n\t\t\t\t\t\t\t\t\t  <\/div>\n\t\t\t\t\t\t\t\t\t  \n\t\t\t\t\t\t\t\t   <span class=\"yuzo__text--title\" style=\"font-size:13px;\">A leveza das utopias (por Luiz Marques)<\/span>\n\t\t\t\t\t\t\t  \n\t\t\t\t\t\t\t  \n\t\t\t\t\t\t\t  <\/a>\n\n\t\t\t\t\t\t  <\/div>\n\t\t\t\t\t\t  <div class=\"relatedthumb \" style=\"width:125px;float:left;overflow:hidden;\">  \n\t\t\t\t\t\t\t  \n\t\t\t\t\t\t\t  <a  href=\"https:\/\/redept.com.br\/blogosfera\/equipe-de-ivan-cepeda-apresenta-571-mil-queixas-sobre-processo-eleitoral-na-colombia\/\"  >\n\t\t\t\t\t\t\t\t\t  <div class=\"yuzo-img-wrap \" style=\"width: 125px;height:90px;\">\n\t\t\t\t\t\t\t\t\t\t\n\t\t\t\t\t\t\t\t\t\t<div class=\"yuzo-img\" style=\"background:url('https:\/\/redept.org\/blogosfera\/wp-content\/plugins\/yuzo-related-post\/assets\/images\/default.png') 50% 50% no-repeat;width: 125px;height:90px;margin-bottom: 5px;background-size: cover; \"><\/div>\n\t\t\t\t\t\t\t\t\t  <\/div>\n\t\t\t\t\t\t\t\t\t  \n\t\t\t\t\t\t\t\t   <span class=\"yuzo__text--title\" style=\"font-size:13px;\">Equipe de Ivan Cepeda apresenta 57,1 mil queixas s...<\/span>\n\t\t\t\t\t\t\t  \n\t\t\t\t\t\t\t  \n\t\t\t\t\t\t\t  <\/a>\n\n\t\t\t\t\t\t  <\/div>\n\t\t\t\t\t\t  <div class=\"relatedthumb \" style=\"width:125px;float:left;overflow:hidden;\">  \n\t\t\t\t\t\t\t  \n\t\t\t\t\t\t\t  <a  href=\"https:\/\/redept.com.br\/blogosfera\/cracolandia-brasil-de-fato-lanca-serie-territorio-em-fluxo-em-meio-a-novo-capitulo-de-repressao-em-sp\/\"  >\n\t\t\t\t\t\t\t\t\t  <div class=\"yuzo-img-wrap \" style=\"width: 125px;height:90px;\">\n\t\t\t\t\t\t\t\t\t\t\n\t\t\t\t\t\t\t\t\t\t<div class=\"yuzo-img\" style=\"background:url('https:\/\/redept.org\/blogosfera\/wp-content\/plugins\/yuzo-related-post\/assets\/images\/default.png') 50% 50% no-repeat;width: 125px;height:90px;margin-bottom: 5px;background-size: cover; \"><\/div>\n\t\t\t\t\t\t\t\t\t  <\/div>\n\t\t\t\t\t\t\t\t\t  \n\t\t\t\t\t\t\t\t   <span class=\"yuzo__text--title\" style=\"font-size:13px;\">Cracol\u00e2ndia: Brasil de Fato lan\u00e7a s\u00e9rie \u2018Territ\u00f3ri...<\/span>\n\t\t\t\t\t\t\t  \n\t\t\t\t\t\t\t  \n\t\t\t\t\t\t\t  <\/a>\n\n\t\t\t\t\t\t  <\/div>\n<\/div> <script>\n\t\t\t\t\t\t  jQuery(document).ready(function( $ ){\n\t\t\t\t\t\t\t\/\/jQuery('.yuzo_related_post').equalizer({ overflow : 'relatedthumb' });\n\t\t\t\t\t\t\tjQuery('.yuzo_related_post .yuzo_wraps').equalizer({ columns : '> div' });\n\t\t\t\t\t\t   })\n\t\t\t\t\t\t  <\/script> <!-- End Yuzo :) -->","protected":false},"excerpt":{"rendered":"<p>H\u00e1 59 anos, em 31 de agosto de 1967, a revolucion\u00e1ria teuto-argentina Tamara Bunke era assassinada por militares bolivianos durante uma emboscada no Vado del Yeso, coordenada pelo capit\u00e3o Mario Vargas. Filha de comunistas exilados que fugiram da Alemanha ap\u00f3s a ascens\u00e3o de Adolf Hitler, Tamara exerceu diversas fun\u00e7\u00f5es no governo revolucion\u00e1rio cubano. Em 1963, [\u2026]<\/p>\n<p>O post <a href=\"https:\/\/operamundi.uol.com.br\/pensar-a-historia\/militante-espia-e-guerrilheira-a-trajetoria-de-tamara-bunke\/\">Militante, espi\u00e3 e guerrilheira: a trajet\u00f3ria de Tamara Bunke<\/a> apareceu primeiro em <a href=\"https:\/\/operamundi.uol.com.br\/\">Opera Mundi<\/a>.<\/p>\n","protected":false},"author":2,"featured_media":102482,"comment_status":"closed","ping_status":"closed","sticky":false,"template":"","format":"standard","meta":{"fifu_image_url":"","fifu_image_alt":"","footnotes":""},"categories":[1184,1185,81344,72256,6226,4329,5622,81345],"tags":[],"class_list":["post-102481","post","type-post","status-publish","format-standard","has-post-thumbnail","hentry","category-che-guevara","category-cuba","category-espia","category-guerrilheira","category-judeus","category-militante","category-pensar-a-historia","category-tamara-bunke"],"_links":{"self":[{"href":"https:\/\/redept.com.br\/blogosfera\/wp-json\/wp\/v2\/posts\/102481","targetHints":{"allow":["GET"]}}],"collection":[{"href":"https:\/\/redept.com.br\/blogosfera\/wp-json\/wp\/v2\/posts"}],"about":[{"href":"https:\/\/redept.com.br\/blogosfera\/wp-json\/wp\/v2\/types\/post"}],"author":[{"embeddable":true,"href":"https:\/\/redept.com.br\/blogosfera\/wp-json\/wp\/v2\/users\/2"}],"replies":[{"embeddable":true,"href":"https:\/\/redept.com.br\/blogosfera\/wp-json\/wp\/v2\/comments?post=102481"}],"version-history":[{"count":0,"href":"https:\/\/redept.com.br\/blogosfera\/wp-json\/wp\/v2\/posts\/102481\/revisions"}],"wp:featuredmedia":[{"embeddable":true,"href":"https:\/\/redept.com.br\/blogosfera\/wp-json\/wp\/v2\/media\/102482"}],"wp:attachment":[{"href":"https:\/\/redept.com.br\/blogosfera\/wp-json\/wp\/v2\/media?parent=102481"}],"wp:term":[{"taxonomy":"category","embeddable":true,"href":"https:\/\/redept.com.br\/blogosfera\/wp-json\/wp\/v2\/categories?post=102481"},{"taxonomy":"post_tag","embeddable":true,"href":"https:\/\/redept.com.br\/blogosfera\/wp-json\/wp\/v2\/tags?post=102481"}],"curies":[{"name":"wp","href":"https:\/\/api.w.org\/{rel}","templated":true}]}}