{"id":102484,"date":"2026-08-31T17:15:13","date_gmt":"2026-08-31T20:15:13","guid":{"rendered":"https:\/\/redept.com.br\/blogosfera\/a-guerra-contra-o-ira-fracassou-em-reordenar-a-asia-ocidental\/"},"modified":"2026-08-31T17:15:13","modified_gmt":"2026-08-31T20:15:13","slug":"a-guerra-contra-o-ira-fracassou-em-reordenar-a-asia-ocidental","status":"publish","type":"post","link":"https:\/\/redept.com.br\/blogosfera\/a-guerra-contra-o-ira-fracassou-em-reordenar-a-asia-ocidental\/","title":{"rendered":"A guerra contra o Ir\u00e3 fracassou em reordenar a \u00c1sia Ocidental"},"content":{"rendered":"<p><span>Seis meses depois de Estados Unidos e Israel iniciarem sua guerra contra o Ir\u00e3, em 28 de fevereiro, \u00e9 poss\u00edvel avaliar o conflito n\u00e3o apenas pelos danos provocados ou pelo n\u00famero de m\u00edsseis disparados, mas pela constata\u00e7\u00e3o objetiva de que Washington e Tel Aviv n\u00e3o alcan\u00e7aram seus objetivos estrat\u00e9gicos.<\/span><\/p>\n<p><span>O projeto era muito mais ambicioso do que atingir instala\u00e7\u00f5es militares e nucleares iranianas. Pretendiam quebrar a capacidade de dissuas\u00e3o da Rep\u00fablica Isl\u00e2mica, provocar sua desestabiliza\u00e7\u00e3o interna, enfraquecer definitivamente o Eixo da Resist\u00eancia e abrir caminho para uma nova arquitetura regional sob hegemonia israelense e prote\u00e7\u00e3o militar norte-americana.<\/span><\/p>\n<p><span>Nada disso ocorreu como planejado.<\/span><\/p>\n<p><span>O governo iraniano n\u00e3o caiu, o Estado n\u00e3o entrou em colapso e o Ir\u00e3 preservou capacidade suficiente para continuar impondo elevados custos militares, econ\u00f4micos e estrat\u00e9gicos aos seus advers\u00e1rios.<\/span><\/p>\n<p><span>A guerra que deveria demonstrar a supremacia dos Estados Unidos e Israel transformou-se numa prolongada guerra de desgaste.<\/span><\/p>\n<p><span>E o mais importante nessa equa\u00e7\u00e3o \u00e9 que o pr\u00f3prio sistema regional que a guerra pretendia consolidar come\u00e7ou a mostrar suas fragilidades.<\/span><\/p>\n<p><span>Durante d\u00e9cadas, as monarquias do Golfo organizaram parte importante de sua seguran\u00e7a em torno do guarda-chuva militar norte-americano. A guerra demonstrou os limites dessa garantia. Bases, instala\u00e7\u00f5es estrat\u00e9gicas, infraestrutura energ\u00e9tica e rotas mar\u00edtimas tornaram-se vulner\u00e1veis justamente quando os EUA mobilizaram enorme poder militar para a regi\u00e3o.<\/span><\/p>\n<p><span>O Estreito de Ormuz sintetiza essa invers\u00e3o estrat\u00e9gica. A passagem por onde historicamente transita um quinto do petr\u00f3leo mundial tornou-se um dos centros da confronta\u00e7\u00e3o. Se o objetivo era demonstrar a capacidade dos EUA de controlar militarmente as rotas energ\u00e9ticas da regi\u00e3o, o resultado revelou que o Ir\u00e3 possui instrumentos para transformar sua geografia em poder estrat\u00e9gico.<\/span><\/p>\n<p><span>As consequ\u00eancias j\u00e1 ultrapassaram o campo militar. Exporta\u00e7\u00f5es de petr\u00f3leo, derivados e g\u00e1s natural liquefeito foram afetadas. Investimentos em rotas alternativas foram acelerados. O turismo, avia\u00e7\u00e3o e atividades industriais sofreram impactos.<\/span><\/p>\n<p><span>Os governos do Golfo s\u00e3o obrigados a gastar bilh\u00f5es para reduzir sua depend\u00eancia de Ormuz justamente quando enfrentam maiores press\u00f5es sobre defesa, infla\u00e7\u00e3o e seus ambiciosos projetos de diversifica\u00e7\u00e3o econ\u00f4mica.<\/span><\/p>\n<p><span>Isso ajuda a compreender porqu\u00ea a guerra contra o Ir\u00e3 n\u00e3o pode ser analisada apenas como um confronto bilateral. Ela colocou em quest\u00e3o o modelo de ordem regional constru\u00eddo pelos Estados Unidos durante d\u00e9cadas.<\/span><\/p>\n<p><span>H\u00e1 tamb\u00e9m uma transforma\u00e7\u00e3o interna na doutrina estrat\u00e9gica iraniana.<\/span><\/p>\n<figure aria-describedby=\"caption-attachment-264421\"><img loading=\"lazy\" loading=\"lazy\" decoding=\"async\"src=\"https:\/\/redept.com.br\/blogosfera\/wp-content\/uploads\/2026\/08\/population_participating_in_ali_khameneis_funeral_-_tehran.jpg\" alt=\"Funeral de Ali Khamenei em Teer\u00e3, capital do Ir\u00e3. &lt;br&gt; (Foto: Tehran Times \/ Wikimedia Commons)\" width=\"1280\" height=\"720\" srcset=\"https:\/\/redept.com.br\/blogosfera\/wp-content\/uploads\/2026\/08\/population_participating_in_ali_khameneis_funeral_-_tehran.jpg 1280w, https:\/\/operamundi.uol.com.br\/wp-content\/uploads\/2026\/08\/population_participating_in_ali_khameneis_funeral_-_tehran-300x169.jpg 300w, https:\/\/operamundi.uol.com.br\/wp-content\/uploads\/2026\/08\/population_participating_in_ali_khameneis_funeral_-_tehran-1024x576.jpg 1024w, https:\/\/operamundi.uol.com.br\/wp-content\/uploads\/2026\/08\/population_participating_in_ali_khameneis_funeral_-_tehran-768x432.jpg 768w, https:\/\/operamundi.uol.com.br\/wp-content\/uploads\/2026\/08\/population_participating_in_ali_khameneis_funeral_-_tehran-750x422.jpg 750w, https:\/\/operamundi.uol.com.br\/wp-content\/uploads\/2026\/08\/population_participating_in_ali_khameneis_funeral_-_tehran-1140x641.jpg 1140w\" sizes=\"auto, (max-width: 1280px) 100vw, 1280px\"><figcaption>Funeral de Ali Khamenei em Teer\u00e3, capital do Ir\u00e3. <br \/>(Foto: Tehran Times \/ Wikimedia Commons)<\/figcaption><\/figure>\n<p><span>Como argumentei anteriormente ao definir este per\u00edodo como uma terceira fase da Revolu\u00e7\u00e3o Isl\u00e2mica, o Ir\u00e3 parece ter ultrapassado a l\u00f3gica da chamada \u201cpaci\u00eancia estrat\u00e9gica\u201d.<\/span><\/p>\n<p><span>Dissuas\u00e3o j\u00e1 n\u00e3o significa simplesmente absorver ataques, evitar uma guerra maior e responder de maneira calculada. Significa tamb\u00e9m preservar a iniciativa e impor ao advers\u00e1rio custos suficientemente elevados para alterar seus c\u00e1lculos.<\/span><\/p>\n<p><span>Isso n\u00e3o significa que o Ir\u00e3 tenha abandonado a dimens\u00e3o regional de sua estrat\u00e9gia. Muito pelo contr\u00e1rio.\u00a0<\/span><\/p>\n<p><span>A Palestina continua ocupando posi\u00e7\u00e3o central, enquanto o Eixo da Resist\u00eancia atravessa um processo de adapta\u00e7\u00e3o \u00e0s condi\u00e7\u00f5es criadas pelo confronto direto entre Ir\u00e3, Estados Unidos e Israel.<\/span><\/p>\n<p><span>\u00c9 precisamente aqui que aparece outra contradi\u00e7\u00e3o fundamental da guerra.<\/span><\/p>\n<p><span>Estados Unidos e Israel pretendiam separar o Ir\u00e3 de sua profundidade regional. Entretanto, seis meses de conflito mostraram que a resist\u00eancia n\u00e3o depende exclusivamente de uma estrutura vertical comandada do Ir\u00e3.<\/span><\/p>\n<p><span>L\u00edbano, Palestina, I\u00eamen e outras frentes possuem din\u00e2micas pr\u00f3prias, ainda que integradas a uma confronta\u00e7\u00e3o regional mais ampla.<\/span><\/p>\n<p><span>O memorando firmado em junho tampouco representou uma capitula\u00e7\u00e3o iraniana.<\/span><\/p>\n<p><span>Ao contr\u00e1rio, sua pr\u00f3pria exist\u00eancia demonstrou que, depois de meses de opera\u00e7\u00f5es militares, os Estados Unidos teve de negociar com o Estado que pretendia submeter.<\/span><\/p>\n<p><span>As dificuldades posteriores para transformar o entendimento numa solu\u00e7\u00e3o definitiva, apenas confirmam que nenhuma das quest\u00f5es fundamentais da guerra foi resolvida.<\/span><\/p>\n<p><span>Naturalmente, seria equivocado concluir que o Ir\u00e3 saiu ileso. A Rep\u00fablica Isl\u00e2mica sofreu perdas humanas, militares, econ\u00f4micas e de infraestrutura importantes. Uma guerra de desgaste tamb\u00e9m imp\u00f5e enormes sacrif\u00edcios \u00e0 sociedade iraniana.<\/span><\/p>\n<p><span>Mas sobreviv\u00eancia estrat\u00e9gica importa. E, numa guerra concebida para provocar mudan\u00e7a de regime e redesenhar a correla\u00e7\u00e3o de for\u00e7as da \u00c1sia Ocidental, sobreviver preservando capacidade de dissuas\u00e3o constitui por si s\u00f3 um resultado pol\u00edtico relevante.<\/span><\/p>\n<p><span>Seis meses depois, portanto, a pergunta talvez deva ser invertida.<\/span><\/p>\n<p><span>N\u00e3o \u00e9 apenas quanto dano os Estados Unidos e \u201cIsrael\u201d conseguiram causar ao Ir\u00e3, mas quanto a guerra modificou a regi\u00e3o em dire\u00e7\u00e3o oposta \u00e0quela imaginada por seus arquitetos.<\/span><\/p>\n<p><span>O Ir\u00e3 permanece de p\u00e9. Ormuz tornou-se demonstra\u00e7\u00e3o concreta dos limites do poder norte-americano. As monarquias do Golfo reconsideram suas vulnerabilidades e parcerias de seguran\u00e7a. O Eixo da Resist\u00eancia n\u00e3o desapareceu. E a prometida supremacia regional israelense continua distante.<\/span><\/p>\n<p><span>A guerra destinada a produzir uma nova \u00c1sia Ocidental pode estar produzindo outra, mas n\u00e3o aquela que Estados Unidos e Israel planejaram.<\/span><\/p>\n<p><b><i>(*) Sayid Marcos Ten\u00f3rio<\/i><\/b><i><span> \u00e9 historiador, escritor e analista de geopol\u00edtica do Oriente M\u00e9dio. \u00c9 autor do livro \u2018Palestina, do mito da terra prometida \u00e0 terra da resist\u00eancia\u2019.<\/span><\/i><\/p>\n<p>O post A guerra contra o Ir\u00e3 fracassou em reordenar a \u00c1sia Ocidental apareceu primeiro em Opera Mundi.<\/p>\n<!-- Begin Yuzo --><div class='yuzo_related_post style-1'  data-version='5.12.89'><!-- without result --><div class='yuzo_clearfixed yuzo__title yuzo__title'><h3>Related Post<\/h3><\/div>\n\t\t\t\t\t\t  <div class=\"relatedthumb \" style=\"width:125px;float:left;overflow:hidden;\">  \n\t\t\t\t\t\t\t  \n\t\t\t\t\t\t\t  <a  href=\"https:\/\/redept.com.br\/blogosfera\/comunidades-do-ribeirao-onca-em-bh-enfrentam-remocoes-e-lutam-por-justica-socioambiental\/\"  >\n\t\t\t\t\t\t\t\t\t  <div class=\"yuzo-img-wrap \" style=\"width: 125px;height:90px;\">\n\t\t\t\t\t\t\t\t\t\t\n\t\t\t\t\t\t\t\t\t\t<div class=\"yuzo-img\" style=\"background:url('https:\/\/redept.org\/blogosfera\/wp-content\/plugins\/yuzo-related-post\/assets\/images\/default.png') 50% 50% no-repeat;width: 125px;height:90px;margin-bottom: 5px;background-size: cover; \"><\/div>\n\t\t\t\t\t\t\t\t\t  <\/div>\n\t\t\t\t\t\t\t\t\t  \n\t\t\t\t\t\t\t\t   <span class=\"yuzo__text--title\" style=\"font-size:13px;\">Comunidades do Ribeir\u00e3o On\u00e7a, em BH, enfrentam rem...<\/span>\n\t\t\t\t\t\t\t  \n\t\t\t\t\t\t\t  \n\t\t\t\t\t\t\t  <\/a>\n\n\t\t\t\t\t\t  <\/div>\n\t\t\t\t\t\t  <div class=\"relatedthumb \" style=\"width:125px;float:left;overflow:hidden;\">  \n\t\t\t\t\t\t\t  \n\t\t\t\t\t\t\t  <a  href=\"https:\/\/redept.com.br\/blogosfera\/lula-supera-todos-os-adversarios-em-2026-mostra-a-pesquisa-meio-ideia\/\"  >\n\t\t\t\t\t\t\t\t\t  <div class=\"yuzo-img-wrap \" style=\"width: 125px;height:90px;\">\n\t\t\t\t\t\t\t\t\t\t\n\t\t\t\t\t\t\t\t\t\t<div class=\"yuzo-img\" style=\"background:url('https:\/\/redept.com.br\/blogosfera\/wp-content\/uploads\/2026\/01\/55030952700_6a527810a0_c-150x150.jpg') 50% 50% no-repeat;width: 125px;height:90px;margin-bottom: 5px;background-size: cover; \"><\/div>\n\t\t\t\t\t\t\t\t\t  <\/div>\n\t\t\t\t\t\t\t\t\t  \n\t\t\t\t\t\t\t\t   <span class=\"yuzo__text--title\" style=\"font-size:13px;\">Lula supera todos os advers\u00e1rios em 2026, mostra a...<\/span>\n\t\t\t\t\t\t\t  \n\t\t\t\t\t\t\t  \n\t\t\t\t\t\t\t  <\/a>\n\n\t\t\t\t\t\t  <\/div>\n\t\t\t\t\t\t  <div class=\"relatedthumb \" style=\"width:125px;float:left;overflow:hidden;\">  \n\t\t\t\t\t\t\t  \n\t\t\t\t\t\t\t  <a  href=\"https:\/\/redept.com.br\/blogosfera\/lula-decreta-luto-de-sete-dias-por-morte-de-papa-francisco-veja-homenagens-de-politicos-brasileiros\/\"  >\n\t\t\t\t\t\t\t\t\t  <div class=\"yuzo-img-wrap \" style=\"width: 125px;height:90px;\">\n\t\t\t\t\t\t\t\t\t\t\n\t\t\t\t\t\t\t\t\t\t<div class=\"yuzo-img\" style=\"background:url('https:\/\/redept.org\/blogosfera\/wp-content\/plugins\/yuzo-related-post\/assets\/images\/default.png') 50% 50% no-repeat;width: 125px;height:90px;margin-bottom: 5px;background-size: cover; \"><\/div>\n\t\t\t\t\t\t\t\t\t  <\/div>\n\t\t\t\t\t\t\t\t\t  \n\t\t\t\t\t\t\t\t   <span class=\"yuzo__text--title\" style=\"font-size:13px;\">Lula decreta luto de sete dias por morte de papa F...<\/span>\n\t\t\t\t\t\t\t  \n\t\t\t\t\t\t\t  \n\t\t\t\t\t\t\t  <\/a>\n\n\t\t\t\t\t\t  <\/div>\n\t\t\t\t\t\t  <div class=\"relatedthumb \" style=\"width:125px;float:left;overflow:hidden;\">  \n\t\t\t\t\t\t\t  \n\t\t\t\t\t\t\t  <a  href=\"https:\/\/redept.com.br\/blogosfera\/projeto-oferece-formacao-gratuita-em-radio-para-jovens-das-periferias-da-zona-norte-do-recife-pe-inscreva-se\/\"  >\n\t\t\t\t\t\t\t\t\t  <div class=\"yuzo-img-wrap \" style=\"width: 125px;height:90px;\">\n\t\t\t\t\t\t\t\t\t\t\n\t\t\t\t\t\t\t\t\t\t<div class=\"yuzo-img\" style=\"background:url('https:\/\/redept.com.br\/blogosfera\/wp-content\/uploads\/2025\/06\/bdf-20250609-201915-35311b-2048x1536-1-150x150.jpeg') 50% 50% no-repeat;width: 125px;height:90px;margin-bottom: 5px;background-size: cover; \"><\/div>\n\t\t\t\t\t\t\t\t\t  <\/div>\n\t\t\t\t\t\t\t\t\t  \n\t\t\t\t\t\t\t\t   <span class=\"yuzo__text--title\" style=\"font-size:13px;\">Projeto oferece forma\u00e7\u00e3o gratuita em r\u00e1dio para jo...<\/span>\n\t\t\t\t\t\t\t  \n\t\t\t\t\t\t\t  \n\t\t\t\t\t\t\t  <\/a>\n\n\t\t\t\t\t\t  <\/div>\n<\/div> <script>\n\t\t\t\t\t\t  jQuery(document).ready(function( $ ){\n\t\t\t\t\t\t\t\/\/jQuery('.yuzo_related_post').equalizer({ overflow : 'relatedthumb' });\n\t\t\t\t\t\t\tjQuery('.yuzo_related_post .yuzo_wraps').equalizer({ columns : '> div' });\n\t\t\t\t\t\t   })\n\t\t\t\t\t\t  <\/script> <!-- End Yuzo :) -->","protected":false},"excerpt":{"rendered":"<p>Seis meses depois de Estados Unidos e Israel iniciarem sua guerra contra o Ir\u00e3, em 28 de fevereiro, \u00e9 poss\u00edvel avaliar o conflito n\u00e3o apenas pelos danos provocados ou pelo n\u00famero de m\u00edsseis disparados, mas pela constata\u00e7\u00e3o objetiva de que Washington e Tel Aviv n\u00e3o alcan\u00e7aram seus objetivos estrat\u00e9gicos. O projeto era muito mais ambicioso [\u2026]<\/p>\n<p>O post <a href=\"https:\/\/operamundi.uol.com.br\/opiniao\/a-guerra-contra-o-ira-fracassou-em-reordenar-a-asia-ocidental\/\">A guerra contra o Ir\u00e3 fracassou em reordenar a \u00c1sia Ocidental<\/a> apareceu primeiro em <a href=\"https:\/\/operamundi.uol.com.br\/\">Opera Mundi<\/a>.<\/p>\n","protected":false},"author":2,"featured_media":0,"comment_status":"closed","ping_status":"closed","sticky":false,"template":"","format":"standard","meta":{"fifu_image_url":"","fifu_image_alt":"","footnotes":""},"categories":[400,1023,41645,1312,23,37701,996,41,25,153,238,33499],"tags":[],"class_list":["post-102484","post","type-post","status-publish","format-standard","hentry","category-benjamin-netanyahu","category-donald-trump","category-eixo-da-resistencia","category-geopolitica","category-guerra","category-guerra-ira-israel","category-guerra-no-oriente-medio","category-ira","category-israel","category-opiniao","category-oriente-medio","category-republica-islamica"],"_links":{"self":[{"href":"https:\/\/redept.com.br\/blogosfera\/wp-json\/wp\/v2\/posts\/102484","targetHints":{"allow":["GET"]}}],"collection":[{"href":"https:\/\/redept.com.br\/blogosfera\/wp-json\/wp\/v2\/posts"}],"about":[{"href":"https:\/\/redept.com.br\/blogosfera\/wp-json\/wp\/v2\/types\/post"}],"author":[{"embeddable":true,"href":"https:\/\/redept.com.br\/blogosfera\/wp-json\/wp\/v2\/users\/2"}],"replies":[{"embeddable":true,"href":"https:\/\/redept.com.br\/blogosfera\/wp-json\/wp\/v2\/comments?post=102484"}],"version-history":[{"count":0,"href":"https:\/\/redept.com.br\/blogosfera\/wp-json\/wp\/v2\/posts\/102484\/revisions"}],"wp:attachment":[{"href":"https:\/\/redept.com.br\/blogosfera\/wp-json\/wp\/v2\/media?parent=102484"}],"wp:term":[{"taxonomy":"category","embeddable":true,"href":"https:\/\/redept.com.br\/blogosfera\/wp-json\/wp\/v2\/categories?post=102484"},{"taxonomy":"post_tag","embeddable":true,"href":"https:\/\/redept.com.br\/blogosfera\/wp-json\/wp\/v2\/tags?post=102484"}],"curies":[{"name":"wp","href":"https:\/\/api.w.org\/{rel}","templated":true}]}}