{"id":102490,"date":"2026-09-01T04:00:00","date_gmt":"2026-09-01T07:00:00","guid":{"rendered":"https:\/\/redept.com.br\/blogosfera\/inspiracao-para-candidatos-da-direita-modelo-bukele-de-seguranca-e-defendido-na-fiesp\/"},"modified":"2026-09-01T04:00:00","modified_gmt":"2026-09-01T07:00:00","slug":"inspiracao-para-candidatos-da-direita-modelo-bukele-de-seguranca-e-defendido-na-fiesp","status":"publish","type":"post","link":"https:\/\/redept.com.br\/blogosfera\/inspiracao-para-candidatos-da-direita-modelo-bukele-de-seguranca-e-defendido-na-fiesp\/","title":{"rendered":"Inspira\u00e7\u00e3o para candidatos da direita, modelo Bukele de seguran\u00e7a \u00e9 defendido na Fiesp"},"content":{"rendered":"<div>\n<div>\n<figure><\/figure>\n<\/div>\n<div>\n<blockquote>\n<p>Investigamos o que importa para os brasileiros al\u00e9m do que passa na campanha eleitoral. Leia mais reportagens como essa clicando <strong>aqui<\/strong>.<\/p>\n<\/blockquote>\n<\/div>\n<\/div>\n<p>O Congresso sobre seguran\u00e7a p\u00fablica realizado pela Federa\u00e7\u00e3o das Ind\u00fastrias do Estado de S\u00e3o Paulo (Fiesp) nesta segunda-feira, 31 de agosto, em sua sede, foi marcado pela un\u00edssona defesa de uma figura pol\u00edtica: o presidente de El Salvador, Nayib Bukele. O seu modelo de encarceramento em massa, inspira\u00e7\u00e3o para diversos pol\u00edticos brasileiros, j\u00e1 colocou quase 2% da popula\u00e7\u00e3o do pa\u00eds atr\u00e1s das grades, muitas vezes, sem o devido processo legal.<\/p>\n<p>A palestra do ministro da Justi\u00e7a e Seguran\u00e7a P\u00fablica salvadorenho, Gustavo Villatoro, foi o ponto alto do encontro, quando os presentes puderam ouvir suas cr\u00edticas aos defensores de direitos humanos. Segundo Villatoro, \u00f3rg\u00e3os internacionais de direitos humanos fazem \u201cmanipula\u00e7\u00e3o\u201d quando falam sobre as viola\u00e7\u00f5es no pa\u00eds. \u201cE todos esses pseudo defensores de direitos humanos, eles s\u00e3o t\u00e3o hip\u00f3critas\u201d.<\/p>\n<p>O que parecia ser um evento t\u00e9cnico sobre o tema acabou se tornando uma <span>propaganda de um modelo de seguran\u00e7a p\u00fablica que conta com o apoio de pelo menos quatro presidenci\u00e1veis, que citam pol\u00edticas semelhantes em seus planos de governo: Fl\u00e1vio Bolsonaro (PL), Ronaldo Caiado (PSD), Romeu Zema (Novo) e Renan Santos (Miss\u00e3o).<\/span><\/p>\n<p>O presidente de El Salvador \u00e9 hoje um dos s\u00edmbolos internacionais da direita punitivista, tendo sido elogiado, inclusive, pelo presidente dos Estados Unidos, Donald Trump. Durante sua apresenta\u00e7\u00e3o, o ministro do pa\u00eds declarou, inclusive, que as organiza\u00e7\u00f5es internacionais de direitos humanos estariam em \u201cum compl\u00f4\u201d contra as pol\u00edticas de seguran\u00e7a e contra o governo Bukele.<\/p>\n<p><span>Entre as a\u00e7\u00f5es mais criticadas do atual governo salvadorenho, est\u00e3o os decretos de estado de exce\u00e7\u00e3o em cadeia, pris\u00f5es em massa e a suspens\u00e3o de garantias processuais.<\/span> Elementos que foram ignorados ao longo do evento. A pol\u00edtica de Bukele foi descrita, pelo contr\u00e1rio, como inspira\u00e7\u00e3o para pol\u00edticos, pesquisadores e empres\u00e1rios do ramo da ind\u00fastria presentes.<\/p>\n<p>O senador da Rep\u00fablica, candidato a governador do estado do Paran\u00e1 pelo Partido Liberal (PL) de Fl\u00e1vio Bolsonaro, al\u00e9m de presidente do Conselho de Seguran\u00e7a da Fiesp, Sergio Moro, foi uma das vozes que defenderam a pol\u00edtica de Bukele. Ele declarou, ap\u00f3s a apresenta\u00e7\u00e3o de Villatoro, que, se eleito, fundar\u00e1 um pres\u00eddio de seguran\u00e7a m\u00e1xima estadual e o nome ser\u00e1 \u201cEl Salvador\u201d, em homenagem \u00e0 sua inspira\u00e7\u00e3o nas pol\u00edticas de seguran\u00e7a do presidente do pa\u00eds da Am\u00e9rica Central.<\/p>\n<p>Outro candidato a ministrar palestra no evento, o deputado federal Guilherme Derrite, que disputa uma vaga ao Senado Federal por S\u00e3o Paulo, pelo Progressistas, tamb\u00e9m aproveitou a oportunidade para declarar seu apoio ao modelo. Ao lado de Derrite, Moro\u00a0declarou que a experi\u00eancia de El Salvador foi vitoriosa \u201cgra\u00e7as \u00e0s pol\u00edticas ali levantadas\u201d, descritas por Villatoro, \u201cque conseguiram transformar o pa\u00eds no mais seguro da Am\u00e9rica Latina\u201d.<\/p>\n<div>\n<div>\n<h2>Por que isso importa?<\/h2>\n<p>\t\t\t\t<span><i><\/i><\/span>\n\t\t\t<\/div>\n<div>\n<ul>\n<li>A Fiesp \u00e9 a maior entidade de classe da ind\u00fastria brasileira e representa cerca de 130 mil ind\u00fastrias de S\u00e3o Paulo;<\/li>\n<li>A entidade participou do processo de impeachment da presidente Dilma Rousseff em 2016. Na \u00e9poca, Paulo Skaf era o presidente da Fiesp, cargo que tamb\u00e9m ocupa neste momento.<\/li>\n<\/ul><\/div>\n<\/div>\n<p>Quem igualmente demonstrou sua simpatia pela pol\u00edtica de Bukele, em entrevista coletiva, foi o pr\u00f3prio presidente da Fiesp, Paulo Scaff. Perguntado sobre o convite, n\u00e3o hesitou em se descrever como \u201centusiasta do combate ao crime organizado\u201d e de \u201cexemplos do mundo\u201d, como o salvadorenho, ponderando, em seguida, que \u00e9 preciso avaliar \u201cvantagens e desvantagens\u201d do modelo.<\/p>\n<div>\n<figure><figcaption>Presidente da Fiesp, Paulo Skaf, colocou-se como um \u201centusiasta\u201d do combate ao crime organizado<\/figcaption><\/figure>\n<\/div>\n<p>O Congresso Fiesp de Seguran\u00e7a P\u00fablica convidou autoridades, especialistas e lideran\u00e7as empresariais para debater pol\u00edticas para conter o avan\u00e7o do crime organizado, na sede da institui\u00e7\u00e3o na Avenida Paulista, em S\u00e3o Paulo. Foram seis pain\u00e9is com temas que discutiam desde o papel do governo no combate \u00e0s organiza\u00e7\u00f5es criminosas, at\u00e9 tecnologias que podem auxiliar nos conflitos.<\/p>\n<p>A voz dissonante sobre o modelo de seguran\u00e7a p\u00fablica durante o Congresso foi a do promotor de justi\u00e7a Lincoln Gakyia, do Minist\u00e9rio P\u00fablico do Estado de S\u00e3o Paulo (MPSP), que investiga o Primeiro Comando da Capital, o PCC, h\u00e1 30 anos.<\/p>\n<p>Ele lembrou os altos valores gastos com presos no Brasil e o formato com que as pris\u00f5es ocorreram em El Salvador: parte delas sem mandados judiciais. Para Gakyia, o cen\u00e1rio brasileiro necessitaria de uma mudan\u00e7a constitucional. \u201cN\u00e3o h\u00e1 solu\u00e7\u00f5es f\u00e1ceis para problemas complexos\u201d, avaliou.<\/p>\n<p>\u201cA gente tem que entender qual o modelo de justi\u00e7a e de seguran\u00e7a p\u00fablica que n\u00f3s queremos para o pa\u00eds. <span>Transformar modelos, com todo respeito, copiados ou adaptados de outro pa\u00eds, vai haver necessidade de que a gente supere algumas dificuldades, inclusive do ponto de vista constitucional e legal<\/span>\u201d, declarou.<\/p>\n<figure data-wp-context='{\"imageId\":\"6a967846c0796\"}' data-wp-interactive=\"core\/image\" data-wp-key=\"6a967846c0796\"><button type=\"button\" aria-haspopup=\"dialog\" data-wp-bind--aria-label=\"state.thisImage.triggerButtonAriaLabel\" data-wp-init=\"callbacks.initTriggerButton\" data-wp-on--click=\"actions.showLightbox\" data-wp-style--right=\"state.thisImage.buttonRight\" data-wp-style--top=\"state.thisImage.buttonTop\"><br \/>\n\t\t\t<svg xmlns=\"http:\/\/www.w3.org\/2000\/svg\" width=\"12\" height=\"12\" fill=\"none\" viewbox=\"0 0 12 12\">\n\t\t\t\t<path fill=\"#fff\" d=\"M2 0a2 2 0 0 0-2 2v2h1.5V2a.5.5 0 0 1 .5-.5h2V0H2Zm2 10.5H2a.5.5 0 0 1-.5-.5V8H0v2a2 2 0 0 0 2 2h2v-1.5ZM8 12v-1.5h2a.5.5 0 0 0 .5-.5V8H12v2a2 2 0 0 1-2 2H8Zm2-12a2 2 0 0 1 2 2v2h-1.5V2a.5.5 0 0 0-.5-.5H8V0h2Z\"><\/path>\n\t\t\t<\/svg><br \/>\n\t\t<\/button><figcaption>Promotor\u00a0de Justi\u00e7a do Estado de S\u00e3o Paulo, Lincoln Gakyia divergiu da maioria ao lembrar dos riscos de importar modelos de outros pa\u00edses<\/figcaption><\/figure>\n<h2><strong>Urna como pano de fundo<\/strong><\/h2>\n<p>Em meio \u00e0 defesa das pol\u00edticas de Bukele, o dia tamb\u00e9m foi reservado para demonstrar apoio \u00e0s campanhas de pol\u00edticos convidados. Durante a sua fala de abertura do congresso, Sergio Moro chamou o deputado Guilherme Derrite de \u201cfuturo senador da Rep\u00fablica\u201d, cargo ao qual o ex-secret\u00e1rio de Seguran\u00e7a P\u00fablica de S\u00e3o Paulo no governo de Tarc\u00edsio de Freitas ainda \u00e9 candidato.<\/p>\n<p>Contudo, um detalhe foi deixado de lado: na pesquisa Quaest de agosto de 2026, Derrite aparece empatado com as ex-ministras do governo Lula, Marina Silva (Psol-Rede) e Simone Tebet (PSB). O ex-secret\u00e1rio tem a mesma porcentagem de Silva, com 12% das inten\u00e7\u00f5es de votos, seguido por Tebet com 11%.<\/p>\n<p>Tarc\u00edsio de Freitas (Republicanos) tamb\u00e9m foi lembrado por Moro em sua fala de abertura. O governador de S\u00e3o Paulo foi representado no congresso pelo seu atual secret\u00e1rio de Seguran\u00e7a P\u00fablica, o delegado Osvaldo Nico Gon\u00e7alves, que assumiu a pasta em dezembro de 2025, ap\u00f3s a sa\u00edda de Derrite.<\/p>\n<p>\u201cQuero aqui pedir, secret\u00e1rio, que transmita os nossos agradecimentos ao governador Tarc\u00edsio de Freitas por ter disponibilizado prontamente esse aparato de seguran\u00e7a. N\u00e3o vou falar que ele \u00e9 o futuro governador de S\u00e3o Paulo, porque ele j\u00e1 \u00e9, mas n\u00f3s sabemos que ele vai continuar no cargo por mais quatro anos e S\u00e3o Paulo ganha muito com a reelei\u00e7\u00e3o do governador\u201d, declarou Moro.<\/p>\n<p>O senador e ex-juiz n\u00e3o foi o \u00fanico a dar t\u00edtulos antecipados aos presentes. O papel tamb\u00e9m coube a Pery Shikida, professor da Universidade Estadual do Oeste do Paran\u00e1 (Unioeste), que, durante a apresenta\u00e7\u00e3o de um estudo sobre a popula\u00e7\u00e3o carcer\u00e1ria brasileira, chamou o senador de \u201cfuturo governador do Paran\u00e1\u201d.<\/p>\n<h2><strong>Ministro salvadorenho encontrou com Fl\u00e1vio Bolsonaro<\/strong><\/h2>\n<p>Fl\u00e1vio Bolsonaro n\u00e3o esteve presente ao congresso realizado pela Fiesp, mas enviou seu vice, o deputado federal Alfredo Gaspar (PL-AL), que participou da abertura do encontro. A visita de Gustavo Villatoro ao Brasil tamb\u00e9m n\u00e3o passou em branco para o candidato do PL, que se encontrou com o ministro salvadorenho no \u00faltimo domingo, 30 de agosto, em um hotel de S\u00e3o Paulo.<\/p>\n<p><span>Na ocasi\u00e3o, Fl\u00e1vio disse que no Brasil tem \u201cpouco preso\u201d e classificou a legisla\u00e7\u00e3o brasileira como \u201cfrouxa\u201d<\/span>. At\u00e9 dezembro de 2025, os pres\u00eddios brasileiros tinham 954 mil pessoas presas, sendo a terceira maior popula\u00e7\u00e3o carcer\u00e1ria do planeta, segundo dados do F\u00f3rum Brasileiro de Seguran\u00e7a P\u00fablica.<\/p>\n<p>As pol\u00edticas de encarceramento em massa em El Salvador levaram mais de 100 mil pessoas \u00e0 pris\u00e3o, o equivalente a mais de 1% de toda a popula\u00e7\u00e3o do pa\u00eds, em eventos marcados por viola\u00e7\u00f5es de direitos humanos e amplamente denunciados por organiza\u00e7\u00f5es como a Human Rights Watch e a Anistia Internacional.<\/p>\n<p>\u201c\u00c9 uma experi\u00eancia que obviamente \u00e9 poss\u00edvel aqui no Brasil\u201d, disse Fl\u00e1vio Bolsonaro na oportunidade \u00e0 imprensa. Em seu programa de governo, o filho do ex-presidente Jair Bolsonaro tem, entre os projetos na \u00e1rea de seguran\u00e7a p\u00fablica, a cria\u00e7\u00e3o de mais 500 mil vagas em cinco pres\u00eddios nacionais de seguran\u00e7a m\u00e1xima, que seriam chamados de \u201cTreva\u201d.<\/p>\n<h2><strong>Nenhum representante do governo Lula<\/strong><\/h2>\n<p>Em meio \u00e0 exalta\u00e7\u00e3o das pol\u00edticas de seguran\u00e7a p\u00fablica de El Salvador, uma aus\u00eancia chamou aten\u00e7\u00e3o de quem participava do evento: ministros, secret\u00e1rios e autoridades do governo Lula para falar sobre os programas federais de enfrentamento ao crime organizado.<\/p>\n<p>A <strong>Ag\u00eancia P\u00fablica<\/strong> questionou Sergio Moro sobre a aus\u00eancia de representantes do governo federal. A resposta do senador foi de que o evento foi apartid\u00e1rio e que \u201chouve, sim, convite ao Minist\u00e9rio de Justi\u00e7a e Seguran\u00e7a P\u00fablica do governo Lula para participar, inclusive, da abertura e para fazer exposi\u00e7\u00e3o, mas n\u00e3o que o convite n\u00e3o foi aceito\u201d.<\/p>\n<p>Questionado, o Minist\u00e9rio da Justi\u00e7a e Seguran\u00e7a P\u00fablica (MJSP) confirmou o recebimento do convite ao chefe da pasta Wellington C\u00e9sar Lima e Silva. \u201cO Ministro recebeu e agradeceu o convite. Contudo, em raz\u00e3o de compromissos previamente assumidos em agenda, n\u00e3o foi poss\u00edvel sua participa\u00e7\u00e3o\u201d, diz a \u00edntegra da nota.<\/p><\/p>\n<!-- Begin Yuzo --><div class='yuzo_related_post style-1'  data-version='5.12.89'><!-- without result --><div class='yuzo_clearfixed yuzo__title yuzo__title'><h3>Related Post<\/h3><\/div>\n\t\t\t\t\t\t  <div class=\"relatedthumb \" style=\"width:125px;float:left;overflow:hidden;\">  \n\t\t\t\t\t\t\t  \n\t\t\t\t\t\t\t  <a  href=\"https:\/\/redept.com.br\/blogosfera\/lula-papa-francisco-propagou-o-amor-a-tolerancia-e-a-solidariedade\/\"  >\n\t\t\t\t\t\t\t\t\t  <div class=\"yuzo-img-wrap \" style=\"width: 125px;height:90px;\">\n\t\t\t\t\t\t\t\t\t\t\n\t\t\t\t\t\t\t\t\t\t<div class=\"yuzo-img\" style=\"background:url('https:\/\/redept.com.br\/blogosfera\/wp-content\/uploads\/2025\/04\/lula-papa_Ricardo-Stuckert-150x150.jpg') 50% 50% no-repeat;width: 125px;height:90px;margin-bottom: 5px;background-size: cover; \"><\/div>\n\t\t\t\t\t\t\t\t\t  <\/div>\n\t\t\t\t\t\t\t\t\t  \n\t\t\t\t\t\t\t\t   <span class=\"yuzo__text--title\" style=\"font-size:13px;\">Lula: Papa Francisco propagou o amor, a toler\u00e2ncia...<\/span>\n\t\t\t\t\t\t\t  \n\t\t\t\t\t\t\t  \n\t\t\t\t\t\t\t  <\/a>\n\n\t\t\t\t\t\t  <\/div>\n\t\t\t\t\t\t  <div class=\"relatedthumb \" style=\"width:125px;float:left;overflow:hidden;\">  \n\t\t\t\t\t\t\t  \n\t\t\t\t\t\t\t  <a  href=\"https:\/\/redept.com.br\/blogosfera\/em-meio-a-novos-ataques-tse-inicia-campanha-para-combater-desinformacao-nas-eleicoes\/\"  >\n\t\t\t\t\t\t\t\t\t  <div class=\"yuzo-img-wrap \" style=\"width: 125px;height:90px;\">\n\t\t\t\t\t\t\t\t\t\t\n\t\t\t\t\t\t\t\t\t\t<div class=\"yuzo-img\" style=\"background:url('https:\/\/redept.org\/blogosfera\/wp-content\/plugins\/yuzo-related-post\/assets\/images\/default.png') 50% 50% no-repeat;width: 125px;height:90px;margin-bottom: 5px;background-size: cover; \"><\/div>\n\t\t\t\t\t\t\t\t\t  <\/div>\n\t\t\t\t\t\t\t\t\t  \n\t\t\t\t\t\t\t\t   <span class=\"yuzo__text--title\" style=\"font-size:13px;\">Em meio a novos ataques, TSE inicia campanha para ...<\/span>\n\t\t\t\t\t\t\t  \n\t\t\t\t\t\t\t  \n\t\t\t\t\t\t\t  <\/a>\n\n\t\t\t\t\t\t  <\/div>\n\t\t\t\t\t\t  <div class=\"relatedthumb \" style=\"width:125px;float:left;overflow:hidden;\">  \n\t\t\t\t\t\t\t  \n\t\t\t\t\t\t\t  <a  href=\"https:\/\/redept.com.br\/blogosfera\/desmatamento-na-amazonia-despenca-64-em-fevereiro-menor-indice-da-historia\/\"  >\n\t\t\t\t\t\t\t\t\t  <div class=\"yuzo-img-wrap \" style=\"width: 125px;height:90px;\">\n\t\t\t\t\t\t\t\t\t\t\n\t\t\t\t\t\t\t\t\t\t<div class=\"yuzo-img\" style=\"background:url('https:\/\/redept.org\/blogosfera\/wp-content\/plugins\/yuzo-related-post\/assets\/images\/default.png') 50% 50% no-repeat;width: 125px;height:90px;margin-bottom: 5px;background-size: cover; \"><\/div>\n\t\t\t\t\t\t\t\t\t  <\/div>\n\t\t\t\t\t\t\t\t\t  \n\t\t\t\t\t\t\t\t   <span class=\"yuzo__text--title\" style=\"font-size:13px;\">Desmatamento na Amaz\u00f4nia despenca 64% em fevereiro...<\/span>\n\t\t\t\t\t\t\t  \n\t\t\t\t\t\t\t  \n\t\t\t\t\t\t\t  <\/a>\n\n\t\t\t\t\t\t  <\/div>\n\t\t\t\t\t\t  <div class=\"relatedthumb \" style=\"width:125px;float:left;overflow:hidden;\">  \n\t\t\t\t\t\t\t  \n\t\t\t\t\t\t\t  <a  href=\"https:\/\/redept.com.br\/blogosfera\/modelo-do-pix-desafia-controle-financeiro-dos-eua-sobre-o-brasil-avalia-especialista\/\"  >\n\t\t\t\t\t\t\t\t\t  <div class=\"yuzo-img-wrap \" style=\"width: 125px;height:90px;\">\n\t\t\t\t\t\t\t\t\t\t\n\t\t\t\t\t\t\t\t\t\t<div class=\"yuzo-img\" style=\"background:url('https:\/\/redept.com.br\/blogosfera\/wp-content\/uploads\/2026\/07\/pix-150x150.jpg') 50% 50% no-repeat;width: 125px;height:90px;margin-bottom: 5px;background-size: cover; \"><\/div>\n\t\t\t\t\t\t\t\t\t  <\/div>\n\t\t\t\t\t\t\t\t\t  \n\t\t\t\t\t\t\t\t   <span class=\"yuzo__text--title\" style=\"font-size:13px;\">Modelo do Pix desafia controle financeiro dos EUA ...<\/span>\n\t\t\t\t\t\t\t  \n\t\t\t\t\t\t\t  \n\t\t\t\t\t\t\t  <\/a>\n\n\t\t\t\t\t\t  <\/div>\n<\/div> <script>\n\t\t\t\t\t\t  jQuery(document).ready(function( $ ){\n\t\t\t\t\t\t\t\/\/jQuery('.yuzo_related_post').equalizer({ overflow : 'relatedthumb' });\n\t\t\t\t\t\t\tjQuery('.yuzo_related_post .yuzo_wraps').equalizer({ columns : '> div' });\n\t\t\t\t\t\t   })\n\t\t\t\t\t\t  <\/script> <!-- End Yuzo :) -->","protected":false},"excerpt":{"rendered":"<p>Candidato ao governo do Paran\u00e1, Sergio Moro promete pres\u00eddio \u201cEl Salvador\u201d durante abertura de evento em S\u00e3o Paulo<\/p>\n","protected":false},"author":2,"featured_media":0,"comment_status":"open","ping_status":"closed","sticky":false,"template":"","format":"standard","meta":{"fifu_image_url":"","fifu_image_alt":"","footnotes":""},"categories":[307,221,1760,288,132,5557,73],"tags":[],"class_list":["post-102490","post","type-post","status-publish","format-standard","hentry","category-direitos-humanos","category-economia","category-eleicoes-2026","category-justica","category-politica","category-portugues","category-seguranca-publica"],"_links":{"self":[{"href":"https:\/\/redept.com.br\/blogosfera\/wp-json\/wp\/v2\/posts\/102490","targetHints":{"allow":["GET"]}}],"collection":[{"href":"https:\/\/redept.com.br\/blogosfera\/wp-json\/wp\/v2\/posts"}],"about":[{"href":"https:\/\/redept.com.br\/blogosfera\/wp-json\/wp\/v2\/types\/post"}],"author":[{"embeddable":true,"href":"https:\/\/redept.com.br\/blogosfera\/wp-json\/wp\/v2\/users\/2"}],"replies":[{"embeddable":true,"href":"https:\/\/redept.com.br\/blogosfera\/wp-json\/wp\/v2\/comments?post=102490"}],"version-history":[{"count":0,"href":"https:\/\/redept.com.br\/blogosfera\/wp-json\/wp\/v2\/posts\/102490\/revisions"}],"wp:attachment":[{"href":"https:\/\/redept.com.br\/blogosfera\/wp-json\/wp\/v2\/media?parent=102490"}],"wp:term":[{"taxonomy":"category","embeddable":true,"href":"https:\/\/redept.com.br\/blogosfera\/wp-json\/wp\/v2\/categories?post=102490"},{"taxonomy":"post_tag","embeddable":true,"href":"https:\/\/redept.com.br\/blogosfera\/wp-json\/wp\/v2\/tags?post=102490"}],"curies":[{"name":"wp","href":"https:\/\/api.w.org\/{rel}","templated":true}]}}