{"id":102501,"date":"2026-09-01T10:01:15","date_gmt":"2026-09-01T13:01:15","guid":{"rendered":"https:\/\/redept.com.br\/blogosfera\/lula-lidera-primeiro-turno-com-38-nove-pontos-a-frente-de-flavio-bolsonaro-aponta-real-time-big-data\/"},"modified":"2026-09-01T10:01:15","modified_gmt":"2026-09-01T13:01:15","slug":"lula-lidera-primeiro-turno-com-38-nove-pontos-a-frente-de-flavio-bolsonaro-aponta-real-time-big-data","status":"publish","type":"post","link":"https:\/\/redept.com.br\/blogosfera\/lula-lidera-primeiro-turno-com-38-nove-pontos-a-frente-de-flavio-bolsonaro-aponta-real-time-big-data\/","title":{"rendered":"Lula lidera primeiro turno com 38%, nove pontos \u00e0 frente de Fl\u00e1vio Bolsonaro, aponta Real Time Big Data"},"content":{"rendered":"<p>O presidente Luiz In\u00e1cio Lula da Silva (PT) lidera a disputa presidencial no primeiro turno com 38% das inten\u00e7\u00f5es de voto, segundo pesquisa Real Time Big Data divulgada nesta ter\u00e7a-feira (1\u00ba). O senador Fl\u00e1vio Bolsonaro (PL-RJ) aparece em segundo lugar, com 29%, nove pontos atr\u00e1s do petista. Na sequ\u00eancia aparecem o escritor Augusto Cury (Avante), [\u2026]<\/p>\n<p><a href=\"https:\/\/www.brasildefato.com.br\/2026\/09\/01\/lula-lidera-primeiro-turno-com-38-nove-pontos-a-frente-de-flavio-bolsonaro-aponta-real-time-big-data\/\" rel=\"nofollow\">Fonte<\/a><\/p>\n<!-- Begin Yuzo --><div class='yuzo_related_post style-1'  data-version='5.12.89'><!-- without result --><div class='yuzo_clearfixed yuzo__title yuzo__title'><h3>Related Post<\/h3><\/div>\n\t\t\t\t\t\t  <div class=\"relatedthumb \" style=\"width:125px;float:left;overflow:hidden;\">  \n\t\t\t\t\t\t\t  \n\t\t\t\t\t\t\t  <a  href=\"https:\/\/redept.com.br\/blogosfera\/brasil-leva-a-oit-defesa-de-direitos-trabalhistas-em-meio-a-debate-sobre-ia-e-escala-6x1\/\"  >\n\t\t\t\t\t\t\t\t\t  <div class=\"yuzo-img-wrap \" style=\"width: 125px;height:90px;\">\n\t\t\t\t\t\t\t\t\t\t\n\t\t\t\t\t\t\t\t\t\t<div class=\"yuzo-img\" style=\"background:url('https:\/\/redept.org\/blogosfera\/wp-content\/plugins\/yuzo-related-post\/assets\/images\/default.png') 50% 50% no-repeat;width: 125px;height:90px;margin-bottom: 5px;background-size: cover; \"><\/div>\n\t\t\t\t\t\t\t\t\t  <\/div>\n\t\t\t\t\t\t\t\t\t  \n\t\t\t\t\t\t\t\t   <span class=\"yuzo__text--title\" style=\"font-size:13px;\">Brasil leva \u00e0 OIT defesa de direitos trabalhistas ...<\/span>\n\t\t\t\t\t\t\t  \n\t\t\t\t\t\t\t  \n\t\t\t\t\t\t\t  <\/a>\n\n\t\t\t\t\t\t  <\/div>\n\t\t\t\t\t\t  <div class=\"relatedthumb \" style=\"width:125px;float:left;overflow:hidden;\">  \n\t\t\t\t\t\t\t  \n\t\t\t\t\t\t\t  <a  href=\"https:\/\/redept.com.br\/blogosfera\/defesa-de-bolsonaro-responde-ao-stf-nega-uso-de-redes-sociais\/\"  >\n\t\t\t\t\t\t\t\t\t  <div class=\"yuzo-img-wrap \" style=\"width: 125px;height:90px;\">\n\t\t\t\t\t\t\t\t\t\t\n\t\t\t\t\t\t\t\t\t\t<div class=\"yuzo-img\" style=\"background:url('https:\/\/redept.com.br\/blogosfera\/wp-content\/uploads\/2025\/07\/bolsonaro-3-150x150.jpg') 50% 50% no-repeat;width: 125px;height:90px;margin-bottom: 5px;background-size: cover; \"><\/div>\n\t\t\t\t\t\t\t\t\t  <\/div>\n\t\t\t\t\t\t\t\t\t  \n\t\t\t\t\t\t\t\t   <span class=\"yuzo__text--title\" style=\"font-size:13px;\">Defesa de Bolsonaro responde ao STF: nega uso de r...<\/span>\n\t\t\t\t\t\t\t  \n\t\t\t\t\t\t\t  \n\t\t\t\t\t\t\t  <\/a>\n\n\t\t\t\t\t\t  <\/div>\n\t\t\t\t\t\t  <div class=\"relatedthumb \" style=\"width:125px;float:left;overflow:hidden;\">  \n\t\t\t\t\t\t\t  \n\t\t\t\t\t\t\t  <a  href=\"https:\/\/redept.com.br\/blogosfera\/novo-premie-da-franca-descarta-reduzir-feriados-e-promete-reforco-na-saude-ate-2027\/\"  >\n\t\t\t\t\t\t\t\t\t  <div class=\"yuzo-img-wrap \" style=\"width: 125px;height:90px;\">\n\t\t\t\t\t\t\t\t\t\t\n\t\t\t\t\t\t\t\t\t\t<div class=\"yuzo-img\" style=\"background:url('https:\/\/redept.com.br\/blogosfera\/wp-content\/uploads\/2025\/09\/g0uuh9gxuaejafv-150x150.jpeg') 50% 50% no-repeat;width: 125px;height:90px;margin-bottom: 5px;background-size: cover; \"><\/div>\n\t\t\t\t\t\t\t\t\t  <\/div>\n\t\t\t\t\t\t\t\t\t  \n\t\t\t\t\t\t\t\t   <span class=\"yuzo__text--title\" style=\"font-size:13px;\">Novo premi\u00ea da Fran\u00e7a descarta reduzir feriados e ...<\/span>\n\t\t\t\t\t\t\t  \n\t\t\t\t\t\t\t  \n\t\t\t\t\t\t\t  <\/a>\n\n\t\t\t\t\t\t  <\/div>\n\t\t\t\t\t\t  <div class=\"relatedthumb \" style=\"width:125px;float:left;overflow:hidden;\">  \n\t\t\t\t\t\t\t  \n\t\t\t\t\t\t\t  <a  href=\"https:\/\/redept.com.br\/blogosfera\/belem-na-sede-da-cop30-falta-agua-e-saneamento-em-bairros-de-maioria-negra\/\"  >\n\t\t\t\t\t\t\t\t\t  <div class=\"yuzo-img-wrap \" style=\"width: 125px;height:90px;\">\n\t\t\t\t\t\t\t\t\t\t\n\t\t\t\t\t\t\t\t\t\t<div class=\"yuzo-img\" style=\"background:url('https:\/\/redept.org\/blogosfera\/wp-content\/plugins\/yuzo-related-post\/assets\/images\/default.png') 50% 50% no-repeat;width: 125px;height:90px;margin-bottom: 5px;background-size: cover; \"><\/div>\n\t\t\t\t\t\t\t\t\t  <\/div>\n\t\t\t\t\t\t\t\t\t  \n\t\t\t\t\t\t\t\t   <span class=\"yuzo__text--title\" style=\"font-size:13px;\">Bel\u00e9m: na sede da COP30, falta \u00e1gua e saneamento e...<\/span>\n\t\t\t\t\t\t\t  \n\t\t\t\t\t\t\t  \n\t\t\t\t\t\t\t  <\/a>\n\n\t\t\t\t\t\t  <\/div>\n<\/div> <script>\n\t\t\t\t\t\t  jQuery(document).ready(function( $ ){\n\t\t\t\t\t\t\t\/\/jQuery('.yuzo_related_post').equalizer({ overflow : 'relatedthumb' });\n\t\t\t\t\t\t\tjQuery('.yuzo_related_post .yuzo_wraps').equalizer({ columns : '> div' });\n\t\t\t\t\t\t   })\n\t\t\t\t\t\t  <\/script> <!-- End Yuzo :) -->","protected":false},"excerpt":{"rendered":"<p>O presidente Luiz In\u00e1cio Lula da Silva (PT) lidera a disputa presidencial no primeiro turno com 38% das inten\u00e7\u00f5es de voto, segundo pesquisa Real Time Big Data divulgada nesta ter\u00e7a-feira (1\u00ba). O senador Fl\u00e1vio Bolsonaro (PL-RJ) aparece em segundo lugar, com 29%, nove pontos atr\u00e1s do petista. Na sequ\u00eancia aparecem o escritor Augusto Cury (Avante), [&hellip;]<\/p>\n","protected":false},"author":2,"featured_media":0,"comment_status":"open","ping_status":"closed","sticky":false,"template":"","format":"standard","meta":{"fifu_image_url":"","fifu_image_alt":"","footnotes":""},"categories":[47481,81381,39856,9645,11243,43823,41772,2427,50450,4794,112,40350,1532,490,491,81382,81383,252,132,2924,11856,81384,1612,1059,1475,41775,40353,3006,1600,923,39872],"tags":[],"class_list":["post-102501","post","type-post","status-publish","format-standard","hentry","category-augusto-cury","category-candidatos-a-presidencia","category-cenario-eleitoral","category-disputa-presidencial","category-eleicao-2026","category-eleitores","category-empate-tecnico","category-flavio-bolsonaro","category-instituto-de-pesquisa","category-intencao-de-voto","category-lula","category-margem-de-erro","category-novo","category-pablo-marcal","category-pesquisa-eleitoral","category-pesquisa-real-time","category-pesquisa-registrada-tse","category-pl","category-politica","category-presidente-lula","category-primeiro-turno","category-prtb","category-psd","category-pt","category-real-time-big-data","category-registro-de-pesquisa","category-renan-santos","category-romeu-zema","category-ronaldo-caiado","category-segundo-turno","category-tribunal-superior-eleitoral"],"_links":{"self":[{"href":"https:\/\/redept.com.br\/blogosfera\/wp-json\/wp\/v2\/posts\/102501","targetHints":{"allow":["GET"]}}],"collection":[{"href":"https:\/\/redept.com.br\/blogosfera\/wp-json\/wp\/v2\/posts"}],"about":[{"href":"https:\/\/redept.com.br\/blogosfera\/wp-json\/wp\/v2\/types\/post"}],"author":[{"embeddable":true,"href":"https:\/\/redept.com.br\/blogosfera\/wp-json\/wp\/v2\/users\/2"}],"replies":[{"embeddable":true,"href":"https:\/\/redept.com.br\/blogosfera\/wp-json\/wp\/v2\/comments?post=102501"}],"version-history":[{"count":0,"href":"https:\/\/redept.com.br\/blogosfera\/wp-json\/wp\/v2\/posts\/102501\/revisions"}],"wp:attachment":[{"href":"https:\/\/redept.com.br\/blogosfera\/wp-json\/wp\/v2\/media?parent=102501"}],"wp:term":[{"taxonomy":"category","embeddable":true,"href":"https:\/\/redept.com.br\/blogosfera\/wp-json\/wp\/v2\/categories?post=102501"},{"taxonomy":"post_tag","embeddable":true,"href":"https:\/\/redept.com.br\/blogosfera\/wp-json\/wp\/v2\/tags?post=102501"}],"curies":[{"name":"wp","href":"https:\/\/api.w.org\/{rel}","templated":true}]}}