{"id":102505,"date":"2026-09-01T09:59:56","date_gmt":"2026-09-01T12:59:56","guid":{"rendered":"https:\/\/redept.com.br\/blogosfera\/haddad-diz-que-tarcisio-perdeu-controle-da-seguranca-em-sp\/"},"modified":"2026-09-01T09:59:56","modified_gmt":"2026-09-01T12:59:56","slug":"haddad-diz-que-tarcisio-perdeu-controle-da-seguranca-em-sp","status":"publish","type":"post","link":"https:\/\/redept.com.br\/blogosfera\/haddad-diz-que-tarcisio-perdeu-controle-da-seguranca-em-sp\/","title":{"rendered":"Haddad diz que Tarc\u00edsio perdeu controle da seguran\u00e7a em SP"},"content":{"rendered":"<p><img fetchpriority=\"high\" width=\"1024\" height=\"683\"src=\"https:\/\/redept.com.br\/blogosfera\/wp-content\/uploads\/2026\/09\/55501299994_16865f37a5_k.jpg\" alt=\"\" decoding=\"async\" srcset=\"https:\/\/vermelho.org.br\/wp-content\/uploads\/2026\/09\/55501299994_16865f37a5_k-1024x683.jpg 1024w, https:\/\/vermelho.org.br\/wp-content\/uploads\/2026\/09\/55501299994_16865f37a5_k-300x200.jpg 300w, https:\/\/vermelho.org.br\/wp-content\/uploads\/2026\/09\/55501299994_16865f37a5_k-768x512.jpg 768w, https:\/\/vermelho.org.br\/wp-content\/uploads\/2026\/09\/55501299994_16865f37a5_k-1536x1024.jpg 1536w, https:\/\/vermelho.org.br\/wp-content\/uploads\/2026\/09\/55501299994_16865f37a5_k-272x182.jpg 272w, https:\/\/redept.com.br\/blogosfera\/wp-content\/uploads\/2026\/09\/55501299994_16865f37a5_k.jpg 2048w\" sizes=\"(max-width: 1024px) 100vw, 1024px\"><\/p>\n<p>Faltando 34 dias para o primeiro turno das elei\u00e7\u00f5es, o candidato ao governo de S\u00e3o Paulo, Fernando Haddad (<em>coliga\u00e7\u00e3o Desperta S\u00e3o Paulo<\/em>), foi o entrevistado do programa <em>Roda Viva<\/em>, da TV Cultura, nesta segunda-feira (31). Ex-ministro da Fazenda e ex-prefeito da capital, Haddad teve a seguran\u00e7a p\u00fablica como principal tema de sua sabatina, propondo mudan\u00e7as estruturais no combate ao crime organizado e tecendo duras cr\u00edticas \u00e0 gest\u00e3o de Tarc\u00edsio de Freitas (Republicanos).<\/p>\n<p>A seguran\u00e7a p\u00fablica foi um dos principais temas da entrevista. Haddad defendeu a cria\u00e7\u00e3o de um \u201cgabinete antifac\u00e7\u00e3o\u201d, diretamente subordinado ao governador, reunindo as pol\u00edcias Civil, Militar e Penal, al\u00e9m das pol\u00edcias Federal e Receita Federal e dos Minist\u00e9rios P\u00fablicos estadual e federal.<\/p>\n<blockquote>\n<p>\u201cSe n\u00f3s integrarmos as for\u00e7as, se n\u00f3s organizarmos o Estado para combater o crime organizado, o crime organizado n\u00e3o pode ir conosco.\u201d<\/p>\n<\/blockquote>\n<p><strong>Gabinete Antifac\u00e7\u00e3o e integra\u00e7\u00e3o de for\u00e7as<\/strong><\/p>\n<p>Ao ser questionado sobre o dom\u00ednio do PCC no Estado e no mercado financeiro, Haddad diagnosticou um \u201cerro no desenho constitucional\u201d e defendeu a uni\u00e3o de for\u00e7as em n\u00edvel federal e estadual. \u201cQuero instalar um gabinete antifac\u00e7\u00e3o na sala do governador, com a presen\u00e7a das pol\u00edcias Civil, Militar e Penal, al\u00e9m da Pol\u00edcia Federal, da Receita Federal e dos Minist\u00e9rios P\u00fablicos\u201d, afirmou.<\/p>\n<p>O candidato acusou governadores de extrema direita de resistirem \u00e0 medida por \u201cperda de autonomia\u201d e criticou a aprova\u00e7\u00e3o de leis antifac\u00e7\u00e3o de fachada, que, segundo ele, servem apenas para enfraquecer a Pol\u00edcia Federal e manter o atual impasse institucional no pa\u00eds.<\/p>\n<p>Para ele, o avan\u00e7o do Primeiro Comando da Capital (PCC) exige uma mudan\u00e7a na forma de atua\u00e7\u00e3o do Estado. Segundo ele, o crime organizado deixou de ser um fen\u00f4meno exclusivamente paulista e passou a operar em escala nacional e internacional, inclusive por meio de mecanismos de lavagem de dinheiro e infiltra\u00e7\u00e3o em neg\u00f3cios legais.<\/p>\n<p>Haddad citou como modelo a \u201cOpera\u00e7\u00e3o Carbono Oculto\u201d, capitaneada por ele quando esteve \u00e0 frente do Minist\u00e9rio da Fazenda, considerada uma das maiores a\u00e7\u00f5es contra o crime organizado. \u201cA coopera\u00e7\u00e3o hoje \u00e9 a exce\u00e7\u00e3o. Se integrarmos as for\u00e7as, o crime organizado n\u00e3o pode ir conosco\u201d, sustentou, criticando a vis\u00e3o \u201cpequena\u201d do atual governador, que, segundo Haddad, ignora as interconex\u00f5es internacionais das fac\u00e7\u00f5es.<\/p>\n<p><strong>Cr\u00edticas \u00e0 pol\u00edtica de seguran\u00e7a de Tarc\u00edsio<\/strong><\/p>\n<p>O candidato acusou o atual governo de ter perdido o controle da seguran\u00e7a p\u00fablica e apontou problemas como a falta de valoriza\u00e7\u00e3o dos policiais, defasagem tecnol\u00f3gica e desorganiza\u00e7\u00e3o da cadeia de comando.<\/p>\n<p>Haddad tamb\u00e9m criticou a atua\u00e7\u00e3o do governo paulista diante de casos envolvendo agentes p\u00fablicos em crimes, citando investiga\u00e7\u00f5es sobre policiais suspeitos de estupro e roubo de cargas e opera\u00e7\u00f5es de busca e apreens\u00e3o em delegacias.<\/p>\n<p>Ele defendeu c\u00e2meras corporais, fortalecimento das corregedorias, intelig\u00eancia policial e valoriza\u00e7\u00e3o das carreiras de seguran\u00e7a, argumentando que combater a viol\u00eancia policial e valorizar os policiais n\u00e3o s\u00e3o objetivos incompat\u00edveis.<\/p>\n<p>\u201cEu quero sentar com a Pol\u00edcia Militar, com a Pol\u00edcia Civil como eu sento com qualquer outra categoria profissional\u201d, afirmou.<\/p>\n<p>O candidato ainda ressaltou que a inseguran\u00e7a gera um custo bilion\u00e1rio para a economia. \u201cA inseguran\u00e7a gera custo para o Brasil. No interior, o agroneg\u00f3cio teve tratores roubados; na capital, h\u00e1 roubo de medicamentos de alto custo\u201d, exemplificou, lembrando que a impunidade no Estado \u00e9 alarmante, com apenas 5% dos crimes esclarecidos.<\/p>\n<p><strong>Contra o enquadramento do PCC como terrorismo<\/strong><\/p>\n<p>Questionado sobre a decis\u00e3o dos Estados Unidos de classificar organiza\u00e7\u00f5es criminosas brasileiras como terroristas, Haddad relativizou a nomenclatura e afirmou que a prioridade deve ser o combate efetivo \u00e0s estruturas criminosas.<\/p>\n<p>O candidato rejeitou o enquadramento de \u201cterrorismo\u201d para as fac\u00e7\u00f5es, classificando-as como m\u00e1fias movidas pelo lucro. \u201cTerrorismo tem ideologia por tr\u00e1s. \u00c9 crime organizado e precisa ser combatido. Ponto\u201d, disse, acusando a extrema-direita de usar o termo para \u201ccriar confus\u00e3o na cabe\u00e7a da opini\u00e3o p\u00fablica\u201d.<\/p>\n<p>Na mesma resposta, por\u00e9m, o candidato ampliou a cr\u00edtica para a pol\u00edtica externa norte-americana e defendeu uma atua\u00e7\u00e3o soberana do Brasil. Segundo Haddad, S\u00e3o Paulo, por ser o Estado mais afetado pelo tarifa\u00e7o norte-americano contra produtos brasileiros, deveria ter tido uma postura mais ativa do governo estadual. \u201cEle diz que n\u00e3o \u00e9 assunto dele. Como o Estado mais afetado n\u00e3o \u00e9 assunto dele?\u201d<\/p>\n<p>Ele tamb\u00e9m atacou a postura de Tarc\u00edsio em rela\u00e7\u00e3o a Donald Trump e afirmou que a diplomacia conduzida pelo presidente Luiz In\u00e1cio Lula da Silva funciona como instrumento de prote\u00e7\u00e3o dos interesses brasileiros.<\/p>\n<blockquote>\n<p><strong>Apostas virtuais: Haddad defende proibi\u00e7\u00e3o<\/strong> <\/p>\n<p>Outro momento de destaque foi a discuss\u00e3o sobre as chamadas bets. Haddad afirmou claramente ser favor\u00e1vel \u00e0 proibi\u00e7\u00e3o das apostas esportivas virtuais, embora tenha defendido que a decis\u00e3o seja debatida com a sociedade e com o Congresso.<\/p>\n<p>O candidato tra\u00e7ou um hist\u00f3rico de neglig\u00eancia, afirmando que o setor foi legalizado no apagar das luzes do governo Temer e totalmente ignorado por Bolsonaro, o que permitiu a cria\u00e7\u00e3o de um \u201cecossistema\u201d que sustenta clubes, m\u00eddia e parlamentares.<\/p>\n<\/blockquote>\n<p>Ele responsabilizou o governo Jair Bolsonaro pela aus\u00eancia de regulamenta\u00e7\u00e3o durante quatro anos e afirmou que a gest\u00e3o Lula encontrou um setor muito maior do que se imaginava. Ap\u00f3s regular e tributar o setor no governo federal, Haddad disse estar \u201cchocado\u201d com o volume de recursos (estimados em at\u00e9 0,5% do PIB) e a crise de sa\u00fade mental e endividamento gerada. <\/p>\n<p>O ex-ministro da Fazenda destacou medidas adotadas pelo governo federal, como mecanismos de autoexclus\u00e3o e a\u00e7\u00f5es de sa\u00fade p\u00fablica voltadas \u00e0 preven\u00e7\u00e3o da depend\u00eancia.<\/p>\n<p>Para Haddad, entretanto, a experi\u00eancia acumulada desde a regulamenta\u00e7\u00e3o demonstra que \u00e9 necess\u00e1rio discutir se o setor efetivamente produz algum benef\u00edcio econ\u00f4mico e social. \u201cEu pessoalmente n\u00e3o acho que vale a pena. \u00c9 um setor que n\u00e3o contribui em nada com a economia\u201d, declarou, afirmando ser favor\u00e1vel \u00e0 proibi\u00e7\u00e3o das apostas ap\u00f3s um debate com a sociedade e o Congresso.<\/p>\n<p><strong>Privatiza\u00e7\u00e3o da Sabesp e mudan\u00e7as clim\u00e1ticas<\/strong><\/p>\n<p>Haddad reafirmou ser contr\u00e1rio \u00e0 privatiza\u00e7\u00e3o da Sabesp e criticou os resultados atribu\u00eddos \u00e0 desestatiza\u00e7\u00e3o. Questionado sobre uma eventual reestatiza\u00e7\u00e3o, n\u00e3o apresentou uma decis\u00e3o definitiva, mas afirmou que ser\u00e1 necess\u00e1rio cobrar da companhia as obriga\u00e7\u00f5es previstas em contrato.<\/p>\n<p>A quest\u00e3o ambiental apareceu associada \u00e0 seguran\u00e7a h\u00eddrica. Haddad defendeu investimentos em reserva\u00e7\u00e3o de \u00e1gua, defesa civil e sistemas de previs\u00e3o de eventos extremos, tanto para garantir o abastecimento da popula\u00e7\u00e3o quanto para proteger a produ\u00e7\u00e3o agr\u00edcola.<\/p>\n<p>Tamb\u00e9m prop\u00f4s ampliar o seguro rural, especialmente por meio de seguros param\u00e9tricos, para reduzir os impactos financeiros de eventos clim\u00e1ticos extremos sobre os produtores.<\/p>\n<p><strong>Educa\u00e7\u00e3o: reconstruir o sistema estadual<\/strong><\/p>\n<p>Questionado sobre a queda de S\u00e3o Paulo do 3\u00ba para o 10\u00ba lugar no ranking do IDEB (\u00cdndice de Desenvolvimento da Educa\u00e7\u00e3o B\u00e1sica), Haddad classificou a situa\u00e7\u00e3o como \u201cum absurdo\u201d o Estado ter passado da terceira para a d\u00e9cima posi\u00e7\u00e3o e responsabilizou a atual gest\u00e3o pela deteriora\u00e7\u00e3o dos indicadores.<\/p>\n<p>Entre as causas, apontou a elevada propor\u00e7\u00e3o de professores tempor\u00e1rios, a redu\u00e7\u00e3o da autonomia pedag\u00f3gica e o excesso de plataformas e tarefas burocr\u00e1ticas.<\/p>\n<p>\u201cBotou-se o livro did\u00e1tico de lado, entupiu-se a escola de servi\u00e7o burocr\u00e1tico e planilhas sem consequ\u00eancia para a rela\u00e7\u00e3o ensino-aprendizagem\u201d, criticou. Ele prometeu um choque de gest\u00e3o para recolocar o estado entre os cinco melhores do pa\u00eds, com valoriza\u00e7\u00e3o das licenciaturas, forma\u00e7\u00e3o continuada e expans\u00e3o das escolas de tempo integral.<\/p>\n<p>Haddad prometeu retomar concursos p\u00fablicos, valorizar professores, fortalecer a forma\u00e7\u00e3o continuada, recuperar a qualidade do material did\u00e1tico e ampliar o ensino integral.<\/p>\n<p>A meta apresentada foi recolocar S\u00e3o Paulo entre os cinco melhores sistemas estaduais de educa\u00e7\u00e3o do pa\u00eds. \u201cVoc\u00ea n\u00e3o faz contra o professor uma reforma, voc\u00ea faz com o professor uma reforma.\u201d<\/p>\n<p>Sobre como governar\u00e1 com uma Assembleia Legislativa (Alesp) de maioria conservadora, ele comparou a tarefa ao seu per\u00edodo no Minist\u00e9rio da Fazenda. \u201cIsolaremos a agenda de Estado das negocia\u00e7\u00f5es de varejo. Nos dois reveses que tive no Congresso, recorri ao STF e ganhei, porque o Executivo estava certo\u201d, garantiu, demonstrando confian\u00e7a na capacidade de articula\u00e7\u00e3o sem troca de cargos.<\/p>\n<p>Para a campanha ao governo paulista, Haddad construiu, ao longo da entrevista, uma imagem de candidato com experi\u00eancia administrativa e econ\u00f4mica, mas tamb\u00e9m apresentou respostas espec\u00edficas para os tr\u00eas eixos que definiu como centrais: seguran\u00e7a, sa\u00fade e educa\u00e7\u00e3o.<\/p>\n<p>O post <a href=\"https:\/\/vermelho.org.br\/2026\/09\/01\/haddad-diz-que-tarcisio-perdeu-controle-da-seguranca-em-sp\/\">Haddad diz que Tarc\u00edsio perdeu controle da seguran\u00e7a em SP<\/a> apareceu primeiro em <a href=\"https:\/\/vermelho.org.br\/\">Vermelho<\/a>.<\/p>\n<!-- Begin Yuzo --><div class='yuzo_related_post style-1'  data-version='5.12.89'><!-- without result --><div class='yuzo_clearfixed yuzo__title yuzo__title'><h3>Related Post<\/h3><\/div>\n\t\t\t\t\t\t  <div class=\"relatedthumb \" style=\"width:125px;float:left;overflow:hidden;\">  \n\t\t\t\t\t\t\t  \n\t\t\t\t\t\t\t  <a  href=\"https:\/\/redept.com.br\/blogosfera\/a-senzala-e-de-casa\/\"  >\n\t\t\t\t\t\t\t\t\t  <div class=\"yuzo-img-wrap \" style=\"width: 125px;height:90px;\">\n\t\t\t\t\t\t\t\t\t\t\n\t\t\t\t\t\t\t\t\t\t<div class=\"yuzo-img\" style=\"background:url('https:\/\/redept.org\/blogosfera\/wp-content\/plugins\/yuzo-related-post\/assets\/images\/default.png') 50% 50% no-repeat;width: 125px;height:90px;margin-bottom: 5px;background-size: cover; \"><\/div>\n\t\t\t\t\t\t\t\t\t  <\/div>\n\t\t\t\t\t\t\t\t\t  \n\t\t\t\t\t\t\t\t   <span class=\"yuzo__text--title\" style=\"font-size:13px;\">A senzala \u00e9 de casa<\/span>\n\t\t\t\t\t\t\t  \n\t\t\t\t\t\t\t  \n\t\t\t\t\t\t\t  <\/a>\n\n\t\t\t\t\t\t  <\/div>\n\t\t\t\t\t\t  <div class=\"relatedthumb \" style=\"width:125px;float:left;overflow:hidden;\">  \n\t\t\t\t\t\t\t  \n\t\t\t\t\t\t\t  <a  href=\"https:\/\/redept.com.br\/blogosfera\/parlamentares-mulheres-e-de-esquerda-sao-as-mais-dedicadas-a-igualdade-racial\/\"  >\n\t\t\t\t\t\t\t\t\t  <div class=\"yuzo-img-wrap \" style=\"width: 125px;height:90px;\">\n\t\t\t\t\t\t\t\t\t\t\n\t\t\t\t\t\t\t\t\t\t<div class=\"yuzo-img\" style=\"background:url('https:\/\/redept.com.br\/blogosfera\/wp-content\/uploads\/2026\/02\/Captura-de-Tela-2026-02-19-as-170337-150x150.png') 50% 50% no-repeat;width: 125px;height:90px;margin-bottom: 5px;background-size: cover; \"><\/div>\n\t\t\t\t\t\t\t\t\t  <\/div>\n\t\t\t\t\t\t\t\t\t  \n\t\t\t\t\t\t\t\t   <span class=\"yuzo__text--title\" style=\"font-size:13px;\">Parlamentares mulheres e de esquerda s\u00e3o as mais d...<\/span>\n\t\t\t\t\t\t\t  \n\t\t\t\t\t\t\t  \n\t\t\t\t\t\t\t  <\/a>\n\n\t\t\t\t\t\t  <\/div>\n\t\t\t\t\t\t  <div class=\"relatedthumb \" style=\"width:125px;float:left;overflow:hidden;\">  \n\t\t\t\t\t\t\t  \n\t\t\t\t\t\t\t  <a  href=\"https:\/\/redept.com.br\/blogosfera\/justica-aumenta-indenizacao-que-nikolas-tera-de-pagar-a-felipe-neto\/\"  >\n\t\t\t\t\t\t\t\t\t  <div class=\"yuzo-img-wrap \" style=\"width: 125px;height:90px;\">\n\t\t\t\t\t\t\t\t\t\t\n\t\t\t\t\t\t\t\t\t\t<div class=\"yuzo-img\" style=\"background:url('https:\/\/redept.org\/blogosfera\/wp-content\/plugins\/yuzo-related-post\/assets\/images\/default.png') 50% 50% no-repeat;width: 125px;height:90px;margin-bottom: 5px;background-size: cover; \"><\/div>\n\t\t\t\t\t\t\t\t\t  <\/div>\n\t\t\t\t\t\t\t\t\t  \n\t\t\t\t\t\t\t\t   <span class=\"yuzo__text--title\" style=\"font-size:13px;\">Justi\u00e7a aumenta indeniza\u00e7\u00e3o que Nikolas ter\u00e1 de pa...<\/span>\n\t\t\t\t\t\t\t  \n\t\t\t\t\t\t\t  \n\t\t\t\t\t\t\t  <\/a>\n\n\t\t\t\t\t\t  <\/div>\n\t\t\t\t\t\t  <div class=\"relatedthumb \" style=\"width:125px;float:left;overflow:hidden;\">  \n\t\t\t\t\t\t\t  \n\t\t\t\t\t\t\t  <a  href=\"https:\/\/redept.com.br\/blogosfera\/apresentacao-do-novo-plano-clima-e-uma-excelente-noticia-embora-precise-de-mais-ambicao-diz-analista\/\"  >\n\t\t\t\t\t\t\t\t\t  <div class=\"yuzo-img-wrap \" style=\"width: 125px;height:90px;\">\n\t\t\t\t\t\t\t\t\t\t\n\t\t\t\t\t\t\t\t\t\t<div class=\"yuzo-img\" style=\"background:url('https:\/\/redept.org\/blogosfera\/wp-content\/plugins\/yuzo-related-post\/assets\/images\/default.png') 50% 50% no-repeat;width: 125px;height:90px;margin-bottom: 5px;background-size: cover; \"><\/div>\n\t\t\t\t\t\t\t\t\t  <\/div>\n\t\t\t\t\t\t\t\t\t  \n\t\t\t\t\t\t\t\t   <span class=\"yuzo__text--title\" style=\"font-size:13px;\">Apresenta\u00e7\u00e3o do novo Plano Clima \u00e9 uma \u2018excelente ...<\/span>\n\t\t\t\t\t\t\t  \n\t\t\t\t\t\t\t  \n\t\t\t\t\t\t\t  <\/a>\n\n\t\t\t\t\t\t  <\/div>\n<\/div> <script>\n\t\t\t\t\t\t  jQuery(document).ready(function( $ ){\n\t\t\t\t\t\t\t\/\/jQuery('.yuzo_related_post').equalizer({ overflow : 'relatedthumb' });\n\t\t\t\t\t\t\tjQuery('.yuzo_related_post .yuzo_wraps').equalizer({ columns : '> div' });\n\t\t\t\t\t\t   })\n\t\t\t\t\t\t  <\/script> <!-- End Yuzo :) -->","protected":false},"excerpt":{"rendered":"<p>Faltando 34 dias para o primeiro turno das elei\u00e7\u00f5es, o candidato ao governo de S\u00e3o Paulo, Fernando Haddad (coliga\u00e7\u00e3o Desperta S\u00e3o Paulo), foi o entrevistado do programa Roda Viva, da TV Cultura, nesta segunda-feira (31). Ex-ministro da Fazenda e ex-prefeito da capital, Haddad teve a seguran\u00e7a p\u00fablica como principal tema de sua sabatina, propondo mudan\u00e7as [&hellip;]<\/p>\n","protected":false},"author":2,"featured_media":0,"comment_status":"open","ping_status":"closed","sticky":false,"template":"","format":"standard","meta":{"fifu_image_url":"","fifu_image_alt":"","footnotes":""},"categories":[81387,95,588,132,23507,73,254],"tags":[],"class_list":["post-102505","post","type-post","status-publish","format-standard","hentry","category-apostas-virtuais","category-educacao","category-fernando-haddad","category-politica","category-privatizacao-sabesp","category-seguranca-publica","category-tarcisio-de-freitas"],"_links":{"self":[{"href":"https:\/\/redept.com.br\/blogosfera\/wp-json\/wp\/v2\/posts\/102505","targetHints":{"allow":["GET"]}}],"collection":[{"href":"https:\/\/redept.com.br\/blogosfera\/wp-json\/wp\/v2\/posts"}],"about":[{"href":"https:\/\/redept.com.br\/blogosfera\/wp-json\/wp\/v2\/types\/post"}],"author":[{"embeddable":true,"href":"https:\/\/redept.com.br\/blogosfera\/wp-json\/wp\/v2\/users\/2"}],"replies":[{"embeddable":true,"href":"https:\/\/redept.com.br\/blogosfera\/wp-json\/wp\/v2\/comments?post=102505"}],"version-history":[{"count":0,"href":"https:\/\/redept.com.br\/blogosfera\/wp-json\/wp\/v2\/posts\/102505\/revisions"}],"wp:attachment":[{"href":"https:\/\/redept.com.br\/blogosfera\/wp-json\/wp\/v2\/media?parent=102505"}],"wp:term":[{"taxonomy":"category","embeddable":true,"href":"https:\/\/redept.com.br\/blogosfera\/wp-json\/wp\/v2\/categories?post=102505"},{"taxonomy":"post_tag","embeddable":true,"href":"https:\/\/redept.com.br\/blogosfera\/wp-json\/wp\/v2\/tags?post=102505"}],"curies":[{"name":"wp","href":"https:\/\/api.w.org\/{rel}","templated":true}]}}