{"id":102524,"date":"2026-09-01T11:40:37","date_gmt":"2026-09-01T14:40:37","guid":{"rendered":"https:\/\/redept.com.br\/blogosfera\/autuados-pelo-ibama-ja-doaram-r-66-milhoes-a-136-candidatos\/"},"modified":"2026-09-01T11:40:37","modified_gmt":"2026-09-01T14:40:37","slug":"autuados-pelo-ibama-ja-doaram-r-66-milhoes-a-136-candidatos","status":"publish","type":"post","link":"https:\/\/redept.com.br\/blogosfera\/autuados-pelo-ibama-ja-doaram-r-66-milhoes-a-136-candidatos\/","title":{"rendered":"Autuados pelo Ibama j\u00e1 doaram R$ 6,6 milh\u00f5es a 136 candidatos"},"content":{"rendered":"<p><strong>GOVERNADOR DE MINAS GERAIS<\/strong> e candidato \u00e0 reelei\u00e7\u00e3o, Mateus Sim\u00f5es (PSD) recebeu R$ 200 mil como doa\u00e7\u00e3o de campanha de um empres\u00e1rio do agroneg\u00f3cio autuado por desmatamento ilegal.\u00a0<\/p>\n<p>No Paran\u00e1, o deputado federal Zeca Dirceu (PT), novamente postulante a uma vaga na C\u00e2mara, recebeu a mesma quantia de um empres\u00e1rio do setor madeireiro autuado seis vezes pelo Ibama (Instituto Brasileiro do Meio Ambiente e dos Recursos Naturais Renov\u00e1veis).<\/p>\n<p>Ambos fazem parte de uma lista de 136 candidatos que receberam R$ 6,6 milh\u00f5es em doa\u00e7\u00f5es de pessoas autuadas pelo Ibama por infra\u00e7\u00f5es ambientais como desmatamento, descumprimento de embargo e funcionamento de atividade potencialmente poluidora sem licen\u00e7a.\u00a0<\/p>\n<p>Levantamento exclusivo da <strong>Rep\u00f3rter Brasil <\/strong>identificou 267 doadores de campanha com autos de infra\u00e7\u00e3o lavrados pelo Ibama desde 1\u00ba de janeiro de 2000. Juntos, eles destinaram exatos R$ 6.615.680,04 \u00e0s elei\u00e7\u00f5es deste ano.\u00a0<\/p>\n<p>A an\u00e1lise cruza as presta\u00e7\u00f5es de contas de campanha da base do TSE (Tribunal Superior Eleitoral) gerada at\u00e9 31 de agosto deste ano com os autos de infra\u00e7\u00e3o registrados nos CPFs dos doadores. Infra\u00e7\u00f5es atribu\u00eddas a empresas das quais eles s\u00e3o s\u00f3cios n\u00e3o foram inclu\u00eddas.\u00a0<\/p>\n<div data-elementor-type=\"section\" data-elementor-id=\"77670\" data-elementor-post-type=\"elementor_library\">\n<div data-id=\"17a659f\" data-element_type=\"container\" data-e-type=\"container\" data-settings='{\"background_background\":\"classic\"}'>\n<div>\n<div data-id=\"386385d\" data-element_type=\"widget\" data-e-type=\"widget\" data-widget_type=\"heading.default\">\n<div>\n<h2>ASSINE NOSSA NEWSLETTER<\/h2>\n<\/p><\/div>\n<\/p><\/div>\n<div data-id=\"6546917\" data-element_type=\"widget\" data-e-type=\"widget\" data-widget_type=\"html.default\">\n<div>\n\t\t\t\t\t\t\t\t\t<\/div>\n<\/p><\/div>\n<div data-id=\"8c2e333\" data-element_type=\"widget\" data-e-type=\"widget\" data-settings='{\"button_width\":\"20\",\"step_next_label\":\"Next\",\"step_previous_label\":\"Previous\",\"button_width_mobile\":\"20\",\"step_type\":\"number_text\",\"step_icon_shape\":\"circle\"}' data-widget_type=\"form.default\">\n<div>\n<div>\n<div>\n\t\t\t\t\t\t\t\t\t\t\t\t<label for=\"form-field-email\"><br \/>\n\t\t\t\t\t\t\t\tEmail\t\t\t\t\t\t\t<\/label><\/p><\/div>\n<div>\n\t\t\t\t\t<button type=\"submit\"><br \/>\n\t\t\t\t\t\t<span><br \/>\n\t\t\t\t\t\t\t\t\t\t\t\t\t\t\t<span><br \/>\n\t\t\t\t\t\t\t\t\t<i aria-hidden=\"true\"><\/i>\t\t\t\t\t\t\t\t\t\t\t\t\t\t\t\t\t\t\t<span>Submit<\/span><br \/>\n\t\t\t\t\t\t\t\t\t\t\t\t\t\t\t\t\t<\/span><br \/>\n\t\t\t\t\t\t\t\t\t\t\t\t\t\t\t\t\t\t\t\t<\/span><br \/>\n\t\t\t\t\t<\/button>\n\t\t\t\t<\/div>\n<\/p><\/div>\n<\/p><\/div>\n<\/p><\/div>\n<\/p><\/div>\n<\/p><\/div>\n<\/p><\/div>\n<p>Entre os doadores autuados est\u00e3o investidores, grandes produtores rurais, empres\u00e1rios da madeira e nomes ligados ao agroneg\u00f3cio. Eles repassaram os valores para candidatos de diferentes campos ideol\u00f3gicos. Al\u00e9m de Sim\u00f5es e Dirceu, aparecem pol\u00edticos do PL, PSDB, Republicanos, Avante, PSB, entre outros.<\/p>\n<p>Um auto de infra\u00e7\u00e3o n\u00e3o equivale a uma multa definitiva nem a uma condena\u00e7\u00e3o criminal. A medida pode ser contestada administrativamente, cancelada ou permanecer sob recurso. Por\u00e9m, mesmo que o auto seja convertido em multa posteriormente paga pelo infrator, n\u00e3o h\u00e1 garantia de recomposi\u00e7\u00e3o do dano ambiental.\u00a0<\/p>\n<p>Os valores citados na reportagem s\u00e3o os valores nominais registrados pelos Ibama na \u00e9poca da autua\u00e7\u00e3o, sem corre\u00e7\u00e3o pela infla\u00e7\u00e3o.<\/p>\n<p>Procuradas, as campanha de Mateus Sim\u00f5es e Zeca Dirceu n\u00e3o responderam os questionamentos enviados pela <strong>Rep\u00f3rter Brasil<\/strong>.<\/p>\n<h2>Governador de MG recebeu doa\u00e7\u00e3o de empres\u00e1rio com R$ 178 mil em autos de infra\u00e7\u00e3o<\/h2>\n<p>Um dos beneficiados \u00e9 o governador mineiro Mateus Sim\u00f5es (PSD). Advogado e ex-vereador de Belo Horizonte, ele foi secret\u00e1rio-geral do governo Romeu Zema (Novo), tornou-se vice-governador em 2023 e assumiu o Pal\u00e1cio Tiradentes em mar\u00e7o deste ano, ap\u00f3s Zema deixar o cargo para disputar a Presid\u00eancia.<\/p>\n<figure><img fetchpriority=\"high\" fetchpriority=\"high\" decoding=\"async\" width=\"1024\" height=\"682\"src=\"https:\/\/redept.com.br\/blogosfera\/wp-content\/uploads\/2026\/09\/Mateus_Sinoes_Guilherme_Bergamini_ALMG.jpg\" alt=\"Governador de Minas Gerais, Mateus Sim\u00f5es (PSD) recebeu R$ 200 mil como doa\u00e7\u00e3o de campanha de empres\u00e1rio autuado por desmatamento ilegal (Foto: Guilherme Bergamini\/Arquivo ALMG)\" srcset=\"https:\/\/reporterbrasil.org.br\/wp-content\/uploads\/2026\/09\/Mateus_Sinoes_Guilherme_Bergamini_ALMG-1024x682.jpg 1024w, https:\/\/reporterbrasil.org.br\/wp-content\/uploads\/2026\/09\/Mateus_Sinoes_Guilherme_Bergamini_ALMG-300x200.jpg 300w, https:\/\/reporterbrasil.org.br\/wp-content\/uploads\/2026\/09\/Mateus_Sinoes_Guilherme_Bergamini_ALMG-768x512.jpg 768w, https:\/\/redept.com.br\/blogosfera\/wp-content\/uploads\/2026\/09\/Mateus_Sinoes_Guilherme_Bergamini_ALMG.jpg 1400w\" sizes=\"(max-width: 1024px) 100vw, 1024px\"><figcaption>Governador de Minas Gerais, Mateus Sim\u00f5es (PSD) recebeu R$ 200 mil como doa\u00e7\u00e3o de campanha de empres\u00e1rio autuado por desmatamento ilegal (Foto: Guilherme Bergamini\/Arquivo ALMG)<\/figcaption><\/figure>\n<p>Sim\u00f5es recebeu R$ 200 mil de Jos\u00e9 Maria Bortoli, cofundador do Grupo Bom Futuro, conglomerado do agroneg\u00f3cio fundado no Mato Grosso, com atua\u00e7\u00e3o em gr\u00e3os, algod\u00e3o e pecu\u00e1ria. A contribui\u00e7\u00e3o representa 18% dos R$ 1,088 milh\u00e3o em recursos privados arrecadados pelo governador at\u00e9 o recorte da reportagem \u2014 a campanha de Sim\u00f5es tamb\u00e9m recebeu R$ 2,7 milh\u00f5es em recursos de partido pol\u00edtico.<\/p>\n<p>Bortoli aparece em quatro autos do Ibama que somam R$ 178,6 mil em valores nominais. Um deles, de R$ 56 mil, foi cancelado. Os demais envolvem desmatamento, dano em \u00e1rea de reserva e explora\u00e7\u00e3o de madeira sem licen\u00e7a v\u00e1lida, entre 2000 e 2011.<\/p>\n<p>Procura pela <strong>Rep\u00f3rter Brasil<\/strong>, a assessoria de imprensa do Grupo Bom Futuro tamb\u00e9m n\u00e3o se pronunciou.<\/p>\n<p>No Paran\u00e1, Zeca Dirceu (PT) recebeu R$ 200 mil de Odacir Antonelli, fundador do Grupo Repinho, ligado \u00e0 ind\u00fastria de madeira, compensados e reflorestamento. A contribui\u00e7\u00e3o representa cerca de 89% dos R$ 223,9 mil privados arrecadados pelo deputado at\u00e9 31 de agosto. Filho do ex-ministro Jos\u00e9 Dirceu, que neste ano disputa uma vaga na C\u00e2mara por S\u00e3o Paulo, Zeca est\u00e1 no Congresso desde 2011 e tenta o quinto mandato consecutivo.<\/p>\n<p>Antonelli tem seis autos do Ibama em seu nome, somando R$ 3,81 milh\u00f5es em valores nominais. Tr\u00eas foram aplicados em julho de 2022, em In\u00e1cio Martins (PR): R$ 2,45 milh\u00f5es por destruir 49 hectares de vegeta\u00e7\u00e3o nativa em \u00e1rea de preserva\u00e7\u00e3o permanente; R$ 609 mil por queimar 58 hectares de Mata Atl\u00e2ntica em est\u00e1gio m\u00e9dio de regenera\u00e7\u00e3o; e R$ 530 mil por impedir a regenera\u00e7\u00e3o de 106 hectares de floresta nativa. Em novembro de 2023, recebeu outros tr\u00eas autos, de R$ 75 mil cada, por n\u00e3o cumprir determina\u00e7\u00f5es para retirar pinus e eucaliptos das \u00e1reas atingidas.<\/p>\n<p>Em nota enviada \u00e0 <strong>Rep\u00f3rter Brasil<\/strong>, o Grupo Repinho afirmou que \u201cn\u00e3o possui inger\u00eancia sobre atos, manifesta\u00e7\u00f5es, rela\u00e7\u00f5es ou quest\u00f5es de natureza estritamente particular de seus s\u00f3cios, raz\u00e3o pela qual n\u00e3o lhe compete prestar informa\u00e7\u00f5es, emitir ju\u00edzos ou se manifestar sobre assuntos relacionados \u00e0 esfera privada de qualquer um deles\u201d.<\/p>\n<p>O posicionamento informa tamb\u00e9m que a companhia recorre nas esferas administrativa e judicial. \u201cEnquanto n\u00e3o houver decis\u00e3o definitiva, a empresa considera inadequada qualquer antecipa\u00e7\u00e3o de conclus\u00f5es acerca das mat\u00e9rias ainda submetidas \u00e0 aprecia\u00e7\u00e3o das autoridades competentes\u201d, afirma na nota enviada.<\/p>\n<figure><img decoding=\"async\" width=\"1000\" height=\"616\"src=\"https:\/\/redept.com.br\/blogosfera\/wp-content\/uploads\/2026\/09\/Zeca-Dirceu_Bruno_Spada_Camara_Deputados.jpg\" alt=\"Deputado federal e candidato \u00e0 reelei\u00e7\u00e3o, Zeca Dirceu (PT) tamb\u00e9m recebeu doa\u00e7\u00e3o de campanha de R$ 200 mil de madeireiro autuado seis vezes pelo Ibama (Foto: Bruno Spada\/C\u00e2mara dos Deputados)\" srcset=\"https:\/\/redept.com.br\/blogosfera\/wp-content\/uploads\/2026\/09\/Zeca-Dirceu_Bruno_Spada_Camara_Deputados.jpg 1000w, https:\/\/reporterbrasil.org.br\/wp-content\/uploads\/2026\/09\/Zeca-Dirceu_Bruno_Spada_Camara_Deputados-300x185.jpg 300w, https:\/\/reporterbrasil.org.br\/wp-content\/uploads\/2026\/09\/Zeca-Dirceu_Bruno_Spada_Camara_Deputados-768x473.jpg 768w\" sizes=\"(max-width: 1000px) 100vw, 1000px\"><figcaption>Deputado federal e candidato \u00e0 reelei\u00e7\u00e3o, Zeca Dirceu (PT) tamb\u00e9m recebeu doa\u00e7\u00e3o de campanha de R$ 200 mil de madeireiro autuado seis vezes pelo Ibama (Foto: Bruno Spada\/C\u00e2mara dos Deputados) <\/figcaption><\/figure>\n<h2>Ruralistas autuados bancam campanhas em Mato Grosso<\/h2>\n<p>Mato Grosso concentra v\u00e1rios casos de financiamento eleitoral por infratores ambientais. Um dos favorecidos \u00e9 Antonio Galvan (Avante), candidato a uma das duas vagas ao Senado. Produtor rural, ele ganhou proje\u00e7\u00e3o nacional \u00e0 frente da Aprosoja Brasil, representante de produtores de gr\u00e3os, e tornou-se uma das vozes pol\u00edticas mais conhecidas do agroneg\u00f3cio durante o governo de Jair Bolsonaro.<\/p>\n<p>Dos R$ 324 mil privados arrecadados por Galvan, R$ 200 mil vieram dos irm\u00e3os Felipe e Rafael Bilibio. Os dois s\u00e3o produtores rurais em Vera, no norte de Mato Grosso, e s\u00f3cios da Agropecu\u00e1ria Irm\u00e3os Bilibio, dedicada principalmente ao cultivo de soja. Rafael preside o Sindicato Rural do munic\u00edpio.\u00a0<\/p>\n<p>Felipe tem quatro autos do Ibama, no total de R$ 1,1 milh\u00e3o. Rafael tem tr\u00eas, somando R$ 1,37 milh\u00e3o. Todos s\u00e3o de 2016. H\u00e1 registros de corte raso de vegeta\u00e7\u00e3o amaz\u00f4nica, impedimento de regenera\u00e7\u00e3o natural e interven\u00e7\u00e3o em \u00e1rea embargada.<\/p>\n<p>Em um dos autos, Rafael foi autuado em R$ 1,28 milh\u00e3o por impedir a regenera\u00e7\u00e3o de 255 hectares de vegeta\u00e7\u00e3o nativa amaz\u00f4nica na Fazenda Floresta I, em Vera, segundo o Ibama. A \u00e1rea estava embargada (interditada) desde 2007.<\/p>\n<p>A advogada que representa os irm\u00e3os Bilibio disse que n\u00e3o pode informar sobre os andamentos das autua\u00e7\u00f5es. \u201cRaz\u00e3o pela qual o m\u00e9rito ou pormenores das demandas n\u00e3o ser\u00e1 comentado\u201d, afirmou. \u201cTamb\u00e9m n\u00e3o \u00e9 poss\u00edvel que eu responda quais as motiva\u00e7\u00f5es pessoais dos meus clientes para doa\u00e7\u00f5es que os mesmos decidam ou n\u00e3o realizar\u201d, complementou.\u00a0<\/p>\n<p>Em 2021, quando presidia a Aprosoja Brasil, Galvan foi investigado no STF (Supremo Tribunal Federal) por suspeitas relacionadas ao financiamento dos atos antidemocr\u00e1ticos de 7 de Setembro daquele ano.<\/p>\n<figure><img decoding=\"async\" width=\"799\" height=\"533\"src=\"https:\/\/redept.com.br\/blogosfera\/wp-content\/uploads\/2026\/09\/aprosoja-mauricio-buffon-antonio-galvan.jpg\" alt=\"Ex-dirigente da Aprosoja, Ant\u00f4nio Galvan (esq) teve seu nome associado aos atos golpistas de 8 de janeiro de 2022 (Foto: Divulga\u00e7\u00e3o\/Aprosoja)\" srcset=\"https:\/\/redept.com.br\/blogosfera\/wp-content\/uploads\/2026\/09\/aprosoja-mauricio-buffon-antonio-galvan.jpg 799w, https:\/\/reporterbrasil.org.br\/wp-content\/uploads\/2024\/05\/aprosoja-mauricio-buffon-antonio-galvan-300x200.jpg 300w, https:\/\/reporterbrasil.org.br\/wp-content\/uploads\/2024\/05\/aprosoja-mauricio-buffon-antonio-galvan-768x512.jpg 768w\" sizes=\"(max-width: 799px) 100vw, 799px\"><figcaption>Ex-dirigente da Aprosoja, Ant\u00f4nio Galvan (esq) teve seu nome associado aos atos golpistas de 8 de janeiro de 2022 (Foto: Divulga\u00e7\u00e3o\/Aprosoja) <\/figcaption><\/figure>\n<p>Na \u00e9poca, a <strong>Rep\u00f3rter Brasil<\/strong> mostrou que ele pr\u00f3prio havia sido multado por desmatamento de 500 hectares e respondia a disputas judiciais sobre poss\u00edvel plantio clandestino de soja e suposta tentativa de invas\u00e3o a uma fazenda vizinha. A assessoria de imprensa de Galvan n\u00e3o respondeu aos questionamentos da reportagem.<\/p>\n<p>J\u00e1 Otaviano Pivetta (Republicanos), candidato ao governo de Mato Grosso, recebeu R$ 150 mil de dois financiadores com autos no Ibama.\u00a0<\/p>\n<p>Osmar Ribeiro de Mello, respons\u00e1vel por R$ 100 mil em doa\u00e7\u00f5es, tem quatro autos em seu nome que somam R$ 2 milh\u00f5es. O maior, de R$ 1,2 milh\u00e3o, foi aplicado em 2013, por destruir 251 hectares de floresta amaz\u00f4nica em Feliz Natal, segundo o Ibama. Em 2017, recebeu outros dois, de R$ 525 mil e R$ 215 mil, por destrui\u00e7\u00e3o ou dano a 146,8 hectares de vegeta\u00e7\u00e3o nativa.<\/p>\n<p>Os outros R$ 50 mil vieram do ex-prefeito de Lucas do Rio Verde e fundador da Fiagril\u00a0 Marino Jos\u00e9 Franz, autuado em R$ 793 mil em 2015 por executar manejo florestal em 792 hectares das fazendas Taipas I e II, em Nova Maring\u00e1, sem autoriza\u00e7\u00e3o pr\u00e9via do \u00f3rg\u00e3o ambiental, segundo o Ibama. Nem a campanha de Pivetta, nem seus doadores responderam \u00e0s perguntas enviadas pela <strong>Rep\u00f3rter Brasil<\/strong>.\u00a0<\/p>\n<p>Tamb\u00e9m em Mato Grosso, Samantha Brunini (PL) disputa uma vaga na Assembleia Legislativa. Esposa do prefeito de Cuiab\u00e1, Abilio Brunini (PL), ela foi a vereadora mais votada da capital em 2024 e neste ano concorre com o nome de urna \u201cSamantha do Abilio\u201d.\u00a0<\/p>\n<p>At\u00e9 31 de agosto havia recebido R$ 301,8 mil em recursos privados, dos quais R$ 300 mil vieram de uma \u00fanica pessoa: Elizeu Zulmar Maggi Scheffer, empres\u00e1rio do Grupo Scheffer.<\/p>\n<p>A candidatura de Samantha tamb\u00e9m recebeu o apoio expl\u00edcito de Michelle Bolsonaro. No fim de agosto, a ex-primeira-dama apareceu em v\u00eddeo ao lado da candidata e de Abilio Brunini afirmando que Samantha era \u201cminha candidata a deputada estadual\u201d.<\/p>\n<p>O Grupo Scheffer atua na produ\u00e7\u00e3o de soja, algod\u00e3o e milho, pecu\u00e1ria, armazenagem e fertilizantes. Scheffer foi autuado pelo Ibama em 2002 em R$ 24 mil por desmatar 200 hectares de Cerrado na Fazenda Rafaela, em Sapezal.\u00a0<\/p>\n<p>Elizeu \u00e9 o fundador do grupo, criado depois que sua fam\u00edlia chegou a Mato Grosso em 1980. Nem a candidata nem o grupo Scheffer retornaram aos questionamentos da reportagem.<\/p>\n<div data-elementor-type=\"section\" data-elementor-id=\"129686\" data-elementor-post-type=\"elementor_library\">\n<div>\n<div data-id=\"e5e1762\" data-element_type=\"widget\" data-e-type=\"widget\" data-widget_type=\"image.default\">\n<div>\n\t\t\t\t\t\t\t\t\t\t\t\t\t\t\t<img loading=\"lazy\" loading=\"lazy\" decoding=\"async\" width=\"360\" height=\"300\"src=\"https:\/\/redept.com.br\/blogosfera\/wp-content\/uploads\/2026\/09\/apoie-1.webp\" alt=\"Apoie a Rep\u00f3rter Brasil\" srcset=\"https:\/\/redept.com.br\/blogosfera\/wp-content\/uploads\/2026\/09\/apoie-1.webp 360w, https:\/\/reporterbrasil.org.br\/wp-content\/uploads\/2026\/04\/apoie-1-300x250.webp 300w\" sizes=\"auto, (max-width: 360px) 100vw, 360px\">\t\t\t\t\t\t\t\t\t\t\t\t\t\t\t<\/div>\n<\/p><\/div>\n<\/p><\/div>\n<\/p><\/div>\n<p><strong>25 anos investigando para mudar.<\/strong><\/p>\n<p><strong>A Rep\u00f3rter Brasil j\u00e1 ajudou a impulsionar leis, fortalecer direitos e combater o trabalho escravo.<\/strong><\/p>\n<p><strong>Em 2026, fazemos 25 anos \u2014 e vem muito mais por a\u00ed!<\/strong><\/p>\n<div data-elementor-type=\"container\" data-elementor-id=\"75228\" data-elementor-post-type=\"elementor_library\">\n<div data-id=\"5e8db1e6\" data-element_type=\"container\" data-e-type=\"container\">\n<div>\n<div data-id=\"36eb6c91\" data-element_type=\"container\" data-e-type=\"container\">\n<div>\n<div data-id=\"6f52f515\" data-element_type=\"container\" data-e-type=\"container\">\n<div data-id=\"65d9f401\" data-element_type=\"widget\" data-e-type=\"widget\" data-widget_type=\"divider.default\">\n<div>\n<div>\n\t\t\t<span><br \/>\n\t\t\t\t\t\t<\/span>\n\t\t<\/div>\n<\/p><\/div>\n<\/p><\/div>\n<\/p><\/div>\n<div data-id=\"134a1245\" data-element_type=\"container\" data-e-type=\"container\">\n<div>\n<div data-id=\"10fe55fe\" data-element_type=\"widget\" data-e-type=\"widget\" data-widget_type=\"text-editor.default\">\n<div>\n<p>Leia tamb\u00e9m<\/p>\n<\/p><\/div>\n<\/p><\/div>\n<\/p><\/div>\n<\/p><\/div>\n<\/p><\/div>\n<\/p><\/div>\n<div data-id=\"3c9495ae\" data-element_type=\"widget\" data-e-type=\"widget\" data-settings='{\"template_id\":\"75221\",\"columns\":1,\"row_gap\":{\"unit\":\"px\",\"size\":10,\"sizes\":[]},\"_skin\":\"post\",\"columns_tablet\":\"2\",\"columns_mobile\":\"1\",\"edit_handle_selector\":\"[data-elementor-type=\"loop-item\"]\",\"row_gap_tablet\":{\"unit\":\"px\",\"size\":\"\",\"sizes\":[]},\"row_gap_mobile\":{\"unit\":\"px\",\"size\":\"\",\"sizes\":[]}}' data-widget_type=\"loop-grid.post\">\n<div>\n<div>\n\t\t<\/div>\n<\/p><\/div>\n<\/p><\/div>\n<\/p><\/div>\n<\/p><\/div>\n<\/p><\/div>\n<p>The post Autuados pelo Ibama j\u00e1 doaram R$ 6,6 milh\u00f5es a 136 candidatos appeared first on Rep\u00f3rter Brasil.<\/p>\n<!-- Begin Yuzo --><div class='yuzo_related_post style-1'  data-version='5.12.89'><!-- without result --><div class='yuzo_clearfixed yuzo__title yuzo__title'><h3>Related Post<\/h3><\/div>\n\t\t\t\t\t\t  <div class=\"relatedthumb \" style=\"width:125px;float:left;overflow:hidden;\">  \n\t\t\t\t\t\t\t  \n\t\t\t\t\t\t\t  <a  href=\"https:\/\/redept.com.br\/blogosfera\/avanca-proposta-que-dispensa-atletas-profissionais-de-estagio-obrigatorio\/\"  >\n\t\t\t\t\t\t\t\t\t  <div class=\"yuzo-img-wrap \" style=\"width: 125px;height:90px;\">\n\t\t\t\t\t\t\t\t\t\t\n\t\t\t\t\t\t\t\t\t\t<div class=\"yuzo-img\" style=\"background:url('https:\/\/redept.org\/blogosfera\/wp-content\/plugins\/yuzo-related-post\/assets\/images\/default.png') 50% 50% no-repeat;width: 125px;height:90px;margin-bottom: 5px;background-size: cover; \"><\/div>\n\t\t\t\t\t\t\t\t\t  <\/div>\n\t\t\t\t\t\t\t\t\t  \n\t\t\t\t\t\t\t\t   <span class=\"yuzo__text--title\" style=\"font-size:13px;\">Avan\u00e7a proposta que dispensa atletas profissionais...<\/span>\n\t\t\t\t\t\t\t  \n\t\t\t\t\t\t\t  \n\t\t\t\t\t\t\t  <\/a>\n\n\t\t\t\t\t\t  <\/div>\n\t\t\t\t\t\t  <div class=\"relatedthumb \" style=\"width:125px;float:left;overflow:hidden;\">  \n\t\t\t\t\t\t\t  \n\t\t\t\t\t\t\t  <a  href=\"https:\/\/redept.com.br\/blogosfera\/defesa-diz-que-medidas-contra-bolsonaro-sao-severas\/\"  >\n\t\t\t\t\t\t\t\t\t  <div class=\"yuzo-img-wrap \" style=\"width: 125px;height:90px;\">\n\t\t\t\t\t\t\t\t\t\t\n\t\t\t\t\t\t\t\t\t\t<div class=\"yuzo-img\" style=\"background:url('https:\/\/redept.org\/blogosfera\/wp-content\/plugins\/yuzo-related-post\/assets\/images\/default.png') 50% 50% no-repeat;width: 125px;height:90px;margin-bottom: 5px;background-size: cover; \"><\/div>\n\t\t\t\t\t\t\t\t\t  <\/div>\n\t\t\t\t\t\t\t\t\t  \n\t\t\t\t\t\t\t\t   <span class=\"yuzo__text--title\" style=\"font-size:13px;\">Defesa diz que medidas contra Bolsonaro s\u00e3o severa...<\/span>\n\t\t\t\t\t\t\t  \n\t\t\t\t\t\t\t  \n\t\t\t\t\t\t\t  <\/a>\n\n\t\t\t\t\t\t  <\/div>\n\t\t\t\t\t\t  <div class=\"relatedthumb \" style=\"width:125px;float:left;overflow:hidden;\">  \n\t\t\t\t\t\t\t  \n\t\t\t\t\t\t\t  <a  href=\"https:\/\/redept.com.br\/blogosfera\/o-que-e-noticia-no-jornal-tvt-news-primeira-edicao-09-06-2026\/\"  >\n\t\t\t\t\t\t\t\t\t  <div class=\"yuzo-img-wrap \" style=\"width: 125px;height:90px;\">\n\t\t\t\t\t\t\t\t\t\t\n\t\t\t\t\t\t\t\t\t\t<div class=\"yuzo-img\" style=\"background:url('https:\/\/redept.com.br\/blogosfera\/wp-content\/uploads\/2026\/06\/jornal_tvt_news-10-150x150.jpeg') 50% 50% no-repeat;width: 125px;height:90px;margin-bottom: 5px;background-size: cover; \"><\/div>\n\t\t\t\t\t\t\t\t\t  <\/div>\n\t\t\t\t\t\t\t\t\t  \n\t\t\t\t\t\t\t\t   <span class=\"yuzo__text--title\" style=\"font-size:13px;\">O que \u00e9 not\u00edcia no Jornal TVT News Primeira Edi\u00e7\u00e3o...<\/span>\n\t\t\t\t\t\t\t  \n\t\t\t\t\t\t\t  \n\t\t\t\t\t\t\t  <\/a>\n\n\t\t\t\t\t\t  <\/div>\n\t\t\t\t\t\t  <div class=\"relatedthumb \" style=\"width:125px;float:left;overflow:hidden;\">  \n\t\t\t\t\t\t\t  \n\t\t\t\t\t\t\t  <a  href=\"https:\/\/redept.com.br\/blogosfera\/lei-define-12-de-marco-dia-nacional-em-memoria-das-vitimas-da-covid-19\/\"  >\n\t\t\t\t\t\t\t\t\t  <div class=\"yuzo-img-wrap \" style=\"width: 125px;height:90px;\">\n\t\t\t\t\t\t\t\t\t\t\n\t\t\t\t\t\t\t\t\t\t<div class=\"yuzo-img\" style=\"background:url('https:\/\/redept.org\/blogosfera\/wp-content\/plugins\/yuzo-related-post\/assets\/images\/default.png') 50% 50% no-repeat;width: 125px;height:90px;margin-bottom: 5px;background-size: cover; \"><\/div>\n\t\t\t\t\t\t\t\t\t  <\/div>\n\t\t\t\t\t\t\t\t\t  \n\t\t\t\t\t\t\t\t   <span class=\"yuzo__text--title\" style=\"font-size:13px;\">Lei define 12 de mar\u00e7o Dia Nacional em Mem\u00f3ria das...<\/span>\n\t\t\t\t\t\t\t  \n\t\t\t\t\t\t\t  \n\t\t\t\t\t\t\t  <\/a>\n\n\t\t\t\t\t\t  <\/div>\n<\/div> <script>\n\t\t\t\t\t\t  jQuery(document).ready(function( $ ){\n\t\t\t\t\t\t\t\/\/jQuery('.yuzo_related_post').equalizer({ overflow : 'relatedthumb' });\n\t\t\t\t\t\t\tjQuery('.yuzo_related_post .yuzo_wraps').equalizer({ columns : '> div' });\n\t\t\t\t\t\t   })\n\t\t\t\t\t\t  <\/script> <!-- End Yuzo :) -->","protected":false},"excerpt":{"rendered":"<p>Levantamento cruzou doa\u00e7\u00f5es declaradas ao TSE com autos do Ibama lavrados desde 2000; 267 financiadores destinaram R$ 6,6 milh\u00f5es a 136 candidatos a governador, senador, deputado federal e estadual<\/p>\n<p>The post <a href=\"https:\/\/reporterbrasil.org.br\/2026\/09\/eleicoes-2026-autuados-ibama-doacoes-candidatos\/\">Autuados pelo Ibama j\u00e1 doaram R$ 6,6 milh\u00f5es a 136 candidatos<\/a> appeared first on <a href=\"https:\/\/reporterbrasil.org.br\/\">Rep\u00f3rter Brasil<\/a>.<\/p>\n","protected":false},"author":2,"featured_media":102525,"comment_status":"open","ping_status":"closed","sticky":false,"template":"","format":"standard","meta":{"fifu_image_url":"","fifu_image_alt":"","footnotes":""},"categories":[13690,5879,1760,5799],"tags":[],"class_list":["post-102524","post","type-post","status-publish","format-standard","has-post-thumbnail","hentry","category-_destaque-da-home-1","category-conteudo-original-em-portugues","category-eleicoes-2026","category-reportagens"],"_links":{"self":[{"href":"https:\/\/redept.com.br\/blogosfera\/wp-json\/wp\/v2\/posts\/102524","targetHints":{"allow":["GET"]}}],"collection":[{"href":"https:\/\/redept.com.br\/blogosfera\/wp-json\/wp\/v2\/posts"}],"about":[{"href":"https:\/\/redept.com.br\/blogosfera\/wp-json\/wp\/v2\/types\/post"}],"author":[{"embeddable":true,"href":"https:\/\/redept.com.br\/blogosfera\/wp-json\/wp\/v2\/users\/2"}],"replies":[{"embeddable":true,"href":"https:\/\/redept.com.br\/blogosfera\/wp-json\/wp\/v2\/comments?post=102524"}],"version-history":[{"count":0,"href":"https:\/\/redept.com.br\/blogosfera\/wp-json\/wp\/v2\/posts\/102524\/revisions"}],"wp:featuredmedia":[{"embeddable":true,"href":"https:\/\/redept.com.br\/blogosfera\/wp-json\/wp\/v2\/media\/102525"}],"wp:attachment":[{"href":"https:\/\/redept.com.br\/blogosfera\/wp-json\/wp\/v2\/media?parent=102524"}],"wp:term":[{"taxonomy":"category","embeddable":true,"href":"https:\/\/redept.com.br\/blogosfera\/wp-json\/wp\/v2\/categories?post=102524"},{"taxonomy":"post_tag","embeddable":true,"href":"https:\/\/redept.com.br\/blogosfera\/wp-json\/wp\/v2\/tags?post=102524"}],"curies":[{"name":"wp","href":"https:\/\/api.w.org\/{rel}","templated":true}]}}