{"id":102560,"date":"2026-09-01T12:34:00","date_gmt":"2026-09-01T15:34:00","guid":{"rendered":"https:\/\/redept.com.br\/blogosfera\/flavio-deixa-campanha-de-lado-para-atuar-contra-o-fim-da-escala-6x1\/"},"modified":"2026-09-01T12:34:00","modified_gmt":"2026-09-01T15:34:00","slug":"flavio-deixa-campanha-de-lado-para-atuar-contra-o-fim-da-escala-6x1","status":"publish","type":"post","link":"https:\/\/redept.com.br\/blogosfera\/flavio-deixa-campanha-de-lado-para-atuar-contra-o-fim-da-escala-6x1\/","title":{"rendered":"Fl\u00e1vio deixa campanha de lado para atuar contra o fim da escala 6\u00d71"},"content":{"rendered":"<p><img fetchpriority=\"high\" width=\"1024\" height=\"768\"src=\"https:\/\/redept.com.br\/blogosfera\/wp-content\/uploads\/2026\/09\/lula3821.webp\" alt=\"\" decoding=\"async\" srcset=\"https:\/\/redept.com.br\/blogosfera\/wp-content\/uploads\/2026\/09\/lula3821.webp 1024w, https:\/\/vermelho.org.br\/wp-content\/uploads\/2026\/09\/lula3821-300x225.webp 300w, https:\/\/vermelho.org.br\/wp-content\/uploads\/2026\/09\/lula3821-768x576.webp 768w\" sizes=\"(max-width: 1024px) 100vw, 1024px\"><\/p>\n<p>A sabotagem contra o Brasil virou prioridade para o bolsonarismo. Depois de articular o tarifa\u00e7o dos Estados Unidos, para prejudicar a economia e as exporta\u00e7\u00f5es brasileiras, agora o candidato \u00e0 presid\u00eancia, Fl\u00e1vio Bolsonaro (PL), articula uma campanha que se op\u00f5e ao projeto que coloca fim \u00e0 escala 6\u00d71.<\/p>\n<p>A Proposta de Emenda \u00e0 Constitui\u00e7\u00e3o (PEC) que estabelece a escala 5\u00d72 e reduz a jornada de trabalho para 40 horas semanais dever\u00e1 ser votada no Senado esta semana. Fl\u00e1vio, que \u00e9 senador, pausou sua campanha presidencial para ficar em Bras\u00edlia (DF), nesta ter\u00e7a-feira (1), e tentar boicotar o avan\u00e7o da proposta, que tem grande apelo popular e conta com o apoio dos l\u00edderes do Congresso Nacional, os\u00a0<a href=\"https:\/\/vermelho.org.br\/2026\/08\/26\/lula-motta-e-alcolumbre-fecham-pauta-da-6x1-blusinhas-e-seguranca\/\">presidentes da C\u00e2mara dos Deputados, Hugo Motta (Republicanos-PB), e do Senado, Davi Alcolumbre (Uni\u00e3o-AP)<\/a>.<\/p>\n<p>Enquanto Fl\u00e1vio tenta embolar o tema no Senado, o <a href=\"https:\/\/vermelho.org.br\/2026\/08\/31\/centrais-sindicais-e-relator-se-reunem-para-acelerar-fim-da-6x1-no-senado\/\">movimento sindical est\u00e1 presente durante toda a semana no Congresso Nacional<\/a>, se reunindo com lideran\u00e7as pela aprova\u00e7\u00e3o da proposta que p\u00f5e fim \u00e0 escala 6\u00d71.<\/p>\n<p>A campanha do senador deve retomar as atividades na quarta-feira (2), no Rio Grande do Sul, portanto ele n\u00e3o dever\u00e1 participar das vota\u00e7\u00f5es. Como a medida \u00e9 apoiada pela grande maioria da popula\u00e7\u00e3o, Fl\u00e1vio n\u00e3o deve manifestar uma posi\u00e7\u00e3o forte contra o tema, por\u00e9m n\u00e3o pode se isentar, uma vez que os empres\u00e1rios de extrema direita que o apoiam s\u00e3o contra a medida.<\/p>\n<p><strong>Leia mais<\/strong>: <a href=\"https:\/\/vermelho.org.br\/2026\/09\/01\/churchill-votaria-pela-jornada-de-40-horas-e-a-direita-brasileira\/\">Churchill votaria pela jornada de 40 horas. E a direita brasileira?<\/a><\/p>\n<p>No entanto, por mais que o senador tente tergiversar sobre o tema ao dizer ser contra a proposta na frente dos empres\u00e1rios e desconversar na frente dos trabalhadores, indicando somente a possibilidade de flexibiliza\u00e7\u00e3o das horas de trabalho (sem de fato colocar fim \u00e0 escala 6\u00d71), \u00e9 de conhecimento p\u00fablico que o PL (Partido Liberal), que re\u00fane o campo bolsonarista, tem se movimentado para impedir que o Senado aprove a PEC.<\/p>\n<p>O l\u00edder da oposi\u00e7\u00e3o no Senado, Rog\u00e9rio Marinho (PL-RN), dever\u00e1 utilizar instrumentos regimentais da Comiss\u00e3o de Constitui\u00e7\u00e3o e Justi\u00e7a (CCJ), onde a proposta se encontra, para impedir que a PEC seja votada, pois, se aprovada, ir\u00e1 para o plen\u00e1rio do Senado e a press\u00e3o popular dever\u00e1 ser determinante para que os parlamentares aprovem o texto, sob o risco de ficarem marcados publicamente como traidores da popula\u00e7\u00e3o h\u00e1 um m\u00eas das elei\u00e7\u00f5es, o que, para muitos, pode ser um suic\u00eddio eleitoral. Dessa forma, Marinho quer apenas tentar adiar a vota\u00e7\u00e3o para que fique para depois das elei\u00e7\u00f5es, na esperan\u00e7a de que o governo Lula n\u00e3o tenha essa vit\u00f3ria agora.<\/p>\n<p><strong>Taxa das blusinhas<\/strong><\/p>\n<p>A perman\u00eancia em Bras\u00edlia tamb\u00e9m permite a Fl\u00e1vio acompanhar a an\u00e1lise da Medida Provis\u00f3ria do governo Lula que visa acabar com a \u201ctaxa das blusinhas\u201d. O tema, no entanto, tamb\u00e9m \u00e9 contradit\u00f3rio para o senador. Embora n\u00e3o deva participar da vota\u00e7\u00e3o, Fl\u00e1vio tampouco deve se engajar em uma articula\u00e7\u00e3o para derrubar a MP, j\u00e1 que sua perda de validade faria voltar a cobran\u00e7a de 20% sobre compras internacionais de at\u00e9 US$ 50.<\/p>\n<p>Caso a campanha bolsonarista se engaje pela derrubada da medida, deixar\u00e1 ainda mais evidente seu posicionamento contr\u00e1rio aos interesses da popula\u00e7\u00e3o, que anseia pelo fim da taxa. A medida precisa ser aprovada pelo Congresso at\u00e9 8 de setembro.<\/p>\n<p>O post <a href=\"https:\/\/vermelho.org.br\/2026\/09\/01\/flavio-deixa-campanha-de-lado-para-atuar-contra-o-fim-da-escala-6x1\/\">Fl\u00e1vio deixa campanha de lado para atuar contra o fim da escala 6\u00d71<\/a> apareceu primeiro em <a href=\"https:\/\/vermelho.org.br\/\">Vermelho<\/a>.<\/p>\n<!-- Begin Yuzo --><div class='yuzo_related_post style-1'  data-version='5.12.89'><!-- without result --><div class='yuzo_clearfixed yuzo__title yuzo__title'><h3>Related Post<\/h3><\/div>\n\t\t\t\t\t\t  <div class=\"relatedthumb \" style=\"width:125px;float:left;overflow:hidden;\">  \n\t\t\t\t\t\t\t  \n\t\t\t\t\t\t\t  <a  href=\"https:\/\/redept.com.br\/blogosfera\/mobiliza-nega-candidatura-de-cabo-daciolo-a-presidencia-e-declara-neutralidade\/\"  >\n\t\t\t\t\t\t\t\t\t  <div class=\"yuzo-img-wrap \" style=\"width: 125px;height:90px;\">\n\t\t\t\t\t\t\t\t\t\t\n\t\t\t\t\t\t\t\t\t\t<div class=\"yuzo-img\" style=\"background:url('https:\/\/redept.com.br\/blogosfera\/wp-content\/uploads\/2026\/08\/flavio_coletiva-e1778794630742-1-150x150.jpg') 50% 50% no-repeat;width: 125px;height:90px;margin-bottom: 5px;background-size: cover; \"><\/div>\n\t\t\t\t\t\t\t\t\t  <\/div>\n\t\t\t\t\t\t\t\t\t  \n\t\t\t\t\t\t\t\t   <span class=\"yuzo__text--title\" style=\"font-size:13px;\">Mobiliza nega candidatura de Cabo Daciolo \u00e0 Presid...<\/span>\n\t\t\t\t\t\t\t  \n\t\t\t\t\t\t\t  \n\t\t\t\t\t\t\t  <\/a>\n\n\t\t\t\t\t\t  <\/div>\n\t\t\t\t\t\t  <div class=\"relatedthumb \" style=\"width:125px;float:left;overflow:hidden;\">  \n\t\t\t\t\t\t\t  \n\t\t\t\t\t\t\t  <a  href=\"https:\/\/redept.com.br\/blogosfera\/incra-anuncia-ampliacao-do-assentamento-canudos-em-goias\/\"  >\n\t\t\t\t\t\t\t\t\t  <div class=\"yuzo-img-wrap \" style=\"width: 125px;height:90px;\">\n\t\t\t\t\t\t\t\t\t\t\n\t\t\t\t\t\t\t\t\t\t<div class=\"yuzo-img\" style=\"background:url('https:\/\/redept.com.br\/blogosfera\/wp-content\/uploads\/2026\/04\/Screenshot_20260403_130446_WhatsApp-1-150x150.jpg') 50% 50% no-repeat;width: 125px;height:90px;margin-bottom: 5px;background-size: cover; \"><\/div>\n\t\t\t\t\t\t\t\t\t  <\/div>\n\t\t\t\t\t\t\t\t\t  \n\t\t\t\t\t\t\t\t   <span class=\"yuzo__text--title\" style=\"font-size:13px;\">INCRA anuncia amplia\u00e7\u00e3o do Assentamento Canudos, e...<\/span>\n\t\t\t\t\t\t\t  \n\t\t\t\t\t\t\t  \n\t\t\t\t\t\t\t  <\/a>\n\n\t\t\t\t\t\t  <\/div>\n\t\t\t\t\t\t  <div class=\"relatedthumb \" style=\"width:125px;float:left;overflow:hidden;\">  \n\t\t\t\t\t\t\t  \n\t\t\t\t\t\t\t  <a  href=\"https:\/\/redept.com.br\/blogosfera\/pl-rafael-projeto-proibe-comissao-por-perdas-em-bets-e-responsabiliza-influenciadores\/\"  >\n\t\t\t\t\t\t\t\t\t  <div class=\"yuzo-img-wrap \" style=\"width: 125px;height:90px;\">\n\t\t\t\t\t\t\t\t\t\t\n\t\t\t\t\t\t\t\t\t\t<div class=\"yuzo-img\" style=\"background:url('https:\/\/redept.org\/blogosfera\/wp-content\/plugins\/yuzo-related-post\/assets\/images\/default.png') 50% 50% no-repeat;width: 125px;height:90px;margin-bottom: 5px;background-size: cover; \"><\/div>\n\t\t\t\t\t\t\t\t\t  <\/div>\n\t\t\t\t\t\t\t\t\t  \n\t\t\t\t\t\t\t\t   <span class=\"yuzo__text--title\" style=\"font-size:13px;\">PL Rafael: Projeto pro\u00edbe \u201ccomiss\u00e3o\u201d por perdas em...<\/span>\n\t\t\t\t\t\t\t  \n\t\t\t\t\t\t\t  \n\t\t\t\t\t\t\t  <\/a>\n\n\t\t\t\t\t\t  <\/div>\n\t\t\t\t\t\t  <div class=\"relatedthumb \" style=\"width:125px;float:left;overflow:hidden;\">  \n\t\t\t\t\t\t\t  \n\t\t\t\t\t\t\t  <a  href=\"https:\/\/redept.com.br\/blogosfera\/servidores-fecham-campus-centro-da-ufrgs-e-denunciam-atraso-no-pagamento-de-terceirizadas\/\"  >\n\t\t\t\t\t\t\t\t\t  <div class=\"yuzo-img-wrap \" style=\"width: 125px;height:90px;\">\n\t\t\t\t\t\t\t\t\t\t\n\t\t\t\t\t\t\t\t\t\t<div class=\"yuzo-img\" style=\"background:url('https:\/\/redept.org\/blogosfera\/wp-content\/plugins\/yuzo-related-post\/assets\/images\/default.png') 50% 50% no-repeat;width: 125px;height:90px;margin-bottom: 5px;background-size: cover; \"><\/div>\n\t\t\t\t\t\t\t\t\t  <\/div>\n\t\t\t\t\t\t\t\t\t  \n\t\t\t\t\t\t\t\t   <span class=\"yuzo__text--title\" style=\"font-size:13px;\">Servidores fecham Campus Centro da UFRGS e denunci...<\/span>\n\t\t\t\t\t\t\t  \n\t\t\t\t\t\t\t  \n\t\t\t\t\t\t\t  <\/a>\n\n\t\t\t\t\t\t  <\/div>\n<\/div> <script>\n\t\t\t\t\t\t  jQuery(document).ready(function( $ ){\n\t\t\t\t\t\t\t\/\/jQuery('.yuzo_related_post').equalizer({ overflow : 'relatedthumb' });\n\t\t\t\t\t\t\tjQuery('.yuzo_related_post .yuzo_wraps').equalizer({ columns : '> div' });\n\t\t\t\t\t\t   })\n\t\t\t\t\t\t  <\/script> <!-- End Yuzo :) -->","protected":false},"excerpt":{"rendered":"<p>A sabotagem contra o Brasil virou prioridade para o bolsonarismo. Depois de articular o tarifa\u00e7o dos Estados Unidos, para prejudicar a economia e as exporta\u00e7\u00f5es brasileiras, agora o candidato \u00e0 presid\u00eancia, Fl\u00e1vio Bolsonaro (PL), articula uma campanha que se op\u00f5e ao projeto que coloca fim \u00e0 escala 6\u00d71. A Proposta de Emenda \u00e0 Constitui\u00e7\u00e3o (PEC) [&hellip;]<\/p>\n","protected":false},"author":2,"featured_media":0,"comment_status":"open","ping_status":"closed","sticky":false,"template":"","format":"standard","meta":{"fifu_image_url":"","fifu_image_alt":"","footnotes":""},"categories":[1963,2008,2427,132,531,57002],"tags":[],"class_list":["post-102560","post","type-post","status-publish","format-standard","hentry","category-escala-6x1","category-fim-da-escala-6x1","category-flavio-bolsonaro","category-politica","category-senado","category-taxa-das-blusinhas"],"_links":{"self":[{"href":"https:\/\/redept.com.br\/blogosfera\/wp-json\/wp\/v2\/posts\/102560","targetHints":{"allow":["GET"]}}],"collection":[{"href":"https:\/\/redept.com.br\/blogosfera\/wp-json\/wp\/v2\/posts"}],"about":[{"href":"https:\/\/redept.com.br\/blogosfera\/wp-json\/wp\/v2\/types\/post"}],"author":[{"embeddable":true,"href":"https:\/\/redept.com.br\/blogosfera\/wp-json\/wp\/v2\/users\/2"}],"replies":[{"embeddable":true,"href":"https:\/\/redept.com.br\/blogosfera\/wp-json\/wp\/v2\/comments?post=102560"}],"version-history":[{"count":0,"href":"https:\/\/redept.com.br\/blogosfera\/wp-json\/wp\/v2\/posts\/102560\/revisions"}],"wp:attachment":[{"href":"https:\/\/redept.com.br\/blogosfera\/wp-json\/wp\/v2\/media?parent=102560"}],"wp:term":[{"taxonomy":"category","embeddable":true,"href":"https:\/\/redept.com.br\/blogosfera\/wp-json\/wp\/v2\/categories?post=102560"},{"taxonomy":"post_tag","embeddable":true,"href":"https:\/\/redept.com.br\/blogosfera\/wp-json\/wp\/v2\/tags?post=102560"}],"curies":[{"name":"wp","href":"https:\/\/api.w.org\/{rel}","templated":true}]}}