{"id":102601,"date":"2026-09-01T16:51:25","date_gmt":"2026-09-01T19:51:25","guid":{"rendered":"https:\/\/redept.com.br\/blogosfera\/em-evento-com-autores-fundacao-perseu-abramo-lanca-livro-sobre-10-anos-do-golpe\/"},"modified":"2026-09-01T16:51:25","modified_gmt":"2026-09-01T19:51:25","slug":"em-evento-com-autores-fundacao-perseu-abramo-lanca-livro-sobre-10-anos-do-golpe","status":"publish","type":"post","link":"https:\/\/redept.com.br\/blogosfera\/em-evento-com-autores-fundacao-perseu-abramo-lanca-livro-sobre-10-anos-do-golpe\/","title":{"rendered":"Em evento com autores, Funda\u00e7\u00e3o Perseu Abramo lan\u00e7a livro sobre 10 anos do golpe"},"content":{"rendered":"<p>Na data em que o golpe parlamentar sofrido por <strong>Dilma Rousseff<\/strong> completou 10 anos, a <strong>Funda\u00e7\u00e3o Perseu Abramo<\/strong> realizou o lan\u00e7amento do livro <a href=\"https:\/\/fpabramo.org.br\/livro\/o-golpe-de-2016-origens-mecanismos-e-consequencias\/\">\u201cO golpe de 2016: origens, mecanismos e consequ\u00eancias\u201d<\/a>. O evento, realizado no audit\u00f3rio da funda\u00e7\u00e3o, contou com a participa\u00e7\u00e3o de autores e convidados e foi marcado por falas que retrataram o per\u00edodo a partir de uma perspectiva n\u00e3o s\u00f3 pol\u00edtica, mas tamb\u00e9m pessoal dos envolvidos na publica\u00e7\u00e3o.\u00a0<\/p>\n<p>Em parceria com a editora Hucitec, a obra conta com 15 artigos organizados pela ex-ministra de Pol\u00edtica para as Mulheres <strong>Eleonora Menicucci<\/strong> e os professores <strong>Lincoln Secco<\/strong>, do Departamento de Hist\u00f3ria da USP, e <strong>Ramatis Jacino<\/strong>, do Programa de P\u00f3s-Gradua\u00e7\u00e3o em Economia Pol\u00edtica Mundial da UFABC.\u00a0<\/p>\n<p>O presidente da Funda\u00e7\u00e3o Perseu Abramo, Brenno Almeida, destacou a firmeza do car\u00e1ter de Dilma, que inspirou a milit\u00e2ncia a ir \u00e0s ruas para resistir ao golpe. Sobre a atual conjuntura, disse: \u201cn\u00f3s temos que, de forma ativa, vigilante e solid\u00e1ria, reconfigurar as bases pol\u00edticas desse pa\u00eds sem negociar com os movimentos que colocam nossa democracia em risco\u201d.\u00a0<\/p>\n<p>Carlos Henrique \u00c1rabe, diretor da FPA respons\u00e1vel pela editora, ressaltou o grande interesse do p\u00fablico pelo livro, que j\u00e1 est\u00e1 com a primeira edi\u00e7\u00e3o f\u00edsica esgotada. \u00c1rabe apontou que a obra funcionou como um organizador pol\u00edtico, produto de organiza\u00e7\u00e3o coletiva. \u201c\u00c9 um livro de den\u00fancia, an\u00e1lise, chamado para a luta, mas tamb\u00e9m um livro feito para a companheira Dilma, para ressaltar sua import\u00e2ncia hist\u00f3rica na constru\u00e7\u00e3o pol\u00edtica\u201d, afirmou.\u00a0<\/p>\n<figure><img fetchpriority=\"high\" data-dominant-color=\"5f5752\" data-has-transparency=\"false\" fetchpriority=\"high\" decoding=\"async\" width=\"1024\" height=\"683\" sizes=\"(max-width: 1024px) 100vw, 1024px\"src=\"https:\/\/redept.com.br\/blogosfera\/wp-content\/uploads\/2026\/09\/2026_08_31_Lancamento_do_livro_O_golpe_de_2016_Ft_Sergio_Silva_FPA-17-2048x1365-1.webp\" alt=\"\" srcset=\"https:\/\/fpabramo.org.br\/wp-content\/uploads\/2026\/09\/2026_08_31_Lancamento_do_livro_O_golpe_de_2016_Ft_Sergio_Silva_FPA-17-1024x683.webp 1024w, https:\/\/fpabramo.org.br\/wp-content\/uploads\/2026\/09\/2026_08_31_Lancamento_do_livro_O_golpe_de_2016_Ft_Sergio_Silva_FPA-17-300x200.webp 300w, https:\/\/fpabramo.org.br\/wp-content\/uploads\/2026\/09\/2026_08_31_Lancamento_do_livro_O_golpe_de_2016_Ft_Sergio_Silva_FPA-17-150x100.webp 150w, https:\/\/fpabramo.org.br\/wp-content\/uploads\/2026\/09\/2026_08_31_Lancamento_do_livro_O_golpe_de_2016_Ft_Sergio_Silva_FPA-17-768x512.webp 768w, https:\/\/fpabramo.org.br\/wp-content\/uploads\/2026\/09\/2026_08_31_Lancamento_do_livro_O_golpe_de_2016_Ft_Sergio_Silva_FPA-17-1536x1024.webp 1536w, https:\/\/redept.com.br\/blogosfera\/wp-content\/uploads\/2026\/09\/2026_08_31_Lancamento_do_livro_O_golpe_de_2016_Ft_Sergio_Silva_FPA-17-2048x1365-1.webp 2048w\"><figcaption>Cr\u00e9dito: S\u00e9rgio Silva \/ FPA<\/figcaption><\/figure>\n<p>\u201cFoi um golpe que retirou, sem nenhum crime de responsabilidade, a primeira mulher eleita e reeleita no nosso pa\u00eds\u201d, comenta Eleonora Menicucci. A ex-ministra e presidenta do Conselho Curador da FPA disse atestar a integridade de Dilma Rousseff desde os tempos da milit\u00e2ncia pol\u00edtica no per\u00edodo da ditadura militar e apontou que o fato de Dilma n\u00e3o ter aceitado acordos de negocia\u00e7\u00e3o com Eduardo Cunha, ent\u00e3o presidente da C\u00e2mara dos Deputados, a torna ainda maior em sua biografia. Menicucci lembra da for\u00e7a da presidenta logo ap\u00f3s sua derrubada ao escrever uma carta ao povo brasileiro, que est\u00e1 publicada no livro.\u00a0<\/p>\n<p>\u201cO livro \u00e9 um organizador pol\u00edtico de uma mem\u00f3ria, ele cumpre o papel importante de registrar que foi um golpe\u201d, destacou Lincoln Secco. O historiador pontuou que at\u00e9 hoje a narrativa sobre o fato segue em disputa, com setores que negam o fato pol\u00edtico do golpe.\u00a0<\/p>\n<p>Para Secco, o Brasil precisa elaborar de maneira oficial um pedido formal de desculpas \u00e0 Dilma Rousseff. \u201cLembro daquele momento dif\u00edcil aqui em S\u00e3o Paulo em que fomos ao Vale do Anhangaba\u00fa para ouvir a contagem dos votos\u201d, contou. O professor citou a famosa frase dita por Dilma em sua carta: \u201celes pensam que nos derrotaram, mas est\u00e3o enganados, n\u00f3s voltaremos\u201d.\u00a0<\/p>\n<p>Ramatis Jacino comentou as diferen\u00e7as do golpe sofrido por Dilma e pelo projeto pol\u00edtico do PT em 2016 em rela\u00e7\u00e3o aos outros golpes da hist\u00f3ria brasileira, com foco no car\u00e1ter mis\u00f3gino e racista do evento. Para Jacino, o governo em quest\u00e3o tinha uma op\u00e7\u00e3o pela classe trabalhadora bem delimitada, al\u00e9m de todas as pol\u00edticas raciais realizadas e o fato da presidenta trazer a representa\u00e7\u00e3o das mulheres em um ambiente hostil como a pol\u00edtica.\u00a0<\/p>\n<p>O professor citou a divis\u00e3o dos artigos do livro: origens (hist\u00f3rico colonial do pa\u00eds); mecanismos (que o golpe estava a servi\u00e7o de interesses do mercado financeiro e internacional) e consequ\u00eancias (em especial as reformas trabalhista e da previd\u00eancia).\u00a0<\/p>\n<figure><img data-dominant-color=\"67605b\" data-has-transparency=\"false\" decoding=\"async\" width=\"1024\" height=\"683\" sizes=\"(max-width: 1024px) 100vw, 1024px\"src=\"https:\/\/redept.com.br\/blogosfera\/wp-content\/uploads\/2026\/09\/2026_08_31_Lancamento_do_livro_O_golpe_de_2016_Ft_Sergio_Silva_FPA-19-2048x1365-1.webp\" alt=\"\" srcset=\"https:\/\/fpabramo.org.br\/wp-content\/uploads\/2026\/09\/2026_08_31_Lancamento_do_livro_O_golpe_de_2016_Ft_Sergio_Silva_FPA-19-1024x683.webp 1024w, https:\/\/fpabramo.org.br\/wp-content\/uploads\/2026\/09\/2026_08_31_Lancamento_do_livro_O_golpe_de_2016_Ft_Sergio_Silva_FPA-19-300x200.webp 300w, https:\/\/fpabramo.org.br\/wp-content\/uploads\/2026\/09\/2026_08_31_Lancamento_do_livro_O_golpe_de_2016_Ft_Sergio_Silva_FPA-19-150x100.webp 150w, https:\/\/fpabramo.org.br\/wp-content\/uploads\/2026\/09\/2026_08_31_Lancamento_do_livro_O_golpe_de_2016_Ft_Sergio_Silva_FPA-19-768x512.webp 768w, https:\/\/fpabramo.org.br\/wp-content\/uploads\/2026\/09\/2026_08_31_Lancamento_do_livro_O_golpe_de_2016_Ft_Sergio_Silva_FPA-19-1536x1024.webp 1536w, https:\/\/redept.com.br\/blogosfera\/wp-content\/uploads\/2026\/09\/2026_08_31_Lancamento_do_livro_O_golpe_de_2016_Ft_Sergio_Silva_FPA-19-2048x1365-1.webp 2048w\"><figcaption>Cr\u00e9dito: S\u00e9rgio Silva \/ FPA<\/figcaption><\/figure>\n<p>Paulo Vanucchi lembrou do enfrentamento que Dilma trouxe ao tema da justi\u00e7a perante os crimes da ditadura militar com a cria\u00e7\u00e3o da Comiss\u00e3o da Verdade e disse ser necess\u00e1rio em um governo Lula 4 continuar a tratar da quest\u00e3o para evitar que outros ataques \u00e0 democracia sejam cometidos.\u00a0<\/p>\n<p>Magda Biavaschi comentou a trajet\u00f3ria de Dilma ap\u00f3s o golpe \u00e0 frente do Banco dos Brics e a confian\u00e7a que o governo chin\u00eas deposita na brasileira. Al\u00e9m disso, a desembargadora aposentada explicou, a partir da perspectiva da luta por direitos, as perdas dos trabalhadores com a amplia\u00e7\u00e3o da terceiriza\u00e7\u00e3o e o fen\u00f4meno da pejotiza\u00e7\u00e3o. Com o olhar econ\u00f4mico, Carlos Eduardo da Silveira falou das particularidades do governo Dilma, que n\u00e3o trouxe tantos benef\u00edcios para os mais ricos, que est\u00e3o no topo da pir\u00e2mide. Para o professor da UFABC Sidney Jard da Silva, o golpe veio para derrotar todas as conquistas da classe trabalhadora desde 88.\u00a0<\/p>\n<p>S\u00e9rgio Amadeu, soci\u00f3logo e professor que pesquisa quest\u00f5es ligadas \u00e0 tecnologia, contou que no per\u00edodo do golpe realizava an\u00e1lise de redes para o Partido dos Trabalhadores e lembrou que, apesar de todo o crescimento dos grupos de \u00f3dio nas redes, o partido foi vitorioso com a reelei\u00e7\u00e3o de Dilma. Ele destacou ainda que atualmente h\u00e1 grupos que querem se desvencilhar do hist\u00f3rico de apoio ao golpismo, mas que \u00e9 importante n\u00e3o esquecer quem estava em qual lado naquele momento.<\/p>\n<!-- Begin Yuzo --><div class='yuzo_related_post style-1'  data-version='5.12.89'><!-- without result --><div class='yuzo_clearfixed yuzo__title yuzo__title'><h3>Related Post<\/h3><\/div>\n\t\t\t\t\t\t  <div class=\"relatedthumb \" style=\"width:125px;float:left;overflow:hidden;\">  \n\t\t\t\t\t\t\t  \n\t\t\t\t\t\t\t  <a  href=\"https:\/\/redept.com.br\/blogosfera\/de-marco-de-1964-a-janeiro-de-2023-como-atuam-os-golpistas\/\"  >\n\t\t\t\t\t\t\t\t\t  <div class=\"yuzo-img-wrap \" style=\"width: 125px;height:90px;\">\n\t\t\t\t\t\t\t\t\t\t\n\t\t\t\t\t\t\t\t\t\t<div class=\"yuzo-img\" style=\"background:url('https:\/\/redept.com.br\/blogosfera\/wp-content\/uploads\/2025\/03\/8-de-janeiro-1-150x150.webp') 50% 50% no-repeat;width: 125px;height:90px;margin-bottom: 5px;background-size: cover; \"><\/div>\n\t\t\t\t\t\t\t\t\t  <\/div>\n\t\t\t\t\t\t\t\t\t  \n\t\t\t\t\t\t\t\t   <span class=\"yuzo__text--title\" style=\"font-size:13px;\">De mar\u00e7o de 1964 a janeiro de 2023. Como atuam os ...<\/span>\n\t\t\t\t\t\t\t  \n\t\t\t\t\t\t\t  \n\t\t\t\t\t\t\t  <\/a>\n\n\t\t\t\t\t\t  <\/div>\n\t\t\t\t\t\t  <div class=\"relatedthumb \" style=\"width:125px;float:left;overflow:hidden;\">  \n\t\t\t\t\t\t\t  \n\t\t\t\t\t\t\t  <a  href=\"https:\/\/redept.com.br\/blogosfera\/cinema-coreano-celebra-80-anos-do-fim-da-ocupacao-japonesa-com-mostra-gratuita-em-sp\/\"  >\n\t\t\t\t\t\t\t\t\t  <div class=\"yuzo-img-wrap \" style=\"width: 125px;height:90px;\">\n\t\t\t\t\t\t\t\t\t\t\n\t\t\t\t\t\t\t\t\t\t<div class=\"yuzo-img\" style=\"background:url('https:\/\/redept.org\/blogosfera\/wp-content\/plugins\/yuzo-related-post\/assets\/images\/default.png') 50% 50% no-repeat;width: 125px;height:90px;margin-bottom: 5px;background-size: cover; \"><\/div>\n\t\t\t\t\t\t\t\t\t  <\/div>\n\t\t\t\t\t\t\t\t\t  \n\t\t\t\t\t\t\t\t   <span class=\"yuzo__text--title\" style=\"font-size:13px;\">Cinema coreano celebra 80 anos do fim da ocupa\u00e7\u00e3o ...<\/span>\n\t\t\t\t\t\t\t  \n\t\t\t\t\t\t\t  \n\t\t\t\t\t\t\t  <\/a>\n\n\t\t\t\t\t\t  <\/div>\n\t\t\t\t\t\t  <div class=\"relatedthumb \" style=\"width:125px;float:left;overflow:hidden;\">  \n\t\t\t\t\t\t\t  \n\t\t\t\t\t\t\t  <a  href=\"https:\/\/redept.com.br\/blogosfera\/israel-mata-cinco-jornalistas-da-al-jazeera-em-ataque-direcionado-em-gaza\/\"  >\n\t\t\t\t\t\t\t\t\t  <div class=\"yuzo-img-wrap \" style=\"width: 125px;height:90px;\">\n\t\t\t\t\t\t\t\t\t\t\n\t\t\t\t\t\t\t\t\t\t<div class=\"yuzo-img\" style=\"background:url('https:\/\/redept.com.br\/blogosfera\/wp-content\/uploads\/2025\/08\/29f986dc-01a1-42a4-977e-cde15161651b-150x150.jpg') 50% 50% no-repeat;width: 125px;height:90px;margin-bottom: 5px;background-size: cover; \"><\/div>\n\t\t\t\t\t\t\t\t\t  <\/div>\n\t\t\t\t\t\t\t\t\t  \n\t\t\t\t\t\t\t\t   <span class=\"yuzo__text--title\" style=\"font-size:13px;\">Israel mata cinco jornalistas da Al Jazeera em ata...<\/span>\n\t\t\t\t\t\t\t  \n\t\t\t\t\t\t\t  \n\t\t\t\t\t\t\t  <\/a>\n\n\t\t\t\t\t\t  <\/div>\n\t\t\t\t\t\t  <div class=\"relatedthumb \" style=\"width:125px;float:left;overflow:hidden;\">  \n\t\t\t\t\t\t\t  \n\t\t\t\t\t\t\t  <a  href=\"https:\/\/redept.com.br\/blogosfera\/pro-palestine-march-we-have-to-mobilize-in-even-greater-numbers-than-ever-before-say-activists-about-april-5\/\"  >\n\t\t\t\t\t\t\t\t\t  <div class=\"yuzo-img-wrap \" style=\"width: 125px;height:90px;\">\n\t\t\t\t\t\t\t\t\t\t\n\t\t\t\t\t\t\t\t\t\t<div class=\"yuzo-img\" style=\"background:url('https:\/\/redept.org\/blogosfera\/wp-content\/plugins\/yuzo-related-post\/assets\/images\/default.png') 50% 50% no-repeat;width: 125px;height:90px;margin-bottom: 5px;background-size: cover; \"><\/div>\n\t\t\t\t\t\t\t\t\t  <\/div>\n\t\t\t\t\t\t\t\t\t  \n\t\t\t\t\t\t\t\t   <span class=\"yuzo__text--title\" style=\"font-size:13px;\">Pro-Palestine march: \u2018we have to mobilize in even ...<\/span>\n\t\t\t\t\t\t\t  \n\t\t\t\t\t\t\t  \n\t\t\t\t\t\t\t  <\/a>\n\n\t\t\t\t\t\t  <\/div>\n<\/div> <script>\n\t\t\t\t\t\t  jQuery(document).ready(function( $ ){\n\t\t\t\t\t\t\t\/\/jQuery('.yuzo_related_post').equalizer({ overflow : 'relatedthumb' });\n\t\t\t\t\t\t\tjQuery('.yuzo_related_post .yuzo_wraps').equalizer({ columns : '> div' });\n\t\t\t\t\t\t   })\n\t\t\t\t\t\t  <\/script> <!-- End Yuzo :) -->","protected":false},"excerpt":{"rendered":"<p>Na data em que o golpe parlamentar sofrido por Dilma Rousseff completou 10 anos, a Funda\u00e7\u00e3o Perseu Abramo realizou o lan\u00e7amento do livro \u201cO golpe de 2016: origens, mecanismos e consequ\u00eancias\u201d. O evento, realizado no audit\u00f3rio da funda\u00e7\u00e3o, contou com a participa\u00e7\u00e3o de autores e convidados e foi marcado por falas que retrataram o per\u00edodo [&hellip;]<\/p>\n","protected":false},"author":2,"featured_media":0,"comment_status":"open","ping_status":"closed","sticky":false,"template":"","format":"standard","meta":{"fifu_image_url":"","fifu_image_alt":"","footnotes":""},"categories":[698,9729,1797,2960,8620],"tags":[],"class_list":["post-102601","post","type-post","status-publish","format-standard","hentry","category-dilma-rousseff","category-fundacao-perseu-abramo","category-golpe","category-livro","category-noticia"],"_links":{"self":[{"href":"https:\/\/redept.com.br\/blogosfera\/wp-json\/wp\/v2\/posts\/102601","targetHints":{"allow":["GET"]}}],"collection":[{"href":"https:\/\/redept.com.br\/blogosfera\/wp-json\/wp\/v2\/posts"}],"about":[{"href":"https:\/\/redept.com.br\/blogosfera\/wp-json\/wp\/v2\/types\/post"}],"author":[{"embeddable":true,"href":"https:\/\/redept.com.br\/blogosfera\/wp-json\/wp\/v2\/users\/2"}],"replies":[{"embeddable":true,"href":"https:\/\/redept.com.br\/blogosfera\/wp-json\/wp\/v2\/comments?post=102601"}],"version-history":[{"count":0,"href":"https:\/\/redept.com.br\/blogosfera\/wp-json\/wp\/v2\/posts\/102601\/revisions"}],"wp:attachment":[{"href":"https:\/\/redept.com.br\/blogosfera\/wp-json\/wp\/v2\/media?parent=102601"}],"wp:term":[{"taxonomy":"category","embeddable":true,"href":"https:\/\/redept.com.br\/blogosfera\/wp-json\/wp\/v2\/categories?post=102601"},{"taxonomy":"post_tag","embeddable":true,"href":"https:\/\/redept.com.br\/blogosfera\/wp-json\/wp\/v2\/tags?post=102601"}],"curies":[{"name":"wp","href":"https:\/\/api.w.org\/{rel}","templated":true}]}}