{"id":102605,"date":"2026-09-01T16:39:53","date_gmt":"2026-09-01T19:39:53","guid":{"rendered":"https:\/\/redept.com.br\/blogosfera\/pib-avanca-05-e-brasil-se-destaca-entre-os-maiores-crescimentos-do-trimestre-no-mundo\/"},"modified":"2026-09-01T16:39:53","modified_gmt":"2026-09-01T19:39:53","slug":"pib-avanca-05-e-brasil-se-destaca-entre-os-maiores-crescimentos-do-trimestre-no-mundo","status":"publish","type":"post","link":"https:\/\/redept.com.br\/blogosfera\/pib-avanca-05-e-brasil-se-destaca-entre-os-maiores-crescimentos-do-trimestre-no-mundo\/","title":{"rendered":"PIB avan\u00e7a 0,5% e Brasil se destaca entre os maiores crescimentos do trimestre no mundo"},"content":{"rendered":"<p><img fetchpriority=\"high\" width=\"1024\" height=\"576\"src=\"https:\/\/redept.com.br\/blogosfera\/wp-content\/uploads\/2026\/09\/01-5.jpg\" alt=\"\" decoding=\"async\" srcset=\"https:\/\/vermelho.org.br\/wp-content\/uploads\/2025\/12\/01-5-1024x576.jpg 1024w, https:\/\/vermelho.org.br\/wp-content\/uploads\/2025\/12\/01-5-300x169.jpg 300w, https:\/\/vermelho.org.br\/wp-content\/uploads\/2025\/12\/01-5-768x432.jpg 768w, https:\/\/redept.com.br\/blogosfera\/wp-content\/uploads\/2026\/09\/01-5.jpg 1366w\" sizes=\"(max-width: 1024px) 100vw, 1024px\"><\/p>\n<p>O Instituto Brasileiro de Geografia e Estat\u00edstica (IBGE) divulgou, nesta ter\u00e7a-feira (1\u00ba), que o PIB (Produto Interno Bruto) do Brasil cresceu\u00a00,5%\u00a0no segundo trimestre de 2026. Em compara\u00e7\u00e3o com o segundo trimestre de 2025, o resultado apresenta um avan\u00e7o de 2%. No entanto, em rela\u00e7\u00e3o ao primeiro trimestre desse ano, que teve crescimento de 1,1%, houve uma desacelera\u00e7\u00e3o.<\/p>\n<p>O resultado, longe de ser catastr\u00f3fico, tem sido alardeado como mais um fim de mundo pela grande m\u00eddia. Como todos sabem, em \u00e9poca eleitoral, os grandes ve\u00edculos de comunica\u00e7\u00e3o usualmente exageram na m\u00e3o, principalmente quando o governo Lula est\u00e1 do outro lado. Assim, o foco da repercuss\u00e3o midi\u00e1tica tem sido a desacelera\u00e7\u00e3o do 2\u00ba trimestre em rela\u00e7\u00e3o aos tr\u00eas meses anteriores, por\u00e9m omite que o Brasil alcan\u00e7ou a 5\u00aa posi\u00e7\u00e3o no ranking global de crescimento trimestral, de acordo com a ag\u00eancia classificadora de risco\u00a0Austin Rating.<\/p>\n<p><strong>Leia mais<\/strong>: <a href=\"https:\/\/vermelho.org.br\/2026\/08\/28\/brasil-tem-saldo-positivo-de-58-568-novos-empregos-com-carteira-assinada\/\">Brasil registra 58.568 novos empregos com carteira assinada em julho<\/a><\/p>\n<p>Na lista dos pa\u00edses que mais cresceram no 2\u00ba trimestre, o Brasil fica na 5\u00aa posi\u00e7\u00e3o, \u00e0 frente de Estados Unidos, Su\u00ed\u00e7a, China e Canad\u00e1. Confira o ranking:<\/p>\n<p>Ranking | Pa\u00eds | Valores em %<\/p>\n<ul>\n<li>1\u00ba \u2013 Irlanda \u2013 1,0%<\/li>\n<li>2\u00ba \u2013 Indon\u00e9sia \u2013 0,9%<\/li>\n<li>3\u00ba \u2013 Angola \u2013 0,7%<\/li>\n<li>4\u00ba \u2013 Mal\u00e1sia \u2013 0,6%<\/li>\n<li><strong>5\u00ba \u2013 Brasil \u2013 0,5%<\/strong><\/li>\n<li>6\u00ba \u2013 Eslov\u00eania \u2013 0,4%<\/li>\n<li>7\u00ba \u2013 Litu\u00e2nia \u2013 0,4%<\/li>\n<li>8\u00ba \u2013 Su\u00e9cia \u2013 0,4%<\/li>\n<li>9\u00ba \u2013 Estados Unidos \u2013 0,4%<\/li>\n<li>10\u00ba \u2013 S\u00e9rvia \u2013 0,4%<\/li>\n<li>11\u00ba \u2013 Su\u00ed\u00e7a \u2013 0,4%<\/li>\n<li>12\u00ba \u2013 Cingapura \u2013 0,3%<\/li>\n<li>13\u00ba \u2013 M\u00e9xico \u2013 0,3%<\/li>\n<li>14\u00ba \u2013 Tun\u00edsia \u2013 0,3%<\/li>\n<li>15\u00ba \u2013 Taiwan \u2013 0,3%<\/li>\n<li>16\u00ba \u2013 Col\u00f4mbia \u2013 0,3%<\/li>\n<li>17\u00ba \u2013 Turquia \u2013 0,3%<\/li>\n<li>18\u00ba \u2013 Pol\u00f4nia \u2013 0,2%<\/li>\n<li>19\u00ba \u2013 China \u2013 0,2%<\/li>\n<li>20\u00ba \u2013 Canad\u00e1 \u2013 0,2%<\/li>\n<\/ul>\n<p><strong>PIB 2\u00ba trimestre<\/strong><\/p>\n<p>O crescimento econ\u00f4mico de 0,5% entre abril e junho contou com forte avan\u00e7o de 2,8% da agropecu\u00e1ria, seguido de aumento de 0,2% nos Servi\u00e7os e de 0,1% na Ind\u00fastria.<\/p>\n<p>Segundo o IBGE, o desempenho industrial teve alta de 3,4% nas Ind\u00fastrias extrativas, enquanto Eletricidade e g\u00e1s, \u00e1gua, esgoto, atividades de gest\u00e3o de res\u00edduos (-1,1%), Ind\u00fastrias de transforma\u00e7\u00e3o (-0,4%) e Constru\u00e7\u00e3o (-0,4%) apresentaram recuo.<\/p>\n<p>J\u00e1 nos Servi\u00e7os, os setores que apresentaram crescimento foram: Informa\u00e7\u00e3o e comunica\u00e7\u00e3o (2,1%), Transporte, armazenagem e correio (1,1%) e Atividades imobili\u00e1rias (0,2%). J\u00e1 Com\u00e9rcio (0,0%) e Outras atividades de servi\u00e7os (0,0%) ficaram est\u00e1veis e houve varia\u00e7\u00e3o negativa na Administra\u00e7\u00e3o, defesa, sa\u00fade e educa\u00e7\u00e3o p\u00fablicas e seguridade social (-0,4%) e nas Atividades financeiras, de seguros e servi\u00e7os relacionados (-0,3%).<\/p>\n<p>A agropecu\u00e1ria, que puxou o crescimento, teve como destaque a soja (5,3%) e o caf\u00e9 (15,1%), que compensaram o baixo desempenho do arroz (-11,3%), algod\u00e3o (-6,7%) e milho (0,0%).<\/p>\n<div>\n<div>\n<blockquote>\n<p><strong>PIB no 2\u00ba trimestre de 2026:<\/strong><\/p>\n<ul>\n<li><strong>Servi\u00e7os:<\/strong>\u00a00,2%<\/li>\n<li><strong>Ind\u00fastria:<\/strong>\u00a00,1%<\/li>\n<li><strong>Agropecu\u00e1ria:\u00a0<\/strong>2,8%<\/li>\n<li><strong>Consumo das fam\u00edlias:<\/strong>\u00a0-0,4%<\/li>\n<li><strong>Consumo do governo:<\/strong>\u00a00,4%<\/li>\n<li><strong>Investimentos (Forma\u00e7\u00e3o Bruta de Capital Fixo):\u00a0<\/strong>1,2%<\/li>\n<\/ul>\n<\/blockquote>\n<\/div>\n<\/div>\n<p>O post <a href=\"https:\/\/vermelho.org.br\/2026\/09\/01\/pib-avanca-05-e-brasil-se-destaca-entre-os-maiores-crescimentos-do-trimestre-no-mundo\/\">PIB avan\u00e7a 0,5% e Brasil se destaca entre os maiores crescimentos do trimestre no mundo<\/a> apareceu primeiro em <a href=\"https:\/\/vermelho.org.br\/\">Vermelho<\/a>.<\/p>\n<!-- Begin Yuzo --><div class='yuzo_related_post style-1'  data-version='5.12.89'><!-- without result --><div class='yuzo_clearfixed yuzo__title yuzo__title'><h3>Related Post<\/h3><\/div>\n\t\t\t\t\t\t  <div class=\"relatedthumb \" style=\"width:125px;float:left;overflow:hidden;\">  \n\t\t\t\t\t\t\t  \n\t\t\t\t\t\t\t  <a  href=\"https:\/\/redept.com.br\/blogosfera\/julgamento-do-bolsonaro-ao-vivo-acompanhe-minuto-a-minuto\/\"  >\n\t\t\t\t\t\t\t\t\t  <div class=\"yuzo-img-wrap \" style=\"width: 125px;height:90px;\">\n\t\t\t\t\t\t\t\t\t\t\n\t\t\t\t\t\t\t\t\t\t<div class=\"yuzo-img\" style=\"background:url('https:\/\/redept.com.br\/blogosfera\/wp-content\/uploads\/2025\/03\/posse_tst_fcpzzb_abr_20220519_0045_0-e1742872023874-150x150.webp') 50% 50% no-repeat;width: 125px;height:90px;margin-bottom: 5px;background-size: cover; \"><\/div>\n\t\t\t\t\t\t\t\t\t  <\/div>\n\t\t\t\t\t\t\t\t\t  \n\t\t\t\t\t\t\t\t   <span class=\"yuzo__text--title\" style=\"font-size:13px;\">Julgamento do Bolsonaro: ao vivo, acompanhe minuto...<\/span>\n\t\t\t\t\t\t\t  \n\t\t\t\t\t\t\t  \n\t\t\t\t\t\t\t  <\/a>\n\n\t\t\t\t\t\t  <\/div>\n\t\t\t\t\t\t  <div class=\"relatedthumb \" style=\"width:125px;float:left;overflow:hidden;\">  \n\t\t\t\t\t\t\t  \n\t\t\t\t\t\t\t  <a  href=\"https:\/\/redept.com.br\/blogosfera\/ira-fala-em-vitoria-e-que-retaliacao-forcou-israel-a-confessar-derrota\/\"  >\n\t\t\t\t\t\t\t\t\t  <div class=\"yuzo-img-wrap \" style=\"width: 125px;height:90px;\">\n\t\t\t\t\t\t\t\t\t\t\n\t\t\t\t\t\t\t\t\t\t<div class=\"yuzo-img\" style=\"background:url('https:\/\/redept.com.br\/blogosfera\/wp-content\/uploads\/2025\/06\/whatsapp-image-2025-06-24-at-134609-150x150.jpeg') 50% 50% no-repeat;width: 125px;height:90px;margin-bottom: 5px;background-size: cover; \"><\/div>\n\t\t\t\t\t\t\t\t\t  <\/div>\n\t\t\t\t\t\t\t\t\t  \n\t\t\t\t\t\t\t\t   <span class=\"yuzo__text--title\" style=\"font-size:13px;\">Ir\u00e3 fala em \u2018vit\u00f3ria\u2019 e que retalia\u00e7\u00e3o for\u00e7ou Isra...<\/span>\n\t\t\t\t\t\t\t  \n\t\t\t\t\t\t\t  \n\t\t\t\t\t\t\t  <\/a>\n\n\t\t\t\t\t\t  <\/div>\n\t\t\t\t\t\t  <div class=\"relatedthumb \" style=\"width:125px;float:left;overflow:hidden;\">  \n\t\t\t\t\t\t\t  \n\t\t\t\t\t\t\t  <a  href=\"https:\/\/redept.com.br\/blogosfera\/o-que-e-noticia-no-jornal-tvt-news-primeira-edicao-22-04-2026\/\"  >\n\t\t\t\t\t\t\t\t\t  <div class=\"yuzo-img-wrap \" style=\"width: 125px;height:90px;\">\n\t\t\t\t\t\t\t\t\t\t\n\t\t\t\t\t\t\t\t\t\t<div class=\"yuzo-img\" style=\"background:url('https:\/\/redept.com.br\/blogosfera\/wp-content\/uploads\/2026\/04\/jornal_tvt_news-12-150x150.jpeg') 50% 50% no-repeat;width: 125px;height:90px;margin-bottom: 5px;background-size: cover; \"><\/div>\n\t\t\t\t\t\t\t\t\t  <\/div>\n\t\t\t\t\t\t\t\t\t  \n\t\t\t\t\t\t\t\t   <span class=\"yuzo__text--title\" style=\"font-size:13px;\">O que \u00e9 not\u00edcia no Jornal TVT News Primeira Edi\u00e7\u00e3o...<\/span>\n\t\t\t\t\t\t\t  \n\t\t\t\t\t\t\t  \n\t\t\t\t\t\t\t  <\/a>\n\n\t\t\t\t\t\t  <\/div>\n\t\t\t\t\t\t  <div class=\"relatedthumb \" style=\"width:125px;float:left;overflow:hidden;\">  \n\t\t\t\t\t\t\t  \n\t\t\t\t\t\t\t  <a  href=\"https:\/\/redept.com.br\/blogosfera\/tiktok-impulsiona-esquerda-que-pode-surpreender-nas-eleicas-na-alemanha\/\"  >\n\t\t\t\t\t\t\t\t\t  <div class=\"yuzo-img-wrap \" style=\"width: 125px;height:90px;\">\n\t\t\t\t\t\t\t\t\t\t\n\t\t\t\t\t\t\t\t\t\t<div class=\"yuzo-img\" style=\"background:url('https:\/\/redept.com.br\/blogosfera\/wp-content\/uploads\/2025\/02\/bundestag84140-150x150.jpg') 50% 50% no-repeat;width: 125px;height:90px;margin-bottom: 5px;background-size: cover; \"><\/div>\n\t\t\t\t\t\t\t\t\t  <\/div>\n\t\t\t\t\t\t\t\t\t  \n\t\t\t\t\t\t\t\t   <span class=\"yuzo__text--title\" style=\"font-size:13px;\">TikTok impulsiona esquerda, que pode surpreender n...<\/span>\n\t\t\t\t\t\t\t  \n\t\t\t\t\t\t\t  \n\t\t\t\t\t\t\t  <\/a>\n\n\t\t\t\t\t\t  <\/div>\n<\/div> <script>\n\t\t\t\t\t\t  jQuery(document).ready(function( $ ){\n\t\t\t\t\t\t\t\/\/jQuery('.yuzo_related_post').equalizer({ overflow : 'relatedthumb' });\n\t\t\t\t\t\t\tjQuery('.yuzo_related_post .yuzo_wraps').equalizer({ columns : '> div' });\n\t\t\t\t\t\t   })\n\t\t\t\t\t\t  <\/script> <!-- End Yuzo :) -->","protected":false},"excerpt":{"rendered":"<p>O Instituto Brasileiro de Geografia e Estat\u00edstica (IBGE) divulgou, nesta ter\u00e7a-feira (1\u00ba), que o PIB (Produto Interno Bruto) do Brasil cresceu\u00a00,5%\u00a0no segundo trimestre de 2026. Em compara\u00e7\u00e3o com o segundo trimestre de 2025, o resultado apresenta um avan\u00e7o de 2%. No entanto, em rela\u00e7\u00e3o ao primeiro trimestre desse ano, que teve crescimento de 1,1%, houve [&hellip;]<\/p>\n","protected":false},"author":2,"featured_media":0,"comment_status":"open","ping_status":"closed","sticky":false,"template":"","format":"standard","meta":{"fifu_image_url":"","fifu_image_alt":"","footnotes":""},"categories":[221,481,578,81430],"tags":[],"class_list":["post-102605","post","type-post","status-publish","format-standard","hentry","category-economia","category-ibge","category-pib","category-pib-2o-trimestre"],"_links":{"self":[{"href":"https:\/\/redept.com.br\/blogosfera\/wp-json\/wp\/v2\/posts\/102605","targetHints":{"allow":["GET"]}}],"collection":[{"href":"https:\/\/redept.com.br\/blogosfera\/wp-json\/wp\/v2\/posts"}],"about":[{"href":"https:\/\/redept.com.br\/blogosfera\/wp-json\/wp\/v2\/types\/post"}],"author":[{"embeddable":true,"href":"https:\/\/redept.com.br\/blogosfera\/wp-json\/wp\/v2\/users\/2"}],"replies":[{"embeddable":true,"href":"https:\/\/redept.com.br\/blogosfera\/wp-json\/wp\/v2\/comments?post=102605"}],"version-history":[{"count":0,"href":"https:\/\/redept.com.br\/blogosfera\/wp-json\/wp\/v2\/posts\/102605\/revisions"}],"wp:attachment":[{"href":"https:\/\/redept.com.br\/blogosfera\/wp-json\/wp\/v2\/media?parent=102605"}],"wp:term":[{"taxonomy":"category","embeddable":true,"href":"https:\/\/redept.com.br\/blogosfera\/wp-json\/wp\/v2\/categories?post=102605"},{"taxonomy":"post_tag","embeddable":true,"href":"https:\/\/redept.com.br\/blogosfera\/wp-json\/wp\/v2\/tags?post=102605"}],"curies":[{"name":"wp","href":"https:\/\/api.w.org\/{rel}","templated":true}]}}