{"id":102660,"date":"2026-09-01T21:24:47","date_gmt":"2026-09-02T00:24:47","guid":{"rendered":"https:\/\/redept.com.br\/blogosfera\/lindbergh-exige-quebra-de-sigilo-sobre-elos-de-flavio-com-vorcaro-apos-mendonca-liberar-caso-com-moraes\/"},"modified":"2026-09-01T21:24:47","modified_gmt":"2026-09-02T00:24:47","slug":"lindbergh-exige-quebra-de-sigilo-sobre-elos-de-flavio-com-vorcaro-apos-mendonca-liberar-caso-com-moraes","status":"publish","type":"post","link":"https:\/\/redept.com.br\/blogosfera\/lindbergh-exige-quebra-de-sigilo-sobre-elos-de-flavio-com-vorcaro-apos-mendonca-liberar-caso-com-moraes\/","title":{"rendered":"Lindbergh exige quebra de sigilo sobre elos de Fl\u00e1vio com Vorcaro ap\u00f3s Mendon\u00e7a liberar caso com Moraes"},"content":{"rendered":"<p><img width=\"150\" height=\"105\"src=\"https:\/\/i0.wp.com\/urbsmagna.com\/wp-content\/uploads\/2026\/09\/AMENDONCA-FLAVIOB.webp?w=2400&amp;ssl=1\" alt=\"O ministro do STF Andr\u00e9 Mendon\u00e7a e o senador Fl\u00e1vio Bolsonaro em evento de juristas conservadores 11.8.2024 | Imagem reprodu\u00e7\u00e3o via O Globo\" decoding=\"async\" srcset=\"https:\/\/i0.wp.com\/urbsmagna.com\/wp-content\/uploads\/2026\/09\/AMENDONCA-FLAVIOB.webp?w=2400&amp;ssl=1 2400w, https:\/\/i0.wp.com\/urbsmagna.com\/wp-content\/uploads\/2026\/09\/AMENDONCA-FLAVIOB.webp?resize=300%2C210&amp;ssl=1 300w, https:\/\/i0.wp.com\/urbsmagna.com\/wp-content\/uploads\/2026\/09\/AMENDONCA-FLAVIOB.webp?resize=1024%2C717&amp;ssl=1 1024w, https:\/\/i0.wp.com\/urbsmagna.com\/wp-content\/uploads\/2026\/09\/AMENDONCA-FLAVIOB.webp?resize=150%2C105&amp;ssl=1 150w, https:\/\/i0.wp.com\/urbsmagna.com\/wp-content\/uploads\/2026\/09\/AMENDONCA-FLAVIOB.webp?resize=768%2C538&amp;ssl=1 768w, https:\/\/i0.wp.com\/urbsmagna.com\/wp-content\/uploads\/2026\/09\/AMENDONCA-FLAVIOB.webp?resize=1536%2C1075&amp;ssl=1 1536w, https:\/\/i0.wp.com\/urbsmagna.com\/wp-content\/uploads\/2026\/09\/AMENDONCA-FLAVIOB.webp?resize=2048%2C1434&amp;ssl=1 2048w, https:\/\/i0.wp.com\/urbsmagna.com\/wp-content\/uploads\/2026\/09\/AMENDONCA-FLAVIOB.webp?resize=1320%2C924&amp;ssl=1 1320w\" sizes=\"(max-width: 150px) 100vw, 150px\" data-attachment-id=\"322633\" data-permalink=\"https:\/\/urbsmagna.com\/lindbergh-quebra-sigilo-flavio-vorcaro-dark-horse\/amendonca-flaviob\/\" data-orig-file=\"https:\/\/i0.wp.com\/urbsmagna.com\/wp-content\/uploads\/2026\/09\/AMENDONCA-FLAVIOB.webp?fit=2400%2C1680&amp;ssl=1\" data-orig-size=\"2400,1680\" data-comments-opened=\"1\" data-image-meta='{\"aperture\":\"0\",\"credit\":\"\",\"camera\":\"\",\"caption\":\"\",\"created_timestamp\":\"0\",\"copyright\":\"\",\"focal_length\":\"0\",\"iso\":\"0\",\"shutter_speed\":\"0\",\"title\":\"\",\"orientation\":\"0\",\"alt\":\"\"}' data-image-title=\"O ministro do STF Andr\u00e9 Mendon\u00e7a e o senador Fl\u00e1vio Bolsonaro em evento de juristas conservadores 11.8.2024 | Imagem reprodu\u00e7\u00e3o via O Globo\" data-image-description=\"&lt;p&gt;O ministro do STF Andr\u00e9 Mendon\u00e7a e o senador Fl\u00e1vio Bolsonaro em evento de juristas conservadores 11.8.2024 | Imagem reprodu\u00e7\u00e3o via O Globo&lt;\/p&gt;\n\" data-image-caption=\"&lt;p&gt;O ministro do STF Andr\u00e9 Mendon\u00e7a e o senador Fl\u00e1vio Bolsonaro em evento de juristas conservadores 11.8.2024 | Imagem reprodu\u00e7\u00e3o via O Globo&lt;\/p&gt;\n\" data-large-file=\"https:\/\/i0.wp.com\/urbsmagna.com\/wp-content\/uploads\/2026\/09\/AMENDONCA-FLAVIOB.webp?fit=1024%2C717&amp;ssl=1\"> Deputado do PT cobra publicidade no inqu\u00e9rito do filme Dark Horse no mesmo dia em que o relator do Master tornou p\u00fablicas mensagens entre o banqueiro e Alexandre de Moraes<\/p>\n<p>O post Lindbergh exige quebra de sigilo sobre elos de Fl\u00e1vio com Vorcaro ap\u00f3s Mendon\u00e7a liberar caso com Moraes apareceu primeiro em Urbs Magna.<\/p>\n<!-- Begin Yuzo --><div class='yuzo_related_post style-1'  data-version='5.12.89'><!-- without result --><div class='yuzo_clearfixed yuzo__title yuzo__title'><h3>Related Post<\/h3><\/div>\n\t\t\t\t\t\t  <div class=\"relatedthumb \" style=\"width:125px;float:left;overflow:hidden;\">  \n\t\t\t\t\t\t\t  \n\t\t\t\t\t\t\t  <a  href=\"https:\/\/redept.com.br\/blogosfera\/atos-pelo-dia-internacional-da-mulher-tomam-as-ruas-no-domingo-8-veja-a-programacao\/\"  >\n\t\t\t\t\t\t\t\t\t  <div class=\"yuzo-img-wrap \" style=\"width: 125px;height:90px;\">\n\t\t\t\t\t\t\t\t\t\t\n\t\t\t\t\t\t\t\t\t\t<div class=\"yuzo-img\" style=\"background:url('https:\/\/redept.org\/blogosfera\/wp-content\/plugins\/yuzo-related-post\/assets\/images\/default.png') 50% 50% no-repeat;width: 125px;height:90px;margin-bottom: 5px;background-size: cover; \"><\/div>\n\t\t\t\t\t\t\t\t\t  <\/div>\n\t\t\t\t\t\t\t\t\t  \n\t\t\t\t\t\t\t\t   <span class=\"yuzo__text--title\" style=\"font-size:13px;\">Atos pelo Dia Internacional da Mulher tomam as rua...<\/span>\n\t\t\t\t\t\t\t  \n\t\t\t\t\t\t\t  \n\t\t\t\t\t\t\t  <\/a>\n\n\t\t\t\t\t\t  <\/div>\n\t\t\t\t\t\t  <div class=\"relatedthumb \" style=\"width:125px;float:left;overflow:hidden;\">  \n\t\t\t\t\t\t\t  \n\t\t\t\t\t\t\t  <a  href=\"https:\/\/redept.com.br\/blogosfera\/brasil-da-passo-importante-para-protecao-de-criancas-em-ambientes-digitais\/\"  >\n\t\t\t\t\t\t\t\t\t  <div class=\"yuzo-img-wrap \" style=\"width: 125px;height:90px;\">\n\t\t\t\t\t\t\t\t\t\t\n\t\t\t\t\t\t\t\t\t\t<div class=\"yuzo-img\" style=\"background:url('https:\/\/redept.org\/blogosfera\/wp-content\/plugins\/yuzo-related-post\/assets\/images\/default.png') 50% 50% no-repeat;width: 125px;height:90px;margin-bottom: 5px;background-size: cover; \"><\/div>\n\t\t\t\t\t\t\t\t\t  <\/div>\n\t\t\t\t\t\t\t\t\t  \n\t\t\t\t\t\t\t\t   <span class=\"yuzo__text--title\" style=\"font-size:13px;\">Brasil d\u00e1 passo importante para prote\u00e7\u00e3o de crian\u00e7...<\/span>\n\t\t\t\t\t\t\t  \n\t\t\t\t\t\t\t  \n\t\t\t\t\t\t\t  <\/a>\n\n\t\t\t\t\t\t  <\/div>\n\t\t\t\t\t\t  <div class=\"relatedthumb \" style=\"width:125px;float:left;overflow:hidden;\">  \n\t\t\t\t\t\t\t  \n\t\t\t\t\t\t\t  <a  href=\"https:\/\/redept.com.br\/blogosfera\/eua-aplicam-lei-magnitsky-contra-esposa-de-alexandre-de-moraes-viviane-barci\/\"  >\n\t\t\t\t\t\t\t\t\t  <div class=\"yuzo-img-wrap \" style=\"width: 125px;height:90px;\">\n\t\t\t\t\t\t\t\t\t\t\n\t\t\t\t\t\t\t\t\t\t<div class=\"yuzo-img\" style=\"background:url('https:\/\/redept.org\/blogosfera\/wp-content\/plugins\/yuzo-related-post\/assets\/images\/default.png') 50% 50% no-repeat;width: 125px;height:90px;margin-bottom: 5px;background-size: cover; \"><\/div>\n\t\t\t\t\t\t\t\t\t  <\/div>\n\t\t\t\t\t\t\t\t\t  \n\t\t\t\t\t\t\t\t   <span class=\"yuzo__text--title\" style=\"font-size:13px;\">EUA aplicam Lei Magnitsky contra esposa de Alexand...<\/span>\n\t\t\t\t\t\t\t  \n\t\t\t\t\t\t\t  \n\t\t\t\t\t\t\t  <\/a>\n\n\t\t\t\t\t\t  <\/div>\n\t\t\t\t\t\t  <div class=\"relatedthumb \" style=\"width:125px;float:left;overflow:hidden;\">  \n\t\t\t\t\t\t\t  \n\t\t\t\t\t\t\t  <a  href=\"https:\/\/redept.com.br\/blogosfera\/mst-no-para-realiza-ato-publico-em-defesa-da-reforma-agraria-popular\/\"  >\n\t\t\t\t\t\t\t\t\t  <div class=\"yuzo-img-wrap \" style=\"width: 125px;height:90px;\">\n\t\t\t\t\t\t\t\t\t\t\n\t\t\t\t\t\t\t\t\t\t<div class=\"yuzo-img\" style=\"background:url('https:\/\/redept.com.br\/blogosfera\/wp-content\/uploads\/2025\/02\/Lumii_20250226_091050743-1024x683-1-150x150.jpg') 50% 50% no-repeat;width: 125px;height:90px;margin-bottom: 5px;background-size: cover; \"><\/div>\n\t\t\t\t\t\t\t\t\t  <\/div>\n\t\t\t\t\t\t\t\t\t  \n\t\t\t\t\t\t\t\t   <span class=\"yuzo__text--title\" style=\"font-size:13px;\">MST no Par\u00e1 realiza Ato P\u00fablico em Defesa da Refor...<\/span>\n\t\t\t\t\t\t\t  \n\t\t\t\t\t\t\t  \n\t\t\t\t\t\t\t  <\/a>\n\n\t\t\t\t\t\t  <\/div>\n<\/div> <script>\n\t\t\t\t\t\t  jQuery(document).ready(function( $ ){\n\t\t\t\t\t\t\t\/\/jQuery('.yuzo_related_post').equalizer({ overflow : 'relatedthumb' });\n\t\t\t\t\t\t\tjQuery('.yuzo_related_post .yuzo_wraps').equalizer({ columns : '> div' });\n\t\t\t\t\t\t   })\n\t\t\t\t\t\t  <\/script> <!-- End Yuzo :) -->","protected":false},"excerpt":{"rendered":"<p><img decoding=\"async\" width=\"150\" height=\"105\" src=\"https:\/\/i0.wp.com\/urbsmagna.com\/wp-content\/uploads\/2026\/09\/AMENDONCA-FLAVIOB.webp?fit=150%2C105&amp;ssl=1\" alt=\"O ministro do STF Andr\u00e9 Mendon\u00e7a e o senador Fl\u00e1vio Bolsonaro em evento de juristas conservadores 11.8.2024 | Imagem reprodu\u00e7\u00e3o via O Globo\" data-attachment-id=\"322633\" data-permalink=\"https:\/\/urbsmagna.com\/lindbergh-quebra-sigilo-flavio-vorcaro-dark-horse\/amendonca-flaviob\/\" data-orig-file=\"https:\/\/i0.wp.com\/urbsmagna.com\/wp-content\/uploads\/2026\/09\/AMENDONCA-FLAVIOB.webp?fit=2400%2C1680&amp;ssl=1\" data-orig-size=\"2400,1680\" data-comments-opened=\"1\" data-image-meta=\"{&quot;aperture&quot;:&quot;0&quot;,&quot;credit&quot;:&quot;&quot;,&quot;camera&quot;:&quot;&quot;,&quot;caption&quot;:&quot;&quot;,&quot;created_timestamp&quot;:&quot;0&quot;,&quot;copyright&quot;:&quot;&quot;,&quot;focal_length&quot;:&quot;0&quot;,&quot;iso&quot;:&quot;0&quot;,&quot;shutter_speed&quot;:&quot;0&quot;,&quot;title&quot;:&quot;&quot;,&quot;orientation&quot;:&quot;0&quot;,&quot;alt&quot;:&quot;&quot;}\" data-image-title=\"O ministro do STF Andr\u00e9 Mendon\u00e7a e o senador Fl\u00e1vio Bolsonaro em evento de juristas conservadores 11.8.2024 | Imagem reprodu\u00e7\u00e3o via O Globo\" data-image-description=\"&lt;p&gt;O ministro do STF Andr\u00e9 Mendon\u00e7a e o senador Fl\u00e1vio Bolsonaro em evento de juristas conservadores 11.8.2024 | Imagem reprodu\u00e7\u00e3o via O Globo&lt;\/p&gt;\n\" data-image-caption=\"&lt;p&gt;O ministro do STF Andr\u00e9 Mendon\u00e7a e o senador Fl\u00e1vio Bolsonaro em evento de juristas conservadores 11.8.2024 | Imagem reprodu\u00e7\u00e3o via O Globo&lt;\/p&gt;\n\" data-large-file=\"https:\/\/i0.wp.com\/urbsmagna.com\/wp-content\/uploads\/2026\/09\/AMENDONCA-FLAVIOB.webp?fit=1024%2C717&amp;ssl=1\"> Deputado do PT cobra publicidade no inqu\u00e9rito do filme Dark Horse no mesmo dia em que o relator do Master tornou p\u00fablicas mensagens entre o banqueiro e Alexandre de Moraes<\/p>\n<p>O post <a href=\"https:\/\/urbsmagna.com\/lindbergh-quebra-sigilo-flavio-vorcaro-dark-horse\/\">Lindbergh exige quebra de sigilo sobre elos de Fl\u00e1vio com Vorcaro ap\u00f3s Mendon\u00e7a liberar caso com Moraes<\/a> apareceu primeiro em <a href=\"https:\/\/urbsmagna.com\/\">Urbs Magna<\/a>.<\/p>\n","protected":false},"author":2,"featured_media":0,"comment_status":"open","ping_status":"closed","sticky":false,"template":"","format":"standard","meta":{"fifu_image_url":"","fifu_image_alt":"","footnotes":""},"categories":[1261,10166,17810,13065,30544,57375,536,2427,3654,57381,745,7463,191,30545,5471,2305,260,12623],"tags":[],"class_list":["post-102660","post","type-post","status-publish","format-standard","hentry","category-alexandre-de-moraes","category-andre-mendonca","category-banco-master","category-coaf","category-daniel-vorcaro","category-dark-horse","category-democracia","category-flavio-bolsonaro","category-fraudes","category-havengate-development-fund","category-lavagem-de-dinheiro","category-lindbergh-farias","category-noticias","category-operacao-compliance-zero","category-politica-nacional","category-quebra-de-sigilo","category-stf","category-supremo-tribunal-federal-stf"],"_links":{"self":[{"href":"https:\/\/redept.com.br\/blogosfera\/wp-json\/wp\/v2\/posts\/102660","targetHints":{"allow":["GET"]}}],"collection":[{"href":"https:\/\/redept.com.br\/blogosfera\/wp-json\/wp\/v2\/posts"}],"about":[{"href":"https:\/\/redept.com.br\/blogosfera\/wp-json\/wp\/v2\/types\/post"}],"author":[{"embeddable":true,"href":"https:\/\/redept.com.br\/blogosfera\/wp-json\/wp\/v2\/users\/2"}],"replies":[{"embeddable":true,"href":"https:\/\/redept.com.br\/blogosfera\/wp-json\/wp\/v2\/comments?post=102660"}],"version-history":[{"count":0,"href":"https:\/\/redept.com.br\/blogosfera\/wp-json\/wp\/v2\/posts\/102660\/revisions"}],"wp:attachment":[{"href":"https:\/\/redept.com.br\/blogosfera\/wp-json\/wp\/v2\/media?parent=102660"}],"wp:term":[{"taxonomy":"category","embeddable":true,"href":"https:\/\/redept.com.br\/blogosfera\/wp-json\/wp\/v2\/categories?post=102660"},{"taxonomy":"post_tag","embeddable":true,"href":"https:\/\/redept.com.br\/blogosfera\/wp-json\/wp\/v2\/tags?post=102660"}],"curies":[{"name":"wp","href":"https:\/\/api.w.org\/{rel}","templated":true}]}}