{"id":102682,"date":"2026-09-02T10:44:37","date_gmt":"2026-09-02T13:44:37","guid":{"rendered":"https:\/\/redept.com.br\/blogosfera\/iv-feira-da-reforma-agraria-reune-producao-camponesa-cultura-popular-e-luta-por-soberania-na-capital-mineira\/"},"modified":"2026-09-02T10:44:37","modified_gmt":"2026-09-02T13:44:37","slug":"iv-feira-da-reforma-agraria-reune-producao-camponesa-cultura-popular-e-luta-por-soberania-na-capital-mineira","status":"publish","type":"post","link":"https:\/\/redept.com.br\/blogosfera\/iv-feira-da-reforma-agraria-reune-producao-camponesa-cultura-popular-e-luta-por-soberania-na-capital-mineira\/","title":{"rendered":"IV Feira da Reforma Agr\u00e1ria re\u00fane produ\u00e7\u00e3o camponesa, cultura popular e luta por soberania na capital mineira"},"content":{"rendered":"<figure><img fetchpriority=\"high\" fetchpriority=\"high\" decoding=\"async\" width=\"1024\" height=\"682\"src=\"https:\/\/redept.com.br\/blogosfera\/wp-content\/uploads\/2026\/09\/Foto-Agatha-Azevedo.jpg\" alt=\"\" srcset=\"https:\/\/redept.com.br\/blogosfera\/wp-content\/uploads\/2026\/09\/Foto-Agatha-Azevedo.jpg 1024w, https:\/\/mst.org.br\/wp-content\/uploads\/2026\/09\/Foto-Agatha-Azevedo-300x200.jpg 300w, https:\/\/mst.org.br\/wp-content\/uploads\/2026\/09\/Foto-Agatha-Azevedo-768x512.jpg 768w\" sizes=\"(max-width: 1024px) 100vw, 1024px\"><figcaption>Foto: Agatha Azevedo<\/figcaption><\/figure>\n<p><em>Por Agatha Azevedo<br \/>Da P\u00e1gina do MST<\/em><\/p>\n<p>Belo Horizonte recebe, entre os dias 11 e 13 de setembro, a IV Feira Estadual da Reforma Agr\u00e1ria de Minas Gerais. Realizada na Serraria Souza Pinto, a Feira re\u00fane a produ\u00e7\u00e3o das fam\u00edlias acampadas e assentadas do Movimento dos Trabalhadores Rurais Sem Terra (MST), al\u00e9m de uma programa\u00e7\u00e3o cultural que conecta diferentes territ\u00f3rios, gera\u00e7\u00f5es e linguagens art\u00edsticas.<\/p>\n<p>Com o lema \u201cCultivar a Terra, Defender o Brasil\u201d, a Feira apresenta ao p\u00fablico a Reforma Agr\u00e1ria Popular como um projeto de pa\u00eds, baseado na produ\u00e7\u00e3o de alimentos saud\u00e1veis, na agroecologia, na defesa da natureza, na cultura popular, na coopera\u00e7\u00e3o e na organiza\u00e7\u00e3o do povo.<\/p>\n<p>Durante tr\u00eas dias, a Serraria Souza Pinto se transforma em espa\u00e7o de encontro entre campo e cidade. A produ\u00e7\u00e3o das fam\u00edlias Sem Terra chega \u00e0 capital mineira como alimento e tamb\u00e9m como express\u00e3o de um modo de vida constru\u00eddo a partir da organiza\u00e7\u00e3o coletiva e da luta pela terra. S\u00e3o 12 cooperativas do\u00a0MST em Minas Gerais\u00a0e 5 cooperativas convidadas do MST em S\u00e3o Paulo, Esp\u00edrito Santo, Rio Grande do Sul e Bahia.<\/p>\n<p>A Feira reafirma que a Reforma Agr\u00e1ria Popular n\u00e3o se resume ao acesso \u00e0 terra. Ela envolve o direito de produzir e consumir alimentos saud\u00e1veis, preservar os bens da natureza, fortalecer a agricultura camponesa, valorizar os saberes populares e construir rela\u00e7\u00f5es sociais baseadas na solidariedade e na soberania popular.<\/p>\n<h2>Terra, alimento e cultura ocupam a cidade<\/h2>\n<figure><img decoding=\"async\" width=\"1024\" height=\"682\"src=\"https:\/\/redept.com.br\/blogosfera\/wp-content\/uploads\/2026\/09\/Foto-Raquel-Matos-1024x682-1.jpg\" alt=\"\" srcset=\"https:\/\/redept.com.br\/blogosfera\/wp-content\/uploads\/2026\/09\/Foto-Raquel-Matos-1024x682-1.jpg 1024w, https:\/\/mst.org.br\/wp-content\/uploads\/2026\/09\/Foto-Raquel-Matos-1024x682-1-300x200.jpg 300w, https:\/\/mst.org.br\/wp-content\/uploads\/2026\/09\/Foto-Raquel-Matos-1024x682-1-768x512.jpg 768w\" sizes=\"(max-width: 1024px) 100vw, 1024px\"><figcaption><em>Foto: Raquel Matos<\/em><\/figcaption><\/figure>\n<p>A programa\u00e7\u00e3o cultural \u00e9 uma das dimens\u00f5es centrais da Feira e foi organizada em tr\u00eas momentos: o Festival Internacionalizemos a esperan\u00e7a, que marca a noite internacionalista, a noite Terra, arte e p\u00e3o, com artistas da cultura popular e do MST, e a programa\u00e7\u00e3o de Hip Hop\u00a0<strong>na<\/strong>\u00a0noite Beat da Terra. Na sexta-feira, 11 de setembro, a programa\u00e7\u00e3o noturna come\u00e7a \u00e0s 20h30, com a apresenta\u00e7\u00e3o de Maur\u00edcio Tizumba. Cantor, compositor, ator, percussionista e refer\u00eancia da cultura afro-mineira, Tizumba construiu sua trajet\u00f3ria em di\u00e1logo com os tambores, o Congado e as tradi\u00e7\u00f5es populares de Minas Gerais. Sua presen\u00e7a abre uma noite dedicada \u00e0 m\u00fasica como instrumento de mem\u00f3ria, resist\u00eancia e integra\u00e7\u00e3o latino-americana.<\/p>\n<p>\u00c0s 21h30, come\u00e7a o Festival Internacionalizemos a esperan\u00e7a, reunindo Giancarlo Borba, Jos\u00e9 Delgado, N\u00e1dia Campos, Paula Ferr\u00e9, Cecilia Concha-Laborde e Sol Bueno. O festival aproxima Minas Gerais de outras experi\u00eancias latino-americanas por meio da can\u00e7\u00e3o popular e da m\u00fasica de resist\u00eancia. O venezuelano Jos\u00e9 Delgado, com mais de 20 anos de carreira, transita pela m\u00fasica venezuelana e caribenha, pelo folclore, pela can\u00e7\u00e3o de autor e pela chamada world music. A argentina Paula Ferr\u00e9, refer\u00eancia da trova e militante cultural, constr\u00f3i uma obra marcada pelo encontro entre ternura, mem\u00f3ria e can\u00e7\u00e3o social. J\u00e1 a chilena Cecilia Concha-Laborde leva ao palco um canto comprometido com os direitos humanos, a justi\u00e7a social e o feminismo, nascido de uma trajet\u00f3ria de resist\u00eancia cultural.<\/p>\n<p>De Minas Gerais, N\u00e1dia Campos traz a for\u00e7a da pesquisa e da cultura popular. Cantadeira, multi-instrumentista, compositora, educadora e produtora, percorreu diferentes regi\u00f5es do Brasil, da Am\u00e9rica Latina e da Europa pesquisando ritmos, cantos e tradi\u00e7\u00f5es. Sol Bueno e Giancarlo Borba completam a noite, em uma celebra\u00e7\u00e3o da m\u00fasica popular e das conex\u00f5es entre arte, territ\u00f3rio e luta.<\/p>\n<h2>Festival Terra e Raiz celebra a m\u00fasica mineira<\/h2>\n<figure><img decoding=\"async\" width=\"1024\" height=\"681\"src=\"https:\/\/redept.com.br\/blogosfera\/wp-content\/uploads\/2026\/09\/Fotos-Divulgacao-MST-1.jpg\" alt=\"\" srcset=\"https:\/\/redept.com.br\/blogosfera\/wp-content\/uploads\/2026\/09\/Fotos-Divulgacao-MST-1.jpg 1024w, https:\/\/mst.org.br\/wp-content\/uploads\/2026\/09\/Fotos-Divulgacao-MST-1-300x200.jpg 300w, https:\/\/mst.org.br\/wp-content\/uploads\/2026\/09\/Fotos-Divulgacao-MST-1-768x511.jpg 768w\" sizes=\"(max-width: 1024px) 100vw, 1024px\"><figcaption><em>Foto: Divulga\u00e7\u00e3o MST<\/em><\/figcaption><\/figure>\n<p>No s\u00e1bado, 12 de setembro, o Festival Terra, arte e p\u00e3o re\u00fane diferentes express\u00f5es da m\u00fasica popular mineira, do tambor \u00e0 viola, passando pelos ritmos tradicionais e pelas novas cria\u00e7\u00f5es da cultura popular. A programa\u00e7\u00e3o come\u00e7a \u00e0s 10h, com a Canta\u00e7\u00e3o de Hist\u00f3ria Irugb\u00edn: a guardi\u00e3 com os Tambores do Mucuri. \u00c0s 11h, \u00e9 a vez de Rubinho do Vale, um dos maiores nomes da m\u00fasica popular do Vale do Jequitinhonha. Sua obra carrega as paisagens, hist\u00f3rias, cantigas e tradi\u00e7\u00f5es do interior de Minas, transformando a rela\u00e7\u00e3o com o territ\u00f3rio em m\u00fasica e poesia.<\/p>\n<p>\u00c0s 13h30, Mina Flor e Z\u00e9 Pinto apresentam a produ\u00e7\u00e3o art\u00edstica do MST, levando para o palco a experi\u00eancia cultural constru\u00edda nos territ\u00f3rios da Reforma Agr\u00e1ria. Ao longo da tarde, a programa\u00e7\u00e3o segue com o Festival Terra e Raiz e roda de conversa \u00e0s 15h. \u00c0 noite, a m\u00fasica ocupa novamente o espa\u00e7o com Surubim e os Pocom\u00e3s, \u00e0s 18h; Paiol de Tonha, \u00e0s 19h; e Maria do Ju\u00e1, \u00e0s 20h30.<\/p>\n<h2>Hip Hop, samba e carnaval encerram a Feira<\/h2>\n<figure><img decoding=\"async\" width=\"683\" height=\"1024\"src=\"https:\/\/redept.com.br\/blogosfera\/wp-content\/uploads\/2026\/09\/foto_-gabrielrenne.jpeg\" alt=\"\" srcset=\"https:\/\/mst.org.br\/wp-content\/uploads\/2026\/09\/foto_-@gabrielrenne-683x1024.jpeg 683w, https:\/\/mst.org.br\/wp-content\/uploads\/2026\/09\/foto_-@gabrielrenne-200x300.jpeg 200w, https:\/\/mst.org.br\/wp-content\/uploads\/2026\/09\/foto_-@gabrielrenne-768x1151.jpeg 768w, https:\/\/mst.org.br\/wp-content\/uploads\/2026\/09\/foto_-@gabrielrenne-1025x1536.jpeg 1025w, https:\/\/redept.com.br\/blogosfera\/wp-content\/uploads\/2026\/09\/foto_-gabrielrenne.jpeg 1281w\" sizes=\"(max-width: 683px) 100vw, 683px\"><figcaption><em>Foto: @gabrielrenne<\/em><\/figcaption><\/figure>\n<p>No domingo, 13 de setembro, a programa\u00e7\u00e3o aproxima a Feira das culturas urbanas, do hip hop, do samba e do carnaval popular. \u00c0s 10h, o tradicional Bloco Pisa Ligeiro, uma a\u00e7\u00e3o permanente do MST, convida o Bloco Oficina Tambolel\u00ea e o Bloco Filhas de Gaby para uma apresenta\u00e7\u00e3o que re\u00fane diferentes experi\u00eancias do carnaval e da cultura popular de Belo Horizonte. No mesmo hor\u00e1rio, acontece uma roda de conversa.<\/p>\n<p>\u00c0s 13h30, o Samba da Nossa Terra ocupa a programa\u00e7\u00e3o. \u00c0s 15h, acontece o Brota na Feira. A partir das 18h, a programa\u00e7\u00e3o noturna apresenta Sarah Sampp e Imane Rane, nomes da cena do hip hop que marcam a noite Beat da Terra, at\u00e9 chegar a um dos grandes destaques da Feira: Linn da Quebrada, \u00e0s 20h30.<\/p>\n<p>Artista, cantora, compositora, actress e ativista social, Linn da Quebrada construiu uma trajet\u00f3ria marcada pela experimenta\u00e7\u00e3o art\u00edstica, pela m\u00fasica e pela performance. Sua presen\u00e7a na Feira amplia o di\u00e1logo entre diferentes territ\u00f3rios e experi\u00eancias de resist\u00eancia, aproximando a cultura da periferia e as lutas sociais de um espa\u00e7o tradicionalmente associado \u00e0 produ\u00e7\u00e3o cultural da cidade.<\/p>\n<p>O encontro entre a cultura hip hop, samba e carnaval refor\u00e7a a proposta de fazer da Feira um territ\u00f3rio de di\u00e1logo entre campo e cidade. O Bloco Pisa Ligeiro, do MST, encerra esse percurso em encontro com o Bloco Filhas de Gaby, levando os tambores e a festa popular para o centro da programa\u00e7\u00e3o.<\/p>\n<h2>Cultura como dimens\u00e3o da Reforma Agr\u00e1ria Popular<\/h2>\n<p>Ao reunir artistas do campo, da cidade e de diferentes pa\u00edses latino-americanos, a IV Feira Estadual da Reforma Agr\u00e1ria reafirma a cultura como necessidade central na constru\u00e7\u00e3o da Reforma Agr\u00e1ria Popular. Da m\u00fasica de raiz \u00e0 cultura hip hop, da trova latino-americana aos tambores afro-mineiros, da viola ao carnaval, a programa\u00e7\u00e3o expressa a diversidade cultural dos povos e territ\u00f3rios que constroem a Feira. As noites culturais tamb\u00e9m reafirmam que a luta pela terra \u00e9 insepar\u00e1vel da luta pelo direito \u00e0 cultura, \u00e0 mem\u00f3ria, \u00e0 alimenta\u00e7\u00e3o saud\u00e1vel, \u00e0 natureza e \u00e0 participa\u00e7\u00e3o popular.<\/p>\n<h2>Programa\u00e7\u00e3o<\/h2>\n<p><strong>IV Feira Estadual da Reforma Agr\u00e1ria de Minas Gerais<br \/>Quando<\/strong>: 11, 12 e 13 de setembro de 2026<br \/><strong>Onde<\/strong>: Serraria Souza Pinto \u2013 Belo Horizonte (MG)<br \/><strong>Hor\u00e1rio de funcionamento da Feira<\/strong>: No dia 11, a partir das 10h, e nos dias 12 e 13 a partir das 8h<br \/><strong>Entrada<\/strong>: gratuita<br \/><strong>Lema<\/strong>: \u201cCultivar a Terra, Defender o Brasil\u201d<\/p>\n<p><strong>Programa\u00e7\u00e3o cultural<\/strong><\/p>\n<p><strong>11\/09 \u2013 Sexta-feira | Noite Anti-Imperialista<br \/><\/strong>20h30 \u2013 Maur\u00edcio Tizumba<br \/>21h30 \u2013 Festival Internacionalizemos a Esperan\u00e7a: Giancarlo Borba, Jos\u00e9 Delgado, N\u00e1dia Campos, Paula Ferr\u00e9, Cecilia Concha-Laborde e Sol Bueno<\/p>\n<p><strong>12\/09 \u2013 S\u00e1bado | Festival Terra e Raiz<br \/><\/strong>10h \u2013 Canta\u00e7\u00e3o de Hist\u00f3ria: Irugb\u00edn: a guardi\u00e3 \u2013 Tambores do Mucuri<br \/>11h \u2013 Rubinho do Vale<br \/>13h30 \u2013 Mina Flor e Z\u00e9 Pinto<br \/>13h30 \u2013 Festival Terra e Raiz \u2013 Titane, S\u00e9rgio Perer\u00ea e Wilson Dias<br \/>15h \u2013 Roda de conversa<br \/>18h \u2013 Surubim e os Pocom\u00e3s<br \/>19h \u2013 Paiol de Tonha<br \/>20h30 \u2013 Maria do Ju\u00e1<\/p>\n<p><strong>13\/09 \u2013 Domingo | Hip Hop e Cultura Popular<br \/><\/strong>10h \u2013 Pisa Ligeiro convida Oficina Tambolel\u00ea e Filhas de Gaby<br \/>10h \u2013 Roda de conversa<br \/>13h30 \u2013 Samba da Nossa Terra<br \/>15h \u2013 Brota na Feira<br \/>18h \u2013 Sarah Sampp<br \/>19h \u2013 Imane Rane<br \/>20h30 \u2013 Linn da Quebrada<\/p>\n<p><em>*Editado por Fernanda Alc\u00e2ntara<\/em><\/p>\n<\/p>\n<p>O post <a href=\"https:\/\/mst.org.br\/2026\/09\/02\/iv-feira-da-reforma-agraria-reune-producao-camponesa-cultura-popular-e-luta-por-soberania-na-capital-mineira\/\">IV Feira da Reforma Agr\u00e1ria re\u00fane produ\u00e7\u00e3o camponesa, cultura popular e luta por soberania na capital mineira<\/a> apareceu primeiro em <a href=\"https:\/\/mst.org.br\/\">MST<\/a>.<\/p>\n<!-- Begin Yuzo --><div class='yuzo_related_post style-1'  data-version='5.12.89'><!-- without result --><div class='yuzo_clearfixed yuzo__title yuzo__title'><h3>Related Post<\/h3><\/div>\n\t\t\t\t\t\t  <div class=\"relatedthumb \" style=\"width:125px;float:left;overflow:hidden;\">  \n\t\t\t\t\t\t\t  \n\t\t\t\t\t\t\t  <a  href=\"https:\/\/redept.com.br\/blogosfera\/abin-paralela-como-tudo-se-conecta-espionagem-firstmile-bolsonaros-e-ramagem\/\"  >\n\t\t\t\t\t\t\t\t\t  <div class=\"yuzo-img-wrap \" style=\"width: 125px;height:90px;\">\n\t\t\t\t\t\t\t\t\t\t\n\t\t\t\t\t\t\t\t\t\t<div class=\"yuzo-img\" style=\"background:url('https:\/\/redept.org\/blogosfera\/wp-content\/plugins\/yuzo-related-post\/assets\/images\/default.png') 50% 50% no-repeat;width: 125px;height:90px;margin-bottom: 5px;background-size: cover; \"><\/div>\n\t\t\t\t\t\t\t\t\t  <\/div>\n\t\t\t\t\t\t\t\t\t  \n\t\t\t\t\t\t\t\t   <span class=\"yuzo__text--title\" style=\"font-size:13px;\">Abin Paralela, como tudo se conecta: espionagem, F...<\/span>\n\t\t\t\t\t\t\t  \n\t\t\t\t\t\t\t  \n\t\t\t\t\t\t\t  <\/a>\n\n\t\t\t\t\t\t  <\/div>\n\t\t\t\t\t\t  <div class=\"relatedthumb \" style=\"width:125px;float:left;overflow:hidden;\">  \n\t\t\t\t\t\t\t  \n\t\t\t\t\t\t\t  <a  href=\"https:\/\/redept.com.br\/blogosfera\/lider-do-pl-diz-que-vai-expor-deputados-indecisos-para-pressionar-por-assinaturas-para-projeto-da-anistia-para-golpistas\/\"  >\n\t\t\t\t\t\t\t\t\t  <div class=\"yuzo-img-wrap \" style=\"width: 125px;height:90px;\">\n\t\t\t\t\t\t\t\t\t\t\n\t\t\t\t\t\t\t\t\t\t<div class=\"yuzo-img\" style=\"background:url('https:\/\/redept.org\/blogosfera\/wp-content\/plugins\/yuzo-related-post\/assets\/images\/default.png') 50% 50% no-repeat;width: 125px;height:90px;margin-bottom: 5px;background-size: cover; \"><\/div>\n\t\t\t\t\t\t\t\t\t  <\/div>\n\t\t\t\t\t\t\t\t\t  \n\t\t\t\t\t\t\t\t   <span class=\"yuzo__text--title\" style=\"font-size:13px;\">L\u00edder do PL diz que vai expor deputados indecisos ...<\/span>\n\t\t\t\t\t\t\t  \n\t\t\t\t\t\t\t  \n\t\t\t\t\t\t\t  <\/a>\n\n\t\t\t\t\t\t  <\/div>\n\t\t\t\t\t\t  <div class=\"relatedthumb \" style=\"width:125px;float:left;overflow:hidden;\">  \n\t\t\t\t\t\t\t  \n\t\t\t\t\t\t\t  <a  href=\"https:\/\/redept.com.br\/blogosfera\/moraes-abre-inquerito-para-investigar-eduardo-e-autoriza-depoimento-de-jair-bolsonaro\/\"  >\n\t\t\t\t\t\t\t\t\t  <div class=\"yuzo-img-wrap \" style=\"width: 125px;height:90px;\">\n\t\t\t\t\t\t\t\t\t\t\n\t\t\t\t\t\t\t\t\t\t<div class=\"yuzo-img\" style=\"background:url('https:\/\/redept.org\/blogosfera\/wp-content\/plugins\/yuzo-related-post\/assets\/images\/default.png') 50% 50% no-repeat;width: 125px;height:90px;margin-bottom: 5px;background-size: cover; \"><\/div>\n\t\t\t\t\t\t\t\t\t  <\/div>\n\t\t\t\t\t\t\t\t\t  \n\t\t\t\t\t\t\t\t   <span class=\"yuzo__text--title\" style=\"font-size:13px;\">Moraes abre inqu\u00e9rito para investigar Eduardo e au...<\/span>\n\t\t\t\t\t\t\t  \n\t\t\t\t\t\t\t  \n\t\t\t\t\t\t\t  <\/a>\n\n\t\t\t\t\t\t  <\/div>\n\t\t\t\t\t\t  <div class=\"relatedthumb \" style=\"width:125px;float:left;overflow:hidden;\">  \n\t\t\t\t\t\t\t  \n\t\t\t\t\t\t\t  <a  href=\"https:\/\/redept.com.br\/blogosfera\/sp-a-agua-nas-maos-de-um-monopolio-privado\/\"  >\n\t\t\t\t\t\t\t\t\t  <div class=\"yuzo-img-wrap \" style=\"width: 125px;height:90px;\">\n\t\t\t\t\t\t\t\t\t\t\n\t\t\t\t\t\t\t\t\t\t<div class=\"yuzo-img\" style=\"background:url('https:\/\/redept.com.br\/blogosfera\/wp-content\/uploads\/2026\/02\/14-1-5-150x150.png') 50% 50% no-repeat;width: 125px;height:90px;margin-bottom: 5px;background-size: cover; \"><\/div>\n\t\t\t\t\t\t\t\t\t  <\/div>\n\t\t\t\t\t\t\t\t\t  \n\t\t\t\t\t\t\t\t   <span class=\"yuzo__text--title\" style=\"font-size:13px;\">SP: A \u00e1gua nas m\u00e3os de um monop\u00f3lio privado<\/span>\n\t\t\t\t\t\t\t  \n\t\t\t\t\t\t\t  \n\t\t\t\t\t\t\t  <\/a>\n\n\t\t\t\t\t\t  <\/div>\n<\/div> <script>\n\t\t\t\t\t\t  jQuery(document).ready(function( $ ){\n\t\t\t\t\t\t\t\/\/jQuery('.yuzo_related_post').equalizer({ overflow : 'relatedthumb' });\n\t\t\t\t\t\t\tjQuery('.yuzo_related_post .yuzo_wraps').equalizer({ columns : '> div' });\n\t\t\t\t\t\t   })\n\t\t\t\t\t\t  <\/script> <!-- End Yuzo :) -->","protected":false},"excerpt":{"rendered":"<p>Foto: Agatha Azevedo Por Agatha AzevedoDa P\u00e1gina do MST Belo Horizonte recebe, entre os dias 11 e 13 de setembro, a IV Feira Estadual da Reforma Agr\u00e1ria de Minas Gerais. Realizada na Serraria Souza Pinto, a Feira re\u00fane a produ\u00e7\u00e3o das fam\u00edlias acampadas e assentadas do Movimento dos Trabalhadores Rurais Sem Terra (MST), al\u00e9m de [&hellip;]<\/p>\n","protected":false},"author":2,"featured_media":0,"comment_status":"open","ping_status":"closed","sticky":false,"template":"","format":"standard","meta":{"fifu_image_url":"","fifu_image_alt":"","footnotes":""},"categories":[2195,4528,316,191,1197],"tags":[],"class_list":["post-102682","post","type-post","status-publish","format-standard","hentry","category-cultura-brasileira","category-feira-estadual","category-minas-gerais","category-noticias","category-producao"],"_links":{"self":[{"href":"https:\/\/redept.com.br\/blogosfera\/wp-json\/wp\/v2\/posts\/102682","targetHints":{"allow":["GET"]}}],"collection":[{"href":"https:\/\/redept.com.br\/blogosfera\/wp-json\/wp\/v2\/posts"}],"about":[{"href":"https:\/\/redept.com.br\/blogosfera\/wp-json\/wp\/v2\/types\/post"}],"author":[{"embeddable":true,"href":"https:\/\/redept.com.br\/blogosfera\/wp-json\/wp\/v2\/users\/2"}],"replies":[{"embeddable":true,"href":"https:\/\/redept.com.br\/blogosfera\/wp-json\/wp\/v2\/comments?post=102682"}],"version-history":[{"count":0,"href":"https:\/\/redept.com.br\/blogosfera\/wp-json\/wp\/v2\/posts\/102682\/revisions"}],"wp:attachment":[{"href":"https:\/\/redept.com.br\/blogosfera\/wp-json\/wp\/v2\/media?parent=102682"}],"wp:term":[{"taxonomy":"category","embeddable":true,"href":"https:\/\/redept.com.br\/blogosfera\/wp-json\/wp\/v2\/categories?post=102682"},{"taxonomy":"post_tag","embeddable":true,"href":"https:\/\/redept.com.br\/blogosfera\/wp-json\/wp\/v2\/tags?post=102682"}],"curies":[{"name":"wp","href":"https:\/\/api.w.org\/{rel}","templated":true}]}}