{"id":102718,"date":"2026-09-02T12:03:12","date_gmt":"2026-09-02T15:03:12","guid":{"rendered":"https:\/\/redept.com.br\/blogosfera\/quaest-lula-mantem-vantagem-no-1o-turno-com-37-contra-29-de-flavio-bolsonaro\/"},"modified":"2026-09-02T12:03:12","modified_gmt":"2026-09-02T15:03:12","slug":"quaest-lula-mantem-vantagem-no-1o-turno-com-37-contra-29-de-flavio-bolsonaro","status":"publish","type":"post","link":"https:\/\/redept.com.br\/blogosfera\/quaest-lula-mantem-vantagem-no-1o-turno-com-37-contra-29-de-flavio-bolsonaro\/","title":{"rendered":"Quaest: Lula mant\u00e9m vantagem no 1\u00ba turno com 37%, contra 29% de Fl\u00e1vio Bolsonaro"},"content":{"rendered":"<p>Quaest: Lula mant\u00e9m vantagem no 1\u00ba turno com 37%, contra 29% de Fl\u00e1vio Bolsonaro<\/p>\n<p><a href=\"https:\/\/www.brasildefato.com.br\/2026\/09\/02\/quaest-lula-mantem-vantagem-no-1o-turno-com-37-contra-29-de-flavio-bolsonaro\/\" rel=\"nofollow\">Fonte<\/a><\/p>\n<!-- Begin Yuzo --><div class='yuzo_related_post style-1'  data-version='5.12.89'><!-- without result --><div class='yuzo_clearfixed yuzo__title yuzo__title'><h3>Related Post<\/h3><\/div>\n\t\t\t\t\t\t  <div class=\"relatedthumb \" style=\"width:125px;float:left;overflow:hidden;\">  \n\t\t\t\t\t\t\t  \n\t\t\t\t\t\t\t  <a  href=\"https:\/\/redept.com.br\/blogosfera\/estudo-preve-que-eventos-climaticos-extremos-sejam-ate-5-vezes-mais-frequentes-no-rs\/\"  >\n\t\t\t\t\t\t\t\t\t  <div class=\"yuzo-img-wrap \" style=\"width: 125px;height:90px;\">\n\t\t\t\t\t\t\t\t\t\t\n\t\t\t\t\t\t\t\t\t\t<div class=\"yuzo-img\" style=\"background:url('https:\/\/redept.org\/blogosfera\/wp-content\/plugins\/yuzo-related-post\/assets\/images\/default.png') 50% 50% no-repeat;width: 125px;height:90px;margin-bottom: 5px;background-size: cover; \"><\/div>\n\t\t\t\t\t\t\t\t\t  <\/div>\n\t\t\t\t\t\t\t\t\t  \n\t\t\t\t\t\t\t\t   <span class=\"yuzo__text--title\" style=\"font-size:13px;\">Estudo prev\u00ea que eventos clim\u00e1ticos extremos sejam...<\/span>\n\t\t\t\t\t\t\t  \n\t\t\t\t\t\t\t  \n\t\t\t\t\t\t\t  <\/a>\n\n\t\t\t\t\t\t  <\/div>\n\t\t\t\t\t\t  <div class=\"relatedthumb \" style=\"width:125px;float:left;overflow:hidden;\">  \n\t\t\t\t\t\t\t  \n\t\t\t\t\t\t\t  <a  href=\"https:\/\/redept.com.br\/blogosfera\/lula-reitera-condenacao-do-brasil-a-agressao-dos-eua-e-israel-ao-ira\/\"  >\n\t\t\t\t\t\t\t\t\t  <div class=\"yuzo-img-wrap \" style=\"width: 125px;height:90px;\">\n\t\t\t\t\t\t\t\t\t\t\n\t\t\t\t\t\t\t\t\t\t<div class=\"yuzo-img\" style=\"background:url('https:\/\/redept.org\/blogosfera\/wp-content\/plugins\/yuzo-related-post\/assets\/images\/default.png') 50% 50% no-repeat;width: 125px;height:90px;margin-bottom: 5px;background-size: cover; \"><\/div>\n\t\t\t\t\t\t\t\t\t  <\/div>\n\t\t\t\t\t\t\t\t\t  \n\t\t\t\t\t\t\t\t   <span class=\"yuzo__text--title\" style=\"font-size:13px;\">Lula reitera condena\u00e7\u00e3o do Brasil \u00e0 agress\u00e3o dos E...<\/span>\n\t\t\t\t\t\t\t  \n\t\t\t\t\t\t\t  \n\t\t\t\t\t\t\t  <\/a>\n\n\t\t\t\t\t\t  <\/div>\n\t\t\t\t\t\t  <div class=\"relatedthumb \" style=\"width:125px;float:left;overflow:hidden;\">  \n\t\t\t\t\t\t\t  \n\t\t\t\t\t\t\t  <a  href=\"https:\/\/redept.com.br\/blogosfera\/projeto-une-tradicao-afro-brasileira-e-tecnologia-em-sambada-digital-aberta-ao-publico-em-xamba\/\"  >\n\t\t\t\t\t\t\t\t\t  <div class=\"yuzo-img-wrap \" style=\"width: 125px;height:90px;\">\n\t\t\t\t\t\t\t\t\t\t\n\t\t\t\t\t\t\t\t\t\t<div class=\"yuzo-img\" style=\"background:url('https:\/\/redept.org\/blogosfera\/wp-content\/plugins\/yuzo-related-post\/assets\/images\/default.png') 50% 50% no-repeat;width: 125px;height:90px;margin-bottom: 5px;background-size: cover; \"><\/div>\n\t\t\t\t\t\t\t\t\t  <\/div>\n\t\t\t\t\t\t\t\t\t  \n\t\t\t\t\t\t\t\t   <span class=\"yuzo__text--title\" style=\"font-size:13px;\">Projeto une tradi\u00e7\u00e3o afro-brasileira e tecnologia ...<\/span>\n\t\t\t\t\t\t\t  \n\t\t\t\t\t\t\t  \n\t\t\t\t\t\t\t  <\/a>\n\n\t\t\t\t\t\t  <\/div>\n\t\t\t\t\t\t  <div class=\"relatedthumb \" style=\"width:125px;float:left;overflow:hidden;\">  \n\t\t\t\t\t\t\t  \n\t\t\t\t\t\t\t  <a  href=\"https:\/\/redept.com.br\/blogosfera\/esforco-concentrado-na-camara-e-senado-deve-focar-em-materias-economicas\/\"  >\n\t\t\t\t\t\t\t\t\t  <div class=\"yuzo-img-wrap \" style=\"width: 125px;height:90px;\">\n\t\t\t\t\t\t\t\t\t\t\n\t\t\t\t\t\t\t\t\t\t<div class=\"yuzo-img\" style=\"background:url('https:\/\/redept.com.br\/blogosfera\/wp-content\/uploads\/2026\/08\/OK_homens-camara_Mario-AgraCamara-dos-Deputados-150x150.jpg') 50% 50% no-repeat;width: 125px;height:90px;margin-bottom: 5px;background-size: cover; \"><\/div>\n\t\t\t\t\t\t\t\t\t  <\/div>\n\t\t\t\t\t\t\t\t\t  \n\t\t\t\t\t\t\t\t   <span class=\"yuzo__text--title\" style=\"font-size:13px;\">Esfor\u00e7o concentrado na C\u00e2mara e Senado deve focar ...<\/span>\n\t\t\t\t\t\t\t  \n\t\t\t\t\t\t\t  \n\t\t\t\t\t\t\t  <\/a>\n\n\t\t\t\t\t\t  <\/div>\n<\/div> <script>\n\t\t\t\t\t\t  jQuery(document).ready(function( $ ){\n\t\t\t\t\t\t\t\/\/jQuery('.yuzo_related_post').equalizer({ overflow : 'relatedthumb' });\n\t\t\t\t\t\t\tjQuery('.yuzo_related_post .yuzo_wraps').equalizer({ columns : '> div' });\n\t\t\t\t\t\t   })\n\t\t\t\t\t\t  <\/script> <!-- End Yuzo :) -->","protected":false},"excerpt":{"rendered":"<p>Quaest: Lula mant\u00e9m vantagem no 1\u00ba turno com 37%, contra 29% de Fl\u00e1vio Bolsonaro Fonte Related Post Dia do Samba-Rock \u00e9 celebrado com programa\u00e7\u00e3o espe&#8230; Saarau\u00ed que fugia da persegui\u00e7\u00e3o do Marrocos est\u00e1 &#8230; No G7, Lula vai manifestar preocupa\u00e7\u00e3o com conflit&#8230; Brasil \u00e9 indicado a 4 categorias no Bafta 2026; co&#8230;<\/p>\n","protected":false},"author":2,"featured_media":0,"comment_status":"open","ping_status":"closed","sticky":false,"template":"","format":"standard","meta":{"fifu_image_url":"","fifu_image_alt":"","footnotes":""},"categories":[47481,81381,39856,14960,423,2427,46104,4794,112,40350,9003,1532,2773,3291,491,81510,252,14665,132,11856,1612,1059,1292,40353,3006,44989,34909,923,2546,68173],"tags":[],"class_list":["post-102718","post","type-post","status-publish","format-standard","hentry","category-augusto-cury","category-candidatos-a-presidencia","category-cenario-eleitoral","category-eleicoes-presidenciais","category-extrema-direita","category-flavio-bolsonaro","category-indecisos","category-intencao-de-voto","category-lula","category-margem-de-erro","category-missao","category-novo","category-o-globo","category-pesquisa-de-opiniao","category-pesquisa-eleitoral","category-pesquisa-presidencial","category-pl","category-podemos","category-politica","category-primeiro-turno","category-psd","category-pt","category-quaest","category-renan-santos","category-romeu-zema","category-ronald-caiado","category-samara-martins","category-segundo-turno","category-up","category-votos-brancos-e-nulos"],"_links":{"self":[{"href":"https:\/\/redept.com.br\/blogosfera\/wp-json\/wp\/v2\/posts\/102718","targetHints":{"allow":["GET"]}}],"collection":[{"href":"https:\/\/redept.com.br\/blogosfera\/wp-json\/wp\/v2\/posts"}],"about":[{"href":"https:\/\/redept.com.br\/blogosfera\/wp-json\/wp\/v2\/types\/post"}],"author":[{"embeddable":true,"href":"https:\/\/redept.com.br\/blogosfera\/wp-json\/wp\/v2\/users\/2"}],"replies":[{"embeddable":true,"href":"https:\/\/redept.com.br\/blogosfera\/wp-json\/wp\/v2\/comments?post=102718"}],"version-history":[{"count":0,"href":"https:\/\/redept.com.br\/blogosfera\/wp-json\/wp\/v2\/posts\/102718\/revisions"}],"wp:attachment":[{"href":"https:\/\/redept.com.br\/blogosfera\/wp-json\/wp\/v2\/media?parent=102718"}],"wp:term":[{"taxonomy":"category","embeddable":true,"href":"https:\/\/redept.com.br\/blogosfera\/wp-json\/wp\/v2\/categories?post=102718"},{"taxonomy":"post_tag","embeddable":true,"href":"https:\/\/redept.com.br\/blogosfera\/wp-json\/wp\/v2\/tags?post=102718"}],"curies":[{"name":"wp","href":"https:\/\/api.w.org\/{rel}","templated":true}]}}