{"id":102727,"date":"2026-09-02T13:56:15","date_gmt":"2026-09-02T16:56:15","guid":{"rendered":"https:\/\/redept.com.br\/blogosfera\/eleicoes-2026-o-que-significa-o-resultado-da-pesquisa-quaest\/"},"modified":"2026-09-02T13:56:15","modified_gmt":"2026-09-02T16:56:15","slug":"eleicoes-2026-o-que-significa-o-resultado-da-pesquisa-quaest","status":"publish","type":"post","link":"https:\/\/redept.com.br\/blogosfera\/eleicoes-2026-o-que-significa-o-resultado-da-pesquisa-quaest\/","title":{"rendered":"Elei\u00e7\u00f5es 2026: o que significa o resultado da pesquisa Quaest?"},"content":{"rendered":"<\/p>\n<p>A <a href=\"https:\/\/tvtnews.com.br\/analise-pesquisa-quaest-lula-flavio-cury\/\" data-type=\"link\" data-id=\"https:\/\/tvtnews.com.br\/analise-pesquisa-quaest-lula-flavio-cury\/\">mais recente rodada da pesquisa Quaest (BR-07065\/2026)<\/a>, divulgada nesta quarta-feira (02\/09), revela um cen\u00e1rio de <a href=\"https:\/\/tvtnews.com.br\/quaest-empate-rigoroso-lula-flavio-segundo-turno\/\" data-type=\"link\" data-id=\"https:\/\/tvtnews.com.br\/quaest-empate-rigoroso-lula-flavio-segundo-turno\/\">acirramento no qual a polariza\u00e7\u00e3o pol\u00edtica \u00e9 impactada pela ascens\u00e3o de uma nova for\u00e7a eleitoral<\/a>. <\/p>\n<p>De acordo com os <a href=\"https:\/\/tvtnews.com.br\/opera-mundi-tvt-lancam-eleicoes-2026-em-resenha\/\" data-type=\"post\" data-id=\"800070\">cientistas pol\u00edticos do Laborat\u00f3rio de Opini\u00e3o P\u00fablica e M\u00eddias Digitais<\/a> (Labop) da <a href=\"https:\/\/fespsp.org.br\/\" data-type=\"link\" data-id=\"https:\/\/fespsp.org.br\/\" target=\"_blank\" rel=\"noreferrer noopener nofollow\">FESPSP<\/a> (Funda\u00e7\u00e3o Escola de Sociologia e Pol\u00edtica de S\u00e3o Paulo), o avan\u00e7o de Augusto Cury (10%) e o estreitamento da dist\u00e2ncia entre o presidente Lula e o senador Fl\u00e1vio Bolsonaro confirmam o direcionamento do foco do pleito para o eleitor n\u00e3o alinhado e para a migra\u00e7\u00e3o de votos, que podem decidir o resultado da elei\u00e7\u00e3o \u00e0 Presid\u00eancia da Rep\u00fablica.<\/p>\n<\/p>\n<div data-src=\"visualisation\/29871533\"><\/div>\n<\/p>\n<h2>Eleitor indeciso e pendular \u00e9 estrat\u00e9gico<\/h2>\n<p>De acordo com Beto Vasques, analista pol\u00edtico e coordenador do Labop, a situa\u00e7\u00e3o de empate t\u00e9cnico entre Lula e Fl\u00e1vio est\u00e1 se transformando em um empate num\u00e9rico real no segundo turno, o que torna o processo eleitoral ainda mais inst\u00e1vel. <\/p>\n<p>Para Vasques, o foco estrat\u00e9gico da disputa agora se divide em tr\u00eas dimens\u00f5es: o comportamento do eleitor indeciso e pendular; o peso do eleitor abstencionista ou que opta pelo voto em branco e nulo; e a din\u00e2mica de migra\u00e7\u00e3o dos votos de candidatos como Cury, Caiado, Renan e Zema do primeiro para o segundo turno.<\/p>\n<\/p>\n<div data-src=\"visualisation\/29743060\"><\/div>\n<\/p>\n<h2>Cen\u00e1rio \u00e9 desafiador para o governo<\/h2>\n<p>O cientista pol\u00edtico e professor Hilton Fernandes destaca que, enquanto Lula (37%) e Fl\u00e1vio (30%) demonstram estabilidade em seus patamares de primeiro turno, *Cury parece crescer principalmente entre eleitores de Renan, Caiado e Zema, que registram oscila\u00e7\u00f5es negativas. O dado *chama a aten\u00e7\u00e3o por ocorrer justamente em um per\u00edodo de maior exposi\u00e7\u00e3o e crescimento do conhecimento p\u00fablico sobre esses nomes, contrariando o que se espera tradicionalmente nesta fase das campanhas.<\/p>\n<\/p>\n<figure><img fetchpriority=\"high\" fetchpriority=\"high\" decoding=\"async\" width=\"1024\" height=\"574\"src=\"https:\/\/redept.com.br\/blogosfera\/wp-content\/uploads\/2026\/09\/image-4-2048x1147-1.jpg\" alt=\"pesquisa-quaest-setembro\" title=\"Elei\u00e7\u00f5es 2026: o que significa o resultado da pesquisa Quaest? 4\" srcset=\"https:\/\/tvtnews.com.br\/wp-content\/uploads\/2026\/09\/image-4-1024x574.jpg 1024w, https:\/\/tvtnews.com.br\/wp-content\/uploads\/2026\/09\/image-4-300x168.jpg 300w, https:\/\/tvtnews.com.br\/wp-content\/uploads\/2026\/09\/image-4-768x430.jpg 768w, https:\/\/tvtnews.com.br\/wp-content\/uploads\/2026\/09\/image-4-1536x860.jpg 1536w, https:\/\/redept.com.br\/blogosfera\/wp-content\/uploads\/2026\/09\/image-4-2048x1147-1.jpg 2048w\" sizes=\"(max-width: 1024px) 100vw, 1024px\"><figcaption>Reprodu\u00e7\u00e3o: Pesquisa Quaest \u2013 2 de setembro<\/figcaption><\/figure>\n<\/p>\n<p>Fernandes alerta que o desenho atual das pesquisas imp\u00f5e barreiras complexas ao atual governo. Para Lula, o cen\u00e1rio apresentado pela Quaest \u00e9 desafiador, pois mostra uma *movimenta\u00e7\u00e3o dos eleitores em torno de candidaturas de oposi\u00e7\u00e3o, o que torna o segundo turno mais dif\u00edcil para o presidente\u201d, avalia.<\/p>\n<h2>Ascens\u00e3o de Cury sinaliza voto de desconforto<\/h2>\n<p>Para o cientista pol\u00edtico Jairo Pimentel, a Quaest de hoje sugere que Fl\u00e1vio Bolsonaro tem demonstrado \u201ccrescente efici\u00eancia\u201d em canalizar o sentimento antipetista diretamente em inten\u00e7\u00f5es de voto. <\/p>\n<p>*No que diz respeito a Augusto Cury, o crescimento de sua candidatura nas inten\u00e7\u00f5es de voto n\u00e3o sinaliza necessariamente uma guinada do eleitorado ao centro ideol\u00f3gico, mas sim a *express\u00e3o de um \u201cvoto de desconforto com as duas candidaturas dominantes\u201d, composto por cidad\u00e3os que buscam romper a escolha bin\u00e1ria. \u201cO ponto decisivo, portanto, deixa de ser quem lidera agora e passa a ser quem ter\u00e1 maior capacidade de incorporar, na reta final, esse contingente ainda n\u00e3o plenamente alinhado aos dois polos\u201d.<\/p>\n<\/p>\n<h2>Leia tamb\u00e9m sobre elei\u00e7\u00f5es na TVT News<\/h2>\n<ul>\n<li><a href=\"https:\/\/tvtnews.com.br\/analise-pesquisa-quaest-lula-flavio-cury\/\">Entenda a pesquisa Quaest para presidente, a primeira depois do hor\u00e1rio eleitoral<\/a><\/li>\n<li><a href=\"https:\/\/tvtnews.com.br\/tse-decide-nao-punir-flavio-jair-de-ia\/\">TSE forma maioria para n\u00e3o punir Fl\u00e1vio Bolsonaro por uso de \u201cJair de IA\u201d<\/a><\/li>\n<\/ul>\n<p>The post <a rel=\"nofollow\" href=\"https:\/\/tvtnews.com.br\/o-que-significa-o-resultado-da-pesquisa-quaest\/\">Elei\u00e7\u00f5es 2026: o que significa o resultado da pesquisa Quaest?<\/a> appeared first on <a rel=\"nofollow\" href=\"https:\/\/tvtnews.com.br\/\">TVT News<\/a>.<\/p>\n<!-- Begin Yuzo --><div class='yuzo_related_post style-1'  data-version='5.12.89'><!-- without result --><div class='yuzo_clearfixed yuzo__title yuzo__title'><h3>Related Post<\/h3><\/div>\n\t\t\t\t\t\t  <div class=\"relatedthumb \" style=\"width:125px;float:left;overflow:hidden;\">  \n\t\t\t\t\t\t\t  \n\t\t\t\t\t\t\t  <a  href=\"https:\/\/redept.com.br\/blogosfera\/instabilidade-global-falha-na-cloudflare-derruba-x-chatgpt-canva-e-mais-servicos-essenciais\/\"  >\n\t\t\t\t\t\t\t\t\t  <div class=\"yuzo-img-wrap \" style=\"width: 125px;height:90px;\">\n\t\t\t\t\t\t\t\t\t\t\n\t\t\t\t\t\t\t\t\t\t<div class=\"yuzo-img\" style=\"background:url('https:\/\/redept.org\/blogosfera\/wp-content\/plugins\/yuzo-related-post\/assets\/images\/default.png') 50% 50% no-repeat;width: 125px;height:90px;margin-bottom: 5px;background-size: cover; \"><\/div>\n\t\t\t\t\t\t\t\t\t  <\/div>\n\t\t\t\t\t\t\t\t\t  \n\t\t\t\t\t\t\t\t   <span class=\"yuzo__text--title\" style=\"font-size:13px;\">Instabilidade global: falha na Cloudflare derruba ...<\/span>\n\t\t\t\t\t\t\t  \n\t\t\t\t\t\t\t  \n\t\t\t\t\t\t\t  <\/a>\n\n\t\t\t\t\t\t  <\/div>\n\t\t\t\t\t\t  <div class=\"relatedthumb \" style=\"width:125px;float:left;overflow:hidden;\">  \n\t\t\t\t\t\t\t  \n\t\t\t\t\t\t\t  <a  href=\"https:\/\/redept.com.br\/blogosfera\/prisao-domiciliar-de-bolsonaro-e-valida-por-apenas-90-dias-e-impoe-regras-rigidas\/\"  >\n\t\t\t\t\t\t\t\t\t  <div class=\"yuzo-img-wrap \" style=\"width: 125px;height:90px;\">\n\t\t\t\t\t\t\t\t\t\t\n\t\t\t\t\t\t\t\t\t\t<div class=\"yuzo-img\" style=\"background:url('https:\/\/redept.org\/blogosfera\/wp-content\/plugins\/yuzo-related-post\/assets\/images\/default.png') 50% 50% no-repeat;width: 125px;height:90px;margin-bottom: 5px;background-size: cover; \"><\/div>\n\t\t\t\t\t\t\t\t\t  <\/div>\n\t\t\t\t\t\t\t\t\t  \n\t\t\t\t\t\t\t\t   <span class=\"yuzo__text--title\" style=\"font-size:13px;\">Pris\u00e3o domiciliar de Bolsonaro \u00e9 v\u00e1lida por apenas...<\/span>\n\t\t\t\t\t\t\t  \n\t\t\t\t\t\t\t  \n\t\t\t\t\t\t\t  <\/a>\n\n\t\t\t\t\t\t  <\/div>\n\t\t\t\t\t\t  <div class=\"relatedthumb \" style=\"width:125px;float:left;overflow:hidden;\">  \n\t\t\t\t\t\t\t  \n\t\t\t\t\t\t\t  <a  href=\"https:\/\/redept.com.br\/blogosfera\/oito-meses-de-tragedia-oito-abrigos-atravessados-e-zero-garantia-de-moradia-o-drama-de-milene-bertol-apos-as-enchentes-de-maio-de-2024\/\"  >\n\t\t\t\t\t\t\t\t\t  <div class=\"yuzo-img-wrap \" style=\"width: 125px;height:90px;\">\n\t\t\t\t\t\t\t\t\t\t\n\t\t\t\t\t\t\t\t\t\t<div class=\"yuzo-img\" style=\"background:url('https:\/\/redept.org\/blogosfera\/wp-content\/plugins\/yuzo-related-post\/assets\/images\/default.png') 50% 50% no-repeat;width: 125px;height:90px;margin-bottom: 5px;background-size: cover; \"><\/div>\n\t\t\t\t\t\t\t\t\t  <\/div>\n\t\t\t\t\t\t\t\t\t  \n\t\t\t\t\t\t\t\t   <span class=\"yuzo__text--title\" style=\"font-size:13px;\">Oito meses de trag\u00e9dia, oito abrigos atravessados ...<\/span>\n\t\t\t\t\t\t\t  \n\t\t\t\t\t\t\t  \n\t\t\t\t\t\t\t  <\/a>\n\n\t\t\t\t\t\t  <\/div>\n\t\t\t\t\t\t  <div class=\"relatedthumb \" style=\"width:125px;float:left;overflow:hidden;\">  \n\t\t\t\t\t\t\t  \n\t\t\t\t\t\t\t  <a  href=\"https:\/\/redept.com.br\/blogosfera\/gols-anulados-expulsoes-polemicas-e-problemas-de-arbitragem-como-foi-a-2-rodada-do-brasileirao\/\"  >\n\t\t\t\t\t\t\t\t\t  <div class=\"yuzo-img-wrap \" style=\"width: 125px;height:90px;\">\n\t\t\t\t\t\t\t\t\t\t\n\t\t\t\t\t\t\t\t\t\t<div class=\"yuzo-img\" style=\"background:url('https:\/\/redept.com.br\/blogosfera\/wp-content\/uploads\/2025\/04\/inter-2048x1365-1-150x150.webp') 50% 50% no-repeat;width: 125px;height:90px;margin-bottom: 5px;background-size: cover; \"><\/div>\n\t\t\t\t\t\t\t\t\t  <\/div>\n\t\t\t\t\t\t\t\t\t  \n\t\t\t\t\t\t\t\t   <span class=\"yuzo__text--title\" style=\"font-size:13px;\">Gols anulados, expuls\u00f5es pol\u00eamicas e problemas de ...<\/span>\n\t\t\t\t\t\t\t  \n\t\t\t\t\t\t\t  \n\t\t\t\t\t\t\t  <\/a>\n\n\t\t\t\t\t\t  <\/div>\n<\/div> <script>\n\t\t\t\t\t\t  jQuery(document).ready(function( $ ){\n\t\t\t\t\t\t\t\/\/jQuery('.yuzo_related_post').equalizer({ overflow : 'relatedthumb' });\n\t\t\t\t\t\t\tjQuery('.yuzo_related_post .yuzo_wraps').equalizer({ columns : '> div' });\n\t\t\t\t\t\t   })\n\t\t\t\t\t\t  <\/script> <!-- End Yuzo :) -->","protected":false},"excerpt":{"rendered":"<p>A mais recente rodada da pesquisa Quaest (BR-07065\/2026), divulgada nesta quarta-feira (02\/09), revela um cen\u00e1rio de acirramento no qual a polariza\u00e7\u00e3o pol\u00edtica \u00e9 impactada pela ascens\u00e3o de uma nova for\u00e7a eleitoral. De acordo com os cientistas pol\u00edticos do Laborat\u00f3rio de Opini\u00e3o P\u00fablica e M\u00eddias Digitais (Labop) da FESPSP (Funda\u00e7\u00e3o Escola de Sociologia e Pol\u00edtica de [&hellip;]<\/p>\n","protected":false},"author":2,"featured_media":102728,"comment_status":"open","ping_status":"closed","sticky":false,"template":"","format":"standard","meta":{"fifu_image_url":"","fifu_image_alt":"","footnotes":""},"categories":[473,1760,867,7663,132],"tags":[],"class_list":["post-102727","post","type-post","status-publish","format-standard","has-post-thumbnail","hentry","category-destaque-medio","category-eleicoes-2026","category-pesquisa","category-pesquisas","category-politica"],"_links":{"self":[{"href":"https:\/\/redept.com.br\/blogosfera\/wp-json\/wp\/v2\/posts\/102727","targetHints":{"allow":["GET"]}}],"collection":[{"href":"https:\/\/redept.com.br\/blogosfera\/wp-json\/wp\/v2\/posts"}],"about":[{"href":"https:\/\/redept.com.br\/blogosfera\/wp-json\/wp\/v2\/types\/post"}],"author":[{"embeddable":true,"href":"https:\/\/redept.com.br\/blogosfera\/wp-json\/wp\/v2\/users\/2"}],"replies":[{"embeddable":true,"href":"https:\/\/redept.com.br\/blogosfera\/wp-json\/wp\/v2\/comments?post=102727"}],"version-history":[{"count":0,"href":"https:\/\/redept.com.br\/blogosfera\/wp-json\/wp\/v2\/posts\/102727\/revisions"}],"wp:featuredmedia":[{"embeddable":true,"href":"https:\/\/redept.com.br\/blogosfera\/wp-json\/wp\/v2\/media\/102728"}],"wp:attachment":[{"href":"https:\/\/redept.com.br\/blogosfera\/wp-json\/wp\/v2\/media?parent=102727"}],"wp:term":[{"taxonomy":"category","embeddable":true,"href":"https:\/\/redept.com.br\/blogosfera\/wp-json\/wp\/v2\/categories?post=102727"},{"taxonomy":"post_tag","embeddable":true,"href":"https:\/\/redept.com.br\/blogosfera\/wp-json\/wp\/v2\/tags?post=102727"}],"curies":[{"name":"wp","href":"https:\/\/api.w.org\/{rel}","templated":true}]}}