{"id":102739,"date":"2026-09-02T14:57:03","date_gmt":"2026-09-02T17:57:03","guid":{"rendered":"https:\/\/redept.com.br\/blogosfera\/estreando-na-praca-dos-martirios-feira-do-mst-em-maceio-celebra-25-edicoes-em-grande-estilo\/"},"modified":"2026-09-02T14:57:03","modified_gmt":"2026-09-02T17:57:03","slug":"estreando-na-praca-dos-martirios-feira-do-mst-em-maceio-celebra-25-edicoes-em-grande-estilo","status":"publish","type":"post","link":"https:\/\/redept.com.br\/blogosfera\/estreando-na-praca-dos-martirios-feira-do-mst-em-maceio-celebra-25-edicoes-em-grande-estilo\/","title":{"rendered":"Estreando na Pra\u00e7a dos Mart\u00edrios, Feira do MST em Macei\u00f3 celebra 25 edi\u00e7\u00f5es em grande estilo"},"content":{"rendered":"<figure><img fetchpriority=\"high\" decoding=\"async\" width=\"1024\" height=\"682\"src=\"https:\/\/redept.com.br\/blogosfera\/wp-content\/uploads\/2026\/09\/Feira-2025-Foto-Priscila-Ramos-6.jpg\" alt=\"\" srcset=\"https:\/\/mst.org.br\/wp-content\/uploads\/2026\/09\/Feira-2025-Foto-Priscila-Ramos-6-1024x682.jpg 1024w, https:\/\/mst.org.br\/wp-content\/uploads\/2026\/09\/Feira-2025-Foto-Priscila-Ramos-6-300x200.jpg 300w, https:\/\/mst.org.br\/wp-content\/uploads\/2026\/09\/Feira-2025-Foto-Priscila-Ramos-6-768x512.jpg 768w, https:\/\/redept.com.br\/blogosfera\/wp-content\/uploads\/2026\/09\/Feira-2025-Foto-Priscila-Ramos-6.jpg 1280w\" sizes=\"(max-width: 1024px) 100vw, 1024px\"><figcaption><em>Foto: Priscila Ramos<\/em><\/figcaption><\/figure>\n<p><em>Por Gustavo Marinho<br \/>Da P\u00e1gina do MST<\/em><\/p>\n<p>Consolidada como a mais antiga Feira da Reforma Agr\u00e1ria organizada pelo Movimento dos Trabalhadores Rurais (MST) em todo o pa\u00eds, a iniciativa promovida em Macei\u00f3 (AL) chega a sua 25\u00aa edi\u00e7\u00e3o em um marco hist\u00f3rico. Al\u00e9m da novidade do local de realiza\u00e7\u00e3o, a Feira do MST em 2026 pretende envolver mais de 150 feirantes de todas as regi\u00f5es de Alagoas, com a expectativa de superar o quantitativo de toneladas comercializadas nas \u00faltimas edi\u00e7\u00f5es.<\/p>\n<p>Realizada pela primeira vez na Pra\u00e7a dos Mart\u00edrios, no Centro de Macei\u00f3, a Feira acontece\u00a0do dia 9 ao dia 12\u00a0de setembro, com a diversidade do que \u00e9 produzido nos acampamentos e assentamentos da Reforma Agr\u00e1ria: alimentos in natura, pequenos processados e artesanato.<\/p>\n<p>De acordo com D\u00e9bora Nunes, da Dire\u00e7\u00e3o Nacional do MST, a Feira de 2026 tem um sentimento especial pelo marco das 25 edi\u00e7\u00f5es, mas tamb\u00e9m pelo envolvimento da sociedade que j\u00e1 abra\u00e7a a chegada dos camponeses e camponesas em Macei\u00f3.<\/p>\n<p>\u201cJ\u00e1 s\u00e3o 25 edi\u00e7\u00f5es realizadas e a cada ano a sociedade maceioense abra\u00e7a ainda mais forte o MST. Resultado de nossa luta, mas sobretudo da nossa organiza\u00e7\u00e3o e insist\u00eancia em ocupar a capital com aquilo que n\u00f3s temos de melhor nos nossos acampamentos e assentamentos\u201d, destacou Nunes.<\/p>\n<p>Segundo a dirigente e integrante do Setor de Produ\u00e7\u00e3o, Coopera\u00e7\u00e3o e Meio Ambiente do MST, a expectativa \u00e9 que a Feira em 2026 siga mobilizando o conjunto das \u00e1reas organizadas pelo Movimento, que j\u00e1 se organizam ano ap\u00f3s ano para trazer a macaxeira, batata, inhame, ab\u00f3bora, laranja, banana, abacaxi e uma variedade de produ\u00e7\u00e3o.<\/p>\n<h2>Comercializa\u00e7\u00e3o abaixo do mercado convencional<\/h2>\n<figure><img decoding=\"async\" width=\"1024\" height=\"768\"src=\"https:\/\/redept.com.br\/blogosfera\/wp-content\/uploads\/2026\/09\/Feira-2025-Foto-Mykesio-Max.jpg\" alt=\"\" srcset=\"https:\/\/mst.org.br\/wp-content\/uploads\/2026\/09\/Feira-2025-Foto-Mykesio-Max-1024x768.jpg 1024w, https:\/\/mst.org.br\/wp-content\/uploads\/2026\/09\/Feira-2025-Foto-Mykesio-Max-300x225.jpg 300w, https:\/\/mst.org.br\/wp-content\/uploads\/2026\/09\/Feira-2025-Foto-Mykesio-Max-768x576.jpg 768w, https:\/\/redept.com.br\/blogosfera\/wp-content\/uploads\/2026\/09\/Feira-2025-Foto-Mykesio-Max.jpg 1280w\" sizes=\"(max-width: 1024px) 100vw, 1024px\"><figcaption><em>Foto: Mykesio Max<\/em><\/figcaption><\/figure>\n<p>\u201cMais um ano temos o compromisso de trazer para Macei\u00f3 os alimentos produzidos sem veneno nos acampamentos e assentamentos, respeitando o meio ambiente e com a possibilidade de serem vendidos abaixo do pre\u00e7o convencional\u201d, sinalizou D\u00e9bora.<\/p>\n<p>O pre\u00e7o \u00e9 poss\u00edvel pois os alimentos s\u00e3o comercializados direto das m\u00e3os de quem\u00a0os\u00a0produziu na ro\u00e7a, eliminando assim a figura do atravessador. \u201cVoc\u00ea vai comprar na Feira da Reforma Agr\u00e1ria e tem certeza de onde vem, quem plantou, como plantou\u2026 Voc\u00ea conhece a hist\u00f3ria de luta por tr\u00e1s daquele alimento\u201d, completou. \u201cSem a figura do atravessador, \u00e9 poss\u00edvel o consumidor levar para casa o alimento ainda mais barato\u201d.<\/p>\n<h2>Programa\u00e7\u00e3o da Feira<\/h2>\n<figure><img decoding=\"async\" width=\"1024\" height=\"683\"src=\"https:\/\/redept.com.br\/blogosfera\/wp-content\/uploads\/2026\/09\/Feira-001-Foto_-Mykesio-Max.jpg\" alt=\"\" srcset=\"https:\/\/mst.org.br\/wp-content\/uploads\/2026\/09\/Feira-001-Foto_-Mykesio-Max-1024x683.jpg 1024w, https:\/\/mst.org.br\/wp-content\/uploads\/2026\/09\/Feira-001-Foto_-Mykesio-Max-300x200.jpg 300w, https:\/\/mst.org.br\/wp-content\/uploads\/2026\/09\/Feira-001-Foto_-Mykesio-Max-768x512.jpg 768w, https:\/\/mst.org.br\/wp-content\/uploads\/2026\/09\/Feira-001-Foto_-Mykesio-Max-1536x1024.jpg 1536w, https:\/\/redept.com.br\/blogosfera\/wp-content\/uploads\/2026\/09\/Feira-001-Foto_-Mykesio-Max.jpg 1920w\" sizes=\"(max-width: 1024px) 100vw, 1024px\"><figcaption><em>Foto: Mykesio Max<\/em><\/figcaption><\/figure>\n<p>Al\u00e9m da comercializa\u00e7\u00e3o durante todos os dias da atividade, a Feira do MST ainda contar\u00e1 com sua programa\u00e7\u00e3o j\u00e1 tradicional: o Festival por Terra, Arte e P\u00e3o, com programa\u00e7\u00e3o cultural gratuita diariamente; a Culin\u00e1ria da Terra, com um card\u00e1pio especial de caf\u00e9 da manh\u00e3, almo\u00e7o e jantar com o gosto e as tradi\u00e7\u00f5es da ro\u00e7a; a Tenda de Educa\u00e7\u00e3o Popular em Sa\u00fade, com rodas de di\u00e1logo, cuidados populares e atendimentos gratuitos para toda a popula\u00e7\u00e3o; e o Viveiro da Reforma Agr\u00e1ria, com a exposi\u00e7\u00e3o, venda e doa\u00e7\u00e3o de mudas e sementes.<\/p>\n<p>A Feira em 2026 conta com o patroc\u00ednio do Banco do Nordeste e \u00e9 uma realiza\u00e7\u00e3o do Centro de Capacita\u00e7\u00e3o Zumbi dos Palmares, com apoio do Instituto Federal do Rio Grande do Norte, da Funda\u00e7\u00e3o de Apoio \u00e0 Educa\u00e7\u00e3o e ao Desenvolvimento Tecnol\u00f3gico do Rio Grande do Norte (FUNCERN), da Uni\u00e3o Nacional das Cooperativas da Reforma Agr\u00e1ria Popular do Brasil (Unicrab) e do Governo do Estado de Alagoas.<\/p>\n<p><em>*Editado por Fernanda Alc\u00e2ntara<\/em><\/p>\n<p>O post <a href=\"https:\/\/mst.org.br\/2026\/09\/02\/estreando-na-praca-dos-martirios-feira-do-mst-em-maceio-celebra-25-edicoes-em-grande-estilo\/\">Estreando na Pra\u00e7a dos Mart\u00edrios, Feira do MST em Macei\u00f3 celebra 25 edi\u00e7\u00f5es em grande estilo<\/a> apareceu primeiro em <a href=\"https:\/\/mst.org.br\/\">MST<\/a>.<\/p>\n<!-- Begin Yuzo --><div class='yuzo_related_post style-1'  data-version='5.12.89'><!-- without result --><div class='yuzo_clearfixed yuzo__title yuzo__title'><h3>Related Post<\/h3><\/div>\n\t\t\t\t\t\t  <div class=\"relatedthumb \" style=\"width:125px;float:left;overflow:hidden;\">  \n\t\t\t\t\t\t\t  \n\t\t\t\t\t\t\t  <a  href=\"https:\/\/redept.com.br\/blogosfera\/deputados-bolsonaristas-param-camara-com-protesto-por-anistia-e-impeachment-de-moraes\/\"  >\n\t\t\t\t\t\t\t\t\t  <div class=\"yuzo-img-wrap \" style=\"width: 125px;height:90px;\">\n\t\t\t\t\t\t\t\t\t\t\n\t\t\t\t\t\t\t\t\t\t<div class=\"yuzo-img\" style=\"background:url('https:\/\/redept.org\/blogosfera\/wp-content\/plugins\/yuzo-related-post\/assets\/images\/default.png') 50% 50% no-repeat;width: 125px;height:90px;margin-bottom: 5px;background-size: cover; \"><\/div>\n\t\t\t\t\t\t\t\t\t  <\/div>\n\t\t\t\t\t\t\t\t\t  \n\t\t\t\t\t\t\t\t   <span class=\"yuzo__text--title\" style=\"font-size:13px;\">Deputados bolsonaristas param C\u00e2mara com protesto ...<\/span>\n\t\t\t\t\t\t\t  \n\t\t\t\t\t\t\t  \n\t\t\t\t\t\t\t  <\/a>\n\n\t\t\t\t\t\t  <\/div>\n\t\t\t\t\t\t  <div class=\"relatedthumb \" style=\"width:125px;float:left;overflow:hidden;\">  \n\t\t\t\t\t\t\t  \n\t\t\t\t\t\t\t  <a  href=\"https:\/\/redept.com.br\/blogosfera\/cinema-nacional-e-destaque-na-agenda-cultural-deste-fim-de-semana-no-distrito-federal-confira\/\"  >\n\t\t\t\t\t\t\t\t\t  <div class=\"yuzo-img-wrap \" style=\"width: 125px;height:90px;\">\n\t\t\t\t\t\t\t\t\t\t\n\t\t\t\t\t\t\t\t\t\t<div class=\"yuzo-img\" style=\"background:url('https:\/\/redept.org\/blogosfera\/wp-content\/plugins\/yuzo-related-post\/assets\/images\/default.png') 50% 50% no-repeat;width: 125px;height:90px;margin-bottom: 5px;background-size: cover; \"><\/div>\n\t\t\t\t\t\t\t\t\t  <\/div>\n\t\t\t\t\t\t\t\t\t  \n\t\t\t\t\t\t\t\t   <span class=\"yuzo__text--title\" style=\"font-size:13px;\">Cinema nacional \u00e9 destaque na agenda cultural dest...<\/span>\n\t\t\t\t\t\t\t  \n\t\t\t\t\t\t\t  \n\t\t\t\t\t\t\t  <\/a>\n\n\t\t\t\t\t\t  <\/div>\n\t\t\t\t\t\t  <div class=\"relatedthumb \" style=\"width:125px;float:left;overflow:hidden;\">  \n\t\t\t\t\t\t\t  \n\t\t\t\t\t\t\t  <a  href=\"https:\/\/redept.com.br\/blogosfera\/beatles-quarteto-de-liverpool-ganhara-4-filmes-saiba-tudo\/\"  >\n\t\t\t\t\t\t\t\t\t  <div class=\"yuzo-img-wrap \" style=\"width: 125px;height:90px;\">\n\t\t\t\t\t\t\t\t\t\t\n\t\t\t\t\t\t\t\t\t\t<div class=\"yuzo-img\" style=\"background:url('https:\/\/redept.com.br\/blogosfera\/wp-content\/uploads\/2025\/04\/beatles-150x150.jpg') 50% 50% no-repeat;width: 125px;height:90px;margin-bottom: 5px;background-size: cover; \"><\/div>\n\t\t\t\t\t\t\t\t\t  <\/div>\n\t\t\t\t\t\t\t\t\t  \n\t\t\t\t\t\t\t\t   <span class=\"yuzo__text--title\" style=\"font-size:13px;\">Beatles: quarteto de Liverpool ganhar\u00e1 4 filmes. S...<\/span>\n\t\t\t\t\t\t\t  \n\t\t\t\t\t\t\t  \n\t\t\t\t\t\t\t  <\/a>\n\n\t\t\t\t\t\t  <\/div>\n\t\t\t\t\t\t  <div class=\"relatedthumb \" style=\"width:125px;float:left;overflow:hidden;\">  \n\t\t\t\t\t\t\t  \n\t\t\t\t\t\t\t  <a  href=\"https:\/\/redept.com.br\/blogosfera\/professores-do-df-aceitam-proposta-do-governo-e-encerram-greve\/\"  >\n\t\t\t\t\t\t\t\t\t  <div class=\"yuzo-img-wrap \" style=\"width: 125px;height:90px;\">\n\t\t\t\t\t\t\t\t\t\t\n\t\t\t\t\t\t\t\t\t\t<div class=\"yuzo-img\" style=\"background:url('https:\/\/redept.org\/blogosfera\/wp-content\/plugins\/yuzo-related-post\/assets\/images\/default.png') 50% 50% no-repeat;width: 125px;height:90px;margin-bottom: 5px;background-size: cover; \"><\/div>\n\t\t\t\t\t\t\t\t\t  <\/div>\n\t\t\t\t\t\t\t\t\t  \n\t\t\t\t\t\t\t\t   <span class=\"yuzo__text--title\" style=\"font-size:13px;\">Professores do DF aceitam proposta do governo e en...<\/span>\n\t\t\t\t\t\t\t  \n\t\t\t\t\t\t\t  \n\t\t\t\t\t\t\t  <\/a>\n\n\t\t\t\t\t\t  <\/div>\n<\/div> <script>\n\t\t\t\t\t\t  jQuery(document).ready(function( $ ){\n\t\t\t\t\t\t\t\/\/jQuery('.yuzo_related_post').equalizer({ overflow : 'relatedthumb' });\n\t\t\t\t\t\t\tjQuery('.yuzo_related_post .yuzo_wraps').equalizer({ columns : '> div' });\n\t\t\t\t\t\t   })\n\t\t\t\t\t\t  <\/script> <!-- End Yuzo :) -->","protected":false},"excerpt":{"rendered":"<p>Foto: Priscila Ramos Por Gustavo MarinhoDa P\u00e1gina do MST Consolidada como a mais antiga Feira da Reforma Agr\u00e1ria organizada pelo Movimento dos Trabalhadores Rurais (MST) em todo o pa\u00eds, a iniciativa promovida em Macei\u00f3 (AL) chega a sua 25\u00aa edi\u00e7\u00e3o em um marco hist\u00f3rico. Al\u00e9m da novidade do local de realiza\u00e7\u00e3o, a Feira do MST [&hellip;]<\/p>\n","protected":false},"author":2,"featured_media":0,"comment_status":"open","ping_status":"closed","sticky":false,"template":"","format":"standard","meta":{"fifu_image_url":"","fifu_image_alt":"","footnotes":""},"categories":[1986,18017,4528,191,1197],"tags":[],"class_list":["post-102739","post","type-post","status-publish","format-standard","hentry","category-alagoas","category-feira-alagoas","category-feira-estadual","category-noticias","category-producao"],"_links":{"self":[{"href":"https:\/\/redept.com.br\/blogosfera\/wp-json\/wp\/v2\/posts\/102739","targetHints":{"allow":["GET"]}}],"collection":[{"href":"https:\/\/redept.com.br\/blogosfera\/wp-json\/wp\/v2\/posts"}],"about":[{"href":"https:\/\/redept.com.br\/blogosfera\/wp-json\/wp\/v2\/types\/post"}],"author":[{"embeddable":true,"href":"https:\/\/redept.com.br\/blogosfera\/wp-json\/wp\/v2\/users\/2"}],"replies":[{"embeddable":true,"href":"https:\/\/redept.com.br\/blogosfera\/wp-json\/wp\/v2\/comments?post=102739"}],"version-history":[{"count":0,"href":"https:\/\/redept.com.br\/blogosfera\/wp-json\/wp\/v2\/posts\/102739\/revisions"}],"wp:attachment":[{"href":"https:\/\/redept.com.br\/blogosfera\/wp-json\/wp\/v2\/media?parent=102739"}],"wp:term":[{"taxonomy":"category","embeddable":true,"href":"https:\/\/redept.com.br\/blogosfera\/wp-json\/wp\/v2\/categories?post=102739"},{"taxonomy":"post_tag","embeddable":true,"href":"https:\/\/redept.com.br\/blogosfera\/wp-json\/wp\/v2\/tags?post=102739"}],"curies":[{"name":"wp","href":"https:\/\/api.w.org\/{rel}","templated":true}]}}