{"id":102812,"date":"2026-09-02T19:00:50","date_gmt":"2026-09-02T22:00:50","guid":{"rendered":"https:\/\/redept.com.br\/blogosfera\/as-24h-de-revelacoes-sobre-o-master-e-vorcaro-e-a-granada-sem-pino-no-stf\/"},"modified":"2026-09-02T19:00:50","modified_gmt":"2026-09-02T22:00:50","slug":"as-24h-de-revelacoes-sobre-o-master-e-vorcaro-e-a-granada-sem-pino-no-stf","status":"publish","type":"post","link":"https:\/\/redept.com.br\/blogosfera\/as-24h-de-revelacoes-sobre-o-master-e-vorcaro-e-a-granada-sem-pino-no-stf\/","title":{"rendered":"As 24h de revela\u00e7\u00f5es sobre o Master e Vorcaro e a granada sem pino no STF"},"content":{"rendered":"<h2><strong>ATO 1 \u2013 Andr\u00e9 Mendon\u00e7a x Alexandre de Moraes<\/strong><\/h2>\n<p>Em 24 de agosto, o ministro Andr\u00e9 Mendon\u00e7a, relator dos inqu\u00e9ritos do Banco Master, teria mandado a Pol\u00edcia Federal (PF) identificar, em 72 horas, \u201cas pessoas que participaram e foram mencionadas\u201d em certas p\u00e1ginas de dois relat\u00f3rios de fevereiro, incluindo \u201ceventuais detentoras de foro por prerrogativa de fun\u00e7\u00e3o, inclusive aquelas eventualmente sujeitas \u00e0 incid\u00eancia do art. 5\u00ba, I, do Regimento Interno\u201d do Supremo. Mendon\u00e7a, no entanto, n\u00e3o teria citado Alexandre de Moraes, seu colega de Corte.<\/p>\n<p>Demandada, a PF entregou a Mendon\u00e7a 218 p\u00e1ginas na quinta-feira, 27 de agosto. No relat\u00f3rio, 181 dessas p\u00e1ginas tratam de um contato que o banqueiro registrou na agenda do celular como \u201cAlexandre de Moraes BRASILIA\u201d; outras dezoito dessas p\u00e1ginas tratam do procurador-geral Paulo Gonet e do pr\u00f3prio diretor-geral da PF, Andrei Rodrigues. Na p\u00e1gina 5, os investigadores registraram que se limitaram aos \u201cdados brutos\u201d e n\u00e3o realizaram \u201cquaisquer atos de aprofundamento investigativo direcionados a magistrados\u201d.<\/p>\n<p>O conte\u00fado publicado primeiramente por <em>Metr\u00f3poles<\/em> e <em>Estad\u00e3o<\/em> e depois esmiu\u00e7ado por praticamente toda a imprensa, ap\u00f3s o sigilo ter sido levantado nesta ter\u00e7a-feira, 1 de setembro, mostra que o escrit\u00f3rio de Viviane Barci de Moraes fechou com o Master um contrato de R$ 131 milh\u00f5es \u2014 R$ 3,6 milh\u00f5es por m\u00eas, por tr\u00eas anos \u2014 assinado em 23 de janeiro de 2024, doze dias depois de um suposto almo\u00e7o do ministro Moraes numa propriedade de Vorcaro em Campos do Jord\u00e3o. Os metadados da vers\u00e3o final do arquivo do contrato indicam um usu\u00e1rio com nome de \u201cMinistro Alexandre de Moraes\u201d como o \u00faltimo a editar o documento. Vorcaro instruiu uma funcion\u00e1ria: \u201cesse Barci de Moraes por favor n\u00e3o deixe atrasar um dia (\u2026) \u00c9 o pgto mais importante que temos\u201d. E completou: \u201cPode pagar sempre, sem nota.\u201d<\/p>\n<p>Depois v\u00eam as s\u00e9ries de mensagens que ningu\u00e9m consegue desler. Em 30 de outubro de 2025, sabendo por \u201cturma do banco central\u201d que o Bacen estava sob press\u00e3o, Vorcaro escreveu ao contato identificado como sendo de Alexandre de Moraes: \u201c\u00c9 importante refor\u00e7ar com Andrei e Paulo pra n\u00e3o deixar ningu\u00e9m de baixo fazer uma sacanagem.\u201d Em 15 de novembro, \u00e0s v\u00e9speras da pris\u00e3o, uma nova mensagem: \u201cAcha que segunda j\u00e1 tenho que estar fora?\u201d E no dia da pris\u00e3o, em 18 de novembro: \u201cConseguiu ter not\u00edcia ou bloquear?\u201d.<\/p>\n<p>Aqui entram as ressalvas, e s\u00e3o igualmente complexas. A PF, ao que se sabe publicamente, n\u00e3o recuperou uma \u00fanica resposta de Moraes \u2014 os dois trocavam prints de bloco de notas com visualiza\u00e7\u00e3o \u00fanica, e sobrou o lado de quem escrevia, n\u00e3o o de quem lia. N\u00e3o h\u00e1 ind\u00edcio de que o ministro tenha falado com Andrei, com Gonet ou com Gal\u00edpolo, por exemplo.<\/p>\n<p>O escrit\u00f3rio Barci de Moraes, que celebrou o contrato com Vorcaro em condi\u00e7\u00f5es, no m\u00ednimo, extraordin\u00e1rias, divulgou uma nota bastante confusa dizendo que consultou o ministro apenas para checar impedimentos e que ele \u201cjamais julgou qualquer causa envolvendo o Banco Master\u201d \u2014 o que \u00e9 verdade, mas n\u00e3o resolve a quest\u00e3o: a suspeita \u00e9 sobre a compra de influ\u00eancia de Vorcaro que est\u00e1 preso desde mar\u00e7o deste ano.<\/p>\n<p>Entre fevereiro e mar\u00e7o passados, quando vazou o contrato do escrit\u00f3rio da esposa de Moraes com o Master, o pr\u00f3prio ministro publicou ao menos cinco notas para negar qualquer rela\u00e7\u00e3o com Vorcaro. Em uma delas, sua assessoria disse: \u201cO Ministro Alexandre de Moraes n\u00e3o recebeu essas mensagens referidas na mat\u00e9ria. Trata-se de ila\u00e7\u00e3o mentirosa no sentido, novamente, de atacar o Supremo Tribunal Federal\u201d. A nota se referia \u00e0s revela\u00e7\u00f5es da jornalista Malu Gaspar, que foi quem primeiro trouxe o nome de Moraes ao tabuleiro do Caso Master em sua coluna no <em>Globo<\/em>.<\/p>\n<p>Agora, com as novas revela\u00e7\u00f5es, o problema pode estar na forma como o material veio \u00e0 luz, pois criou, por si s\u00f3, a possibilidade de ser anulado. Em 28 de agosto, Mendon\u00e7a desentranhou o relat\u00f3rio e s\u00f3 em 31 de agosto abriu vista \u00e0 PGR, com prazo de 5 dias. E no primeiro dia de setembro, com o prazo correndo, levantou o sigilo de tudo, escrevendo que \u201cindependentemente\u201d da PGR, o caminho do caso deveria ser debatido no Plen\u00e1rio da Corte. Gonet respondeu em menos de doze horas \u2013 poderia responder, lembremos, em at\u00e9 cinco dias \u2013 e pediu nulidade dupla: o juiz n\u00e3o investiga, e o ministro n\u00e3o manda investigar colega sem o Plen\u00e1rio. Andrei Rodrigues teria dito que houve abuso de autoridade, segundo a coluna de Nat\u00e1lia Portinari, no UOL. E na PF a reuni\u00e3o de 24 de agosto virou \u201ccilada\u201d: os delegados foram convocados para outro assunto e sa\u00edram com um mandado de 72 horas na m\u00e3o, contou F\u00e1bio Serapi\u00e3o, tamb\u00e9m no UOL.<\/p>\n<p>A d\u00favida que se pode levantar \u2013 e \u00e9 leg\u00edtima \u2013 \u00e9 sobre o timing dos acontecimentos a um m\u00eas da elei\u00e7\u00e3o. Para muita gente soa estranho que Andr\u00e9 Mendon\u00e7a, indicado ao Supremo por Bolsonaro, concentre suas interven\u00e7\u00f5es nos assuntos de uma investiga\u00e7\u00e3o que serviria \u00e0 narrativa da direita. A pergunta que se pode fazer \u00e9 porque Mendon\u00e7a pediu, especificamente, esse relat\u00f3rio agora quando j\u00e1 sabia do poss\u00edvel envolvimento de Moraes desde mar\u00e7o, quando vazaram as primeiras mensagens.<\/p>\n<p>Por outro lado, se o Plen\u00e1rio anular tudo, como se aventa e pede o PGR, o pa\u00eds ter\u00e1 lido 218 p\u00e1ginas que juridicamente n\u00e3o existem, por v\u00edcio de forma, diante de uma opini\u00e3o p\u00fablica que n\u00e3o tem obriga\u00e7\u00e3o de entender por que isso importa. Dois dos principais jornais do pa\u00eds, <em>Folha de S. Paulo<\/em> e <em>Estad\u00e3o<\/em>, j\u00e1 pediram a cabe\u00e7a do ministro em seus editoriais. Moraes segue em sil\u00eancio, e ningu\u00e9m sabe qual ser\u00e1 sua linha de defesa at\u00e9 o momento.<\/p>\n<h2><strong>Ato 2 \u2014 Fl\u00e1vio, Dark Horse e mais uma mentira?<\/strong><\/h2>\n<p>Enquanto o Supremo era implodido com as revela\u00e7\u00f5es, a <em>piau\u00ed,<\/em> em reportagem de Breno Pires, revelou, na manh\u00e3 da mesma ter\u00e7a-feira, um relat\u00f3rio in\u00e9dito do Coaf. Em 16 de setembro de 2025, Vorcaro mandou mais 1,6 milh\u00e3o de d\u00f3lares ao Havengate Development Fund, o fundo texano que administrava o dinheiro de <em>Dark Horse<\/em>, a cinebiografia de Jair Bolsonaro. O dinheiro saiu oito dias depois de uma cobran\u00e7a de Fl\u00e1vio por parcelas em atraso \u2014 e menos de duas semanas depois do Banco Central negar a venda do Master ao BRB. O total, portanto, passa de 10,6 milh\u00f5es de d\u00f3lares para 12,3 milh\u00f5es de d\u00f3lares, o que equivale a cerca de R$ 65 milh\u00f5es, em rela\u00e7\u00e3o a uma promessa de 24 milh\u00f5es de d\u00f3lares. H\u00e1 ind\u00edcio de mais uma parcela em outubro: \u201cConsegue liberar as parcelas do filme?\u201d, pergunta o publicit\u00e1rio Thiago Miranda no dia 22; \u201cSim. Liberei mais uma hoje\u201d, responde Vorcaro \u2014 horas depois de Fl\u00e1vio cobrar.<\/p>\n<p>O detalhe que importa n\u00e3o \u00e9 s\u00f3 o valor. \u00c9 a data. Em maio, \u00e0 <em>GloboNews<\/em>, Fl\u00e1vio disse que \u201co \u00faltimo pagamento que ele fez foi em maio de 2025\u201d e que, desde a primeira informa\u00e7\u00e3o p\u00fablica sobre Vorcaro, \u201cesse fundo foi fechado, isolado\u201d. O Coaf diz outra coisa. Procurado no Senado nesta ter\u00e7a-feira, o candidato do PL n\u00e3o corrigiu a vers\u00e3o nem a defendeu: terceirizou. \u201cEssas informa\u00e7\u00f5es eu n\u00e3o tenho como saber porque eu n\u00e3o trato disso. Tem que perguntar para a produtora\u201d, disse diante de v\u00e1rios jornalistas. \u00c9 uma n\u00e3o-resposta que refor\u00e7a que o candidato continua a se esquivar do tema, j\u00e1 que ele pr\u00f3prio negociou as parcelas com o financiador Vorcaro \u2014 e que, na v\u00e9spera da pris\u00e3o dele, escreveu: \u201cIrm\u00e3o, estou e estarei contigo sempre, n\u00e3o tem meia conversa entre a gente.\u201d<\/p>\n<p>A t\u00e1tica de repetir que o dinheiro \u00e9 privado \u00e9 fr\u00e1gil pois sua origem \u00e9 objeto do inqu\u00e9rito que Mendon\u00e7a abriu em julho por evas\u00e3o de divisas, lavagem e corrup\u00e7\u00e3o e que apura se emendas de Fl\u00e1vio favoreceram o Master. Dos R$ 47,3 bilh\u00f5es do rombo, R$ 41 bilh\u00f5es sa\u00edram do FGC.<\/p>\n<p>E, no mesmo dia, no mesmo corredor do Senado, o mesmo Fl\u00e1vio exigiu a ren\u00fancia de Alexandre de Moraes: \u201cN\u00e3o tem mais condi\u00e7\u00e3o dele continuar sendo ministro.\u201d A simetria \u00e9 quase liter\u00e1ria. Fl\u00e1vio pede que o ministro explique o dinheiro do Master; questionado sobre o dinheiro do Master que financiou o filme sobre o pr\u00f3prio pai, manda perguntar \u00e0 produtora. A PF apura se parte dos recursos bancou a estadia de Eduardo Bolsonaro nos EUA \u2014 o \u201cagente legal\u201d do Havengate, destino de parte dos recursos recebidos pelo Master,\u00a0\u00e9 um escrit\u00f3rio com v\u00ednculos com o pr\u00f3prio ex-deputado, que nega a suspeita, mas mant\u00e9m, como mostrou a <strong>Ag\u00eancia P\u00fablica<\/strong>, uma vida de luxo nos EUA junto de seu parceiro, o influenciador Paulo Figueiredo \u2014 tudo isso sem explicar a origem do dinheiro. Sobre o filme, a Europa Filmes j\u00e1 avisou que <em>Dark Horse<\/em> s\u00f3 estreia depois das elei\u00e7\u00f5es. O filme que era para ser uma pe\u00e7a de campanha virou o telhado de vidro de Fl\u00e1vio com a revela\u00e7\u00e3o do <em>The Intercept Brasil<\/em> meses atr\u00e1s.<\/p>\n<h2><strong>Ato 3 \u2014 Mendon\u00e7a tamb\u00e9m esteve com Vorcaro: \u201cUma \u00fanica vez\u201d<\/strong><\/h2>\n<p>Como a cronologia importa, na manh\u00e3 desta quarta-feira, 2 de setembro, o jornalista Paulo Motoryn publicou, na newsletter <em>Noites<\/em> <em>H\u00fangaras<\/em><em>,<\/em> \u00e1udios extra\u00eddos do mesmo celular de Vorcaro. Em 14 de mar\u00e7o de 2025, Mendon\u00e7a recebeu Vorcaro por duas horas, em S\u00e3o Paulo, num instituto fundado pelo pr\u00f3prio ministro, o Iter. Ciro Soares, ent\u00e3o advogado do Master, e o deputado Cezinha de Madureira levaram semanas para articular o encontro. Em fevereiro, Ciro mandou um \u00e1udio ao cliente: \u201cFala, Vorcarinho, trabalhando por voc\u00ea! Levei o Andr\u00e9 l\u00e1 no Vasco agora, pra fazer um terno.\u201d Em outro: \u201cO Andr\u00e9 Mendon\u00e7a disse que quer te receber junto comigo. (\u2026) Ele sabe, soube da situa\u00e7\u00e3o do Banco Central toda.\u201d<\/p>\n<p>Mendon\u00e7a confirmou em nota: encontrou Vorcaro \u201cuma \u00fanica vez\u201d, segundo o ministro, a pedido do banqueiro, para tratar de uma tutela provis\u00f3ria sobre precat\u00f3rios que estava com vista de outro ministro \u2014 e diz ter atuado contra a posi\u00e7\u00e3o de Vorcaro. Acrescenta que o empres\u00e1rio buscou \u201cinterlocu\u00e7\u00e3o semelhante com outros integrantes do STF\u201d. Sobre os \u00e1udios do advogado, Mendon\u00e7a n\u00e3o comentou.<\/p>\n<p>\u00c9 verdade que um ministro pode receber uma parte e decidir contra ela; se isso virar crime, o Supremo deveria fechar. \u00c9 praxe que ministros recebam as partes de um processo, principalmente os advogados. Mas veja o que o terceiro ato faz com o primeiro. O relator que mandou a PF vasculhar o celular de Vorcaro estava, ele pr\u00f3prio, na agenda de Vorcaro. \u00c9 o mesmo Ciro Soares que o levou ao alfaiate que aparece nas 18 p\u00e1ginas sobre Gonet, intermediando fotos, telefonemas e o convite do filho do procurador-geral para uma viagem a Londres paga pelo Master. Gonet, que pediu a nulidade, deveria se declarar impedido? F\u00e1bio Faria, ex-ministro de Bolsonaro, aparece como quem aproximou Vorcaro de Moraes, como mostrou a excelente reportagem da <em>piau\u00ed<\/em>. Toffoli, por sua vez, deixara a relatoria em fevereiro, depois que a imprensa revelou repasses de ao menos R$ 35 milh\u00f5es de fundos ligados a Vorcaro ao resort paranaense de que era s\u00f3cio; Fachin reuniu os ministros a portas fechadas, aceitou a ren\u00fancia e recusou declar\u00e1-lo suspeito. Toffoli negou irregularidades e a relatoria do caso Master foi parar nas m\u00e3os de Mendon\u00e7a.<\/p>\n<h2><strong>Vorcaro exp\u00f4s a Rep\u00fablica; STF \u00e9 parte dela<\/strong><\/h2>\n<p>O que Daniel Vorcaro tem causado na Rep\u00fablica \u00e9 in\u00e9dito. Para al\u00e9m da quebra do banco e de suas extens\u00f5es que gerou um rombo estimado em cerca de R$ 47,3 bilh\u00f5es, resultando no maior ressarcimento da hist\u00f3ria do Fundo Garantidor de Cr\u00e9dito (FGC), seus tent\u00e1culos parecem atingir cada vez mais gente, em maior ou menor grau de comprometimento, como mostra um levantamento do <em>Estad\u00e3o <\/em>chamado de Vorcarosfera, ferramenta que detalha a rede de contatos do dono do Banco Master com os Tr\u00eas Poderes em Bras\u00edlia, e que est\u00e1 distribu\u00eddo entre direita e esquerda \u2014 mais entre a direita, \u00e9 importante registrar.<\/p>\n<p>O saldo institucional, a depender do desfecho, j\u00e1 ser\u00e1 pior do que o saldo moral. Fachin prometeu anunciar as \u201cmedidas cab\u00edveis e necess\u00e1rias\u201d e \u201csem precipita\u00e7\u00e3o\u201d \u2014 a frase mais desanimadora da semana, porque aparentemente n\u00e3o h\u00e1 rito para o Plen\u00e1rio julgar um dos onze, e h\u00e1 pelo menos tr\u00eas outros ministros ro\u00e7ados pelo Master: al\u00e9m de Toffoli, Nunes Marques, cujo filho advogado recebeu R$ 281,6 mil de uma consultoria paga pelo banco, e Fux, cujo filho recebeu convites do banqueiro e diz n\u00e3o ter fechado neg\u00f3cio. S\u00e3o pesos distintos, \u00e9 verdade, mas todos resvalam na institui\u00e7\u00e3o STF.<\/p>\n<p>A impress\u00e3o geral \u00e9 que a credibilidade da corte, que j\u00e1 vinha claudicante, est\u00e1 indo pelo ralo com essas novas revela\u00e7\u00f5es, e a consequ\u00eancia para a elei\u00e7\u00e3o de outubro ainda parece nebulosa \u2013 pleito, vale lembrar, em que a pauta anti-STF j\u00e1 era bandeira da extrema direita. Agora, as a\u00e7\u00f5es acertadas do Supremo que mantiveram nossa democracia de p\u00e9, como no caso da pris\u00e3o de Bolsonaro e dos generais, fruto da tentativa de golpe de 8 de janeiro, ser\u00e3o novamente questionadas pela mesma turma que fomentou o golpe. De todo modo, \u00e9 importante, para tudo o que vem sendo divulgado, n\u00e3o confundir ind\u00edcio, suspeita e prova.<\/p><\/p>\n<!-- Begin Yuzo --><div class='yuzo_related_post style-1'  data-version='5.12.89'><!-- without result --><div class='yuzo_clearfixed yuzo__title yuzo__title'><h3>Related Post<\/h3><\/div>\n\t\t\t\t\t\t  <div class=\"relatedthumb \" style=\"width:125px;float:left;overflow:hidden;\">  \n\t\t\t\t\t\t\t  \n\t\t\t\t\t\t\t  <a  href=\"https:\/\/redept.com.br\/blogosfera\/fraude-no-inss-saiba-como-descobrir-e-bloquear-os-descontos\/\"  >\n\t\t\t\t\t\t\t\t\t  <div class=\"yuzo-img-wrap \" style=\"width: 125px;height:90px;\">\n\t\t\t\t\t\t\t\t\t\t\n\t\t\t\t\t\t\t\t\t\t<div class=\"yuzo-img\" style=\"background:url('https:\/\/redept.com.br\/blogosfera\/wp-content\/uploads\/2025\/04\/reclame-aqui-inss-150x150.png') 50% 50% no-repeat;width: 125px;height:90px;margin-bottom: 5px;background-size: cover; \"><\/div>\n\t\t\t\t\t\t\t\t\t  <\/div>\n\t\t\t\t\t\t\t\t\t  \n\t\t\t\t\t\t\t\t   <span class=\"yuzo__text--title\" style=\"font-size:13px;\">Fraude no INSS: saiba como descobrir e bloquear os...<\/span>\n\t\t\t\t\t\t\t  \n\t\t\t\t\t\t\t  \n\t\t\t\t\t\t\t  <\/a>\n\n\t\t\t\t\t\t  <\/div>\n\t\t\t\t\t\t  <div class=\"relatedthumb \" style=\"width:125px;float:left;overflow:hidden;\">  \n\t\t\t\t\t\t\t  \n\t\t\t\t\t\t\t  <a  href=\"https:\/\/redept.com.br\/blogosfera\/pf-faz-buscas-em-casa-de-bolsonaro-e-crava-lhe-uma-tornozeleira\/\"  >\n\t\t\t\t\t\t\t\t\t  <div class=\"yuzo-img-wrap \" style=\"width: 125px;height:90px;\">\n\t\t\t\t\t\t\t\t\t\t\n\t\t\t\t\t\t\t\t\t\t<div class=\"yuzo-img\" style=\"background:url('https:\/\/redept.org\/blogosfera\/wp-content\/plugins\/yuzo-related-post\/assets\/images\/default.png') 50% 50% no-repeat;width: 125px;height:90px;margin-bottom: 5px;background-size: cover; \"><\/div>\n\t\t\t\t\t\t\t\t\t  <\/div>\n\t\t\t\t\t\t\t\t\t  \n\t\t\t\t\t\t\t\t   <span class=\"yuzo__text--title\" style=\"font-size:13px;\">PF faz buscas em casa de Bolsonaro e crava-lhe uma...<\/span>\n\t\t\t\t\t\t\t  \n\t\t\t\t\t\t\t  \n\t\t\t\t\t\t\t  <\/a>\n\n\t\t\t\t\t\t  <\/div>\n\t\t\t\t\t\t  <div class=\"relatedthumb \" style=\"width:125px;float:left;overflow:hidden;\">  \n\t\t\t\t\t\t\t  \n\t\t\t\t\t\t\t  <a  href=\"https:\/\/redept.com.br\/blogosfera\/liberacao-para-furar-foz-do-amazonas-na-vespera-da-cop30-e-comeco-de-corrida-por-petroleo\/\"  >\n\t\t\t\t\t\t\t\t\t  <div class=\"yuzo-img-wrap \" style=\"width: 125px;height:90px;\">\n\t\t\t\t\t\t\t\t\t\t\n\t\t\t\t\t\t\t\t\t\t<div class=\"yuzo-img\" style=\"background:url('https:\/\/redept.org\/blogosfera\/wp-content\/plugins\/yuzo-related-post\/assets\/images\/default.png') 50% 50% no-repeat;width: 125px;height:90px;margin-bottom: 5px;background-size: cover; \"><\/div>\n\t\t\t\t\t\t\t\t\t  <\/div>\n\t\t\t\t\t\t\t\t\t  \n\t\t\t\t\t\t\t\t   <span class=\"yuzo__text--title\" style=\"font-size:13px;\">Libera\u00e7\u00e3o para furar foz do Amazonas na v\u00e9spera da...<\/span>\n\t\t\t\t\t\t\t  \n\t\t\t\t\t\t\t  \n\t\t\t\t\t\t\t  <\/a>\n\n\t\t\t\t\t\t  <\/div>\n\t\t\t\t\t\t  <div class=\"relatedthumb \" style=\"width:125px;float:left;overflow:hidden;\">  \n\t\t\t\t\t\t\t  \n\t\t\t\t\t\t\t  <a  href=\"https:\/\/redept.com.br\/blogosfera\/na-semana-camponesa-o-mst-levou-milhares-de-trabalhadores-e-trabalhadoras-do-campo-as-ruas-com-ocupacoes-marchas-e-solidariedade\/\"  >\n\t\t\t\t\t\t\t\t\t  <div class=\"yuzo-img-wrap \" style=\"width: 125px;height:90px;\">\n\t\t\t\t\t\t\t\t\t\t\n\t\t\t\t\t\t\t\t\t\t<div class=\"yuzo-img\" style=\"background:url('https:\/\/redept.org\/blogosfera\/wp-content\/plugins\/yuzo-related-post\/assets\/images\/default.png') 50% 50% no-repeat;width: 125px;height:90px;margin-bottom: 5px;background-size: cover; \"><\/div>\n\t\t\t\t\t\t\t\t\t  <\/div>\n\t\t\t\t\t\t\t\t\t  \n\t\t\t\t\t\t\t\t   <span class=\"yuzo__text--title\" style=\"font-size:13px;\">Na Semana Camponesa, o MST levou milhares de traba...<\/span>\n\t\t\t\t\t\t\t  \n\t\t\t\t\t\t\t  \n\t\t\t\t\t\t\t  <\/a>\n\n\t\t\t\t\t\t  <\/div>\n<\/div> <script>\n\t\t\t\t\t\t  jQuery(document).ready(function( $ ){\n\t\t\t\t\t\t\t\/\/jQuery('.yuzo_related_post').equalizer({ overflow : 'relatedthumb' });\n\t\t\t\t\t\t\tjQuery('.yuzo_related_post .yuzo_wraps').equalizer({ columns : '> div' });\n\t\t\t\t\t\t   })\n\t\t\t\t\t\t  <\/script> <!-- End Yuzo :) -->","protected":false},"excerpt":{"rendered":"<p>Os tr\u00eas atos que, a um m\u00eas da elei\u00e7\u00e3o, podem reconfigurar o cen\u00e1rio eleitoral<\/p>\n","protected":false},"author":2,"featured_media":0,"comment_status":"open","ping_status":"closed","sticky":false,"template":"","format":"standard","meta":{"fifu_image_url":"","fifu_image_alt":"","footnotes":""},"categories":[1261,17810,30544,696,288,132,5557,260],"tags":[],"class_list":["post-102812","post","type-post","status-publish","format-standard","hentry","category-alexandre-de-moraes","category-banco-master","category-daniel-vorcaro","category-eleicoes","category-justica","category-politica","category-portugues","category-stf"],"_links":{"self":[{"href":"https:\/\/redept.com.br\/blogosfera\/wp-json\/wp\/v2\/posts\/102812","targetHints":{"allow":["GET"]}}],"collection":[{"href":"https:\/\/redept.com.br\/blogosfera\/wp-json\/wp\/v2\/posts"}],"about":[{"href":"https:\/\/redept.com.br\/blogosfera\/wp-json\/wp\/v2\/types\/post"}],"author":[{"embeddable":true,"href":"https:\/\/redept.com.br\/blogosfera\/wp-json\/wp\/v2\/users\/2"}],"replies":[{"embeddable":true,"href":"https:\/\/redept.com.br\/blogosfera\/wp-json\/wp\/v2\/comments?post=102812"}],"version-history":[{"count":0,"href":"https:\/\/redept.com.br\/blogosfera\/wp-json\/wp\/v2\/posts\/102812\/revisions"}],"wp:attachment":[{"href":"https:\/\/redept.com.br\/blogosfera\/wp-json\/wp\/v2\/media?parent=102812"}],"wp:term":[{"taxonomy":"category","embeddable":true,"href":"https:\/\/redept.com.br\/blogosfera\/wp-json\/wp\/v2\/categories?post=102812"},{"taxonomy":"post_tag","embeddable":true,"href":"https:\/\/redept.com.br\/blogosfera\/wp-json\/wp\/v2\/tags?post=102812"}],"curies":[{"name":"wp","href":"https:\/\/api.w.org\/{rel}","templated":true}]}}