{"id":102843,"date":"2026-09-02T17:00:34","date_gmt":"2026-09-02T20:00:34","guid":{"rendered":"https:\/\/redept.com.br\/blogosfera\/kherima-a-historia-da-mumia-destruida-no-incendio-do-museu-nacional\/"},"modified":"2026-09-02T17:00:34","modified_gmt":"2026-09-02T20:00:34","slug":"kherima-a-historia-da-mumia-destruida-no-incendio-do-museu-nacional","status":"publish","type":"post","link":"https:\/\/redept.com.br\/blogosfera\/kherima-a-historia-da-mumia-destruida-no-incendio-do-museu-nacional\/","title":{"rendered":"Kherima: a hist\u00f3ria da m\u00famia destru\u00edda no inc\u00eandio do Museu Nacional"},"content":{"rendered":"<p>H\u00e1 oito anos, em 2 de setembro de 2018, um inc\u00eandio devastador consumia o Pal\u00e1cio de S\u00e3o Crist\u00f3v\u00e3o, sede do Museu Nacional da UFRJ, destruindo um dos maiores patrim\u00f4nios cient\u00edficos e culturais da Am\u00e9rica Latina. Entre as perdas irrepar\u00e1veis acarretadas pelo epis\u00f3dio estava \u201cKherima\u201d, um dos itens mais singulares da cole\u00e7\u00e3o eg\u00edpcia da institui\u00e7\u00e3o.<\/p>\n<p>Kherima era a denomina\u00e7\u00e3o informal dada a uma m\u00famia de uma mulher que viveu em Tebas no come\u00e7o da Era Comum. Conservada no Brasil h\u00e1 quase dois s\u00e9culos, ela fascinava os observadores, inspirava contos e lendas e, segundo se dizia, era at\u00e9 mesmo capaz de \u201cprovocar transe\u201d nos visitantes.<\/p>\n<p>N\u00e3o se conhece a verdadeira identidade da m\u00famia ou quaisquer detalhes sobre sua vida. Sabe-se que era uma jovem que tinha entre 18 e 20 anos de idade quando faleceu, por causas indeterminadas. O corpo n\u00e3o apresentava les\u00f5es ou vest\u00edgios de doen\u00e7as e os dentes estavam todos preservados. Seus cabelos eram curtos e escuros e os tra\u00e7os \u00e9tnicos a aproximavam das popula\u00e7\u00f5es mediterr\u00e2neas.<\/p>\n<p>S\u00e3o as caracter\u00edsticas do processo de mumifica\u00e7\u00e3o de Kherima, entretanto, que a tornavam um exemplar bastante raro. Ao contr\u00e1rio do que ocorre com a grande maioria das m\u00famias eg\u00edpcias, nas quais o corpo \u00e9 recoberto por numerosas camadas de bandagens formando uma esp\u00e9cie de inv\u00f3lucro compacto, Kherima apresentava bra\u00e7os, pernas, m\u00e3os, p\u00e9s e at\u00e9 os dedos enfaixados individualmente.<\/p>\n<p>Os contornos femininos foram real\u00e7ados com o uso de materiais colocados para dar volume \u00e0s mamas, ao quadril e ao abd\u00f4men, criando um efeito visual que fazia com que a m\u00famia lembrasse uma boneca. Os mumificadores tiveram at\u00e9 mesmo o cuidado de pintar as unhas da falecida. Ap\u00f3s ser enfaixada, Kherima foi vestida com um luxuoso traje cerimonial que ressaltava sua forma humana. Faixas de linho pintadas e pain\u00e9is de tecido com s\u00edmbolos m\u00edsticos completavam a decora\u00e7\u00e3o.<\/p>\n<p>Em todo o mundo, conhecem-se apenas oito m\u00famias eg\u00edpcias que possuem um tratamento externo compar\u00e1vel ao de Kherima, todas encontradas no mesmo s\u00edtio arqueol\u00f3gico, datadas do mesmo per\u00edodo e, possivelmente, origin\u00e1rias do mesmo ateli\u00ea de mumifica\u00e7\u00e3o. \u00c9 prov\u00e1vel que todas as m\u00famias fossem ligadas \u00e0 elite tebana, mas ainda n\u00e3o h\u00e1 uma explica\u00e7\u00e3o para o preparo diferenciado desse conjunto.<\/p>\n<p>At\u00e9 o in\u00edcio do s\u00e9culo 19, Kherima integrava a cole\u00e7\u00e3o de antiguidades eg\u00edpcias do explorador Giovanni Battista Belzoni, o \u201cpai da egiptologia\u201d, respons\u00e1vel por coordenar as escava\u00e7\u00f5es da Necr\u00f3pole de Tebas e do Templo de Karnak. A m\u00famia foi posteriormente repassada a Nicolau Fiengo, um marchand italiano.<\/p>\n<p>Fiengo pretendia levar a cole\u00e7\u00e3o para a Argentina, possivelmente por encomenda do presidente Bernardino Rivadavia, mecenas e fundador da Universidade de Buenos Aires. Um bloqueio no Rio da Prata, entretanto, impediu Fiengo de concluir a viagem. Ao desembarcar no Rio de Janeiro em 1826, o comerciante ofereceu as pe\u00e7as em um leil\u00e3o. O imperador Dom Pedro I arrematou a cole\u00e7\u00e3o completa por cinco contos de r\u00e9is, doando-a em seguida ao Museu Nacional do Rio de Janeiro.<\/p>\n<p>Kherima sempre esteve entre os destaques do acervo eg\u00edpcio do Museu Nacional, despertando enorme curiosidade entre os visitantes. A m\u00famia tamb\u00e9m protagonizou epis\u00f3dios inusitados \u2014 incluindo um particularmente c\u00f4mico que ocorreu em 1955, ap\u00f3s a morte de Carmen Miranda. Quando a popula\u00e7\u00e3o foi informada que Carmen fora embalsamada, centenas de pessoas interpretaram como \u201cmumificada\u201d e correram at\u00e9 o Museu Nacional para depositar flores no ata\u00fade de Kherima.<\/p>\n<div><img loading=\"lazy\" loading=\"lazy\" decoding=\"async\" aria-describedby=\"caption-attachment-264650\"src=\"https:\/\/redept.com.br\/blogosfera\/wp-content\/uploads\/2026\/09\/museu_nacional_do_brasil_-_julho_2018_300.jpg\" alt=\"M\u00famia Kherima em julho de 2018. &lt;br \/ &gt; Wikimedia Commons\" width=\"1280\" height=\"960\" srcset=\"https:\/\/redept.com.br\/blogosfera\/wp-content\/uploads\/2026\/09\/museu_nacional_do_brasil_-_julho_2018_300.jpg 1280w, https:\/\/operamundi.uol.com.br\/wp-content\/uploads\/2026\/09\/museu_nacional_do_brasil_-_julho_2018_300-300x225.jpg 300w, https:\/\/operamundi.uol.com.br\/wp-content\/uploads\/2026\/09\/museu_nacional_do_brasil_-_julho_2018_300-1024x768.jpg 1024w, https:\/\/operamundi.uol.com.br\/wp-content\/uploads\/2026\/09\/museu_nacional_do_brasil_-_julho_2018_300-768x576.jpg 768w, https:\/\/operamundi.uol.com.br\/wp-content\/uploads\/2026\/09\/museu_nacional_do_brasil_-_julho_2018_300-380x285.jpg 380w, https:\/\/operamundi.uol.com.br\/wp-content\/uploads\/2026\/09\/museu_nacional_do_brasil_-_julho_2018_300-47x35.jpg 47w\" sizes=\"auto, (max-width: 1280px) 100vw, 1280px\"><\/p>\n<p>M\u00famia Kherima em julho de 2018. <br \/>Wikimedia Commons<\/p>\n<\/div>\n<p>A m\u00famia tamb\u00e9m foi objeto de pol\u00eamicas experi\u00eancias parapsicol\u00f3gicas conduzidas pelo professor Victor Staviarski na d\u00e9cada de 1960. Reportagens da \u00e9poca atestavam que centenas de pessoas teriam entrado em transe durante as sess\u00f5es.<\/p>\n<p>Foi durante uma dessas experi\u00eancias que se forjou a alcunha da m\u00famia. Uma aluna supostamente teve uma vis\u00e3o ap\u00f3s encostar no corpo e voltou do transe dizendo que a mulher era uma princesa tebana chamada Kherima.<\/p>\n<p>Outra sess\u00e3o resultou na danifica\u00e7\u00e3o da m\u00famia, quando um aluno em transe se agarrou com tanta for\u00e7a aos p\u00e9s de Kherima que arrancou alguns de seus dedos. Ap\u00f3s o epis\u00f3dio, os alunos da UFRJ exigiram o fim das experi\u00eancias parapsicol\u00f3gicas. Mais recentemente, o egipt\u00f3logo Antonio Brancaglion Junior afirmou ter presenciado alunos da universidade sendo acometidos de \u201cmal s\u00fabito\u201d ao participarem de palestras ao lado da m\u00famia.<\/p>\n<p>A m\u00famia Kherima atravessou mares e oceanos, visitou tr\u00eas continentes e resistiu ao teste do tempo por 2.000 anos. N\u00e3o sobreviveu, entretanto, \u00e0s consequ\u00eancias do subfinanciamento cr\u00f4nico e das pol\u00edticas de austeridade fiscal que levaram ao sucateamento das universidades federais.<\/p>\n<p>Al\u00e9m de Kherima, o inc\u00eandio do Museu Nacional destruiu 6 das 7 m\u00famias eg\u00edpcias humanas conservadas no Brasil \u2014 incluindo a cantora Sha-Amun-en-su, o sacerdote Hori e o alto funcion\u00e1rio Harsiese. M\u00famias de gatos, crocodilos, \u00edbis e restos humanos mumificados tamb\u00e9m foram destru\u00eddos no inc\u00eandio, bem como os \u00fanicos quatro esquifes eg\u00edpcios completos que existiam em cole\u00e7\u00f5es p\u00fablicas da Am\u00e9rica do Sul.<\/p>\n<p>O post Kherima: a hist\u00f3ria da m\u00famia destru\u00edda no inc\u00eandio do Museu Nacional apareceu primeiro em Opera Mundi.<\/p>\n<!-- Begin Yuzo --><div class='yuzo_related_post style-1'  data-version='5.12.89'><!-- without result --><div class='yuzo_clearfixed yuzo__title yuzo__title'><h3>Related Post<\/h3><\/div>\n\t\t\t\t\t\t  <div class=\"relatedthumb \" style=\"width:125px;float:left;overflow:hidden;\">  \n\t\t\t\t\t\t\t  \n\t\t\t\t\t\t\t  <a  href=\"https:\/\/redept.com.br\/blogosfera\/copa-do-mundo-fifa-preocupada-com-seguranca-no-mexico-presidenta-garante-que-nao-ha-riscos\/\"  >\n\t\t\t\t\t\t\t\t\t  <div class=\"yuzo-img-wrap \" style=\"width: 125px;height:90px;\">\n\t\t\t\t\t\t\t\t\t\t\n\t\t\t\t\t\t\t\t\t\t<div class=\"yuzo-img\" style=\"background:url('https:\/\/redept.com.br\/blogosfera\/wp-content\/uploads\/2026\/02\/AFP__20260223__98KW62B__v1__MidRes__MexicoCrimeDrugTraffickingOperation-e1771851774896-150x150.jpg') 50% 50% no-repeat;width: 125px;height:90px;margin-bottom: 5px;background-size: cover; \"><\/div>\n\t\t\t\t\t\t\t\t\t  <\/div>\n\t\t\t\t\t\t\t\t\t  \n\t\t\t\t\t\t\t\t   <span class=\"yuzo__text--title\" style=\"font-size:13px;\">Copa do Mundo: FIFA preocupada com seguran\u00e7a no M\u00e9...<\/span>\n\t\t\t\t\t\t\t  \n\t\t\t\t\t\t\t  \n\t\t\t\t\t\t\t  <\/a>\n\n\t\t\t\t\t\t  <\/div>\n\t\t\t\t\t\t  <div class=\"relatedthumb \" style=\"width:125px;float:left;overflow:hidden;\">  \n\t\t\t\t\t\t\t  \n\t\t\t\t\t\t\t  <a  href=\"https:\/\/redept.com.br\/blogosfera\/rogerio-carvalho-ressalta-preocupacao-do-governo-com-equilibrio-fiscal-e-qualidade-do-gasto\/\"  >\n\t\t\t\t\t\t\t\t\t  <div class=\"yuzo-img-wrap \" style=\"width: 125px;height:90px;\">\n\t\t\t\t\t\t\t\t\t\t\n\t\t\t\t\t\t\t\t\t\t<div class=\"yuzo-img\" style=\"background:url('https:\/\/redept.org\/blogosfera\/wp-content\/plugins\/yuzo-related-post\/assets\/images\/default.png') 50% 50% no-repeat;width: 125px;height:90px;margin-bottom: 5px;background-size: cover; \"><\/div>\n\t\t\t\t\t\t\t\t\t  <\/div>\n\t\t\t\t\t\t\t\t\t  \n\t\t\t\t\t\t\t\t   <span class=\"yuzo__text--title\" style=\"font-size:13px;\">Rog\u00e9rio Carvalho ressalta preocupa\u00e7\u00e3o do governo c...<\/span>\n\t\t\t\t\t\t\t  \n\t\t\t\t\t\t\t  \n\t\t\t\t\t\t\t  <\/a>\n\n\t\t\t\t\t\t  <\/div>\n\t\t\t\t\t\t  <div class=\"relatedthumb \" style=\"width:125px;float:left;overflow:hidden;\">  \n\t\t\t\t\t\t\t  \n\t\t\t\t\t\t\t  <a  href=\"https:\/\/redept.com.br\/blogosfera\/besteira-diz-randolfe-ao-o-globo-sobre-aliados-de-lula-estarem-dizendo-que-derrota-de-messias-gerou-crise\/\"  >\n\t\t\t\t\t\t\t\t\t  <div class=\"yuzo-img-wrap \" style=\"width: 125px;height:90px;\">\n\t\t\t\t\t\t\t\t\t\t\n\t\t\t\t\t\t\t\t\t\t<div class=\"yuzo-img\" style=\"background:url('https:\/\/redept.org\/blogosfera\/wp-content\/plugins\/yuzo-related-post\/assets\/images\/default.png') 50% 50% no-repeat;width: 125px;height:90px;margin-bottom: 5px;background-size: cover; \"><\/div>\n\t\t\t\t\t\t\t\t\t  <\/div>\n\t\t\t\t\t\t\t\t\t  \n\t\t\t\t\t\t\t\t   <span class=\"yuzo__text--title\" style=\"font-size:13px;\">\u201cBesteira\u201d, diz Randolfe ao O Globo sobre aliados ...<\/span>\n\t\t\t\t\t\t\t  \n\t\t\t\t\t\t\t  \n\t\t\t\t\t\t\t  <\/a>\n\n\t\t\t\t\t\t  <\/div>\n\t\t\t\t\t\t  <div class=\"relatedthumb \" style=\"width:125px;float:left;overflow:hidden;\">  \n\t\t\t\t\t\t\t  \n\t\t\t\t\t\t\t  <a  href=\"https:\/\/redept.com.br\/blogosfera\/venezuela-apresenta-novos-documentos-na-corte-internacional-de-justica-em-disputa-pelo-essequibo\/\"  >\n\t\t\t\t\t\t\t\t\t  <div class=\"yuzo-img-wrap \" style=\"width: 125px;height:90px;\">\n\t\t\t\t\t\t\t\t\t\t\n\t\t\t\t\t\t\t\t\t\t<div class=\"yuzo-img\" style=\"background:url('https:\/\/redept.org\/blogosfera\/wp-content\/plugins\/yuzo-related-post\/assets\/images\/default.png') 50% 50% no-repeat;width: 125px;height:90px;margin-bottom: 5px;background-size: cover; \"><\/div>\n\t\t\t\t\t\t\t\t\t  <\/div>\n\t\t\t\t\t\t\t\t\t  \n\t\t\t\t\t\t\t\t   <span class=\"yuzo__text--title\" style=\"font-size:13px;\">Venezuela apresenta novos documentos na Corte Inte...<\/span>\n\t\t\t\t\t\t\t  \n\t\t\t\t\t\t\t  \n\t\t\t\t\t\t\t  <\/a>\n\n\t\t\t\t\t\t  <\/div>\n<\/div> <script>\n\t\t\t\t\t\t  jQuery(document).ready(function( $ ){\n\t\t\t\t\t\t\t\/\/jQuery('.yuzo_related_post').equalizer({ overflow : 'relatedthumb' });\n\t\t\t\t\t\t\tjQuery('.yuzo_related_post .yuzo_wraps').equalizer({ columns : '> div' });\n\t\t\t\t\t\t   })\n\t\t\t\t\t\t  <\/script> <!-- End Yuzo :) -->","protected":false},"excerpt":{"rendered":"<p>H\u00e1 oito anos, em 2 de setembro de 2018, um inc\u00eandio devastador consumia o Pal\u00e1cio de S\u00e3o Crist\u00f3v\u00e3o, sede do Museu Nacional da UFRJ, destruindo um dos maiores patrim\u00f4nios cient\u00edficos e culturais da Am\u00e9rica Latina. Entre as perdas irrepar\u00e1veis acarretadas pelo epis\u00f3dio estava \u201cKherima\u201d, um dos itens mais singulares da cole\u00e7\u00e3o eg\u00edpcia da institui\u00e7\u00e3o. Kherima [\u2026]<\/p>\n<p>O post <a href=\"https:\/\/operamundi.uol.com.br\/pensar-a-historia\/kherima-a-historia-da-mumia-destruida-no-incendio-do-museu-nacional\/\">Kherima: a hist\u00f3ria da m\u00famia destru\u00edda no inc\u00eandio do Museu Nacional<\/a> apareceu primeiro em <a href=\"https:\/\/operamundi.uol.com.br\/\">Opera Mundi<\/a>.<\/p>\n","protected":false},"author":2,"featured_media":102844,"comment_status":"closed","ping_status":"closed","sticky":false,"template":"","format":"standard","meta":{"fifu_image_url":"","fifu_image_alt":"","footnotes":""},"categories":[1435,81574,81575,81576,461,81577,81578,81579,81580,81581,81582,81583,8228,22860,5622,49,1956],"tags":[],"class_list":["post-102843","post","type-post","status-publish","format-standard","has-post-thumbnail","hentry","category-arqueologia","category-colecao-egipcia","category-egiptologia","category-egito-antigo","category-historia","category-incendio-do-museu-nacional","category-kherima","category-mumia-egipcia","category-mumias-egipcias","category-museu-nacional-ufrj","category-parapsicologia","category-patrimonio-cientifico","category-patrimonio-cultural","category-patrimonio-historico","category-pensar-a-historia","category-rio-de-janeiro","category-ufrj"],"_links":{"self":[{"href":"https:\/\/redept.com.br\/blogosfera\/wp-json\/wp\/v2\/posts\/102843","targetHints":{"allow":["GET"]}}],"collection":[{"href":"https:\/\/redept.com.br\/blogosfera\/wp-json\/wp\/v2\/posts"}],"about":[{"href":"https:\/\/redept.com.br\/blogosfera\/wp-json\/wp\/v2\/types\/post"}],"author":[{"embeddable":true,"href":"https:\/\/redept.com.br\/blogosfera\/wp-json\/wp\/v2\/users\/2"}],"replies":[{"embeddable":true,"href":"https:\/\/redept.com.br\/blogosfera\/wp-json\/wp\/v2\/comments?post=102843"}],"version-history":[{"count":0,"href":"https:\/\/redept.com.br\/blogosfera\/wp-json\/wp\/v2\/posts\/102843\/revisions"}],"wp:featuredmedia":[{"embeddable":true,"href":"https:\/\/redept.com.br\/blogosfera\/wp-json\/wp\/v2\/media\/102844"}],"wp:attachment":[{"href":"https:\/\/redept.com.br\/blogosfera\/wp-json\/wp\/v2\/media?parent=102843"}],"wp:term":[{"taxonomy":"category","embeddable":true,"href":"https:\/\/redept.com.br\/blogosfera\/wp-json\/wp\/v2\/categories?post=102843"},{"taxonomy":"post_tag","embeddable":true,"href":"https:\/\/redept.com.br\/blogosfera\/wp-json\/wp\/v2\/tags?post=102843"}],"curies":[{"name":"wp","href":"https:\/\/api.w.org\/{rel}","templated":true}]}}