{"id":102847,"date":"2026-09-02T18:00:39","date_gmt":"2026-09-02T21:00:39","guid":{"rendered":"https:\/\/redept.com.br\/blogosfera\/obra-de-teatro-ressalta-origem-operaria-de-homens-e-mulheres-que-fundaram-corinthians\/"},"modified":"2026-09-02T18:00:39","modified_gmt":"2026-09-02T21:00:39","slug":"obra-de-teatro-ressalta-origem-operaria-de-homens-e-mulheres-que-fundaram-corinthians","status":"publish","type":"post","link":"https:\/\/redept.com.br\/blogosfera\/obra-de-teatro-ressalta-origem-operaria-de-homens-e-mulheres-que-fundaram-corinthians\/","title":{"rendered":"Obra de teatro ressalta origem oper\u00e1ria de homens e mulheres que fundaram Corinthians"},"content":{"rendered":"<p>Em cartaz durante todos os s\u00e1bados de setembro e outubro a pe\u00e7a <em>Os Fundadores \u2013 A Origem do Time do Povo<\/em>, que conta a hist\u00f3ria de como cinco humildes oper\u00e1rios do Bom Retiro desafiaram o elitizado mundo do futebol em 1910, fundaram o Sport Club Corinthians Paulista e iniciaram a hist\u00f3ria do clube que \u00e9 hoje um dos mais vencedores do futebol brasileiro.<\/p>\n<p>O enredo mostra a origem humilde dos cinco oper\u00e1rios do Bom Retiro, apaixonados pelo esporte rec\u00e9m trazido da Inglaterra, que em 1910, inspirador por um time tamb\u00e9m ingl\u00eas, decidiram criar seu pr\u00f3prio clube de futebol, e lutaram para que ele fosse aceito nas ligas paulistas da \u00e9poca \u2013 as quais se resistiram em aceitar que uma agremia\u00e7\u00e3o fundada e conformada por trabalhadores pudesse participar em suas esferas.<\/p>\n<p>Embora a obra esteja inspirada nos cinco fundadores que d\u00e3o nome a ela, o texto traz uma hist\u00f3ria bastante abrangente sobre os acontecimentos naquele ano de 1910, e um dos seus acertos \u00e9 mostrar de forma destacada a participa\u00e7\u00e3o das mulheres nesse processo.<\/p>\n<p>N\u00e3o \u00e0 toa, a primeira cena da pe\u00e7a \u00e9 a de um parto ocorrido em uma situa\u00e7\u00e3o de opress\u00e3o, a senha correta para iniciar a hist\u00f3ria sobre o nascimento de um clube pobre e sua luta para consolidar.<\/p>\n<p>A trama tamb\u00e9m destaca como as primeiras corinthianas foram as respons\u00e1veis pela cria\u00e7\u00e3o dos uniformes e dos escudos com os quais o clube entrou em campo em seus primeiros jogos, e tamb\u00e9m foram algumas das primeiras torcedoras, como est\u00e1 retratado na pe\u00e7a em performances marcantes das atrizes Amanda Carvalho, Camila Lopes, Cl\u00e9o Moraes, Juliana Lucilha, Paula Carneiro e Sel Silv\u00e9rio.<\/p>\n<p>Tamb\u00e9m h\u00e1 refer\u00eancias ao machismo que impedia as mulheres de jogarem futebol na \u00e9poca, e uma sutil (e certeira) homenagem \u00e0s Brabas, a equipe de futebol feminino do Corinthians, que se tornaria, um s\u00e9culo depois da funda\u00e7\u00e3o do clube, a maior refer\u00eancia da modalidade no Brasil e uma das maiores do mundo, n\u00e3o s\u00f3 em termos de t\u00edtulos como tamb\u00e9m em participa\u00e7\u00e3o da torcida e populariza\u00e7\u00e3o do esporte feminino.<\/p>\n<p>Na pe\u00e7a, os fundadores corinthianos Joaquim Ambr\u00f3sio, Carlos Silva, Raphael Perrone, Anselmo Corr\u00eaa e Ant\u00f4nio Pereira s\u00e3o interpretados respectivamente pelos atores Alexandre Nellys, Bruno Macedo, Lua Ribeiro, Th\u00e9o Magalh\u00e3es e Tom Rog\u00e9.<\/p>\n<p>O elenco masculino tamb\u00e9m conta com atua\u00e7\u00f5es de Danilo Martucci, Patrick Aguiar, Roberson Ara\u00fajo e Thiago Santos, retratando personagens como Charles Muller, o introdutor do futebol no Brasil, e Manuel Nunes, o Neco, considerado o primeiro craque do time rec\u00e9m fundado.<\/p>\n<div><img loading=\"lazy\" loading=\"lazy\" decoding=\"async\" aria-describedby=\"caption-attachment-264640\"src=\"https:\/\/redept.com.br\/blogosfera\/wp-content\/uploads\/2026\/09\/fundadores.jpg\" alt=\"\" width=\"1024\" height=\"682\" srcset=\"https:\/\/redept.com.br\/blogosfera\/wp-content\/uploads\/2026\/09\/fundadores.jpg 1024w, https:\/\/operamundi.uol.com.br\/wp-content\/uploads\/2026\/09\/fundadores-300x200.jpg 300w, https:\/\/operamundi.uol.com.br\/wp-content\/uploads\/2026\/09\/fundadores-768x512.jpg 768w, https:\/\/operamundi.uol.com.br\/wp-content\/uploads\/2026\/09\/fundadores-53x35.jpg 53w\" sizes=\"auto, (max-width: 1024px) 100vw, 1024px\"><\/p>\n<p>Cena de \u2018Os Fundadores\u2019 reproduz cria\u00e7\u00e3o do primeiro distintivo oficial do Corinthians <br \/>Jos\u00e9 Manoel Idalgo \/ Departamento Cultural do Corinthians<\/p>\n<\/div>\n<h3>Retorno aos palcos<\/h3>\n<p>Idealizada por Rafael Castilho, diretor do Departamento Cultural do Corinthians, <em>Os Fundadores<\/em> tem texto assinado por tr\u00eas componentes do elenco: as atrizes Camila Lopes e Juliana Lucilha, e o ator Tom Rog\u00e9. A dire\u00e7\u00e3o \u00e9 de Edhuardo Os\u00f3rio.<\/p>\n<p>A obra chegou aos palcos pela primeira vez entre maio e junho deste ano e ganhou uma segunda temporada, com apresenta\u00e7\u00f5es em todos os s\u00e1bados de setembro e outubro, \u00e0s 20h30, no Teatro Corinthians, que fica dentro do Parque S\u00e3o Jorge: Rua S\u00e3o Jorge 777, no Tatuap\u00e9, em S\u00e3o Paulo.<\/p>\n<p>Esta segunda temporada foi iniciada com duas apresenta\u00e7\u00f5es especiais na \u00faltima ter\u00e7a-feira (01\/09), que fizeram parte, justamente, das comemora\u00e7\u00f5es pelo anivers\u00e1rio de 116 anos do Corinthians.<\/p>\n<p>A obra \u00e9 montada pela Cia. Interiorando, fundada em 2008 e que j\u00e1 apresentou espet\u00e1culos como<em> Ningu\u00e9m Merece<\/em>, <em>Os Bo\u00eamios do Adoniran<\/em>, <em>O Caso da Mulher que Explodiu<\/em> e <em>O Dia em que o Medo Virou M\u00fasica<\/em>.<\/p>\n<p><strong>Servi\u00e7o<\/strong><\/p>\n<p><strong>Pe\u00e7a:<\/strong> <em>Os Fundadores \u2013 A Origem do Time do Povo<\/em><\/p>\n<p><strong>Data e hor\u00e1rio:<\/strong> todos os s\u00e1bados de setembro e outubro, \u00e0s 20h30<\/p>\n<p><strong>Local:<\/strong> Teatro Corinthians (Rua S\u00e3o Jorge 777, Tatuap\u00e9, S\u00e3o Paulo)<\/p>\n<p>O post Obra de teatro ressalta origem oper\u00e1ria de homens e mulheres que fundaram Corinthians apareceu primeiro em Opera Mundi.<\/p>\n<!-- Begin Yuzo --><div class='yuzo_related_post style-1'  data-version='5.12.89'><!-- without result --><div class='yuzo_clearfixed yuzo__title yuzo__title'><h3>Related Post<\/h3><\/div>\n\t\t\t\t\t\t  <div class=\"relatedthumb \" style=\"width:125px;float:left;overflow:hidden;\">  \n\t\t\t\t\t\t\t  \n\t\t\t\t\t\t\t  <a  href=\"https:\/\/redept.com.br\/blogosfera\/em-meio-a-emergencia-por-gripe-aviaria-fiscais-agropecuarios-do-rs-reclamam-de-sobrecarga\/\"  >\n\t\t\t\t\t\t\t\t\t  <div class=\"yuzo-img-wrap \" style=\"width: 125px;height:90px;\">\n\t\t\t\t\t\t\t\t\t\t\n\t\t\t\t\t\t\t\t\t\t<div class=\"yuzo-img\" style=\"background:url('https:\/\/redept.org\/blogosfera\/wp-content\/plugins\/yuzo-related-post\/assets\/images\/default.png') 50% 50% no-repeat;width: 125px;height:90px;margin-bottom: 5px;background-size: cover; \"><\/div>\n\t\t\t\t\t\t\t\t\t  <\/div>\n\t\t\t\t\t\t\t\t\t  \n\t\t\t\t\t\t\t\t   <span class=\"yuzo__text--title\" style=\"font-size:13px;\">Em meio a emerg\u00eancia por gripe avi\u00e1ria, fiscais ag...<\/span>\n\t\t\t\t\t\t\t  \n\t\t\t\t\t\t\t  \n\t\t\t\t\t\t\t  <\/a>\n\n\t\t\t\t\t\t  <\/div>\n\t\t\t\t\t\t  <div class=\"relatedthumb \" style=\"width:125px;float:left;overflow:hidden;\">  \n\t\t\t\t\t\t\t  \n\t\t\t\t\t\t\t  <a  href=\"https:\/\/redept.com.br\/blogosfera\/rendimento-medio-do-brasileiro-atinge-recorde-de-r-3-367-em-2025\/\"  >\n\t\t\t\t\t\t\t\t\t  <div class=\"yuzo-img-wrap \" style=\"width: 125px;height:90px;\">\n\t\t\t\t\t\t\t\t\t\t\n\t\t\t\t\t\t\t\t\t\t<div class=\"yuzo-img\" style=\"background:url('https:\/\/redept.org\/blogosfera\/wp-content\/plugins\/yuzo-related-post\/assets\/images\/default.png') 50% 50% no-repeat;width: 125px;height:90px;margin-bottom: 5px;background-size: cover; \"><\/div>\n\t\t\t\t\t\t\t\t\t  <\/div>\n\t\t\t\t\t\t\t\t\t  \n\t\t\t\t\t\t\t\t   <span class=\"yuzo__text--title\" style=\"font-size:13px;\">Rendimento m\u00e9dio do brasileiro atinge recorde de R...<\/span>\n\t\t\t\t\t\t\t  \n\t\t\t\t\t\t\t  \n\t\t\t\t\t\t\t  <\/a>\n\n\t\t\t\t\t\t  <\/div>\n\t\t\t\t\t\t  <div class=\"relatedthumb \" style=\"width:125px;float:left;overflow:hidden;\">  \n\t\t\t\t\t\t\t  \n\t\t\t\t\t\t\t  <a  href=\"https:\/\/redept.com.br\/blogosfera\/aliado-dos-bolsonaros-ex-assessor-de-milei-e-preso-acusado-pela-ex-companheira\/\"  >\n\t\t\t\t\t\t\t\t\t  <div class=\"yuzo-img-wrap \" style=\"width: 125px;height:90px;\">\n\t\t\t\t\t\t\t\t\t\t\n\t\t\t\t\t\t\t\t\t\t<div class=\"yuzo-img\" style=\"background:url('https:\/\/redept.com.br\/blogosfera\/wp-content\/uploads\/2026\/08\/Captura-de-tela-2026-08-19-124805-150x150.png') 50% 50% no-repeat;width: 125px;height:90px;margin-bottom: 5px;background-size: cover; \"><\/div>\n\t\t\t\t\t\t\t\t\t  <\/div>\n\t\t\t\t\t\t\t\t\t  \n\t\t\t\t\t\t\t\t   <span class=\"yuzo__text--title\" style=\"font-size:13px;\">Aliado dos Bolsonaros, ex-assessor de Milei \u00e9 pres...<\/span>\n\t\t\t\t\t\t\t  \n\t\t\t\t\t\t\t  \n\t\t\t\t\t\t\t  <\/a>\n\n\t\t\t\t\t\t  <\/div>\n\t\t\t\t\t\t  <div class=\"relatedthumb \" style=\"width:125px;float:left;overflow:hidden;\">  \n\t\t\t\t\t\t\t  \n\t\t\t\t\t\t\t  <a  href=\"https:\/\/redept.com.br\/blogosfera\/ue-acelera-debate-sobre-acordo-com-mercosul-apos-tarifaco-de-trump\/\"  >\n\t\t\t\t\t\t\t\t\t  <div class=\"yuzo-img-wrap \" style=\"width: 125px;height:90px;\">\n\t\t\t\t\t\t\t\t\t\t\n\t\t\t\t\t\t\t\t\t\t<div class=\"yuzo-img\" style=\"background:url('https:\/\/redept.com.br\/blogosfera\/wp-content\/uploads\/2025\/04\/ac75418a-f240-41c1-b8a2-00e13bedf1fa-150x150.jpeg') 50% 50% no-repeat;width: 125px;height:90px;margin-bottom: 5px;background-size: cover; \"><\/div>\n\t\t\t\t\t\t\t\t\t  <\/div>\n\t\t\t\t\t\t\t\t\t  \n\t\t\t\t\t\t\t\t   <span class=\"yuzo__text--title\" style=\"font-size:13px;\">UE acelera debate sobre acordo com Mercosul ap\u00f3s t...<\/span>\n\t\t\t\t\t\t\t  \n\t\t\t\t\t\t\t  \n\t\t\t\t\t\t\t  <\/a>\n\n\t\t\t\t\t\t  <\/div>\n<\/div> <script>\n\t\t\t\t\t\t  jQuery(document).ready(function( $ ){\n\t\t\t\t\t\t\t\/\/jQuery('.yuzo_related_post').equalizer({ overflow : 'relatedthumb' });\n\t\t\t\t\t\t\tjQuery('.yuzo_related_post .yuzo_wraps').equalizer({ columns : '> div' });\n\t\t\t\t\t\t   })\n\t\t\t\t\t\t  <\/script> <!-- End Yuzo :) -->","protected":false},"excerpt":{"rendered":"<p>Em cartaz durante todos os s\u00e1bados de setembro e outubro a pe\u00e7a Os Fundadores \u2013 A Origem do Time do Povo, que conta a hist\u00f3ria de como cinco humildes oper\u00e1rios do Bom Retiro desafiaram o elitizado mundo do futebol em 1910, fundaram o Sport Club Corinthians Paulista e iniciaram a hist\u00f3ria do clube que \u00e9 [\u2026]<\/p>\n<p>O post <a href=\"https:\/\/operamundi.uol.com.br\/cultura\/obra-de-teatro-ressalta-origem-operaria-de-homens-e-mulheres-que-fundaram-corinthians\/\">Obra de teatro ressalta origem oper\u00e1ria de homens e mulheres que fundaram Corinthians<\/a> apareceu primeiro em <a href=\"https:\/\/operamundi.uol.com.br\/\">Opera Mundi<\/a>.<\/p>\n","protected":false},"author":2,"featured_media":102848,"comment_status":"closed","ping_status":"closed","sticky":false,"template":"","format":"standard","meta":{"fifu_image_url":"","fifu_image_alt":"","footnotes":""},"categories":[81586,81587,2992,309,227,741,82,153,81588,81589,69516,1286],"tags":[],"class_list":["post-102847","post","type-post","status-publish","format-standard","has-post-thumbnail","hentry","category-as-brabas","category-cia-interiorando","category-corinthians","category-cultura","category-futebol","category-inglaterra","category-mulheres","category-opiniao","category-os-fundadores","category-parque-sao-jorge","category-rafael-castilho","category-teatro"],"_links":{"self":[{"href":"https:\/\/redept.com.br\/blogosfera\/wp-json\/wp\/v2\/posts\/102847","targetHints":{"allow":["GET"]}}],"collection":[{"href":"https:\/\/redept.com.br\/blogosfera\/wp-json\/wp\/v2\/posts"}],"about":[{"href":"https:\/\/redept.com.br\/blogosfera\/wp-json\/wp\/v2\/types\/post"}],"author":[{"embeddable":true,"href":"https:\/\/redept.com.br\/blogosfera\/wp-json\/wp\/v2\/users\/2"}],"replies":[{"embeddable":true,"href":"https:\/\/redept.com.br\/blogosfera\/wp-json\/wp\/v2\/comments?post=102847"}],"version-history":[{"count":0,"href":"https:\/\/redept.com.br\/blogosfera\/wp-json\/wp\/v2\/posts\/102847\/revisions"}],"wp:featuredmedia":[{"embeddable":true,"href":"https:\/\/redept.com.br\/blogosfera\/wp-json\/wp\/v2\/media\/102848"}],"wp:attachment":[{"href":"https:\/\/redept.com.br\/blogosfera\/wp-json\/wp\/v2\/media?parent=102847"}],"wp:term":[{"taxonomy":"category","embeddable":true,"href":"https:\/\/redept.com.br\/blogosfera\/wp-json\/wp\/v2\/categories?post=102847"},{"taxonomy":"post_tag","embeddable":true,"href":"https:\/\/redept.com.br\/blogosfera\/wp-json\/wp\/v2\/tags?post=102847"}],"curies":[{"name":"wp","href":"https:\/\/api.w.org\/{rel}","templated":true}]}}