{"id":102881,"date":"2026-09-03T10:48:37","date_gmt":"2026-09-03T13:48:37","guid":{"rendered":"https:\/\/redept.com.br\/blogosfera\/nikolas-ferreira-chama-vorcaro-de-lindao-em-audio-segundo-icl\/"},"modified":"2026-09-03T10:48:37","modified_gmt":"2026-09-03T13:48:37","slug":"nikolas-ferreira-chama-vorcaro-de-lindao-em-audio-segundo-icl","status":"publish","type":"post","link":"https:\/\/redept.com.br\/blogosfera\/nikolas-ferreira-chama-vorcaro-de-lindao-em-audio-segundo-icl\/","title":{"rendered":"Nikolas Ferreira chama Vorcaro de \u201clind\u00e3o\u201d em \u00e1udio, segundo ICL"},"content":{"rendered":"<p>Um \u00e1udio atribu\u00eddo ao deputado federal Nikolas Ferreira (PL-MG) revela uma conversa do parlamentar com o banqueiro Daniel Vorcaro, dono do Banco Master, na qual o deputado pede ajuda para seu advogado e ex-assessor Thiago Rodrigues de Faria em rela\u00e7\u00e3o \u00e0 libera\u00e7\u00e3o de um ativo miner\u00e1rio. A informa\u00e7\u00e3o foi revelada pelo <strong>ICL Not\u00edcias<\/strong>, que teve acesso exclusivo ao conte\u00fado.<a href=\"https:\/\/tvtnews.com.br\/\" target=\"_blank\" data-type=\"link\" data-id=\"https:\/\/tvtnews.com.br\/\" rel=\"noreferrer noopener\"> Leia em TVT News.<\/a><\/p>\n<p>A mensagem foi enviada por Nikolas a Vorcaro em 30 de mar\u00e7o de 2025. No \u00e1udio, o deputado chama o banqueiro de \u201cDani\u201d e \u201clind\u00e3o\u201d e afirma que gostaria de ter mais proximidade com ele. <\/p>\n<p><strong><a href=\"https:\/\/tvtnews.com.br\/pgr-fecha-delacao-empresario-ligado-dark-horse\/\" target=\"_blank\" data-type=\"link\" data-id=\"https:\/\/tvtnews.com.br\/pgr-fecha-delacao-empresario-ligado-dark-horse\/\" rel=\"noreferrer noopener\">&gt;&gt; PGR fecha acordo de dela\u00e7\u00e3o com empres\u00e1rio que fez pagamentos ligados a \u201cDark Horse\u201d<\/a><\/strong><\/p>\n<p>Nikolas diz que Faria havia mencionado o nome de Vorcaro e relata que o ex-assessor tinha um ativo de minera\u00e7\u00e3o que, segundo ele, j\u00e1 havia passado por avalia\u00e7\u00e3o t\u00e9cnica e aguardava provid\u00eancias.<\/p>\n<p>\u201cEu posso dar um toque nele\u201d, afirma Nikolas no \u00e1udio, antes de oferecer o contato do ex-assessor para que a negocia\u00e7\u00e3o pudesse avan\u00e7ar.<\/p>\n<p><strong><a href=\"https:\/\/tvtnews.com.br\/moraes-e-mendonca-lado-a-lado-no-stf\/\" data-type=\"link\" data-id=\"https:\/\/tvtnews.com.br\/moraes-e-mendonca-lado-a-lado-no-stf\/\">&gt;&gt; Clim\u00e3o no STF: primeira sess\u00e3o depois da divulga\u00e7\u00e3o das conversas com Vorcaro<\/a><\/strong><\/p>\n<p>Ap\u00f3s receber a mensagem, Vorcaro respondeu com um \u00e1udio de visualiza\u00e7\u00e3o \u00fanica. Na sequ\u00eancia, Nikolas agradeceu e enviou o telefone de Thiago Faria. <\/p>\n<p>O banqueiro respondeu: \u201cAm\u00e9m irm\u00e3o. Estamos na guerra juntos\u201d. No dia seguinte, Nikolas informou que Faria estaria em Bras\u00edlia e poderia se encontrar com Vorcaro. O banqueiro respondeu posteriormente: \u201cDeixa comigo\u201d.<\/p>\n<p>Segundo o ICL Not\u00edcias, n\u00e3o \u00e9 poss\u00edvel afirmar, a partir das mensagens, se Vorcaro efetivamente tomou alguma provid\u00eancia em rela\u00e7\u00e3o ao pedido feito pelo deputado.<\/p>\n<figure><img fetchpriority=\"high\" fetchpriority=\"high\" decoding=\"async\" width=\"819\" height=\"1024\"src=\"https:\/\/redept.com.br\/blogosfera\/wp-content\/uploads\/2026\/09\/WhatsApp-Image-2026-09-02-at-205022-1.webp\" alt=\"\" title=\"Nikolas Ferreira chama Vorcaro de \u201clind\u00e3o\u201d em \u00e1udio, segundo ICL 2\" srcset=\"https:\/\/tvtnews.com.br\/wp-content\/uploads\/2026\/09\/WhatsApp-Image-2026-09-02-at-20.50.22-1-819x1024.webp 819w, https:\/\/tvtnews.com.br\/wp-content\/uploads\/2026\/09\/WhatsApp-Image-2026-09-02-at-20.50.22-1-240x300.webp 240w, https:\/\/tvtnews.com.br\/wp-content\/uploads\/2026\/09\/WhatsApp-Image-2026-09-02-at-20.50.22-1-768x960.webp 768w, https:\/\/redept.com.br\/blogosfera\/wp-content\/uploads\/2026\/09\/WhatsApp-Image-2026-09-02-at-205022-1.webp 1080w\" sizes=\"(max-width: 819px) 100vw, 819px\"><figcaption>Reprodu\u00e7\u00e3o ICL<\/figcaption><\/figure>\n<figure><img decoding=\"async\" width=\"819\" height=\"1024\"src=\"https:\/\/redept.com.br\/blogosfera\/wp-content\/uploads\/2026\/09\/WhatsApp-Image-2026-09-02-at-205022.webp\" alt=\"\" title=\"Nikolas Ferreira chama Vorcaro de \u201clind\u00e3o\u201d em \u00e1udio, segundo ICL 3\" srcset=\"https:\/\/tvtnews.com.br\/wp-content\/uploads\/2026\/09\/WhatsApp-Image-2026-09-02-at-20.50.22-819x1024.webp 819w, https:\/\/tvtnews.com.br\/wp-content\/uploads\/2026\/09\/WhatsApp-Image-2026-09-02-at-20.50.22-240x300.webp 240w, https:\/\/tvtnews.com.br\/wp-content\/uploads\/2026\/09\/WhatsApp-Image-2026-09-02-at-20.50.22-768x960.webp 768w, https:\/\/redept.com.br\/blogosfera\/wp-content\/uploads\/2026\/09\/WhatsApp-Image-2026-09-02-at-205022.webp 1080w\" sizes=\"(max-width: 819px) 100vw, 819px\"><figcaption>Reprodu\u00e7\u00e3o ICL<\/figcaption><\/figure>\n<h2>Pedido envolvia ex-assessor de Nikolas<\/h2>\n<p>Thiago Rodrigues de Faria, citado na conversa, \u00e9 advogado e trabalhou como assessor de Nikolas Ferreira. Seu nome apareceu posteriormente em investiga\u00e7\u00f5es relacionadas \u00e0 <strong>Opera\u00e7\u00e3o Rejeito<\/strong>, deflagrada pela Pol\u00edcia Federal em setembro de 2025 para apurar um esquema envolvendo extra\u00e7\u00e3o ilegal de min\u00e9rio de ferro na Serra do Curral, em Nova Lima, na Regi\u00e3o Metropolitana de Belo Horizonte.<\/p>\n<p>De acordo com informa\u00e7\u00f5es citadas pelo<a href=\"https:\/\/iclnoticias.com.br\/nikolas-vorcaro-lindao-minerio-master\/\" target=\"_blank\" data-type=\"link\" data-id=\"https:\/\/iclnoticias.com.br\/nikolas-vorcaro-lindao-minerio-master\/\" rel=\"noreferrer noopener nofollow\"> ICL Not\u00edcias<\/a>, Faria mantinha contrato com a empresa Gmais Ambiental por meio de seu escrit\u00f3rio de advocacia. O documento previa remunera\u00e7\u00e3o relacionada a uma negocia\u00e7\u00e3o envolvendo uma lavra de min\u00e9rio.<\/p>\n<p>O inqu\u00e9rito da Pol\u00edcia Federal aponta que o neg\u00f3cio poderia movimentar entre US$ 30 milh\u00f5es e US$ 45 milh\u00f5es. Conforme o documento, havia previs\u00e3o de pagamento de comiss\u00e3o aos envolvidos caso fossem obtidas autoriza\u00e7\u00f5es para retomada da atividade de minera\u00e7\u00e3o e a lavra fosse vendida.<\/p>\n<p>O contrato tamb\u00e9m envolvia a minera\u00e7\u00e3o Top\u00e1zio Imperial, empresa que detinha direitos miner\u00e1rios relacionados a uma \u00e1rea onde est\u00e1 localizada a barragem \u00c1gua Fria, em Ouro Preto. Segundo a investiga\u00e7\u00e3o, o grupo pretendia viabilizar a negocia\u00e7\u00e3o da lavra para explora\u00e7\u00e3o mineral.<\/p>\n<h2>Nikolas tamb\u00e9m pediu desculpas a Vorcaro<\/h2>\n<p>Na mesma mensagem em que tratou do ativo miner\u00e1rio, Nikolas retomou uma controv\u00e9rsia envolvendo Vorcaro. O deputado pediu desculpas por publica\u00e7\u00f5es feitas anteriormente sobre um evento financiado pelo Banco Master em Londres.<\/p>\n<p>O encontro havia reunido autoridades, entre elas ministros do Supremo Tribunal Federal (STF), do Superior Tribunal de Justi\u00e7a (STJ) e do Tribunal Superior Eleitoral (TSE). Nikolas afirmou que conversou posteriormente com o pastor Andr\u00e9 Valad\u00e3o e disse que n\u00e3o sabia que o banco de Vorcaro estava envolvido na realiza\u00e7\u00e3o do evento.<\/p>\n<p>No \u00e1udio, o deputado afirma que, se soubesse, teria conversado com o banqueiro antes de fazer a publica\u00e7\u00e3o. Ao finalizar a mensagem, volta a demonstrar interesse em uma aproxima\u00e7\u00e3o pessoal com Vorcaro e o chama novamente de \u201clind\u00e3o\u201d.<\/p>\n<p>Procurados pelo ICL Not\u00edcias, Nikolas Ferreira e Thiago Faria foram questionados sobre a conversa. Faria confirmou que trabalhava com um ativo miner\u00e1rio e afirmou que conhece Vorcaro por serem ambos de Belo Horizonte. Tamb\u00e9m disse que havia enviado informa\u00e7\u00f5es sobre o ativo a diferentes pessoas.<\/p>\n<p>Faria negou ter rela\u00e7\u00e3o com irregularidades investigadas pela Pol\u00edcia Federal e afirmou que n\u00e3o foi chamado para prestar depoimento no \u00e2mbito da investiga\u00e7\u00e3o.<\/p>\n<p>A troca de mensagens ocorreu meses antes da Opera\u00e7\u00e3o Rejeito. A investiga\u00e7\u00e3o da PF posteriormente levou \u00e0 pris\u00e3o preventiva de 22 pessoas e passou a apurar suspeitas relacionadas \u00e0 explora\u00e7\u00e3o ilegal de min\u00e9rio de ferro.<\/p>\n<p>O conte\u00fado divulgado pelo ICL Not\u00edcias n\u00e3o permite concluir que o pedido feito por Nikolas tenha resultado em alguma interven\u00e7\u00e3o de Vorcaro ou que o deputado tenha participado das irregularidades investigadas. <\/p>\n<p>O \u00e1udio, contudo, registra a atua\u00e7\u00e3o do parlamentar como intermedi\u00e1rio entre seu ex-assessor e o banqueiro em uma quest\u00e3o relacionada \u00e0 atividade miner\u00e1ria.<\/p>\n<\/p>\n<p>The post <a rel=\"nofollow\" href=\"https:\/\/tvtnews.com.br\/nikolas-ferreira-chama-vorcaro-de-lindao-em-audio\/\">Nikolas Ferreira chama Vorcaro de \u201clind\u00e3o\u201d em \u00e1udio, segundo ICL<\/a> appeared first on <a rel=\"nofollow\" href=\"https:\/\/tvtnews.com.br\/\">TVT News<\/a>.<\/p>\n<!-- Begin Yuzo --><div class='yuzo_related_post style-1'  data-version='5.12.89'><!-- without result --><div class='yuzo_clearfixed yuzo__title yuzo__title'><h3>Related Post<\/h3><\/div>\n\t\t\t\t\t\t  <div class=\"relatedthumb \" style=\"width:125px;float:left;overflow:hidden;\">  \n\t\t\t\t\t\t\t  \n\t\t\t\t\t\t\t  <a  href=\"https:\/\/redept.com.br\/blogosfera\/leonardo-sakamoto-presidente-da-reporter-brasil-recebe-ordem-do-merito-da-justica-do-trabalho\/\"  >\n\t\t\t\t\t\t\t\t\t  <div class=\"yuzo-img-wrap \" style=\"width: 125px;height:90px;\">\n\t\t\t\t\t\t\t\t\t\t\n\t\t\t\t\t\t\t\t\t\t<div class=\"yuzo-img\" style=\"background:url('https:\/\/redept.org\/blogosfera\/wp-content\/plugins\/yuzo-related-post\/assets\/images\/default.png') 50% 50% no-repeat;width: 125px;height:90px;margin-bottom: 5px;background-size: cover; \"><\/div>\n\t\t\t\t\t\t\t\t\t  <\/div>\n\t\t\t\t\t\t\t\t\t  \n\t\t\t\t\t\t\t\t   <span class=\"yuzo__text--title\" style=\"font-size:13px;\">Leonardo Sakamoto, presidente da Rep\u00f3rter Brasil, ...<\/span>\n\t\t\t\t\t\t\t  \n\t\t\t\t\t\t\t  \n\t\t\t\t\t\t\t  <\/a>\n\n\t\t\t\t\t\t  <\/div>\n\t\t\t\t\t\t  <div class=\"relatedthumb \" style=\"width:125px;float:left;overflow:hidden;\">  \n\t\t\t\t\t\t\t  \n\t\t\t\t\t\t\t  <a  href=\"https:\/\/redept.com.br\/blogosfera\/conab-estima-safra-recorde-de-3257-milhoes-de-toneladas\/\"  >\n\t\t\t\t\t\t\t\t\t  <div class=\"yuzo-img-wrap \" style=\"width: 125px;height:90px;\">\n\t\t\t\t\t\t\t\t\t\t\n\t\t\t\t\t\t\t\t\t\t<div class=\"yuzo-img\" style=\"background:url('https:\/\/redept.org\/blogosfera\/wp-content\/plugins\/yuzo-related-post\/assets\/images\/default.png') 50% 50% no-repeat;width: 125px;height:90px;margin-bottom: 5px;background-size: cover; \"><\/div>\n\t\t\t\t\t\t\t\t\t  <\/div>\n\t\t\t\t\t\t\t\t\t  \n\t\t\t\t\t\t\t\t   <span class=\"yuzo__text--title\" style=\"font-size:13px;\">Conab estima safra recorde de 325,7 milh\u00f5es de ton...<\/span>\n\t\t\t\t\t\t\t  \n\t\t\t\t\t\t\t  \n\t\t\t\t\t\t\t  <\/a>\n\n\t\t\t\t\t\t  <\/div>\n\t\t\t\t\t\t  <div class=\"relatedthumb \" style=\"width:125px;float:left;overflow:hidden;\">  \n\t\t\t\t\t\t\t  \n\t\t\t\t\t\t\t  <a  href=\"https:\/\/redept.com.br\/blogosfera\/luciana-genro-recebe-ameaca-de-violencia-sexual-e-morte\/\"  >\n\t\t\t\t\t\t\t\t\t  <div class=\"yuzo-img-wrap \" style=\"width: 125px;height:90px;\">\n\t\t\t\t\t\t\t\t\t\t\n\t\t\t\t\t\t\t\t\t\t<div class=\"yuzo-img\" style=\"background:url('https:\/\/redept.org\/blogosfera\/wp-content\/plugins\/yuzo-related-post\/assets\/images\/default.png') 50% 50% no-repeat;width: 125px;height:90px;margin-bottom: 5px;background-size: cover; \"><\/div>\n\t\t\t\t\t\t\t\t\t  <\/div>\n\t\t\t\t\t\t\t\t\t  \n\t\t\t\t\t\t\t\t   <span class=\"yuzo__text--title\" style=\"font-size:13px;\">Luciana Genro recebe amea\u00e7a de viol\u00eancia sexual e ...<\/span>\n\t\t\t\t\t\t\t  \n\t\t\t\t\t\t\t  \n\t\t\t\t\t\t\t  <\/a>\n\n\t\t\t\t\t\t  <\/div>\n\t\t\t\t\t\t  <div class=\"relatedthumb \" style=\"width:125px;float:left;overflow:hidden;\">  \n\t\t\t\t\t\t\t  \n\t\t\t\t\t\t\t  <a  href=\"https:\/\/redept.com.br\/blogosfera\/lula-ao-washington-post-o-destino-do-brasil-compete-apenas-aos-brasileiros\/\"  >\n\t\t\t\t\t\t\t\t\t  <div class=\"yuzo-img-wrap \" style=\"width: 125px;height:90px;\">\n\t\t\t\t\t\t\t\t\t\t\n\t\t\t\t\t\t\t\t\t\t<div class=\"yuzo-img\" style=\"background:url('https:\/\/redept.org\/blogosfera\/wp-content\/plugins\/yuzo-related-post\/assets\/images\/default.png') 50% 50% no-repeat;width: 125px;height:90px;margin-bottom: 5px;background-size: cover; \"><\/div>\n\t\t\t\t\t\t\t\t\t  <\/div>\n\t\t\t\t\t\t\t\t\t  \n\t\t\t\t\t\t\t\t   <span class=\"yuzo__text--title\" style=\"font-size:13px;\">Lula ao Washington Post: \u201co destino do Brasil comp...<\/span>\n\t\t\t\t\t\t\t  \n\t\t\t\t\t\t\t  \n\t\t\t\t\t\t\t  <\/a>\n\n\t\t\t\t\t\t  <\/div>\n<\/div> <script>\n\t\t\t\t\t\t  jQuery(document).ready(function( $ ){\n\t\t\t\t\t\t\t\/\/jQuery('.yuzo_related_post').equalizer({ overflow : 'relatedthumb' });\n\t\t\t\t\t\t\tjQuery('.yuzo_related_post .yuzo_wraps').equalizer({ columns : '> div' });\n\t\t\t\t\t\t   })\n\t\t\t\t\t\t  <\/script> <!-- End Yuzo :) -->","protected":false},"excerpt":{"rendered":"<p>Um \u00e1udio atribu\u00eddo ao deputado federal Nikolas Ferreira (PL-MG) revela uma conversa do parlamentar com o banqueiro Daniel Vorcaro, dono do Banco Master, na qual o deputado pede ajuda para seu advogado e ex-assessor Thiago Rodrigues de Faria em rela\u00e7\u00e3o \u00e0 libera\u00e7\u00e3o de um ativo miner\u00e1rio. A informa\u00e7\u00e3o foi revelada pelo ICL Not\u00edcias, que teve [&hellip;]<\/p>\n","protected":false},"author":2,"featured_media":0,"comment_status":"open","ping_status":"closed","sticky":false,"template":"","format":"standard","meta":{"fifu_image_url":"","fifu_image_alt":"","footnotes":""},"categories":[17810,473,132],"tags":[],"class_list":["post-102881","post","type-post","status-publish","format-standard","hentry","category-banco-master","category-destaque-medio","category-politica"],"_links":{"self":[{"href":"https:\/\/redept.com.br\/blogosfera\/wp-json\/wp\/v2\/posts\/102881","targetHints":{"allow":["GET"]}}],"collection":[{"href":"https:\/\/redept.com.br\/blogosfera\/wp-json\/wp\/v2\/posts"}],"about":[{"href":"https:\/\/redept.com.br\/blogosfera\/wp-json\/wp\/v2\/types\/post"}],"author":[{"embeddable":true,"href":"https:\/\/redept.com.br\/blogosfera\/wp-json\/wp\/v2\/users\/2"}],"replies":[{"embeddable":true,"href":"https:\/\/redept.com.br\/blogosfera\/wp-json\/wp\/v2\/comments?post=102881"}],"version-history":[{"count":0,"href":"https:\/\/redept.com.br\/blogosfera\/wp-json\/wp\/v2\/posts\/102881\/revisions"}],"wp:attachment":[{"href":"https:\/\/redept.com.br\/blogosfera\/wp-json\/wp\/v2\/media?parent=102881"}],"wp:term":[{"taxonomy":"category","embeddable":true,"href":"https:\/\/redept.com.br\/blogosfera\/wp-json\/wp\/v2\/categories?post=102881"},{"taxonomy":"post_tag","embeddable":true,"href":"https:\/\/redept.com.br\/blogosfera\/wp-json\/wp\/v2\/tags?post=102881"}],"curies":[{"name":"wp","href":"https:\/\/api.w.org\/{rel}","templated":true}]}}