{"id":102890,"date":"2026-09-03T12:01:24","date_gmt":"2026-09-03T15:01:24","guid":{"rendered":"https:\/\/redept.com.br\/blogosfera\/a-caminho-da-independencia\/"},"modified":"2026-09-03T12:01:24","modified_gmt":"2026-09-03T15:01:24","slug":"a-caminho-da-independencia","status":"publish","type":"post","link":"https:\/\/redept.com.br\/blogosfera\/a-caminho-da-independencia\/","title":{"rendered":"A caminho da independ\u00eancia"},"content":{"rendered":"<p>Dom Pedro viajou a S\u00e3o Paulo para resolver conflitos locais. Ap\u00f3s ler correspond\u00eancias recebidas, em 7 de setembro de 1822, nas margens do Riacho Ipiranga, bradou diante da sua comitiva de viagem: \u201cIndepend\u00eancia ou morte\u201d. Este \u00e9 o registro oficial da proclama\u00e7\u00e3o da Independ\u00eancia do Brasil. Antes do grito de Independ\u00eancia ou morte, uma mulher [\u2026]<\/p>\n<p><a href=\"https:\/\/www.brasildefato.com.br\/colunista\/vicente-rauber\/2026\/09\/03\/a-caminho-da-independencia\/\" rel=\"nofollow\">Fonte<\/a><\/p>\n<!-- Begin Yuzo --><div class='yuzo_related_post style-1'  data-version='5.12.89'><!-- without result --><div class='yuzo_clearfixed yuzo__title yuzo__title'><h3>Related Post<\/h3><\/div>\n\t\t\t\t\t\t  <div class=\"relatedthumb \" style=\"width:125px;float:left;overflow:hidden;\">  \n\t\t\t\t\t\t\t  \n\t\t\t\t\t\t\t  <a  href=\"https:\/\/redept.com.br\/blogosfera\/pacote-anti-imigracao-e-aprovado-em-portugal-medidas-atingem-brasileiros\/\"  >\n\t\t\t\t\t\t\t\t\t  <div class=\"yuzo-img-wrap \" style=\"width: 125px;height:90px;\">\n\t\t\t\t\t\t\t\t\t\t\n\t\t\t\t\t\t\t\t\t\t<div class=\"yuzo-img\" style=\"background:url('https:\/\/redept.org\/blogosfera\/wp-content\/plugins\/yuzo-related-post\/assets\/images\/default.png') 50% 50% no-repeat;width: 125px;height:90px;margin-bottom: 5px;background-size: cover; \"><\/div>\n\t\t\t\t\t\t\t\t\t  <\/div>\n\t\t\t\t\t\t\t\t\t  \n\t\t\t\t\t\t\t\t   <span class=\"yuzo__text--title\" style=\"font-size:13px;\">Pacote anti-imigra\u00e7\u00e3o \u00e9 aprovado em Portugal; medi...<\/span>\n\t\t\t\t\t\t\t  \n\t\t\t\t\t\t\t  \n\t\t\t\t\t\t\t  <\/a>\n\n\t\t\t\t\t\t  <\/div>\n\t\t\t\t\t\t  <div class=\"relatedthumb \" style=\"width:125px;float:left;overflow:hidden;\">  \n\t\t\t\t\t\t\t  \n\t\t\t\t\t\t\t  <a  href=\"https:\/\/redept.com.br\/blogosfera\/rogerio-defende-o-fortalecimento-de-politicas-publicas-para-protecao-das-mulheres-e-destaca-avancos-sociais\/\"  >\n\t\t\t\t\t\t\t\t\t  <div class=\"yuzo-img-wrap \" style=\"width: 125px;height:90px;\">\n\t\t\t\t\t\t\t\t\t\t\n\t\t\t\t\t\t\t\t\t\t<div class=\"yuzo-img\" style=\"background:url('https:\/\/redept.org\/blogosfera\/wp-content\/plugins\/yuzo-related-post\/assets\/images\/default.png') 50% 50% no-repeat;width: 125px;height:90px;margin-bottom: 5px;background-size: cover; \"><\/div>\n\t\t\t\t\t\t\t\t\t  <\/div>\n\t\t\t\t\t\t\t\t\t  \n\t\t\t\t\t\t\t\t   <span class=\"yuzo__text--title\" style=\"font-size:13px;\">Rog\u00e9rio defende o fortalecimento de pol\u00edticas p\u00fabl...<\/span>\n\t\t\t\t\t\t\t  \n\t\t\t\t\t\t\t  \n\t\t\t\t\t\t\t  <\/a>\n\n\t\t\t\t\t\t  <\/div>\n\t\t\t\t\t\t  <div class=\"relatedthumb \" style=\"width:125px;float:left;overflow:hidden;\">  \n\t\t\t\t\t\t\t  \n\t\t\t\t\t\t\t  <a  href=\"https:\/\/sul21.com.br\/noticias\/geral\/2025\/09\/comunidade-quilombola-exige-ser-consultada-sobre-projeto-de-mineracao-em-sao-jose-do-norte\/\"  >\n\t\t\t\t\t\t\t\t\t  <div class=\"yuzo-img-wrap \" style=\"width: 125px;height:90px;\">\n\t\t\t\t\t\t\t\t\t\t\n\t\t\t\t\t\t\t\t\t\t<div class=\"yuzo-img\" style=\"background:url('https:\/\/sul21.com.br\/wp-content\/uploads\/2025\/09\/Quilombo-Vila-Nova-UFRGS-2-scaled.jpg') 50% 50% no-repeat;width: 125px;height:90px;margin-bottom: 5px;background-size: cover; \"><\/div>\n\t\t\t\t\t\t\t\t\t  <\/div>\n\t\t\t\t\t\t\t\t\t  \n\t\t\t\t\t\t\t\t   <span class=\"yuzo__text--title\" style=\"font-size:13px;\">Comunidade quilombola exige ser consultada sobre p...<\/span>\n\t\t\t\t\t\t\t  \n\t\t\t\t\t\t\t  \n\t\t\t\t\t\t\t  <\/a>\n\n\t\t\t\t\t\t  <\/div>\n\t\t\t\t\t\t  <div class=\"relatedthumb \" style=\"width:125px;float:left;overflow:hidden;\">  \n\t\t\t\t\t\t\t  \n\t\t\t\t\t\t\t  <a  href=\"https:\/\/redept.com.br\/blogosfera\/trump-apagou-foto-fingindo-ser-jesus-pensei-que-era-eu-como-medico\/\"  >\n\t\t\t\t\t\t\t\t\t  <div class=\"yuzo-img-wrap \" style=\"width: 125px;height:90px;\">\n\t\t\t\t\t\t\t\t\t\t\n\t\t\t\t\t\t\t\t\t\t<div class=\"yuzo-img\" style=\"background:url('https:\/\/redept.com.br\/blogosfera\/wp-content\/uploads\/2026\/04\/Trump_Jesus3-150x150.jpg') 50% 50% no-repeat;width: 125px;height:90px;margin-bottom: 5px;background-size: cover; \"><\/div>\n\t\t\t\t\t\t\t\t\t  <\/div>\n\t\t\t\t\t\t\t\t\t  \n\t\t\t\t\t\t\t\t   <span class=\"yuzo__text--title\" style=\"font-size:13px;\">Trump apagou foto fingindo ser Jesus: \u201cPensei que ...<\/span>\n\t\t\t\t\t\t\t  \n\t\t\t\t\t\t\t  \n\t\t\t\t\t\t\t  <\/a>\n\n\t\t\t\t\t\t  <\/div>\n<\/div> <script>\n\t\t\t\t\t\t  jQuery(document).ready(function( $ ){\n\t\t\t\t\t\t\t\/\/jQuery('.yuzo_related_post').equalizer({ overflow : 'relatedthumb' });\n\t\t\t\t\t\t\tjQuery('.yuzo_related_post .yuzo_wraps').equalizer({ columns : '> div' });\n\t\t\t\t\t\t   })\n\t\t\t\t\t\t  <\/script> <!-- End Yuzo :) -->","protected":false},"excerpt":{"rendered":"<p>Dom Pedro viajou a S\u00e3o Paulo para resolver conflitos locais. Ap\u00f3s ler correspond\u00eancias recebidas, em 7 de setembro de 1822, nas margens do Riacho Ipiranga, bradou diante da sua comitiva de viagem: \u201cIndepend\u00eancia ou morte\u201d. Este \u00e9 o registro oficial da proclama\u00e7\u00e3o da Independ\u00eancia do Brasil. Antes do grito de Independ\u00eancia ou morte, uma mulher [&hellip;]<\/p>\n","protected":false},"author":2,"featured_media":0,"comment_status":"open","ping_status":"closed","sticky":false,"template":"","format":"standard","meta":{"fifu_image_url":"","fifu_image_alt":"","footnotes":""},"categories":[15546,42579,11638,1428,81627,536,4466,840,4417,3162,751,17,81628,25330,740,81629,570,5111,2533,1731,214,81630,1112,73,3132,16836,4036,553,541],"tags":[],"class_list":["post-102890","post","type-post","status-publish","format-standard","hentry","category-7-de-setembro","category-agricultura-de-baixo-carbono","category-conselho-de-estado","category-crime-organizado","category-decreto-de-separacao","category-democracia","category-desenvolvimento-economico","category-desigualdade-social","category-distribuicao-de-renda","category-dom-pedro-i","category-gases-de-efeito-estufa","category-governo-lula","category-grito-do-ipiranga","category-imperialismo-estadunidense","category-independencia-do-brasil","category-maria-leopoldina","category-mudancas-climaticas","category-neofascismo","category-pec","category-pix","category-politicas-publicas","category-queimadas-na-amazonia","category-saneamento-basico","category-seguranca-publica","category-soberania-nacional","category-sustentabilidade-ambiental","category-terras-raras","category-transicao-energetica","category-veiculos-eletricos"],"_links":{"self":[{"href":"https:\/\/redept.com.br\/blogosfera\/wp-json\/wp\/v2\/posts\/102890","targetHints":{"allow":["GET"]}}],"collection":[{"href":"https:\/\/redept.com.br\/blogosfera\/wp-json\/wp\/v2\/posts"}],"about":[{"href":"https:\/\/redept.com.br\/blogosfera\/wp-json\/wp\/v2\/types\/post"}],"author":[{"embeddable":true,"href":"https:\/\/redept.com.br\/blogosfera\/wp-json\/wp\/v2\/users\/2"}],"replies":[{"embeddable":true,"href":"https:\/\/redept.com.br\/blogosfera\/wp-json\/wp\/v2\/comments?post=102890"}],"version-history":[{"count":0,"href":"https:\/\/redept.com.br\/blogosfera\/wp-json\/wp\/v2\/posts\/102890\/revisions"}],"wp:attachment":[{"href":"https:\/\/redept.com.br\/blogosfera\/wp-json\/wp\/v2\/media?parent=102890"}],"wp:term":[{"taxonomy":"category","embeddable":true,"href":"https:\/\/redept.com.br\/blogosfera\/wp-json\/wp\/v2\/categories?post=102890"},{"taxonomy":"post_tag","embeddable":true,"href":"https:\/\/redept.com.br\/blogosfera\/wp-json\/wp\/v2\/tags?post=102890"}],"curies":[{"name":"wp","href":"https:\/\/api.w.org\/{rel}","templated":true}]}}