{"id":102938,"date":"2026-09-03T15:54:06","date_gmt":"2026-09-03T18:54:06","guid":{"rendered":"https:\/\/redept.com.br\/blogosfera\/flavio-bolsonaro-usa-7-de-setembro-para-retomar-golpismo\/"},"modified":"2026-09-03T15:54:06","modified_gmt":"2026-09-03T18:54:06","slug":"flavio-bolsonaro-usa-7-de-setembro-para-retomar-golpismo","status":"publish","type":"post","link":"https:\/\/redept.com.br\/blogosfera\/flavio-bolsonaro-usa-7-de-setembro-para-retomar-golpismo\/","title":{"rendered":"Fl\u00e1vio Bolsonaro usa 7 de Setembro para retomar golpismo"},"content":{"rendered":"<p><img fetchpriority=\"high\" width=\"700\" height=\"467\"src=\"https:\/\/redept.com.br\/blogosfera\/wp-content\/uploads\/2026\/09\/paulista.webp\" alt=\"\" decoding=\"async\" srcset=\"https:\/\/redept.com.br\/blogosfera\/wp-content\/uploads\/2026\/09\/paulista.webp 700w, https:\/\/vermelho.org.br\/wp-content\/uploads\/2026\/09\/paulista-300x200.webp 300w, https:\/\/vermelho.org.br\/wp-content\/uploads\/2026\/09\/paulista-272x182.webp 272w\" sizes=\"(max-width: 700px) 100vw, 700px\"><\/p>\n<p>O bolsonarismo escolheu o 7 de Setembro como uma data tradicional de mobiliza\u00e7\u00e3o em que os ataques ao Supremo Tribunal Federal (STF) sempre estiveram presentes.<\/p>\n<p>No pr\u00f3ximo feriado da Independ\u00eancia, que acontece na segunda-feira, a situa\u00e7\u00e3o n\u00e3o ser\u00e1 diferente, e a data vem sendo manipulada pelo senador Fl\u00e1vio Bolsonaro, candidato a presidente. A extrema direita, que utilizou os atos dos \u00faltimos anos para hostilizar os ministros e a Corte, com pedidos de anistia para Jair Bolsonaro e os envolvidos na tentativa de golpe de Estado de 8 de Janeiro de 2023, dever\u00e1 sair \u00e0s ruas novamente com a sua agenda golpista e antidemocr\u00e1tica.<\/p>\n<p>Assim, o ato realizado em meio \u00e0 campanha eleitoral, al\u00e9m de tentar unir a extrema direita e divulgar seus candidatos, retoma uma agenda que j\u00e1 deveria estar superada, mas que o bolsonarismo insiste em reciclar ao atacar o ministro Alexandre de Moraes, que foi o relator das a\u00e7\u00f5es que levaram \u00e0 pris\u00e3o dos golpistas.<\/p>\n<p>O convite para a Avenida Paulista, em S\u00e3o Paulo (SP), onde Fl\u00e1vio estar\u00e1 ao lado de outros candidatos que defendem os criminosos que atacaram as institui\u00e7\u00f5es brasileiras, \u00e9 impulsionado pela atua\u00e7\u00e3o de outro ministro do STF, Andr\u00e9 Mendon\u00e7a, que tem atuado de forma parcial para auxiliar o senador em seu projeto ao Planalto, como <a href=\"https:\/\/vermelho.org.br\/editoriais\/andre-mendonca-incorreu-em-parcialidade-para-favorecer-flavio-bolsonaro\/\">avalia o Vermelho, em seu editorial.<\/a><\/p>\n<p>Na convoca\u00e7\u00e3o feita nas redes sociais para o ato antidemocr\u00e1tico de 7 de setembro, Fl\u00e1vio deixa, mais uma vez, evidente seu ataque ao ministro Alexandre de Moraes ao exigir sua ren\u00fancia e relacion\u00e1-lo ao presidente Lula, seu advers\u00e1rio nas urnas.<\/p>\n<p><strong>Leia mais<\/strong>: <a href=\"https:\/\/vermelho.org.br\/2026\/09\/02\/com-atos-ilegais-e-abusos-andre-mendonca-poe-a-toga-a-servico-do-golpismo\/\">Com atos ilegais e abusos, Andr\u00e9 Mendon\u00e7a p\u00f5e a toga a servi\u00e7o do golpismo<\/a><\/p>\n<p>Ao <em>Metr\u00f3poles<\/em>, a equipe de Fl\u00e1vio confirmou que ser\u00e1 um ato de campanha e as despesas envolvidas ser\u00e3o contabilizadas e declaradas.<\/p>\n<p>Outras figuras de extrema direita dever\u00e3o dividir o palco com Fl\u00e1vio, como o governador de S\u00e3o Paulo e candidato \u00e0 reelei\u00e7\u00e3o, Tarc\u00edsio de Freitas (Republicanos) e os candidatos bolsonaristas ao Senado pelo estado, Guilherme Derrite (PP) e Andr\u00e9 do Prado (PL).<\/p>\n<p>A presen\u00e7a da ex-primeira-dama, Michelle Bolsonaro (PL), candidata ao Senado pelo Distrito Federal, \u00e9 incerta, por\u00e9m ela aparece em v\u00eddeos nas redes sociais convocando para o ato.<\/p>\n<p>O prefeito de S\u00e3o Paulo, Ricardo Nunes (MDB), tamb\u00e9m tem mobilizado a sua base e dividir\u00e1 palco com os que t\u00eam jogado a popula\u00e7\u00e3o contra o Judici\u00e1rio nacional.<\/p>\n<p>O deputado federal <a href=\"https:\/\/vermelho.org.br\/2026\/09\/03\/mensagens-mostram-voos-bancados-e-pedidos-de-nikolas-a-vorcaro\/\">Nikolas Ferreira (PL),<\/a> que busca a reelei\u00e7\u00e3o, era um dos mais entusiasmados nas convocat\u00f3rias e teria presen\u00e7a garantida. Agora, resta saber se ele comparecer\u00e1 ao ato e qual ser\u00e1 seu discurso, pois foram <a href=\"https:\/\/vermelho.org.br\/2026\/09\/03\/mensagens-mostram-voos-bancados-e-pedidos-de-nikolas-a-vorcaro\/\">revelados \u00e1udios<\/a> que o ligam a Daniel Vorcaro, do Banco Master.<\/p>\n<p>O deputado, que tem sido histri\u00f4nico ao atacar Moraes por mensagens relacionadas ao caso Master, agora tem que engolir que <a href=\"https:\/\/vermelho.org.br\/2026\/09\/02\/mendonca-recebeu-vorcaro-em-reuniao-de-duas-horas-em-sao-paulo\/\">Andr\u00e9 Mendon\u00e7a tamb\u00e9m se encontrou com Vorcaro,<\/a> e explicar os \u00e1udios em que ele mesmo <a href=\"https:\/\/vermelho.org.br\/2026\/09\/03\/mensagens-mostram-voos-bancados-e-pedidos-de-nikolas-a-vorcaro\/\">faz pedidos ao banqueiro, a quem chamava de \u201cDani\u201d.<\/a><\/p>\n<\/p>\n<p>O post <a href=\"https:\/\/vermelho.org.br\/2026\/09\/03\/flavio-bolsonaro-usa-7-de-setembro-para-retomar-golpismo\/\">Fl\u00e1vio Bolsonaro usa 7 de Setembro para retomar golpismo<\/a> apareceu primeiro em <a href=\"https:\/\/vermelho.org.br\/\">Vermelho<\/a>.<\/p>\n<!-- Begin Yuzo --><div class='yuzo_related_post style-1'  data-version='5.12.89'><!-- without result --><div class='yuzo_clearfixed yuzo__title yuzo__title'><h3>Related Post<\/h3><\/div>\n\t\t\t\t\t\t  <div class=\"relatedthumb \" style=\"width:125px;float:left;overflow:hidden;\">  \n\t\t\t\t\t\t\t  \n\t\t\t\t\t\t\t  <a  href=\"https:\/\/redept.com.br\/blogosfera\/apos-cena-golpista-da-niteroi-temer-diz-que-sente-saudades-da-tuiuti-onde-foi-o-vampirao-da-reforma-trabalhista-video\/\"  >\n\t\t\t\t\t\t\t\t\t  <div class=\"yuzo-img-wrap \" style=\"width: 125px;height:90px;\">\n\t\t\t\t\t\t\t\t\t\t\n\t\t\t\t\t\t\t\t\t\t<div class=\"yuzo-img\" style=\"background:url('https:\/\/redept.org\/blogosfera\/wp-content\/plugins\/yuzo-related-post\/assets\/images\/default.png') 50% 50% no-repeat;width: 125px;height:90px;margin-bottom: 5px;background-size: cover; \"><\/div>\n\t\t\t\t\t\t\t\t\t  <\/div>\n\t\t\t\t\t\t\t\t\t  \n\t\t\t\t\t\t\t\t   <span class=\"yuzo__text--title\" style=\"font-size:13px;\">Ap\u00f3s cena \u2018golpista\u2019 da Niter\u00f3i, Temer diz que sen...<\/span>\n\t\t\t\t\t\t\t  \n\t\t\t\t\t\t\t  \n\t\t\t\t\t\t\t  <\/a>\n\n\t\t\t\t\t\t  <\/div>\n\t\t\t\t\t\t  <div class=\"relatedthumb \" style=\"width:125px;float:left;overflow:hidden;\">  \n\t\t\t\t\t\t\t  \n\t\t\t\t\t\t\t  <a  href=\"https:\/\/redept.com.br\/blogosfera\/ausencia-de-sostenes-sela-fim-da-anistia-na-camara-dos-deputados\/\"  >\n\t\t\t\t\t\t\t\t\t  <div class=\"yuzo-img-wrap \" style=\"width: 125px;height:90px;\">\n\t\t\t\t\t\t\t\t\t\t\n\t\t\t\t\t\t\t\t\t\t<div class=\"yuzo-img\" style=\"background:url('https:\/\/redept.com.br\/blogosfera\/wp-content\/uploads\/2025\/10\/img20251030132344533-768x473-1-150x150.webp') 50% 50% no-repeat;width: 125px;height:90px;margin-bottom: 5px;background-size: cover; \"><\/div>\n\t\t\t\t\t\t\t\t\t  <\/div>\n\t\t\t\t\t\t\t\t\t  \n\t\t\t\t\t\t\t\t   <span class=\"yuzo__text--title\" style=\"font-size:13px;\">Aus\u00eancia de S\u00f3stenes sela fim da anistia na C\u00e2mara...<\/span>\n\t\t\t\t\t\t\t  \n\t\t\t\t\t\t\t  \n\t\t\t\t\t\t\t  <\/a>\n\n\t\t\t\t\t\t  <\/div>\n\t\t\t\t\t\t  <div class=\"relatedthumb \" style=\"width:125px;float:left;overflow:hidden;\">  \n\t\t\t\t\t\t\t  \n\t\t\t\t\t\t\t  <a  href=\"https:\/\/redept.com.br\/blogosfera\/resultado-da-mega-sena-2885-premio-de-r-26-milhoes\/\"  >\n\t\t\t\t\t\t\t\t\t  <div class=\"yuzo-img-wrap \" style=\"width: 125px;height:90px;\">\n\t\t\t\t\t\t\t\t\t\t\n\t\t\t\t\t\t\t\t\t\t<div class=\"yuzo-img\" style=\"background:url('https:\/\/redept.com.br\/blogosfera\/wp-content\/uploads\/2025\/07\/Mega-sena-3-150x150.webp') 50% 50% no-repeat;width: 125px;height:90px;margin-bottom: 5px;background-size: cover; \"><\/div>\n\t\t\t\t\t\t\t\t\t  <\/div>\n\t\t\t\t\t\t\t\t\t  \n\t\t\t\t\t\t\t\t   <span class=\"yuzo__text--title\" style=\"font-size:13px;\">Resultado da Mega Sena 2885, pr\u00eamio de R$ 26 milh\u00f5...<\/span>\n\t\t\t\t\t\t\t  \n\t\t\t\t\t\t\t  \n\t\t\t\t\t\t\t  <\/a>\n\n\t\t\t\t\t\t  <\/div>\n\t\t\t\t\t\t  <div class=\"relatedthumb \" style=\"width:125px;float:left;overflow:hidden;\">  \n\t\t\t\t\t\t\t  \n\t\t\t\t\t\t\t  <a  href=\"https:\/\/redept.com.br\/blogosfera\/byd-oferece-faixa-salarial-unica-de-r-1-950-e-irrita-operarios-na-bahia\/\"  >\n\t\t\t\t\t\t\t\t\t  <div class=\"yuzo-img-wrap \" style=\"width: 125px;height:90px;\">\n\t\t\t\t\t\t\t\t\t\t\n\t\t\t\t\t\t\t\t\t\t<div class=\"yuzo-img\" style=\"background:url('https:\/\/redept.com.br\/blogosfera\/wp-content\/uploads\/2025\/05\/53022583560_16c430cbdc_k-150x150.jpg') 50% 50% no-repeat;width: 125px;height:90px;margin-bottom: 5px;background-size: cover; \"><\/div>\n\t\t\t\t\t\t\t\t\t  <\/div>\n\t\t\t\t\t\t\t\t\t  \n\t\t\t\t\t\t\t\t   <span class=\"yuzo__text--title\" style=\"font-size:13px;\">BYD oferece faixa salarial \u00fanica de R$ 1.950 e irr...<\/span>\n\t\t\t\t\t\t\t  \n\t\t\t\t\t\t\t  \n\t\t\t\t\t\t\t  <\/a>\n\n\t\t\t\t\t\t  <\/div>\n<\/div> <script>\n\t\t\t\t\t\t  jQuery(document).ready(function( $ ){\n\t\t\t\t\t\t\t\/\/jQuery('.yuzo_related_post').equalizer({ overflow : 'relatedthumb' });\n\t\t\t\t\t\t\tjQuery('.yuzo_related_post .yuzo_wraps').equalizer({ columns : '> div' });\n\t\t\t\t\t\t   })\n\t\t\t\t\t\t  <\/script> <!-- End Yuzo :) -->","protected":false},"excerpt":{"rendered":"<p>O bolsonarismo escolheu o 7 de Setembro como uma data tradicional de mobiliza\u00e7\u00e3o em que os ataques ao Supremo Tribunal Federal (STF) sempre estiveram presentes. No pr\u00f3ximo feriado da Independ\u00eancia, que acontece na segunda-feira, a situa\u00e7\u00e3o n\u00e3o ser\u00e1 diferente, e a data vem sendo manipulada pelo senador Fl\u00e1vio Bolsonaro, candidato a presidente. A extrema direita, [&hellip;]<\/p>\n","protected":false},"author":2,"featured_media":0,"comment_status":"open","ping_status":"closed","sticky":false,"template":"","format":"standard","meta":{"fifu_image_url":"","fifu_image_alt":"","footnotes":""},"categories":[15546,1261,10166,1760,2427,112,5631,132,260],"tags":[],"class_list":["post-102938","post","type-post","status-publish","format-standard","hentry","category-7-de-setembro","category-alexandre-de-moraes","category-andre-mendonca","category-eleicoes-2026","category-flavio-bolsonaro","category-lula","category-nikolas-ferreira","category-politica","category-stf"],"_links":{"self":[{"href":"https:\/\/redept.com.br\/blogosfera\/wp-json\/wp\/v2\/posts\/102938","targetHints":{"allow":["GET"]}}],"collection":[{"href":"https:\/\/redept.com.br\/blogosfera\/wp-json\/wp\/v2\/posts"}],"about":[{"href":"https:\/\/redept.com.br\/blogosfera\/wp-json\/wp\/v2\/types\/post"}],"author":[{"embeddable":true,"href":"https:\/\/redept.com.br\/blogosfera\/wp-json\/wp\/v2\/users\/2"}],"replies":[{"embeddable":true,"href":"https:\/\/redept.com.br\/blogosfera\/wp-json\/wp\/v2\/comments?post=102938"}],"version-history":[{"count":0,"href":"https:\/\/redept.com.br\/blogosfera\/wp-json\/wp\/v2\/posts\/102938\/revisions"}],"wp:attachment":[{"href":"https:\/\/redept.com.br\/blogosfera\/wp-json\/wp\/v2\/media?parent=102938"}],"wp:term":[{"taxonomy":"category","embeddable":true,"href":"https:\/\/redept.com.br\/blogosfera\/wp-json\/wp\/v2\/categories?post=102938"},{"taxonomy":"post_tag","embeddable":true,"href":"https:\/\/redept.com.br\/blogosfera\/wp-json\/wp\/v2\/tags?post=102938"}],"curies":[{"name":"wp","href":"https:\/\/api.w.org\/{rel}","templated":true}]}}