{"id":102955,"date":"2026-09-03T17:49:46","date_gmt":"2026-09-03T20:49:46","guid":{"rendered":"https:\/\/redept.com.br\/blogosfera\/chapa-lula-alckmin-aciona-tse-contra-fake-news-divulgadas-por-flavio-nikolas-e-caiado\/"},"modified":"2026-09-03T17:49:46","modified_gmt":"2026-09-03T20:49:46","slug":"chapa-lula-alckmin-aciona-tse-contra-fake-news-divulgadas-por-flavio-nikolas-e-caiado","status":"publish","type":"post","link":"https:\/\/redept.com.br\/blogosfera\/chapa-lula-alckmin-aciona-tse-contra-fake-news-divulgadas-por-flavio-nikolas-e-caiado\/","title":{"rendered":"Chapa Lula-Alckmin aciona TSE contra fake news divulgadas por Fl\u00e1vio, Nikolas e Caiado"},"content":{"rendered":"<p>A coliga\u00e7\u00e3o <strong>\u201cBrasil Pronto pra Mais\u201d<\/strong>, que re\u00fane a chapa de <a href=\"https:\/\/tvtnews.com.br\/tag\/luiz-inacio-lula-da-silva\/\" target=\"_blank\" data-type=\"post_tag\" data-id=\"4959\" rel=\"noreferrer noopener\">Luiz In\u00e1cio Lula da Silva (PT)<\/a> e <a href=\"https:\/\/tvtnews.com.br\/tag\/geraldo-alckmin\/\" target=\"_blank\" data-type=\"post_tag\" data-id=\"4326\" rel=\"noreferrer noopener\">Geraldo Alckmin (PSB)<\/a>, protocolou cinco a\u00e7\u00f5es no Tribunal Superior Eleitoral (TSE) contra pe\u00e7as de propaganda atribu\u00eddas a advers\u00e1rios da campanha presidencial. <a href=\"https:\/\/tvtnews.com.br\/\" target=\"_blank\" data-type=\"link\" data-id=\"https:\/\/tvtnews.com.br\/\" rel=\"noreferrer noopener\">Leia em TVT News.<\/a><\/p>\n<p>Os pedidos questionam conte\u00fados divulgados no hor\u00e1rio eleitoral gratuito, em emissoras de r\u00e1dio e nas redes sociais que, segundo a coliga\u00e7\u00e3o, distorcem declara\u00e7\u00f5es e associam Lula, o PT e seus apoiadores a situa\u00e7\u00f5es que n\u00e3o correspondem aos fatos apresentados originalmente.<\/p>\n<p>Os processos foram apresentados na quarta-feira (2) e envolvem propagandas de <strong><a href=\"https:\/\/tvtnews.com.br\/tag\/flavio-bolsonaro\/\" target=\"_blank\" data-type=\"post_tag\" data-id=\"4955\" rel=\"noreferrer noopener\">Fl\u00e1vio Bolsonaro (PL)<\/a><\/strong>, do deputado federal <strong><a href=\"https:\/\/tvtnews.com.br\/nikolas-ferreira-vira-reu-e-pode-ficar-inelegivel\/\" target=\"_blank\" data-type=\"post\" data-id=\"757882\" rel=\"noreferrer noopener\">Nikolas Ferreira (PL)<\/a><\/strong> e do governador de Goi\u00e1s e candidato \u00e0 Presid\u00eancia <strong><a href=\"https:\/\/tvtnews.com.br\/caiado-lanca-candidatura-a-presidencia-pelo-psd\/\" target=\"_blank\" data-type=\"post\" data-id=\"782637\" rel=\"noreferrer noopener\">Ronaldo Caiado (PSD)<\/a><\/strong>. Ao todo, s\u00e3o quatro pedidos de direito de resposta e uma representa\u00e7\u00e3o que solicita a retirada de conte\u00fado e aplica\u00e7\u00e3o de multa.<\/p>\n<\/p>\n<ul>\n<li>Leia tamb\u00e9m: <a href=\"https:\/\/tvtnews.com.br\/vorcaro-pagou-propina-a-tarcisio-kassab-e-bolsonaro\/\">Vorcaro pagou propina para Tarc\u00edsio, Kassab e Bolsonaro, afirma UOL<\/a><\/li>\n<\/ul>\n<p>As a\u00e7\u00f5es apresentadas pela coliga\u00e7\u00e3o est\u00e3o relacionadas a tr\u00eas tipos de conte\u00fado: uma publica\u00e7\u00e3o que associa a vit\u00f3ria eleitoral de Lula em 2022 a comemora\u00e7\u00f5es de pessoas presas; uma propaganda de Caiado que relaciona o PT a invas\u00f5es de propriedades rurais e, por meio de uma montagem, aproxima Lula de afirma\u00e7\u00f5es sobre criminosos; e v\u00eddeos que utilizam um trecho de discurso do presidente para sugerir que ele teria feito coment\u00e1rios depreciativos sobre trabalhadores.<\/p>\n<h2>V\u00eddeo sobre pres\u00eddios volta a circular durante campanha<\/h2>\n<p>Duas das a\u00e7\u00f5es apresentadas ao <a href=\"https:\/\/www.tse.jus.br\/\" target=\"_blank\" data-type=\"link\" data-id=\"https:\/\/www.tse.jus.br\/\" rel=\"noreferrer noopener nofollow\">TSE <\/a>tratam de um mesmo v\u00eddeo produzido pelo site \u201cDia Dia Not\u00edcia\u201d. Na grava\u00e7\u00e3o, um locutor afirma que \u201cos bandidos comemoraram a vit\u00f3ria\u201d de Lula em 2022 dentro de um pres\u00eddio. A pe\u00e7a, segundo a coliga\u00e7\u00e3o, n\u00e3o apresenta indica\u00e7\u00e3o do estabelecimento prisional nem fonte que sustente a afirma\u00e7\u00e3o.<\/p>\n<p>A campanha de Lula afirma que o conte\u00fado j\u00e1 havia sido verificado e desmentido em 2022 por ve\u00edculos de checagem e imprensa, entre eles <strong>Lupa<\/strong> e <strong>Estad\u00e3o<\/strong>. Mesmo assim, o v\u00eddeo voltou a circular durante a atual disputa eleitoral.<\/p>\n<p>A pe\u00e7a foi exibida no hor\u00e1rio eleitoral gratuito na televis\u00e3o em 1\u00ba de setembro, \u00e0s 20h29. Posteriormente, tamb\u00e9m foi publicada nos perfis de Fl\u00e1vio Bolsonaro no Instagram e no Facebook.<\/p>\n<p>Por se tratarem de meios de divulga\u00e7\u00e3o diferentes, foram apresentadas duas a\u00e7\u00f5es. Uma delas questiona a exibi\u00e7\u00e3o na televis\u00e3o e est\u00e1 sob relatoria do ministro Nunes Marques. A outra trata das publica\u00e7\u00f5es nas redes sociais e est\u00e1 sob responsabilidade da ministra Estela Aranha.<\/p>\n<p>Nos dois processos, a coliga\u00e7\u00e3o pede que novas veicula\u00e7\u00f5es sejam interrompidas. Tamb\u00e9m solicita a preserva\u00e7\u00e3o das grava\u00e7\u00f5es pelas emissoras e, ao final, o direito de resposta em condi\u00e7\u00f5es equivalentes \u00e0s do conte\u00fado contestado. <\/p>\n<p>A solicita\u00e7\u00e3o prev\u00ea que a resposta seja apresentada no mesmo ve\u00edculo, hor\u00e1rio e espa\u00e7o e tenha dura\u00e7\u00e3o de pelo menos o dobro do material questionado, respeitado o m\u00ednimo de um minuto.<\/p>\n<h2>Propaganda de Caiado \u00e9 questionada por associa\u00e7\u00e3o com o MST<\/h2>\n<p>Outra a\u00e7\u00e3o apresentada pela chapa Lula-Alckmin questiona uma <a href=\"https:\/\/tvtnews.com.br\/propaganda-eleitoral-inicio-novidades-eleicoes-2026\/\" target=\"_blank\" data-type=\"post\" data-id=\"798790\" rel=\"noreferrer noopener\">propaganda eleitoral <\/a>de Ronaldo Caiado exibida duas vezes em 1\u00ba de setembro, \u00e0s 12h59 e \u00e0s 20h29.<\/p>\n<p>Na pe\u00e7a, Caiado afirma ter sido o primeiro a enfrentar a esquerda quando, segundo sua declara\u00e7\u00e3o, \u201co PT come\u00e7ou a invadir a terra de quem plantava\u201d. Na sequ\u00eancia, o v\u00eddeo apresenta um trecho do debate presidencial de 1989 no qual Caiado afirma nunca ter \u201ccomungado\u201d com pessoas que classifica como bandidos, criminosos e traficantes. A fala aparece acompanhada de uma imagem de Lula.<\/p>\n<p>Para a coliga\u00e7\u00e3o, a edi\u00e7\u00e3o dos dois momentos cria uma associa\u00e7\u00e3o entre Lula, o PT e pr\u00e1ticas criminosas que n\u00e3o est\u00e1 presente nas declara\u00e7\u00f5es originais. O argumento apresentado ao TSE \u00e9 de que a propaganda tamb\u00e9m mistura o partido com o Movimento dos Trabalhadores Rurais Sem Terra (MST).<\/p>\n<p>A representa\u00e7\u00e3o sustenta que PT e MST s\u00e3o organiza\u00e7\u00f5es distintas e que a montagem utiliza a sequ\u00eancia das imagens e declara\u00e7\u00f5es para produzir uma conclus\u00e3o que, segundo a campanha, n\u00e3o encontra respaldo nos conte\u00fados originais.<\/p>\n<p>O processo, de n\u00famero <strong>Rp. 0601847-71<\/strong>, est\u00e1 sob relatoria do ministro Andr\u00e9 Mendon\u00e7a. A coliga\u00e7\u00e3o solicita a suspens\u00e3o imediata da propaganda e a concess\u00e3o de direito de resposta em condi\u00e7\u00f5es equivalentes \u00e0s utilizadas no material questionado.<\/p>\n<h2>V\u00eddeo sobre garis tamb\u00e9m chega ao tribunal<\/h2>\n<p>As duas \u00faltimas a\u00e7\u00f5es t\u00eam como origem um discurso feito por Lula durante o <a href=\"https:\/\/tvtnews.com.br\/haddad-faz-caminhada-das-mulheres-em-sp\/\" target=\"_blank\" data-type=\"post\" data-id=\"799507\" rel=\"noreferrer noopener\"><strong>Ato Nacional Mulheres com Lula<\/strong>,<\/a> realizado em Belo Horizonte em 29 de agosto.<\/p>\n<p>Segundo a coliga\u00e7\u00e3o, um trecho da fala do presidente foi retirado do contexto e editado para transmitir a impress\u00e3o de que Lula teria feito uma declara\u00e7\u00e3o depreciativa sobre garis. O conte\u00fado foi publicado em diferentes plataformas digitais e tamb\u00e9m utilizado em propaganda.<\/p>\n<p>Uma das representa\u00e7\u00f5es tem como alvos Fl\u00e1vio Bolsonaro, Nikolas Ferreira e o PL. O v\u00eddeo foi divulgado no Instagram, Facebook, Threads, YouTube e TikTok. De acordo com a campanha de Lula, a edi\u00e7\u00e3o tamb\u00e9m procura relacionar o presidente \u00e0s den\u00fancias envolvendo fraudes no Instituto Nacional do Seguro Social (INSS) por meio de uma associa\u00e7\u00e3o com seu filho.<\/p>\n<p>Nesse caso, a coliga\u00e7\u00e3o n\u00e3o solicitou direito de resposta. O pedido \u00e9 pela retirada de nove URLs, determina\u00e7\u00e3o para que as plataformas fa\u00e7am a remo\u00e7\u00e3o t\u00e9cnica das publica\u00e7\u00f5es, proibi\u00e7\u00e3o de nova divulga\u00e7\u00e3o e aplica\u00e7\u00e3o de multa de <strong>R$ 30 mil para cada representado<\/strong>.<\/p>\n<p>A representa\u00e7\u00e3o considera crit\u00e9rios utilizados pelo TSE para definir eventuais san\u00e7\u00f5es, como alcance da publica\u00e7\u00e3o, quantidade de seguidores, poss\u00edvel repeti\u00e7\u00e3o da conduta e proximidade da elei\u00e7\u00e3o.<\/p>\n<p>A outra a\u00e7\u00e3o relacionada ao mesmo v\u00eddeo envolve a veicula\u00e7\u00e3o pela <strong>R\u00e1dio Jovem Pan<\/strong>, no bloco das 6h58 de 1\u00ba de setembro. O conte\u00fado \u00e9 atribu\u00eddo a Fl\u00e1vio Bolsonaro e ao PL. A coliga\u00e7\u00e3o pede a suspens\u00e3o de novas exibi\u00e7\u00f5es e direito de resposta em condi\u00e7\u00f5es equivalentes.<\/p>\n<p>O processo est\u00e1 sob relatoria do ministro Andr\u00e9 Mendon\u00e7a.<\/p>\n<p>The post <a rel=\"nofollow\" href=\"https:\/\/tvtnews.com.br\/lula-aciona-tse-fake-news-flavio-nikolas-caiado\/\">Chapa Lula-Alckmin aciona TSE contra fake news divulgadas por Fl\u00e1vio, Nikolas e Caiado<\/a> appeared first on <a rel=\"nofollow\" href=\"https:\/\/tvtnews.com.br\/\">TVT News<\/a>.<\/p>\n<!-- Begin Yuzo --><div class='yuzo_related_post style-1'  data-version='5.12.89'><!-- without result --><div class='yuzo_clearfixed yuzo__title yuzo__title'><h3>Related Post<\/h3><\/div>\n\t\t\t\t\t\t  <div class=\"relatedthumb \" style=\"width:125px;float:left;overflow:hidden;\">  \n\t\t\t\t\t\t\t  \n\t\t\t\t\t\t\t  <a  href=\"https:\/\/redept.com.br\/blogosfera\/area-em-que-esta-a-venezuela-e-das-mais-propicias-a-terremotos-proximos-da-superficie-explica-pesquisadora\/\"  >\n\t\t\t\t\t\t\t\t\t  <div class=\"yuzo-img-wrap \" style=\"width: 125px;height:90px;\">\n\t\t\t\t\t\t\t\t\t\t\n\t\t\t\t\t\t\t\t\t\t<div class=\"yuzo-img\" style=\"background:url('https:\/\/redept.org\/blogosfera\/wp-content\/plugins\/yuzo-related-post\/assets\/images\/default.png') 50% 50% no-repeat;width: 125px;height:90px;margin-bottom: 5px;background-size: cover; \"><\/div>\n\t\t\t\t\t\t\t\t\t  <\/div>\n\t\t\t\t\t\t\t\t\t  \n\t\t\t\t\t\t\t\t   <span class=\"yuzo__text--title\" style=\"font-size:13px;\">\u00c1rea em que est\u00e1 a Venezuela \u00e9 das mais prop\u00edcias ...<\/span>\n\t\t\t\t\t\t\t  \n\t\t\t\t\t\t\t  \n\t\t\t\t\t\t\t  <\/a>\n\n\t\t\t\t\t\t  <\/div>\n\t\t\t\t\t\t  <div class=\"relatedthumb \" style=\"width:125px;float:left;overflow:hidden;\">  \n\t\t\t\t\t\t\t  \n\t\t\t\t\t\t\t  <a  href=\"https:\/\/redept.com.br\/blogosfera\/governo-lula-anuncia-credito-do-trabalhador-e-petistas-destacam-impacto-positivo-para-a-economia\/\"  >\n\t\t\t\t\t\t\t\t\t  <div class=\"yuzo-img-wrap \" style=\"width: 125px;height:90px;\">\n\t\t\t\t\t\t\t\t\t\t\n\t\t\t\t\t\t\t\t\t\t<div class=\"yuzo-img\" style=\"background:url('https:\/\/redept.org\/blogosfera\/wp-content\/plugins\/yuzo-related-post\/assets\/images\/default.png') 50% 50% no-repeat;width: 125px;height:90px;margin-bottom: 5px;background-size: cover; \"><\/div>\n\t\t\t\t\t\t\t\t\t  <\/div>\n\t\t\t\t\t\t\t\t\t  \n\t\t\t\t\t\t\t\t   <span class=\"yuzo__text--title\" style=\"font-size:13px;\">Governo Lula anuncia Cr\u00e9dito do Trabalhador, e pet...<\/span>\n\t\t\t\t\t\t\t  \n\t\t\t\t\t\t\t  \n\t\t\t\t\t\t\t  <\/a>\n\n\t\t\t\t\t\t  <\/div>\n\t\t\t\t\t\t  <div class=\"relatedthumb \" style=\"width:125px;float:left;overflow:hidden;\">  \n\t\t\t\t\t\t\t  \n\t\t\t\t\t\t\t  <a  href=\"https:\/\/redept.com.br\/blogosfera\/o-militar-no-melhor-dos-dois-mundos\/\"  >\n\t\t\t\t\t\t\t\t\t  <div class=\"yuzo-img-wrap \" style=\"width: 125px;height:90px;\">\n\t\t\t\t\t\t\t\t\t\t\n\t\t\t\t\t\t\t\t\t\t<div class=\"yuzo-img\" style=\"background:url('https:\/\/redept.org\/blogosfera\/wp-content\/plugins\/yuzo-related-post\/assets\/images\/default.png') 50% 50% no-repeat;width: 125px;height:90px;margin-bottom: 5px;background-size: cover; \"><\/div>\n\t\t\t\t\t\t\t\t\t  <\/div>\n\t\t\t\t\t\t\t\t\t  \n\t\t\t\t\t\t\t\t   <span class=\"yuzo__text--title\" style=\"font-size:13px;\">O militar no melhor dos dois mundos<\/span>\n\t\t\t\t\t\t\t  \n\t\t\t\t\t\t\t  \n\t\t\t\t\t\t\t  <\/a>\n\n\t\t\t\t\t\t  <\/div>\n\t\t\t\t\t\t  <div class=\"relatedthumb \" style=\"width:125px;float:left;overflow:hidden;\">  \n\t\t\t\t\t\t\t  \n\t\t\t\t\t\t\t  <a  href=\"https:\/\/redept.com.br\/blogosfera\/moltbook-rede-social-so-para-ia-ou-alucinacao-coletiva\/\"  >\n\t\t\t\t\t\t\t\t\t  <div class=\"yuzo-img-wrap \" style=\"width: 125px;height:90px;\">\n\t\t\t\t\t\t\t\t\t\t\n\t\t\t\t\t\t\t\t\t\t<div class=\"yuzo-img\" style=\"background:url('https:\/\/redept.org\/blogosfera\/wp-content\/plugins\/yuzo-related-post\/assets\/images\/default.png') 50% 50% no-repeat;width: 125px;height:90px;margin-bottom: 5px;background-size: cover; \"><\/div>\n\t\t\t\t\t\t\t\t\t  <\/div>\n\t\t\t\t\t\t\t\t\t  \n\t\t\t\t\t\t\t\t   <span class=\"yuzo__text--title\" style=\"font-size:13px;\">Moltbook: \u2018rede social s\u00f3 para IA\u2019 ou alucina\u00e7\u00e3o c...<\/span>\n\t\t\t\t\t\t\t  \n\t\t\t\t\t\t\t  \n\t\t\t\t\t\t\t  <\/a>\n\n\t\t\t\t\t\t  <\/div>\n<\/div> <script>\n\t\t\t\t\t\t  jQuery(document).ready(function( $ ){\n\t\t\t\t\t\t\t\/\/jQuery('.yuzo_related_post').equalizer({ overflow : 'relatedthumb' });\n\t\t\t\t\t\t\tjQuery('.yuzo_related_post .yuzo_wraps').equalizer({ columns : '> div' });\n\t\t\t\t\t\t   })\n\t\t\t\t\t\t  <\/script> <!-- End Yuzo :) -->","protected":false},"excerpt":{"rendered":"<p>A coliga\u00e7\u00e3o \u201cBrasil Pronto pra Mais\u201d, que re\u00fane a chapa de Luiz In\u00e1cio Lula da Silva (PT) e Geraldo Alckmin (PSB), protocolou cinco a\u00e7\u00f5es no Tribunal Superior Eleitoral (TSE) contra pe\u00e7as de propaganda atribu\u00eddas a advers\u00e1rios da campanha presidencial. Leia em TVT News. Os pedidos questionam conte\u00fados divulgados no hor\u00e1rio eleitoral gratuito, em emissoras de [&hellip;]<\/p>\n","protected":false},"author":2,"featured_media":0,"comment_status":"open","ping_status":"closed","sticky":false,"template":"","format":"standard","meta":{"fifu_image_url":"","fifu_image_alt":"","footnotes":""},"categories":[489,1760,2427,112,132],"tags":[],"class_list":["post-102955","post","type-post","status-publish","format-standard","hentry","category-destaque-pequeno","category-eleicoes-2026","category-flavio-bolsonaro","category-lula","category-politica"],"_links":{"self":[{"href":"https:\/\/redept.com.br\/blogosfera\/wp-json\/wp\/v2\/posts\/102955","targetHints":{"allow":["GET"]}}],"collection":[{"href":"https:\/\/redept.com.br\/blogosfera\/wp-json\/wp\/v2\/posts"}],"about":[{"href":"https:\/\/redept.com.br\/blogosfera\/wp-json\/wp\/v2\/types\/post"}],"author":[{"embeddable":true,"href":"https:\/\/redept.com.br\/blogosfera\/wp-json\/wp\/v2\/users\/2"}],"replies":[{"embeddable":true,"href":"https:\/\/redept.com.br\/blogosfera\/wp-json\/wp\/v2\/comments?post=102955"}],"version-history":[{"count":0,"href":"https:\/\/redept.com.br\/blogosfera\/wp-json\/wp\/v2\/posts\/102955\/revisions"}],"wp:attachment":[{"href":"https:\/\/redept.com.br\/blogosfera\/wp-json\/wp\/v2\/media?parent=102955"}],"wp:term":[{"taxonomy":"category","embeddable":true,"href":"https:\/\/redept.com.br\/blogosfera\/wp-json\/wp\/v2\/categories?post=102955"},{"taxonomy":"post_tag","embeddable":true,"href":"https:\/\/redept.com.br\/blogosfera\/wp-json\/wp\/v2\/tags?post=102955"}],"curies":[{"name":"wp","href":"https:\/\/api.w.org\/{rel}","templated":true}]}}