{"id":102987,"date":"2026-09-03T20:01:37","date_gmt":"2026-09-03T23:01:37","guid":{"rendered":"https:\/\/redept.com.br\/blogosfera\/bukelizacao-brasil-ja-adotou-modelo-e-resultado-esta-ai-expansao-de-faccoes-dentro-e-fora-dos-presidios\/"},"modified":"2026-09-03T20:01:37","modified_gmt":"2026-09-03T23:01:37","slug":"bukelizacao-brasil-ja-adotou-modelo-e-resultado-esta-ai-expansao-de-faccoes-dentro-e-fora-dos-presidios","status":"publish","type":"post","link":"https:\/\/redept.com.br\/blogosfera\/bukelizacao-brasil-ja-adotou-modelo-e-resultado-esta-ai-expansao-de-faccoes-dentro-e-fora-dos-presidios\/","title":{"rendered":"Bukeliza\u00e7\u00e3o: \u2018Brasil j\u00e1 adotou modelo e resultado est\u00e1 a\u00ed: expans\u00e3o de fac\u00e7\u00f5es dentro e fora dos pres\u00eddios\u2019"},"content":{"rendered":"<p>Em \u00e9poca de elei\u00e7\u00e3o, muitos candidatos, em sua maioria de direita e extrema direita, t\u00eam como proposta de seguran\u00e7a p\u00fablica \u2018bukelizar\u2019 o Brasil, ou seja, adotar aqui o mesmo modelo de combate ao crime de El Salvador do presidente Nayib Bukele. Em linhas gerais, esse modelo \u00e9 marcado pelo encarceramento em massa, endurecimento de penas [\u2026]<\/p>\n<p><a href=\"https:\/\/www.brasildefato.com.br\/podcast\/brasil-de-fato-entrevista\/2026\/09\/03\/bukelizacao-brasil-ja-adotou-modelo-e-resultado-esta-ai-expansao-de-faccoes-dentro-e-fora-dos-presidios\/\" rel=\"nofollow\">Fonte<\/a><\/p>\n<!-- Begin Yuzo --><div class='yuzo_related_post style-1'  data-version='5.12.89'><!-- without result --><div class='yuzo_clearfixed yuzo__title yuzo__title'><h3>Related Post<\/h3><\/div>\n\t\t\t\t\t\t  <div class=\"relatedthumb \" style=\"width:125px;float:left;overflow:hidden;\">  \n\t\t\t\t\t\t\t  \n\t\t\t\t\t\t\t  <a  href=\"https:\/\/redept.com.br\/blogosfera\/senado-aprova-credito-para-motoristas-de-aplicativo-taxistas-e-profissionais-do-transporte\/\"  >\n\t\t\t\t\t\t\t\t\t  <div class=\"yuzo-img-wrap \" style=\"width: 125px;height:90px;\">\n\t\t\t\t\t\t\t\t\t\t\n\t\t\t\t\t\t\t\t\t\t<div class=\"yuzo-img\" style=\"background:url('https:\/\/redept.org\/blogosfera\/wp-content\/plugins\/yuzo-related-post\/assets\/images\/default.png') 50% 50% no-repeat;width: 125px;height:90px;margin-bottom: 5px;background-size: cover; \"><\/div>\n\t\t\t\t\t\t\t\t\t  <\/div>\n\t\t\t\t\t\t\t\t\t  \n\t\t\t\t\t\t\t\t   <span class=\"yuzo__text--title\" style=\"font-size:13px;\">Senado aprova cr\u00e9dito para motoristas de aplicativ...<\/span>\n\t\t\t\t\t\t\t  \n\t\t\t\t\t\t\t  \n\t\t\t\t\t\t\t  <\/a>\n\n\t\t\t\t\t\t  <\/div>\n\t\t\t\t\t\t  <div class=\"relatedthumb \" style=\"width:125px;float:left;overflow:hidden;\">  \n\t\t\t\t\t\t\t  \n\t\t\t\t\t\t\t  <a  href=\"https:\/\/sul21.com.br\/noticias\/geral\/2026\/08\/temporais-provocam-danos-em-21-municipios-do-rs-e-deixam-dois-mortos\/\"  >\n\t\t\t\t\t\t\t\t\t  <div class=\"yuzo-img-wrap \" style=\"width: 125px;height:90px;\">\n\t\t\t\t\t\t\t\t\t\t\n\t\t\t\t\t\t\t\t\t\t<div class=\"yuzo-img\" style=\"background:url('https:\/\/redept.org\/blogosfera\/wp-content\/plugins\/yuzo-related-post\/assets\/images\/default.png') 50% 50% no-repeat;width: 125px;height:90px;margin-bottom: 5px;background-size: cover; \"><\/div>\n\t\t\t\t\t\t\t\t\t  <\/div>\n\t\t\t\t\t\t\t\t\t  \n\t\t\t\t\t\t\t\t   <span class=\"yuzo__text--title\" style=\"font-size:13px;\">Temporais provocam danos em 21 munic\u00edpios do RS e ...<\/span>\n\t\t\t\t\t\t\t  \n\t\t\t\t\t\t\t  \n\t\t\t\t\t\t\t  <\/a>\n\n\t\t\t\t\t\t  <\/div>\n\t\t\t\t\t\t  <div class=\"relatedthumb \" style=\"width:125px;float:left;overflow:hidden;\">  \n\t\t\t\t\t\t\t  \n\t\t\t\t\t\t\t  <a  href=\"https:\/\/redept.com.br\/blogosfera\/fatos-contra-coloniais-modibo-keita\/\"  >\n\t\t\t\t\t\t\t\t\t  <div class=\"yuzo-img-wrap \" style=\"width: 125px;height:90px;\">\n\t\t\t\t\t\t\t\t\t\t\n\t\t\t\t\t\t\t\t\t\t<div class=\"yuzo-img\" style=\"background:url('https:\/\/redept.com.br\/blogosfera\/wp-content\/uploads\/2025\/07\/modibo-keita-150x150.webp') 50% 50% no-repeat;width: 125px;height:90px;margin-bottom: 5px;background-size: cover; \"><\/div>\n\t\t\t\t\t\t\t\t\t  <\/div>\n\t\t\t\t\t\t\t\t\t  \n\t\t\t\t\t\t\t\t   <span class=\"yuzo__text--title\" style=\"font-size:13px;\">Fatos contra-coloniais: Modibo Ke\u00efta<\/span>\n\t\t\t\t\t\t\t  \n\t\t\t\t\t\t\t  \n\t\t\t\t\t\t\t  <\/a>\n\n\t\t\t\t\t\t  <\/div>\n\t\t\t\t\t\t  <div class=\"relatedthumb \" style=\"width:125px;float:left;overflow:hidden;\">  \n\t\t\t\t\t\t\t  \n\t\t\t\t\t\t\t  <a  href=\"https:\/\/redept.com.br\/blogosfera\/unicamp-concede-titulo-de-doutor-honoris-causa-a-milton-nascimento-estou-muito-feliz\/\"  >\n\t\t\t\t\t\t\t\t\t  <div class=\"yuzo-img-wrap \" style=\"width: 125px;height:90px;\">\n\t\t\t\t\t\t\t\t\t\t\n\t\t\t\t\t\t\t\t\t\t<div class=\"yuzo-img\" style=\"background:url('https:\/\/redept.org\/blogosfera\/wp-content\/plugins\/yuzo-related-post\/assets\/images\/default.png') 50% 50% no-repeat;width: 125px;height:90px;margin-bottom: 5px;background-size: cover; \"><\/div>\n\t\t\t\t\t\t\t\t\t  <\/div>\n\t\t\t\t\t\t\t\t\t  \n\t\t\t\t\t\t\t\t   <span class=\"yuzo__text--title\" style=\"font-size:13px;\">Unicamp concede t\u00edtulo de Doutor Honoris Causa a M...<\/span>\n\t\t\t\t\t\t\t  \n\t\t\t\t\t\t\t  \n\t\t\t\t\t\t\t  <\/a>\n\n\t\t\t\t\t\t  <\/div>\n<\/div> <script>\n\t\t\t\t\t\t  jQuery(document).ready(function( $ ){\n\t\t\t\t\t\t\t\/\/jQuery('.yuzo_related_post').equalizer({ overflow : 'relatedthumb' });\n\t\t\t\t\t\t\tjQuery('.yuzo_related_post .yuzo_wraps').equalizer({ columns : '> div' });\n\t\t\t\t\t\t   })\n\t\t\t\t\t\t  <\/script> <!-- End Yuzo :) -->","protected":false},"excerpt":{"rendered":"<p>Em \u00e9poca de elei\u00e7\u00e3o, muitos candidatos, em sua maioria de direita e extrema direita, t\u00eam como proposta de seguran\u00e7a p\u00fablica \u2018bukelizar\u2019 o Brasil, ou seja, adotar aqui o mesmo modelo de combate ao crime de El Salvador do presidente Nayib Bukele. Em linhas gerais, esse modelo \u00e9 marcado pelo encarceramento em massa, endurecimento de penas [&hellip;]<\/p>\n","protected":false},"author":2,"featured_media":0,"comment_status":"open","ping_status":"closed","sticky":false,"template":"","format":"standard","meta":{"fifu_image_url":"","fifu_image_alt":"","footnotes":""},"categories":[347,3024,45,81678,28305,886,1428,858,81679,27191,1077,22099,81680,3086,81681,423,27609,81682,81683,80403,5194,55660,22107,81684,70479,22289,73,714,81685,61248],"tags":[],"class_list":["post-102987","post","type-post","status-publish","format-standard","hentry","category-america-latina","category-autoritarismo","category-brasil","category-bukelizacao","category-combate-ao-crime","category-constituicao-federal","category-crime-organizado","category-debate-eleitoral","category-desmilitarizacao-policial","category-direitos-fundamentais","category-el-salvador","category-encarceramento-em-massa","category-endurecimento-de-penas","category-estado-democratico-de-direito","category-estado-totalitario","category-extrema-direita","category-faccoes-criminosas","category-felippe-angeli","category-garantias-constitucionais","category-justa","category-nayib-bukele","category-politica-criminal","category-politica-de-seguranca","category-populacao-prisional","category-populismo-penal","category-presidios","category-seguranca-publica","category-sistema-prisional","category-superencarceramento","category-taxa-de-homicidios"],"_links":{"self":[{"href":"https:\/\/redept.com.br\/blogosfera\/wp-json\/wp\/v2\/posts\/102987","targetHints":{"allow":["GET"]}}],"collection":[{"href":"https:\/\/redept.com.br\/blogosfera\/wp-json\/wp\/v2\/posts"}],"about":[{"href":"https:\/\/redept.com.br\/blogosfera\/wp-json\/wp\/v2\/types\/post"}],"author":[{"embeddable":true,"href":"https:\/\/redept.com.br\/blogosfera\/wp-json\/wp\/v2\/users\/2"}],"replies":[{"embeddable":true,"href":"https:\/\/redept.com.br\/blogosfera\/wp-json\/wp\/v2\/comments?post=102987"}],"version-history":[{"count":0,"href":"https:\/\/redept.com.br\/blogosfera\/wp-json\/wp\/v2\/posts\/102987\/revisions"}],"wp:attachment":[{"href":"https:\/\/redept.com.br\/blogosfera\/wp-json\/wp\/v2\/media?parent=102987"}],"wp:term":[{"taxonomy":"category","embeddable":true,"href":"https:\/\/redept.com.br\/blogosfera\/wp-json\/wp\/v2\/categories?post=102987"},{"taxonomy":"post_tag","embeddable":true,"href":"https:\/\/redept.com.br\/blogosfera\/wp-json\/wp\/v2\/tags?post=102987"}],"curies":[{"name":"wp","href":"https:\/\/api.w.org\/{rel}","templated":true}]}}