{"id":103017,"date":"2026-09-04T03:20:40","date_gmt":"2026-09-04T06:20:40","guid":{"rendered":"https:\/\/redept.com.br\/blogosfera\/lula-chama-master-de-maior-roubo-da-historia-e-cobra-apuracao-sem-blindagem\/"},"modified":"2026-09-04T03:20:40","modified_gmt":"2026-09-04T06:20:40","slug":"lula-chama-master-de-maior-roubo-da-historia-e-cobra-apuracao-sem-blindagem","status":"publish","type":"post","link":"https:\/\/redept.com.br\/blogosfera\/lula-chama-master-de-maior-roubo-da-historia-e-cobra-apuracao-sem-blindagem\/","title":{"rendered":"Lula chama Master de \u201cmaior roubo da hist\u00f3ria\u201d e cobra apura\u00e7\u00e3o sem blindagem"},"content":{"rendered":"<p><img width=\"150\" height=\"105\"src=\"https:\/\/i0.wp.com\/urbsmagna.com\/wp-content\/uploads\/2026\/09\/Presidente-Lula-03.9.2026.png?w=2400&amp;ssl=1\" alt=\"O Presidente Lula durante fala compartilhada em suas redes sociais na noite de quinta-feira |3.9.2026| Imagem reprodu\u00e7\u00e3o X\/@LulaOficial |\u2022| URBS MAGNA\" decoding=\"async\" srcset=\"https:\/\/i0.wp.com\/urbsmagna.com\/wp-content\/uploads\/2026\/09\/Presidente-Lula-03.9.2026.png?w=2400&amp;ssl=1 2400w, https:\/\/i0.wp.com\/urbsmagna.com\/wp-content\/uploads\/2026\/09\/Presidente-Lula-03.9.2026.png?resize=300%2C210&amp;ssl=1 300w, https:\/\/i0.wp.com\/urbsmagna.com\/wp-content\/uploads\/2026\/09\/Presidente-Lula-03.9.2026.png?resize=1024%2C717&amp;ssl=1 1024w, https:\/\/i0.wp.com\/urbsmagna.com\/wp-content\/uploads\/2026\/09\/Presidente-Lula-03.9.2026.png?resize=150%2C105&amp;ssl=1 150w, https:\/\/i0.wp.com\/urbsmagna.com\/wp-content\/uploads\/2026\/09\/Presidente-Lula-03.9.2026.png?resize=768%2C538&amp;ssl=1 768w, https:\/\/i0.wp.com\/urbsmagna.com\/wp-content\/uploads\/2026\/09\/Presidente-Lula-03.9.2026.png?resize=1536%2C1075&amp;ssl=1 1536w, https:\/\/i0.wp.com\/urbsmagna.com\/wp-content\/uploads\/2026\/09\/Presidente-Lula-03.9.2026.png?resize=2048%2C1434&amp;ssl=1 2048w, https:\/\/i0.wp.com\/urbsmagna.com\/wp-content\/uploads\/2026\/09\/Presidente-Lula-03.9.2026.png?resize=1320%2C924&amp;ssl=1 1320w\" sizes=\"(max-width: 150px) 100vw, 150px\" data-attachment-id=\"322838\" data-permalink=\"https:\/\/urbsmagna.com\/lula-banco-master-maior-roubo-investigacao-stf-pgr\/presidente-lula-03-9-2026\/\" data-orig-file=\"https:\/\/i0.wp.com\/urbsmagna.com\/wp-content\/uploads\/2026\/09\/Presidente-Lula-03.9.2026.png?fit=2400%2C1680&amp;ssl=1\" data-orig-size=\"2400,1680\" data-comments-opened=\"1\" data-image-meta='{\"aperture\":\"0\",\"credit\":\"\",\"camera\":\"\",\"caption\":\"\",\"created_timestamp\":\"0\",\"copyright\":\"\",\"focal_length\":\"0\",\"iso\":\"0\",\"shutter_speed\":\"0\",\"title\":\"\",\"orientation\":\"0\",\"alt\":\"\"}' data-image-title=\"O Presidente Lula durante fala compartilhada em suas redes sociais na noite de quinta-feira |3.9.2026| Imagem reprodu\u00e7\u00e3o X\/@LulaOficial |\u2022| URBS MAGNA\" data-image-description=\"&lt;p&gt;O Presidente Lula durante fala compartilhada em suas redes sociais na noite de quinta-feira |3.9.2026| Imagem reprodu\u00e7\u00e3o X\/@LulaOficial |\u2022| URBS MAGNA&lt;\/p&gt;\n\" data-image-caption=\"&lt;p&gt;O Presidente Lula durante fala compartilhada em suas redes sociais na noite de quinta-feira |3.9.2026| Imagem reprodu\u00e7\u00e3o X\/@LulaOficial |\u2022| URBS MAGNA&lt;\/p&gt;\n\" data-large-file=\"https:\/\/i0.wp.com\/urbsmagna.com\/wp-content\/uploads\/2026\/09\/Presidente-Lula-03.9.2026.png?fit=1024%2C717&amp;ssl=1\">Em v\u00eddeo no Planalto, o presidente pede que o STF e a PGR sustentem a integridade das investiga\u00e7\u00f5es e afirma que a democracia n\u00e3o pode ficar ref\u00e9m de vazamentos seletivos<\/p>\n<p>O post Lula chama Master de \u201cmaior roubo da hist\u00f3ria\u201d e cobra apura\u00e7\u00e3o sem blindagem apareceu primeiro em Urbs Magna.<\/p>\n<!-- Begin Yuzo --><div class='yuzo_related_post style-1'  data-version='5.12.89'><!-- without result --><div class='yuzo_clearfixed yuzo__title yuzo__title'><h3>Related Post<\/h3><\/div>\n\t\t\t\t\t\t  <div class=\"relatedthumb \" style=\"width:125px;float:left;overflow:hidden;\">  \n\t\t\t\t\t\t\t  \n\t\t\t\t\t\t\t  <a  href=\"https:\/\/redept.com.br\/blogosfera\/liderancas-indigenas-ocupam-secretaria-de-educacao-do-para-e-relatam-retaliacao-e-ameacas\/\"  >\n\t\t\t\t\t\t\t\t\t  <div class=\"yuzo-img-wrap \" style=\"width: 125px;height:90px;\">\n\t\t\t\t\t\t\t\t\t\t\n\t\t\t\t\t\t\t\t\t\t<div class=\"yuzo-img\" style=\"background:url('https:\/\/redept.org\/blogosfera\/wp-content\/plugins\/yuzo-related-post\/assets\/images\/default.png') 50% 50% no-repeat;width: 125px;height:90px;margin-bottom: 5px;background-size: cover; \"><\/div>\n\t\t\t\t\t\t\t\t\t  <\/div>\n\t\t\t\t\t\t\t\t\t  \n\t\t\t\t\t\t\t\t   <span class=\"yuzo__text--title\" style=\"font-size:13px;\">Lideran\u00e7as ind\u00edgenas ocupam Secretaria de Educa\u00e7\u00e3o...<\/span>\n\t\t\t\t\t\t\t  \n\t\t\t\t\t\t\t  \n\t\t\t\t\t\t\t  <\/a>\n\n\t\t\t\t\t\t  <\/div>\n\t\t\t\t\t\t  <div class=\"relatedthumb \" style=\"width:125px;float:left;overflow:hidden;\">  \n\t\t\t\t\t\t\t  \n\t\t\t\t\t\t\t  <a  href=\"https:\/\/redept.com.br\/blogosfera\/54-anos-sem-josina-machel-heroina-da-libertacao-mocambicana\/\"  >\n\t\t\t\t\t\t\t\t\t  <div class=\"yuzo-img-wrap \" style=\"width: 125px;height:90px;\">\n\t\t\t\t\t\t\t\t\t\t\n\t\t\t\t\t\t\t\t\t\t<div class=\"yuzo-img\" style=\"background:url('https:\/\/redept.com.br\/blogosfera\/wp-content\/uploads\/2025\/04\/37pbpcx-150x150.jpg') 50% 50% no-repeat;width: 125px;height:90px;margin-bottom: 5px;background-size: cover; \"><\/div>\n\t\t\t\t\t\t\t\t\t  <\/div>\n\t\t\t\t\t\t\t\t\t  \n\t\t\t\t\t\t\t\t   <span class=\"yuzo__text--title\" style=\"font-size:13px;\">54 anos sem Josina Machel, hero\u00edna da liberta\u00e7\u00e3o m...<\/span>\n\t\t\t\t\t\t\t  \n\t\t\t\t\t\t\t  \n\t\t\t\t\t\t\t  <\/a>\n\n\t\t\t\t\t\t  <\/div>\n\t\t\t\t\t\t  <div class=\"relatedthumb \" style=\"width:125px;float:left;overflow:hidden;\">  \n\t\t\t\t\t\t\t  \n\t\t\t\t\t\t\t  <a  href=\"https:\/\/redept.com.br\/blogosfera\/cnu-dos-professores-inscricao-da-pnd-comecam-nesta-segunda-14\/\"  >\n\t\t\t\t\t\t\t\t\t  <div class=\"yuzo-img-wrap \" style=\"width: 125px;height:90px;\">\n\t\t\t\t\t\t\t\t\t\t\n\t\t\t\t\t\t\t\t\t\t<div class=\"yuzo-img\" style=\"background:url('https:\/\/redept.com.br\/blogosfera\/wp-content\/uploads\/2025\/07\/confira-as-principais-datas-do-cnu-dos-professores-150x150.webp') 50% 50% no-repeat;width: 125px;height:90px;margin-bottom: 5px;background-size: cover; \"><\/div>\n\t\t\t\t\t\t\t\t\t  <\/div>\n\t\t\t\t\t\t\t\t\t  \n\t\t\t\t\t\t\t\t   <span class=\"yuzo__text--title\" style=\"font-size:13px;\">CNU dos Professores: inscri\u00e7\u00e3o da PND come\u00e7am nest...<\/span>\n\t\t\t\t\t\t\t  \n\t\t\t\t\t\t\t  \n\t\t\t\t\t\t\t  <\/a>\n\n\t\t\t\t\t\t  <\/div>\n\t\t\t\t\t\t  <div class=\"relatedthumb \" style=\"width:125px;float:left;overflow:hidden;\">  \n\t\t\t\t\t\t\t  \n\t\t\t\t\t\t\t  <a  href=\"https:\/\/redept.com.br\/blogosfera\/afinal-a-quantas-anda-o-fim-do-mundo\/\"  >\n\t\t\t\t\t\t\t\t\t  <div class=\"yuzo-img-wrap \" style=\"width: 125px;height:90px;\">\n\t\t\t\t\t\t\t\t\t\t\n\t\t\t\t\t\t\t\t\t\t<div class=\"yuzo-img\" style=\"background:url('https:\/\/redept.org\/blogosfera\/wp-content\/plugins\/yuzo-related-post\/assets\/images\/default.png') 50% 50% no-repeat;width: 125px;height:90px;margin-bottom: 5px;background-size: cover; \"><\/div>\n\t\t\t\t\t\t\t\t\t  <\/div>\n\t\t\t\t\t\t\t\t\t  \n\t\t\t\t\t\t\t\t   <span class=\"yuzo__text--title\" style=\"font-size:13px;\">Afinal, a quantas anda o fim do mundo?<\/span>\n\t\t\t\t\t\t\t  \n\t\t\t\t\t\t\t  \n\t\t\t\t\t\t\t  <\/a>\n\n\t\t\t\t\t\t  <\/div>\n<\/div> <script>\n\t\t\t\t\t\t  jQuery(document).ready(function( $ ){\n\t\t\t\t\t\t\t\/\/jQuery('.yuzo_related_post').equalizer({ overflow : 'relatedthumb' });\n\t\t\t\t\t\t\tjQuery('.yuzo_related_post .yuzo_wraps').equalizer({ columns : '> div' });\n\t\t\t\t\t\t   })\n\t\t\t\t\t\t  <\/script> <!-- End Yuzo :) -->","protected":false},"excerpt":{"rendered":"<p><img decoding=\"async\" width=\"150\" height=\"105\" src=\"https:\/\/i0.wp.com\/urbsmagna.com\/wp-content\/uploads\/2026\/09\/Presidente-Lula-03.9.2026.png?fit=150%2C105&amp;ssl=1\" alt=\"O Presidente Lula durante fala compartilhada em suas redes sociais na noite de quinta-feira |3.9.2026| Imagem reprodu\u00e7\u00e3o X\/@LulaOficial |\u2022| URBS MAGNA\" data-attachment-id=\"322838\" data-permalink=\"https:\/\/urbsmagna.com\/lula-banco-master-maior-roubo-investigacao-stf-pgr\/presidente-lula-03-9-2026\/\" data-orig-file=\"https:\/\/i0.wp.com\/urbsmagna.com\/wp-content\/uploads\/2026\/09\/Presidente-Lula-03.9.2026.png?fit=2400%2C1680&amp;ssl=1\" data-orig-size=\"2400,1680\" data-comments-opened=\"1\" data-image-meta=\"{&quot;aperture&quot;:&quot;0&quot;,&quot;credit&quot;:&quot;&quot;,&quot;camera&quot;:&quot;&quot;,&quot;caption&quot;:&quot;&quot;,&quot;created_timestamp&quot;:&quot;0&quot;,&quot;copyright&quot;:&quot;&quot;,&quot;focal_length&quot;:&quot;0&quot;,&quot;iso&quot;:&quot;0&quot;,&quot;shutter_speed&quot;:&quot;0&quot;,&quot;title&quot;:&quot;&quot;,&quot;orientation&quot;:&quot;0&quot;,&quot;alt&quot;:&quot;&quot;}\" data-image-title=\"O Presidente Lula durante fala compartilhada em suas redes sociais na noite de quinta-feira |3.9.2026| Imagem reprodu\u00e7\u00e3o X\/@LulaOficial |\u2022| URBS MAGNA\" data-image-description=\"&lt;p&gt;O Presidente Lula durante fala compartilhada em suas redes sociais na noite de quinta-feira |3.9.2026| Imagem reprodu\u00e7\u00e3o X\/@LulaOficial |\u2022| URBS MAGNA&lt;\/p&gt;\n\" data-image-caption=\"&lt;p&gt;O Presidente Lula durante fala compartilhada em suas redes sociais na noite de quinta-feira |3.9.2026| Imagem reprodu\u00e7\u00e3o X\/@LulaOficial |\u2022| URBS MAGNA&lt;\/p&gt;\n\" data-large-file=\"https:\/\/i0.wp.com\/urbsmagna.com\/wp-content\/uploads\/2026\/09\/Presidente-Lula-03.9.2026.png?fit=1024%2C717&amp;ssl=1\">Em v\u00eddeo no Planalto, o presidente pede que o STF e a PGR sustentem a integridade das investiga\u00e7\u00f5es e afirma que a democracia n\u00e3o pode ficar ref\u00e9m de vazamentos seletivos<\/p>\n<p>O post <a href=\"https:\/\/urbsmagna.com\/lula-banco-master-maior-roubo-investigacao-stf-pgr\/\">Lula chama Master de \u201cmaior roubo da hist\u00f3ria\u201d e cobra apura\u00e7\u00e3o sem blindagem<\/a> apareceu primeiro em <a href=\"https:\/\/urbsmagna.com\/\">Urbs Magna<\/a>.<\/p>\n","protected":false},"author":2,"featured_media":0,"comment_status":"open","ping_status":"closed","sticky":false,"template":"","format":"standard","meta":{"fifu_image_url":"","fifu_image_alt":"","footnotes":""},"categories":[17810,30544,536,5732,1760,41562,288,112,191,30545,1570,1764,132,4992,5471,260,37960],"tags":[],"class_list":["post-103017","post","type-post","status-publish","format-standard","hentry","category-banco-master","category-daniel-vorcaro","category-democracia","category-edson-fachin","category-eleicoes-2026","category-fundo-garantidor-de-creditos","category-justica","category-lula","category-noticias","category-operacao-compliance-zero","category-pgr","category-policia-federal","category-politica","category-politica-economica","category-politica-nacional","category-stf","category-vazamentos-seletivos"],"_links":{"self":[{"href":"https:\/\/redept.com.br\/blogosfera\/wp-json\/wp\/v2\/posts\/103017","targetHints":{"allow":["GET"]}}],"collection":[{"href":"https:\/\/redept.com.br\/blogosfera\/wp-json\/wp\/v2\/posts"}],"about":[{"href":"https:\/\/redept.com.br\/blogosfera\/wp-json\/wp\/v2\/types\/post"}],"author":[{"embeddable":true,"href":"https:\/\/redept.com.br\/blogosfera\/wp-json\/wp\/v2\/users\/2"}],"replies":[{"embeddable":true,"href":"https:\/\/redept.com.br\/blogosfera\/wp-json\/wp\/v2\/comments?post=103017"}],"version-history":[{"count":0,"href":"https:\/\/redept.com.br\/blogosfera\/wp-json\/wp\/v2\/posts\/103017\/revisions"}],"wp:attachment":[{"href":"https:\/\/redept.com.br\/blogosfera\/wp-json\/wp\/v2\/media?parent=103017"}],"wp:term":[{"taxonomy":"category","embeddable":true,"href":"https:\/\/redept.com.br\/blogosfera\/wp-json\/wp\/v2\/categories?post=103017"},{"taxonomy":"post_tag","embeddable":true,"href":"https:\/\/redept.com.br\/blogosfera\/wp-json\/wp\/v2\/tags?post=103017"}],"curies":[{"name":"wp","href":"https:\/\/api.w.org\/{rel}","templated":true}]}}