{"id":103044,"date":"2026-09-04T11:45:44","date_gmt":"2026-09-04T14:45:44","guid":{"rendered":"https:\/\/redept.com.br\/blogosfera\/bancos-cortam-r-50-mi-de-credito-subsidiado-ao-agro-por-casos-de-desmatamento-e-escravidao\/"},"modified":"2026-09-04T11:45:44","modified_gmt":"2026-09-04T14:45:44","slug":"bancos-cortam-r-50-mi-de-credito-subsidiado-ao-agro-por-casos-de-desmatamento-e-escravidao","status":"publish","type":"post","link":"https:\/\/redept.com.br\/blogosfera\/bancos-cortam-r-50-mi-de-credito-subsidiado-ao-agro-por-casos-de-desmatamento-e-escravidao\/","title":{"rendered":"Bancos cortam R$ 50 mi de cr\u00e9dito subsidiado ao agro por casos de desmatamento e escravid\u00e3o"},"content":{"rendered":"<p><strong>AO MENOS<\/strong> 101 opera\u00e7\u00f5es de financiamento ao agroneg\u00f3cio perderam subs\u00eddios em 2026 ap\u00f3s institui\u00e7\u00f5es financeiras respons\u00e1veis pela libera\u00e7\u00e3o dos recursos identificarem passivos socioambientais nos empreendimentos financiados, revelam dados do Banco Central. Conforme apurou a <strong>Rep\u00f3rter Brasil<\/strong>, desmatamento ilegal e uso de m\u00e3o de obra escrava est\u00e3o entre as pr\u00e1ticas pelas quais os benefici\u00e1rios foram responsabilizados em fiscaliza\u00e7\u00f5es do Ibama e do Minist\u00e9rio do Trabalho e Emprego.<\/p>\n<p>Com isso, aproximadamente R$ 50 milh\u00f5es obtidos por fazendeiros e empresas por meio desses contratos deixam de contar com benef\u00edcios como acesso facilitado a recursos p\u00fablicos, incentivos fiscais e juros menores.<\/p>\n<p>Os dados sobre as opera\u00e7\u00f5es \u201cdesclassificadas\u201d \u2013 jarg\u00e3o t\u00e9cnico para os financiamentos desenquadrados das normas do cr\u00e9dito rural, que garantem acesso a pol\u00edticas federais de incentivo \u2013 est\u00e3o dispon\u00edveis no site do Banco Central. Sua divulga\u00e7\u00e3o ocorre ap\u00f3s a <strong>Rep\u00f3rter Brasil<\/strong> solicitar essas informa\u00e7\u00f5es ao banco, em maio de 2025, via Lei de Acesso \u00e0 Informa\u00e7\u00e3o.<\/p>\n<\/p>\n<div data-elementor-type=\"section\" data-elementor-id=\"77670\" data-elementor-post-type=\"elementor_library\">\n<div data-id=\"17a659f\" data-element_type=\"container\" data-e-type=\"container\" data-settings='{\"background_background\":\"classic\"}'>\n<div>\n<div data-id=\"386385d\" data-element_type=\"widget\" data-e-type=\"widget\" data-widget_type=\"heading.default\">\n<div>\n<h2>ASSINE NOSSA NEWSLETTER<\/h2>\n<\/p><\/div>\n<\/p><\/div>\n<div data-id=\"6546917\" data-element_type=\"widget\" data-e-type=\"widget\" data-widget_type=\"html.default\">\n<div>\n\t\t\t\t\t\t\t\t\t<\/div>\n<\/p><\/div>\n<div data-id=\"8c2e333\" data-element_type=\"widget\" data-e-type=\"widget\" data-settings='{\"button_width\":\"20\",\"step_next_label\":\"Next\",\"step_previous_label\":\"Previous\",\"button_width_mobile\":\"20\",\"step_type\":\"number_text\",\"step_icon_shape\":\"circle\"}' data-widget_type=\"form.default\">\n<div>\n<div>\n<div>\n\t\t\t\t\t\t\t\t\t\t\t\t<label for=\"form-field-email\"><br \/>\n\t\t\t\t\t\t\t\tEmail\t\t\t\t\t\t\t<\/label><\/p><\/div>\n<div>\n\t\t\t\t\t<button type=\"submit\"><br \/>\n\t\t\t\t\t\t<span><br \/>\n\t\t\t\t\t\t\t\t\t\t\t\t\t\t\t<span><br \/>\n\t\t\t\t\t\t\t\t\t<i aria-hidden=\"true\"><\/i>\t\t\t\t\t\t\t\t\t\t\t\t\t\t\t\t\t\t\t<span>Submit<\/span><br \/>\n\t\t\t\t\t\t\t\t\t\t\t\t\t\t\t\t\t<\/span><br \/>\n\t\t\t\t\t\t\t\t\t\t\t\t\t\t\t\t\t\t\t\t<\/span><br \/>\n\t\t\t\t\t<\/button>\n\t\t\t\t<\/div>\n<\/p><\/div>\n<\/p><\/div>\n<\/p><\/div>\n<\/p><\/div>\n<\/p><\/div>\n<\/p><\/div>\n<p>Na ocasi\u00e3o, a institui\u00e7\u00e3o informou n\u00e3o possuir dados segmentados sobre as desclassifica\u00e7\u00f5es motivadas por restri\u00e7\u00f5es socioambientais. Cabe aos bancos privados e estatais que concedem os recursos monitorar pr\u00e1ticas ambientais e trabalhistas nas fazendas beneficiadas, assim como catalogar, segundo categorias de motivo definidas pelo Banco Central, os casos de desclassifica\u00e7\u00e3o.<\/p>\n<p>\u201cDada a relev\u00e2ncia do tema, oportunamente, revisaremos a rela\u00e7\u00e3o de motivos, para especificar essas ocorr\u00eancias\u201d, informou o Banco Central na ocasi\u00e3o. Procurado agora, o \u00f3rg\u00e3o informou que uma categoria para dar conta desses casos foi efetivamente criada em agosto do ano passado.<\/p>\n<p>Desde janeiro de 2025, as regras do Banco Central determinam que os contratos de cr\u00e9dito rural prevejam a possibilidade de desclassifica\u00e7\u00e3o do financiamento, caso seja verificado, durante a sua vig\u00eancia, o descumprimento de obriga\u00e7\u00f5es ambientais e trabalhistas no im\u00f3vel rural.<\/p>\n<p>Entre esses descumprimentos est\u00e1 a imposi\u00e7\u00e3o de embargos ambientais nas propriedades, san\u00e7\u00e3o administrativa que interdita atividades produtivas em \u00e1reas onde o Ibama flagrou irregularidades como, por exemplo, desmatamento ilegal.<\/p>\n<p>As regras tamb\u00e9m vedam a manuten\u00e7\u00e3o de cr\u00e9dito a empregadores inclu\u00eddos na Lista Suja, cadastro oficial do governo federal que re\u00fane os nomes de fazendeiros e empresas flagrados mantendo trabalhadores em condi\u00e7\u00f5es an\u00e1logas \u00e0 escravid\u00e3o.<\/p>\n<\/p>\n<div data-elementor-type=\"container\" data-elementor-id=\"75228\" data-elementor-post-type=\"elementor_library\">\n<div data-id=\"5e8db1e6\" data-element_type=\"container\" data-e-type=\"container\">\n<div>\n<div data-id=\"36eb6c91\" data-element_type=\"container\" data-e-type=\"container\">\n<div>\n<div data-id=\"6f52f515\" data-element_type=\"container\" data-e-type=\"container\">\n<div data-id=\"65d9f401\" data-element_type=\"widget\" data-e-type=\"widget\" data-widget_type=\"divider.default\">\n<div>\n<div>\n\t\t\t<span><br \/>\n\t\t\t\t\t\t<\/span>\n\t\t<\/div>\n<\/p><\/div>\n<\/p><\/div>\n<\/p><\/div>\n<div data-id=\"134a1245\" data-element_type=\"container\" data-e-type=\"container\">\n<div>\n<div data-id=\"10fe55fe\" data-element_type=\"widget\" data-e-type=\"widget\" data-widget_type=\"text-editor.default\">\n<div>\n<p>Leia tamb\u00e9m<\/p>\n<\/p><\/div>\n<\/p><\/div>\n<\/p><\/div>\n<\/p><\/div>\n<\/p><\/div>\n<\/p><\/div>\n<div data-id=\"3c9495ae\" data-element_type=\"widget\" data-e-type=\"widget\" data-settings='{\"template_id\":\"75221\",\"columns\":1,\"row_gap\":{\"unit\":\"px\",\"size\":10,\"sizes\":[]},\"_skin\":\"post\",\"columns_tablet\":\"2\",\"columns_mobile\":\"1\",\"edit_handle_selector\":\"[data-elementor-type=\"loop-item\"]\",\"row_gap_tablet\":{\"unit\":\"px\",\"size\":\"\",\"sizes\":[]},\"row_gap_mobile\":{\"unit\":\"px\",\"size\":\"\",\"sizes\":[]}}' data-widget_type=\"loop-grid.post\">\n<div>\n<div>\n\t\t<\/div>\n<\/p><\/div>\n<\/p><\/div>\n<\/p><\/div>\n<\/p><\/div>\n<\/p><\/div>\n<\/p>\n<div data-elementor-type=\"section\" data-elementor-id=\"129686\" data-elementor-post-type=\"elementor_library\">\n<div>\n<div data-id=\"e5e1762\" data-element_type=\"widget\" data-e-type=\"widget\" data-widget_type=\"image.default\">\n<div>\n\t\t\t\t\t\t\t\t\t\t\t\t\t\t\t<img fetchpriority=\"high\" fetchpriority=\"high\" decoding=\"async\" width=\"360\" height=\"300\"src=\"https:\/\/redept.com.br\/blogosfera\/wp-content\/uploads\/2026\/09\/apoie-1-2.webp\" alt=\"Apoie a Rep\u00f3rter Brasil\" srcset=\"https:\/\/redept.com.br\/blogosfera\/wp-content\/uploads\/2026\/09\/apoie-1-2.webp 360w, https:\/\/reporterbrasil.org.br\/wp-content\/uploads\/2026\/04\/apoie-1-300x250.webp 300w\" sizes=\"(max-width: 360px) 100vw, 360px\">\t\t\t\t\t\t\t\t\t\t\t\t\t\t\t<\/div>\n<\/p><\/div>\n<\/p><\/div>\n<\/p><\/div>\n<p><strong>25 anos investigando para mudar.<\/strong><\/p>\n<p><strong>A Rep\u00f3rter Brasil j\u00e1 ajudou a impulsionar leis, fortalecer direitos e combater o trabalho escravo.<\/strong><\/p>\n<p><strong>Em 2026, fazemos 25 anos \u2014 e vem muito mais por a\u00ed!<\/strong><\/p>\n<p>The post Bancos cortam R$ 50 mi de cr\u00e9dito subsidiado ao agro por casos de desmatamento e escravid\u00e3o appeared first on Rep\u00f3rter Brasil.<\/p>\n<!-- Begin Yuzo --><div class='yuzo_related_post style-1'  data-version='5.12.89'><!-- without result --><div class='yuzo_clearfixed yuzo__title yuzo__title'><h3>Related Post<\/h3><\/div>\n\t\t\t\t\t\t  <div class=\"relatedthumb \" style=\"width:125px;float:left;overflow:hidden;\">  \n\t\t\t\t\t\t\t  \n\t\t\t\t\t\t\t  <a  href=\"https:\/\/redept.com.br\/blogosfera\/contra-a-pec-da-blindagem-e-pl-da-anistia-manifestantes-ocupam-a-esplanada-em-brasilia\/\"  >\n\t\t\t\t\t\t\t\t\t  <div class=\"yuzo-img-wrap \" style=\"width: 125px;height:90px;\">\n\t\t\t\t\t\t\t\t\t\t\n\t\t\t\t\t\t\t\t\t\t<div class=\"yuzo-img\" style=\"background:url('https:\/\/redept.com.br\/blogosfera\/wp-content\/uploads\/2025\/09\/WhatsApp-Image-2025-09-21-at-191912-150x150.jpeg') 50% 50% no-repeat;width: 125px;height:90px;margin-bottom: 5px;background-size: cover; \"><\/div>\n\t\t\t\t\t\t\t\t\t  <\/div>\n\t\t\t\t\t\t\t\t\t  \n\t\t\t\t\t\t\t\t   <span class=\"yuzo__text--title\" style=\"font-size:13px;\">Contra a PEC da Blindagem e PL da Anistia, manifes...<\/span>\n\t\t\t\t\t\t\t  \n\t\t\t\t\t\t\t  \n\t\t\t\t\t\t\t  <\/a>\n\n\t\t\t\t\t\t  <\/div>\n\t\t\t\t\t\t  <div class=\"relatedthumb \" style=\"width:125px;float:left;overflow:hidden;\">  \n\t\t\t\t\t\t\t  \n\t\t\t\t\t\t\t  <a  href=\"https:\/\/redept.com.br\/blogosfera\/haddad-discute-com-nikolas-e-jordy-e-audiencia-e-encerrada-molecagem-disse-ministro\/\"  >\n\t\t\t\t\t\t\t\t\t  <div class=\"yuzo-img-wrap \" style=\"width: 125px;height:90px;\">\n\t\t\t\t\t\t\t\t\t\t\n\t\t\t\t\t\t\t\t\t\t<div class=\"yuzo-img\" style=\"background:url('https:\/\/redept.org\/blogosfera\/wp-content\/plugins\/yuzo-related-post\/assets\/images\/default.png') 50% 50% no-repeat;width: 125px;height:90px;margin-bottom: 5px;background-size: cover; \"><\/div>\n\t\t\t\t\t\t\t\t\t  <\/div>\n\t\t\t\t\t\t\t\t\t  \n\t\t\t\t\t\t\t\t   <span class=\"yuzo__text--title\" style=\"font-size:13px;\">Haddad discute com Nikolas e Jordy e audi\u00eancia \u00e9 e...<\/span>\n\t\t\t\t\t\t\t  \n\t\t\t\t\t\t\t  \n\t\t\t\t\t\t\t  <\/a>\n\n\t\t\t\t\t\t  <\/div>\n\t\t\t\t\t\t  <div class=\"relatedthumb \" style=\"width:125px;float:left;overflow:hidden;\">  \n\t\t\t\t\t\t\t  \n\t\t\t\t\t\t\t  <a  href=\"https:\/\/redept.com.br\/blogosfera\/datafolha-lula-lidera-no-1o-e-no-2o-turno-e-seria-reeleito-se-a-eleicao-fosse-hoje-60-avaliam-governo-otimo-bom-e-regular\/\"  >\n\t\t\t\t\t\t\t\t\t  <div class=\"yuzo-img-wrap \" style=\"width: 125px;height:90px;\">\n\t\t\t\t\t\t\t\t\t\t\n\t\t\t\t\t\t\t\t\t\t<div class=\"yuzo-img\" style=\"background:url('https:\/\/redept.org\/blogosfera\/wp-content\/plugins\/yuzo-related-post\/assets\/images\/default.png') 50% 50% no-repeat;width: 125px;height:90px;margin-bottom: 5px;background-size: cover; \"><\/div>\n\t\t\t\t\t\t\t\t\t  <\/div>\n\t\t\t\t\t\t\t\t\t  \n\t\t\t\t\t\t\t\t   <span class=\"yuzo__text--title\" style=\"font-size:13px;\">Datafolha: LULA lidera no 1\u00ba e no 2\u00ba turno e seria...<\/span>\n\t\t\t\t\t\t\t  \n\t\t\t\t\t\t\t  \n\t\t\t\t\t\t\t  <\/a>\n\n\t\t\t\t\t\t  <\/div>\n\t\t\t\t\t\t  <div class=\"relatedthumb \" style=\"width:125px;float:left;overflow:hidden;\">  \n\t\t\t\t\t\t\t  \n\t\t\t\t\t\t\t  <a  href=\"https:\/\/redept.com.br\/blogosfera\/fux-e-visto-como-um-juiz-parcial-pro-bolsonaro\/\"  >\n\t\t\t\t\t\t\t\t\t  <div class=\"yuzo-img-wrap \" style=\"width: 125px;height:90px;\">\n\t\t\t\t\t\t\t\t\t\t\n\t\t\t\t\t\t\t\t\t\t<div class=\"yuzo-img\" style=\"background:url('https:\/\/redept.org\/blogosfera\/wp-content\/plugins\/yuzo-related-post\/assets\/images\/default.png') 50% 50% no-repeat;width: 125px;height:90px;margin-bottom: 5px;background-size: cover; \"><\/div>\n\t\t\t\t\t\t\t\t\t  <\/div>\n\t\t\t\t\t\t\t\t\t  \n\t\t\t\t\t\t\t\t   <span class=\"yuzo__text--title\" style=\"font-size:13px;\">Fux \u00e9 visto como um juiz parcial pr\u00f3-Bolsonaro<\/span>\n\t\t\t\t\t\t\t  \n\t\t\t\t\t\t\t  \n\t\t\t\t\t\t\t  <\/a>\n\n\t\t\t\t\t\t  <\/div>\n<\/div> <script>\n\t\t\t\t\t\t  jQuery(document).ready(function( $ ){\n\t\t\t\t\t\t\t\/\/jQuery('.yuzo_related_post').equalizer({ overflow : 'relatedthumb' });\n\t\t\t\t\t\t\tjQuery('.yuzo_related_post .yuzo_wraps').equalizer({ columns : '> div' });\n\t\t\t\t\t\t   })\n\t\t\t\t\t\t  <\/script> <!-- End Yuzo :) -->","protected":false},"excerpt":{"rendered":"<p>Ap\u00f3s solicita\u00e7\u00e3o da Rep\u00f3rter Brasil, Banco Central come\u00e7ou a computar e divulgar dados sobre as opera\u00e7\u00f5es de credito rural reavaliadas devido a constata\u00e7\u00e3o de pr\u00e1ticas como desmatamento ilegal e trabalho escravo<\/p>\n<p>The post <a href=\"https:\/\/reporterbrasil.org.br\/2026\/09\/bancos-cortam-credito-agro-desmatamento-escravidao\/\">Bancos cortam R$ 50 mi de cr\u00e9dito subsidiado ao agro por casos de desmatamento e escravid\u00e3o<\/a> appeared first on <a href=\"https:\/\/reporterbrasil.org.br\/\">Rep\u00f3rter Brasil<\/a>.<\/p>\n","protected":false},"author":2,"featured_media":103045,"comment_status":"open","ping_status":"closed","sticky":false,"template":"","format":"standard","meta":{"fifu_image_url":"","fifu_image_alt":"","footnotes":""},"categories":[13690,119,5879,3957,543,9175,974],"tags":[],"class_list":["post-103044","post","type-post","status-publish","format-standard","has-post-thumbnail","hentry","category-_destaque-da-home-1","category-banco-central","category-conteudo-original-em-portugues","category-credito-rural","category-desmatamento","category-notas-divulgacao","category-trabalho-escravo"],"_links":{"self":[{"href":"https:\/\/redept.com.br\/blogosfera\/wp-json\/wp\/v2\/posts\/103044","targetHints":{"allow":["GET"]}}],"collection":[{"href":"https:\/\/redept.com.br\/blogosfera\/wp-json\/wp\/v2\/posts"}],"about":[{"href":"https:\/\/redept.com.br\/blogosfera\/wp-json\/wp\/v2\/types\/post"}],"author":[{"embeddable":true,"href":"https:\/\/redept.com.br\/blogosfera\/wp-json\/wp\/v2\/users\/2"}],"replies":[{"embeddable":true,"href":"https:\/\/redept.com.br\/blogosfera\/wp-json\/wp\/v2\/comments?post=103044"}],"version-history":[{"count":0,"href":"https:\/\/redept.com.br\/blogosfera\/wp-json\/wp\/v2\/posts\/103044\/revisions"}],"wp:featuredmedia":[{"embeddable":true,"href":"https:\/\/redept.com.br\/blogosfera\/wp-json\/wp\/v2\/media\/103045"}],"wp:attachment":[{"href":"https:\/\/redept.com.br\/blogosfera\/wp-json\/wp\/v2\/media?parent=103044"}],"wp:term":[{"taxonomy":"category","embeddable":true,"href":"https:\/\/redept.com.br\/blogosfera\/wp-json\/wp\/v2\/categories?post=103044"},{"taxonomy":"post_tag","embeddable":true,"href":"https:\/\/redept.com.br\/blogosfera\/wp-json\/wp\/v2\/tags?post=103044"}],"curies":[{"name":"wp","href":"https:\/\/api.w.org\/{rel}","templated":true}]}}