{"id":103050,"date":"2026-09-04T11:36:00","date_gmt":"2026-09-04T14:36:00","guid":{"rendered":"https:\/\/redept.com.br\/blogosfera\/vorcaro-diz-que-doacoes-a-bolsonaro-e-tarcisio-foram-propina\/"},"modified":"2026-09-04T11:36:00","modified_gmt":"2026-09-04T14:36:00","slug":"vorcaro-diz-que-doacoes-a-bolsonaro-e-tarcisio-foram-propina","status":"publish","type":"post","link":"https:\/\/redept.com.br\/blogosfera\/vorcaro-diz-que-doacoes-a-bolsonaro-e-tarcisio-foram-propina\/","title":{"rendered":"Vorcaro diz que doa\u00e7\u00f5es a Bolsonaro e Tarc\u00edsio foram propina"},"content":{"rendered":"<p><img fetchpriority=\"high\" width=\"625\" height=\"423\"src=\"https:\/\/redept.com.br\/blogosfera\/wp-content\/uploads\/2026\/09\/WhatsApp-Image-2026-09-04-at-113424-1.jpeg\" alt=\"\" decoding=\"async\" srcset=\"https:\/\/redept.com.br\/blogosfera\/wp-content\/uploads\/2026\/09\/WhatsApp-Image-2026-09-04-at-113424-1.jpeg 625w, https:\/\/vermelho.org.br\/wp-content\/uploads\/2026\/09\/WhatsApp-Image-2026-09-04-at-11.34.24-1-300x203.jpeg 300w\" sizes=\"(max-width: 625px) 100vw, 625px\"><\/p>\n<p>O ex-banqueiro Daniel Vorcaro afirmou, em proposta de dela\u00e7\u00e3o premiada, que as doa\u00e7\u00f5es de R$5 milh\u00f5es \u00e0s campanhas de Jair Bolsonaro (PL) e Tarc\u00edsio de Freitas (Republicanos), em 2022, foram negociadas como propina para assegurar a continuidade do cart\u00e3o Credcesta em S\u00e3o Paulo.<\/p>\n<p>Segundo documento obtido pelo UOL, Vorcaro atribui a articula\u00e7\u00e3o a Gilberto Kassab (PSD), ent\u00e3o aliado da campanha de Tarc\u00edsio e posteriormente nomeado secret\u00e1rio de Governo paulista. As doa\u00e7\u00f5es foram formalmente feitas por Fabiano Zettel, cunhado de Vorcaro: R$3 milh\u00f5es para Bolsonaro e R$2 milh\u00f5es para Tarc\u00edsio.<\/p>\n<p>Na vers\u00e3o apresentada pelo ex-banqueiro, o acordo previa ainda o repasse de 5% do resultado l\u00edquido do Credcesta em S\u00e3o Paulo \u2014 cart\u00e3o de cr\u00e9dito consignado destinado a servidores p\u00fablicos \u2014 e cerca de R$10 milh\u00f5es em caixa dois destinados a pessoas ligadas a Kassab.\u00a0<\/p>\n<p>O dinheiro em esp\u00e9cie teria sido entregue por Thiago Botelho, conhecido como Papel.<\/p>\n<p>O Credcesta \u00e9 um cart\u00e3o de cr\u00e9dito consignado operado pela PKL One Participa\u00e7\u00f5es, empresa associada ao Banco Master e ligada a parentes de Augusto Lima, s\u00f3cio de Vorcaro. O neg\u00f3cio passou a operar para servidores p\u00fablicos paulistas em julho de 2022, durante o governo Rodrigo Garcia.<\/p>\n<p>Vorcaro relatou que, diante da prov\u00e1vel vit\u00f3ria de Tarc\u00edsio na elei\u00e7\u00e3o daquele ano, Augusto Lima buscou garantir a perman\u00eancia do produto na nova gest\u00e3o. Segundo o anexo da dela\u00e7\u00e3o, Lima informou ao banqueiro que havia feito um \u201cajuste indevido\u201d com Kassab, prevendo contrapartidas financeiras e contribui\u00e7\u00f5es eleitorais.<\/p>\n<p>A proposta de dela\u00e7\u00e3o aponta que a doa\u00e7\u00e3o oficial seria inicialmente paga em dinheiro. Depois, segundo o relato, interlocutores de Kassab teriam exigido que uma parte fosse formalizada, pois partidos aliados s\u00f3 aceitariam recursos declarados \u00e0 Justi\u00e7a Eleitoral.<\/p>\n<p>Vorcaro afirmou que acionou Zettel para fazer os repasses. O banqueiro disse que o cunhado n\u00e3o conhecia a origem nem a finalidade efetiva dos valores.<\/p>\n<p>Ainda de acordo com a dela\u00e7\u00e3o, os pagamentos foram realizados e a contrapartida se concretizou: o Credcesta permaneceu ligado ao governo paulista por mais de um ano. Em dezembro de 2024, Tarc\u00edsio editou decreto que ampliou o mercado de cr\u00e9dito consignado a institui\u00e7\u00f5es al\u00e9m de bancos e cooperativas.<\/p>\n<p>As tr\u00eas vers\u00f5es da dela\u00e7\u00e3o apresentadas por Vorcaro foram rejeitadas pela Pol\u00edcia Federal e pela Procuradoria-Geral da Rep\u00fablica, sob o argumento de que n\u00e3o traziam fatos in\u00e9ditos ou elementos de corrobora\u00e7\u00e3o. Na semana passada, ele voltou a manifestar ao STF interesse em colaborar, mas a PGR reiterou a negativa.<\/p>\n<p>O post <a href=\"https:\/\/vermelho.org.br\/2026\/09\/04\/vorcaro-diz-que-doacoes-a-bolsonaro-e-tarcisio-foram-propina\/\">Vorcaro diz que doa\u00e7\u00f5es a Bolsonaro e Tarc\u00edsio foram propina<\/a> apareceu primeiro em <a href=\"https:\/\/vermelho.org.br\/\">Vermelho<\/a>.<\/p>\n<!-- Begin Yuzo --><div class='yuzo_related_post style-1'  data-version='5.12.89'><!-- without result --><div class='yuzo_clearfixed yuzo__title yuzo__title'><h3>Related Post<\/h3><\/div>\n\t\t\t\t\t\t  <div class=\"relatedthumb \" style=\"width:125px;float:left;overflow:hidden;\">  \n\t\t\t\t\t\t\t  \n\t\t\t\t\t\t\t  <a  href=\"https:\/\/redept.com.br\/blogosfera\/eduardo-bolsonaro-foge-para-os-eua-e-tenta-emplacar-falsa-ideia-de-perseguicao\/\"  >\n\t\t\t\t\t\t\t\t\t  <div class=\"yuzo-img-wrap \" style=\"width: 125px;height:90px;\">\n\t\t\t\t\t\t\t\t\t\t\n\t\t\t\t\t\t\t\t\t\t<div class=\"yuzo-img\" style=\"background:url('https:\/\/redept.org\/blogosfera\/wp-content\/plugins\/yuzo-related-post\/assets\/images\/default.png') 50% 50% no-repeat;width: 125px;height:90px;margin-bottom: 5px;background-size: cover; \"><\/div>\n\t\t\t\t\t\t\t\t\t  <\/div>\n\t\t\t\t\t\t\t\t\t  \n\t\t\t\t\t\t\t\t   <span class=\"yuzo__text--title\" style=\"font-size:13px;\">Eduardo Bolsonaro foge para os EUA e tenta emplaca...<\/span>\n\t\t\t\t\t\t\t  \n\t\t\t\t\t\t\t  \n\t\t\t\t\t\t\t  <\/a>\n\n\t\t\t\t\t\t  <\/div>\n\t\t\t\t\t\t  <div class=\"relatedthumb \" style=\"width:125px;float:left;overflow:hidden;\">  \n\t\t\t\t\t\t\t  \n\t\t\t\t\t\t\t  <a  href=\"https:\/\/redept.com.br\/blogosfera\/procuradora-geral-defende-trump-ao-negar-uso-politico-do-departamento-de-justica\/\"  >\n\t\t\t\t\t\t\t\t\t  <div class=\"yuzo-img-wrap \" style=\"width: 125px;height:90px;\">\n\t\t\t\t\t\t\t\t\t\t\n\t\t\t\t\t\t\t\t\t\t<div class=\"yuzo-img\" style=\"background:url('https:\/\/redept.com.br\/blogosfera\/wp-content\/uploads\/2025\/10\/pam_bondi_in_2025-150x150.jpg') 50% 50% no-repeat;width: 125px;height:90px;margin-bottom: 5px;background-size: cover; \"><\/div>\n\t\t\t\t\t\t\t\t\t  <\/div>\n\t\t\t\t\t\t\t\t\t  \n\t\t\t\t\t\t\t\t   <span class=\"yuzo__text--title\" style=\"font-size:13px;\">Procuradora-geral defende Trump ao negar uso pol\u00edt...<\/span>\n\t\t\t\t\t\t\t  \n\t\t\t\t\t\t\t  \n\t\t\t\t\t\t\t  <\/a>\n\n\t\t\t\t\t\t  <\/div>\n\t\t\t\t\t\t  <div class=\"relatedthumb \" style=\"width:125px;float:left;overflow:hidden;\">  \n\t\t\t\t\t\t\t  \n\t\t\t\t\t\t\t  <a  href=\"https:\/\/redept.com.br\/blogosfera\/alckmin-defende-reforma-tributaria-como-motor-de-crescimento-do-pais\/\"  >\n\t\t\t\t\t\t\t\t\t  <div class=\"yuzo-img-wrap \" style=\"width: 125px;height:90px;\">\n\t\t\t\t\t\t\t\t\t\t\n\t\t\t\t\t\t\t\t\t\t<div class=\"yuzo-img\" style=\"background:url('https:\/\/redept.com.br\/blogosfera\/wp-content\/uploads\/2025\/03\/GERALDO-ALCKMIN-Foto-Marcelo-Camargo-Agencia-Brasil-150x150.webp') 50% 50% no-repeat;width: 125px;height:90px;margin-bottom: 5px;background-size: cover; \"><\/div>\n\t\t\t\t\t\t\t\t\t  <\/div>\n\t\t\t\t\t\t\t\t\t  \n\t\t\t\t\t\t\t\t   <span class=\"yuzo__text--title\" style=\"font-size:13px;\">Alckmin defende Reforma Tribut\u00e1ria como motor de c...<\/span>\n\t\t\t\t\t\t\t  \n\t\t\t\t\t\t\t  \n\t\t\t\t\t\t\t  <\/a>\n\n\t\t\t\t\t\t  <\/div>\n\t\t\t\t\t\t  <div class=\"relatedthumb \" style=\"width:125px;float:left;overflow:hidden;\">  \n\t\t\t\t\t\t\t  \n\t\t\t\t\t\t\t  <a  href=\"https:\/\/redept.com.br\/blogosfera\/china-exige-libertacao-de-maduro-e-acusa-eua-de-violar-a-carta-da-onu\/\"  >\n\t\t\t\t\t\t\t\t\t  <div class=\"yuzo-img-wrap \" style=\"width: 125px;height:90px;\">\n\t\t\t\t\t\t\t\t\t\t\n\t\t\t\t\t\t\t\t\t\t<div class=\"yuzo-img\" style=\"background:url('https:\/\/redept.com.br\/blogosfera\/wp-content\/uploads\/2026\/01\/b06133c1-1e6e-45db-821e-2f21aa895893-150x150.jpg') 50% 50% no-repeat;width: 125px;height:90px;margin-bottom: 5px;background-size: cover; \"><\/div>\n\t\t\t\t\t\t\t\t\t  <\/div>\n\t\t\t\t\t\t\t\t\t  \n\t\t\t\t\t\t\t\t   <span class=\"yuzo__text--title\" style=\"font-size:13px;\">China exige liberta\u00e7\u00e3o de Maduro e acusa EUA de vi...<\/span>\n\t\t\t\t\t\t\t  \n\t\t\t\t\t\t\t  \n\t\t\t\t\t\t\t  <\/a>\n\n\t\t\t\t\t\t  <\/div>\n<\/div> <script>\n\t\t\t\t\t\t  jQuery(document).ready(function( $ ){\n\t\t\t\t\t\t\t\/\/jQuery('.yuzo_related_post').equalizer({ overflow : 'relatedthumb' });\n\t\t\t\t\t\t\tjQuery('.yuzo_related_post .yuzo_wraps').equalizer({ columns : '> div' });\n\t\t\t\t\t\t   })\n\t\t\t\t\t\t  <\/script> <!-- End Yuzo :) -->","protected":false},"excerpt":{"rendered":"<p>O ex-banqueiro Daniel Vorcaro afirmou, em proposta de dela\u00e7\u00e3o premiada, que as doa\u00e7\u00f5es de R$5 milh\u00f5es \u00e0s campanhas de Jair Bolsonaro (PL) e Tarc\u00edsio de Freitas (Republicanos), em 2022, foram negociadas como propina para assegurar a continuidade do cart\u00e3o Credcesta em S\u00e3o Paulo. Segundo documento obtido pelo UOL, Vorcaro atribui a articula\u00e7\u00e3o a Gilberto Kassab [&hellip;]<\/p>\n","protected":false},"author":2,"featured_media":0,"comment_status":"open","ping_status":"closed","sticky":false,"template":"","format":"standard","meta":{"fifu_image_url":"","fifu_image_alt":"","footnotes":""},"categories":[17810,43807,30544,3872,4251,824,132,13870,254],"tags":[],"class_list":["post-103050","post","type-post","status-publish","format-standard","hentry","category-banco-master","category-credcesta","category-daniel-vorcaro","category-delacao-premiada","category-gilberto-kassab","category-jair-bolsonaro","category-politica","category-propina","category-tarcisio-de-freitas"],"_links":{"self":[{"href":"https:\/\/redept.com.br\/blogosfera\/wp-json\/wp\/v2\/posts\/103050","targetHints":{"allow":["GET"]}}],"collection":[{"href":"https:\/\/redept.com.br\/blogosfera\/wp-json\/wp\/v2\/posts"}],"about":[{"href":"https:\/\/redept.com.br\/blogosfera\/wp-json\/wp\/v2\/types\/post"}],"author":[{"embeddable":true,"href":"https:\/\/redept.com.br\/blogosfera\/wp-json\/wp\/v2\/users\/2"}],"replies":[{"embeddable":true,"href":"https:\/\/redept.com.br\/blogosfera\/wp-json\/wp\/v2\/comments?post=103050"}],"version-history":[{"count":0,"href":"https:\/\/redept.com.br\/blogosfera\/wp-json\/wp\/v2\/posts\/103050\/revisions"}],"wp:attachment":[{"href":"https:\/\/redept.com.br\/blogosfera\/wp-json\/wp\/v2\/media?parent=103050"}],"wp:term":[{"taxonomy":"category","embeddable":true,"href":"https:\/\/redept.com.br\/blogosfera\/wp-json\/wp\/v2\/categories?post=103050"},{"taxonomy":"post_tag","embeddable":true,"href":"https:\/\/redept.com.br\/blogosfera\/wp-json\/wp\/v2\/tags?post=103050"}],"curies":[{"name":"wp","href":"https:\/\/api.w.org\/{rel}","templated":true}]}}