{"id":103071,"date":"2026-09-04T13:06:12","date_gmt":"2026-09-04T16:06:12","guid":{"rendered":"https:\/\/redept.com.br\/blogosfera\/em-video-lula-pede-investigacao-de-master-sem-blindagem-e-cobra-transparencia-em-apuracoes\/"},"modified":"2026-09-04T13:06:12","modified_gmt":"2026-09-04T16:06:12","slug":"em-video-lula-pede-investigacao-de-master-sem-blindagem-e-cobra-transparencia-em-apuracoes","status":"publish","type":"post","link":"https:\/\/redept.com.br\/blogosfera\/em-video-lula-pede-investigacao-de-master-sem-blindagem-e-cobra-transparencia-em-apuracoes\/","title":{"rendered":"Em v\u00eddeo, Lula pede investiga\u00e7\u00e3o de Master \u201csem blindagem\u201d e cobra transpar\u00eancia em apura\u00e7\u00f5es"},"content":{"rendered":"<p>O presidente <a href=\"https:\/\/tvtnews.com.br\/tag\/lula\/\" target=\"_blank\" data-type=\"post_tag\" data-id=\"4337\" rel=\"noreferrer noopener\">Luiz In\u00e1cio Lula da Silva<\/a> publicou nesta quinta-feira (3) um v\u00eddeo nas redes sociais em que comenta a crise envolvendo o Banco Master e as investiga\u00e7\u00f5es sobre o caso. <a href=\"https:\/\/tvtnews.com.br\/\">Leia em TVT News.<\/a><\/p>\n<p>Lula tamb\u00e9m criticou o que chamou de \u201cvazamentos seletivos\u201d e defendeu que as investiga\u00e7\u00f5es sejam conduzidas com transpar\u00eancia. No v\u00eddeo, pediu que o presidente do <a href=\"https:\/\/tvtnews.com.br\/tag\/stf\/\" data-type=\"post_tag\" data-id=\"4224\" target=\"_blank\" rel=\"noreferrer noopener\">Supremo Tribunal Federal (STF)<\/a>, Edson Fachin, e o <a href=\"https:\/\/tvtnews.com.br\/tag\/pgr\/\" data-type=\"post_tag\" data-id=\"4558\" target=\"_blank\" rel=\"noreferrer noopener\">procurador-geral da Rep\u00fablica<\/a>, Paulo Gonet, liderem um processo capaz de garantir a integridade das apura\u00e7\u00f5es. \u201c\u00c9 fundamental que se investigue todo mundo, sem blindagem de ningu\u00e9m, doa a quem doer\u201d, afirmou em rela\u00e7\u00e3o ao caso Master.<\/p>\n<\/p>\n<figure>\n<div>\n<blockquote data-width=\"550\" data-dnt=\"true\">\n<p lang=\"pt\" dir=\"ltr\">O esc\u00e2ndalo do Banco Master \u00e9 o maior roubo da hist\u00f3ria do Brasil. Roubaram milh\u00f5es de pessoas de muitos estados e munic\u00edpios.<\/p>\n<p>O banqueiro, l\u00edder do esquema, tem rela\u00e7\u00f5es com muita gente poderosa. E foi no meu governo que ele foi preso e seu banco fechado.<\/p>\n<p>H\u00e1 suspeita de\u2026 <a href=\"https:\/\/t.co\/hKS5Q5HJks\" target=\"_blank\" rel=\"noopener noreferrer nofollow\">pic.twitter.com\/hKS5Q5HJks<\/a><\/p>\n<p>\u2014 Lula (@LulaOficial) <a href=\"https:\/\/x.com\/LulaOficial\/status\/2095657573277917537?ref_src=twsrc%5Etfw\" target=\"_blank\" rel=\"noopener noreferrer nofollow\">September 3, 2026<\/a><\/p><\/blockquote>\n<\/div>\n<\/figure>\n<p>O presidente tamb\u00e9m defendeu mudan\u00e7as no sistema pol\u00edtico e no Judici\u00e1rio e disse que as institui\u00e7\u00f5es precisam demonstrar independ\u00eancia diante de interesses individuais.<\/p>\n<p>Em sua fala, Lula ainda classificou o epis\u00f3dio como \u201co maior roubo da hist\u00f3ria do Brasil\u201d e afirmou que milh\u00f5es de pessoas foram roubadas por todo o Brasil pelas a\u00e7\u00f5es do Banco Master. Segundo o presidente, h\u00e1 suspeitas de envolvimento de pol\u00edticos e agentes p\u00fablicos e rela\u00e7\u00f5es do banqueiro Daniel Vorcaro com pessoas poderosas.<\/p>\n<p><a href=\"https:\/\/chat.whatsapp.com\/HC8TJaWXK8t4wNAG0oRwZI?mode=gi_t\" target=\"_blank\" rel=\"noreferrer noopener nofollow\">&gt;&gt; Siga o grupo da\u00a0<strong>TVT News\u00a0<\/strong>no WhatsApp<\/a><\/p>\n<h2>Divulga\u00e7\u00e3o de mensagens amplia crise no STF<\/h2>\n<p>O conflito dentro do Supremo ganhou for\u00e7a ap\u00f3s o ministro Andr\u00e9 Mendon\u00e7a retirar o sigilo de um relat\u00f3rio da Pol\u00edcia Federal que re\u00fane mensagens encontradas no celular de Vorcaro. Parte dos di\u00e1logos atribu\u00edda pela PF a Vorcaro, ex-dono do Master, envolve <a href=\"https:\/\/tvtnews.com.br\/pf-mensagens-vorcaro-pedido-ajuda-banco-master\/\" target=\"_blank\" rel=\"noreferrer noopener\">pedidos de ajuda do banqueiro relacionados \u00e0s investiga\u00e7\u00f5es<\/a> sobre o Banco Master que teriam supostamente sido enviados a Alexandre de Moraes.<\/p>\n<p>Moraes contesta a atribui\u00e7\u00e3o das mensagens e afirma que n\u00e3o era o destinat\u00e1rio dos di\u00e1logos apontados no relat\u00f3rio. O epis\u00f3dio levou o ministro a pedir que Mendon\u00e7a fosse investigado. Fachin, por sua vez, determinou que o pedido fosse analisado separadamente e solicitou informa\u00e7\u00f5es aos envolvidos sobre a condu\u00e7\u00e3o das apura\u00e7\u00f5es.<\/p>\n<h3>PGR questiona investiga\u00e7\u00e3o determinada por Mendon\u00e7a<\/h3>\n<p>A Procuradoria-Geral da Rep\u00fablica tamb\u00e9m entrou no caso ao questionar a legalidade da investiga\u00e7\u00e3o determinada por Mendon\u00e7a. <a href=\"https:\/\/tvtnews.com.br\/como-fica-o-caso-master-depois-de-pgr-apontar-nulidade-de-investigacao\/\" target=\"_blank\" data-type=\"link\" data-id=\"https:\/\/tvtnews.com.br\/como-fica-o-caso-master-depois-de-pgr-apontar-nulidade-de-investigacao\/\" rel=\"noreferrer noopener\">Paulo Gonet considerou nula a ordem para que a Pol\u00edcia Federal investigasse pessoas espec\u00edficas sem pedido do Minist\u00e9rio P\u00fablico ou iniciativa da pr\u00f3pria autoridade policial<\/a>.<\/p>\n<p>Segundo o procurador-geral, se Mendon\u00e7a entendesse haver elementos para investigar um ministro do STF, deveria ter levado a quest\u00e3o ao presidente da Corte para que o plen\u00e1rio avaliasse a abertura da apura\u00e7\u00e3o. A manifesta\u00e7\u00e3o da PGR questiona o procedimento adotado na investiga\u00e7\u00e3o, e n\u00e3o significa que as mensagens ou os fatos mencionados no relat\u00f3rio tenham sido considerados falsos.<\/p>\n<p>The post <a rel=\"nofollow\" href=\"https:\/\/tvtnews.com.br\/video-defende-investigacao-master-sem-blindagem\/\">Em v\u00eddeo, Lula pede investiga\u00e7\u00e3o de Master \u201csem blindagem\u201d e cobra transpar\u00eancia em apura\u00e7\u00f5es<\/a> appeared first on <a rel=\"nofollow\" href=\"https:\/\/tvtnews.com.br\/\">TVT News<\/a>.<\/p>\n<!-- Begin Yuzo --><div class='yuzo_related_post style-1'  data-version='5.12.89'><!-- without result --><div class='yuzo_clearfixed yuzo__title yuzo__title'><h3>Related Post<\/h3><\/div>\n\t\t\t\t\t\t  <div class=\"relatedthumb \" style=\"width:125px;float:left;overflow:hidden;\">  \n\t\t\t\t\t\t\t  \n\t\t\t\t\t\t\t  <a  href=\"https:\/\/redept.com.br\/blogosfera\/lula-diz-que-enviara-pl-do-fim-da-escala-6-x-1-nos-proximos-dias\/\"  >\n\t\t\t\t\t\t\t\t\t  <div class=\"yuzo-img-wrap \" style=\"width: 125px;height:90px;\">\n\t\t\t\t\t\t\t\t\t\t\n\t\t\t\t\t\t\t\t\t\t<div class=\"yuzo-img\" style=\"background:url('https:\/\/redept.com.br\/blogosfera\/wp-content\/uploads\/2026\/04\/erika_1-e1772212026916-150x150.jpg') 50% 50% no-repeat;width: 125px;height:90px;margin-bottom: 5px;background-size: cover; \"><\/div>\n\t\t\t\t\t\t\t\t\t  <\/div>\n\t\t\t\t\t\t\t\t\t  \n\t\t\t\t\t\t\t\t   <span class=\"yuzo__text--title\" style=\"font-size:13px;\">Lula diz que enviar\u00e1 PL do fim da escala 6 x 1 nos...<\/span>\n\t\t\t\t\t\t\t  \n\t\t\t\t\t\t\t  \n\t\t\t\t\t\t\t  <\/a>\n\n\t\t\t\t\t\t  <\/div>\n\t\t\t\t\t\t  <div class=\"relatedthumb \" style=\"width:125px;float:left;overflow:hidden;\">  \n\t\t\t\t\t\t\t  \n\t\t\t\t\t\t\t  <a  href=\"https:\/\/redept.com.br\/blogosfera\/conduzido-por-criancas-bloco-boi-brazinha-celebra-10-anos-fazendo-o-carnaval-dos-pequenos-folioes-em-belo-jardim\/\"  >\n\t\t\t\t\t\t\t\t\t  <div class=\"yuzo-img-wrap \" style=\"width: 125px;height:90px;\">\n\t\t\t\t\t\t\t\t\t\t\n\t\t\t\t\t\t\t\t\t\t<div class=\"yuzo-img\" style=\"background:url('https:\/\/redept.org\/blogosfera\/wp-content\/plugins\/yuzo-related-post\/assets\/images\/default.png') 50% 50% no-repeat;width: 125px;height:90px;margin-bottom: 5px;background-size: cover; \"><\/div>\n\t\t\t\t\t\t\t\t\t  <\/div>\n\t\t\t\t\t\t\t\t\t  \n\t\t\t\t\t\t\t\t   <span class=\"yuzo__text--title\" style=\"font-size:13px;\">Conduzido por crian\u00e7as, bloco Boi Brazinha celebra...<\/span>\n\t\t\t\t\t\t\t  \n\t\t\t\t\t\t\t  \n\t\t\t\t\t\t\t  <\/a>\n\n\t\t\t\t\t\t  <\/div>\n\t\t\t\t\t\t  <div class=\"relatedthumb \" style=\"width:125px;float:left;overflow:hidden;\">  \n\t\t\t\t\t\t\t  \n\t\t\t\t\t\t\t  <a  href=\"https:\/\/redept.com.br\/blogosfera\/governo-do-parana-reverte-decisao-da-justica-e-continua-com-projeto-de-terceirizacao-de-escolas\/\"  >\n\t\t\t\t\t\t\t\t\t  <div class=\"yuzo-img-wrap \" style=\"width: 125px;height:90px;\">\n\t\t\t\t\t\t\t\t\t\t\n\t\t\t\t\t\t\t\t\t\t<div class=\"yuzo-img\" style=\"background:url('https:\/\/redept.org\/blogosfera\/wp-content\/plugins\/yuzo-related-post\/assets\/images\/default.png') 50% 50% no-repeat;width: 125px;height:90px;margin-bottom: 5px;background-size: cover; \"><\/div>\n\t\t\t\t\t\t\t\t\t  <\/div>\n\t\t\t\t\t\t\t\t\t  \n\t\t\t\t\t\t\t\t   <span class=\"yuzo__text--title\" style=\"font-size:13px;\">Governo do Paran\u00e1 reverte decis\u00e3o da Justi\u00e7a e con...<\/span>\n\t\t\t\t\t\t\t  \n\t\t\t\t\t\t\t  \n\t\t\t\t\t\t\t  <\/a>\n\n\t\t\t\t\t\t  <\/div>\n\t\t\t\t\t\t  <div class=\"relatedthumb \" style=\"width:125px;float:left;overflow:hidden;\">  \n\t\t\t\t\t\t\t  \n\t\t\t\t\t\t\t  <a  href=\"https:\/\/sul21.com.br\/noticias\/cultura\/2026\/08\/exposicao-resgata-historia-do-sargento-das-maos-amarradas-morto-pela-ditadura-no-rs\/\"  >\n\t\t\t\t\t\t\t\t\t  <div class=\"yuzo-img-wrap \" style=\"width: 125px;height:90px;\">\n\t\t\t\t\t\t\t\t\t\t\n\t\t\t\t\t\t\t\t\t\t<div class=\"yuzo-img\" style=\"background:url('https:\/\/redept.org\/blogosfera\/wp-content\/plugins\/yuzo-related-post\/assets\/images\/default.png') 50% 50% no-repeat;width: 125px;height:90px;margin-bottom: 5px;background-size: cover; \"><\/div>\n\t\t\t\t\t\t\t\t\t  <\/div>\n\t\t\t\t\t\t\t\t\t  \n\t\t\t\t\t\t\t\t   <span class=\"yuzo__text--title\" style=\"font-size:13px;\">Exposi\u00e7\u00e3o resgata hist\u00f3ria do \u2018Sargento das M\u00e3os A...<\/span>\n\t\t\t\t\t\t\t  \n\t\t\t\t\t\t\t  \n\t\t\t\t\t\t\t  <\/a>\n\n\t\t\t\t\t\t  <\/div>\n<\/div> <script>\n\t\t\t\t\t\t  jQuery(document).ready(function( $ ){\n\t\t\t\t\t\t\t\/\/jQuery('.yuzo_related_post').equalizer({ overflow : 'relatedthumb' });\n\t\t\t\t\t\t\tjQuery('.yuzo_related_post .yuzo_wraps').equalizer({ columns : '> div' });\n\t\t\t\t\t\t   })\n\t\t\t\t\t\t  <\/script> <!-- End Yuzo :) -->","protected":false},"excerpt":{"rendered":"<p>O presidente Luiz In\u00e1cio Lula da Silva publicou nesta quinta-feira (3) um v\u00eddeo nas redes sociais em que comenta a crise envolvendo o Banco Master e as investiga\u00e7\u00f5es sobre o caso. Leia em TVT News. Lula tamb\u00e9m criticou o que chamou de \u201cvazamentos seletivos\u201d e defendeu que as investiga\u00e7\u00f5es sejam conduzidas com transpar\u00eancia. No v\u00eddeo, [&hellip;]<\/p>\n","protected":false},"author":2,"featured_media":0,"comment_status":"open","ping_status":"closed","sticky":false,"template":"","format":"standard","meta":{"fifu_image_url":"","fifu_image_alt":"","footnotes":""},"categories":[17810,472,112,132,260],"tags":[],"class_list":["post-103071","post","type-post","status-publish","format-standard","hentry","category-banco-master","category-destaque-ahome","category-lula","category-politica","category-stf"],"_links":{"self":[{"href":"https:\/\/redept.com.br\/blogosfera\/wp-json\/wp\/v2\/posts\/103071","targetHints":{"allow":["GET"]}}],"collection":[{"href":"https:\/\/redept.com.br\/blogosfera\/wp-json\/wp\/v2\/posts"}],"about":[{"href":"https:\/\/redept.com.br\/blogosfera\/wp-json\/wp\/v2\/types\/post"}],"author":[{"embeddable":true,"href":"https:\/\/redept.com.br\/blogosfera\/wp-json\/wp\/v2\/users\/2"}],"replies":[{"embeddable":true,"href":"https:\/\/redept.com.br\/blogosfera\/wp-json\/wp\/v2\/comments?post=103071"}],"version-history":[{"count":0,"href":"https:\/\/redept.com.br\/blogosfera\/wp-json\/wp\/v2\/posts\/103071\/revisions"}],"wp:attachment":[{"href":"https:\/\/redept.com.br\/blogosfera\/wp-json\/wp\/v2\/media?parent=103071"}],"wp:term":[{"taxonomy":"category","embeddable":true,"href":"https:\/\/redept.com.br\/blogosfera\/wp-json\/wp\/v2\/categories?post=103071"},{"taxonomy":"post_tag","embeddable":true,"href":"https:\/\/redept.com.br\/blogosfera\/wp-json\/wp\/v2\/tags?post=103071"}],"curies":[{"name":"wp","href":"https:\/\/api.w.org\/{rel}","templated":true}]}}