{"id":103101,"date":"2026-09-04T15:57:19","date_gmt":"2026-09-04T18:57:19","guid":{"rendered":"https:\/\/redept.com.br\/blogosfera\/lula-sanciona-fundos-da-justica-causa-milionaria-deixa-de-pagar-o-mesmo-que-a-pequena\/"},"modified":"2026-09-04T15:57:19","modified_gmt":"2026-09-04T18:57:19","slug":"lula-sanciona-fundos-da-justica-causa-milionaria-deixa-de-pagar-o-mesmo-que-a-pequena","status":"publish","type":"post","link":"https:\/\/redept.com.br\/blogosfera\/lula-sanciona-fundos-da-justica-causa-milionaria-deixa-de-pagar-o-mesmo-que-a-pequena\/","title":{"rendered":"Lula sanciona fundos da Justi\u00e7a: causa milion\u00e1ria deixa de pagar o mesmo que a pequena"},"content":{"rendered":"<p><img width=\"150\" height=\"105\"src=\"https:\/\/i0.wp.com\/urbsmagna.com\/wp-content\/uploads\/2026\/09\/Lula-04.09.2026.webp?w=2400&amp;ssl=1\" alt=\"Presidente Lula discursa durante evento em que sancionou medidas relacionadas a fundos do sistema de Justi\u00e7a |4.9.2026| Imagem reprodu\u00e7\u00e3o \/ @LulaOficial\/X\" decoding=\"async\" srcset=\"https:\/\/i0.wp.com\/urbsmagna.com\/wp-content\/uploads\/2026\/09\/Lula-04.09.2026.webp?w=2400&amp;ssl=1 2400w, https:\/\/i0.wp.com\/urbsmagna.com\/wp-content\/uploads\/2026\/09\/Lula-04.09.2026.webp?resize=300%2C210&amp;ssl=1 300w, https:\/\/i0.wp.com\/urbsmagna.com\/wp-content\/uploads\/2026\/09\/Lula-04.09.2026.webp?resize=1024%2C717&amp;ssl=1 1024w, https:\/\/i0.wp.com\/urbsmagna.com\/wp-content\/uploads\/2026\/09\/Lula-04.09.2026.webp?resize=150%2C105&amp;ssl=1 150w, https:\/\/i0.wp.com\/urbsmagna.com\/wp-content\/uploads\/2026\/09\/Lula-04.09.2026.webp?resize=768%2C538&amp;ssl=1 768w, https:\/\/i0.wp.com\/urbsmagna.com\/wp-content\/uploads\/2026\/09\/Lula-04.09.2026.webp?resize=1536%2C1075&amp;ssl=1 1536w, https:\/\/i0.wp.com\/urbsmagna.com\/wp-content\/uploads\/2026\/09\/Lula-04.09.2026.webp?resize=2048%2C1434&amp;ssl=1 2048w, https:\/\/i0.wp.com\/urbsmagna.com\/wp-content\/uploads\/2026\/09\/Lula-04.09.2026.webp?resize=1320%2C924&amp;ssl=1 1320w\" sizes=\"(max-width: 150px) 100vw, 150px\" data-attachment-id=\"322870\" data-permalink=\"https:\/\/urbsmagna.com\/lula-sanciona-fundos-justica-custas-progressivas\/lula-04-09-2026\/\" data-orig-file=\"https:\/\/i0.wp.com\/urbsmagna.com\/wp-content\/uploads\/2026\/09\/Lula-04.09.2026.webp?fit=2400%2C1680&amp;ssl=1\" data-orig-size=\"2400,1680\" data-comments-opened=\"1\" data-image-meta='{\"aperture\":\"0\",\"credit\":\"\",\"camera\":\"\",\"caption\":\"\",\"created_timestamp\":\"0\",\"copyright\":\"\",\"focal_length\":\"0\",\"iso\":\"0\",\"shutter_speed\":\"0\",\"title\":\"\",\"orientation\":\"0\",\"alt\":\"\"}' data-image-title=\"Presidente Lula discursa durante evento em que sancionou medidas relacionadas a fundos do sistema de Justi\u00e7a |4.9.2026| Imagem reprodu\u00e7\u00e3o \/ @LulaOficial\/X\" data-image-description=\"&lt;p&gt;Presidente Lula discursa durante evento em que sancionou medidas relacionadas a fundos do sistema de Justi\u00e7a |4.9.2026| Imagem reprodu\u00e7\u00e3o \/ @LulaOficial\/X&lt;\/p&gt;\n\" data-image-caption=\"&lt;p&gt;Presidente Lula discursa durante evento em que sancionou medidas relacionadas a fundos do sistema de Justi\u00e7a |4.9.2026| Imagem reprodu\u00e7\u00e3o \/ @LulaOficial\/X&lt;\/p&gt;\n\" data-large-file=\"https:\/\/i0.wp.com\/urbsmagna.com\/wp-content\/uploads\/2026\/09\/Lula-04.09.2026.webp?fit=1024%2C717&amp;ssl=1\">Tr\u00eas leis criam fundos da Justi\u00e7a Federal, do Minist\u00e9rio P\u00fablico da Uni\u00e3o e da Defensoria P\u00fablica da Uni\u00e3o com custas progressivas, gratuidade objetiva e destina\u00e7\u00e3o a presen\u00e7a, tecnologia e itiner\u00e2ncia<\/p>\n<p>O post Lula sanciona fundos da Justi\u00e7a: causa milion\u00e1ria deixa de pagar o mesmo que a pequena apareceu primeiro em Urbs Magna.<\/p>\n<!-- Begin Yuzo --><div class='yuzo_related_post style-1'  data-version='5.12.89'><!-- without result --><div class='yuzo_clearfixed yuzo__title yuzo__title'><h3>Related Post<\/h3><\/div>\n\t\t\t\t\t\t  <div class=\"relatedthumb \" style=\"width:125px;float:left;overflow:hidden;\">  \n\t\t\t\t\t\t\t  \n\t\t\t\t\t\t\t  <a  href=\"https:\/\/redept.com.br\/blogosfera\/a-lei-que-pode-tornar-lula-antissemita-os-riscos-da-definicao-da-ihra\/\"  >\n\t\t\t\t\t\t\t\t\t  <div class=\"yuzo-img-wrap \" style=\"width: 125px;height:90px;\">\n\t\t\t\t\t\t\t\t\t\t\n\t\t\t\t\t\t\t\t\t\t<div class=\"yuzo-img\" style=\"background:url('https:\/\/redept.com.br\/blogosfera\/wp-content\/uploads\/2026\/07\/55076593293_92fe4c3c93_c-150x150.jpg') 50% 50% no-repeat;width: 125px;height:90px;margin-bottom: 5px;background-size: cover; \"><\/div>\n\t\t\t\t\t\t\t\t\t  <\/div>\n\t\t\t\t\t\t\t\t\t  \n\t\t\t\t\t\t\t\t   <span class=\"yuzo__text--title\" style=\"font-size:13px;\">A lei que pode tornar Lula \u2018antissemita\u2019: os risco...<\/span>\n\t\t\t\t\t\t\t  \n\t\t\t\t\t\t\t  \n\t\t\t\t\t\t\t  <\/a>\n\n\t\t\t\t\t\t  <\/div>\n\t\t\t\t\t\t  <div class=\"relatedthumb \" style=\"width:125px;float:left;overflow:hidden;\">  \n\t\t\t\t\t\t\t  \n\t\t\t\t\t\t\t  <a  href=\"https:\/\/redept.com.br\/blogosfera\/sem-terra-participam-de-audiencia-publica-com-incra-em-goias\/\"  >\n\t\t\t\t\t\t\t\t\t  <div class=\"yuzo-img-wrap \" style=\"width: 125px;height:90px;\">\n\t\t\t\t\t\t\t\t\t\t\n\t\t\t\t\t\t\t\t\t\t<div class=\"yuzo-img\" style=\"background:url('https:\/\/redept.com.br\/blogosfera\/wp-content\/uploads\/2025\/02\/IMG-20250225-WA0077-1024x771-1-150x150.jpg') 50% 50% no-repeat;width: 125px;height:90px;margin-bottom: 5px;background-size: cover; \"><\/div>\n\t\t\t\t\t\t\t\t\t  <\/div>\n\t\t\t\t\t\t\t\t\t  \n\t\t\t\t\t\t\t\t   <span class=\"yuzo__text--title\" style=\"font-size:13px;\">Sem Terra participam de audi\u00eancia p\u00fablica com Incr...<\/span>\n\t\t\t\t\t\t\t  \n\t\t\t\t\t\t\t  \n\t\t\t\t\t\t\t  <\/a>\n\n\t\t\t\t\t\t  <\/div>\n\t\t\t\t\t\t  <div class=\"relatedthumb \" style=\"width:125px;float:left;overflow:hidden;\">  \n\t\t\t\t\t\t\t  \n\t\t\t\t\t\t\t  <a  href=\"https:\/\/redept.com.br\/blogosfera\/extremista-e-preso-apos-tentativa-de-invasao-no-stf\/\"  >\n\t\t\t\t\t\t\t\t\t  <div class=\"yuzo-img-wrap \" style=\"width: 125px;height:90px;\">\n\t\t\t\t\t\t\t\t\t\t\n\t\t\t\t\t\t\t\t\t\t<div class=\"yuzo-img\" style=\"background:url('https:\/\/redept.org\/blogosfera\/wp-content\/plugins\/yuzo-related-post\/assets\/images\/default.png') 50% 50% no-repeat;width: 125px;height:90px;margin-bottom: 5px;background-size: cover; \"><\/div>\n\t\t\t\t\t\t\t\t\t  <\/div>\n\t\t\t\t\t\t\t\t\t  \n\t\t\t\t\t\t\t\t   <span class=\"yuzo__text--title\" style=\"font-size:13px;\">Extremista \u00e9 preso ap\u00f3s tentativa de invas\u00e3o no ST...<\/span>\n\t\t\t\t\t\t\t  \n\t\t\t\t\t\t\t  \n\t\t\t\t\t\t\t  <\/a>\n\n\t\t\t\t\t\t  <\/div>\n\t\t\t\t\t\t  <div class=\"relatedthumb \" style=\"width:125px;float:left;overflow:hidden;\">  \n\t\t\t\t\t\t\t  \n\t\t\t\t\t\t\t  <a  href=\"https:\/\/redept.com.br\/blogosfera\/jornada-nacional-da-juventude-do-mst-celebra-centenario-de-fidel-castro-e-avanca-na-luta-anti-imperialista\/\"  >\n\t\t\t\t\t\t\t\t\t  <div class=\"yuzo-img-wrap \" style=\"width: 125px;height:90px;\">\n\t\t\t\t\t\t\t\t\t\t\n\t\t\t\t\t\t\t\t\t\t<div class=\"yuzo-img\" style=\"background:url('https:\/\/redept.com.br\/blogosfera\/wp-content\/uploads\/2026\/08\/Mural-concluido-pelos-artistas-Will-e-Igao-de-Nadai-em-parceria-com-o-Projeto-Vista-Bela-em-Movimento-Bairro-Vista-Bela-Londrina-Parana-Brasil-150x150.jpg') 50% 50% no-repeat;width: 125px;height:90px;margin-bottom: 5px;background-size: cover; \"><\/div>\n\t\t\t\t\t\t\t\t\t  <\/div>\n\t\t\t\t\t\t\t\t\t  \n\t\t\t\t\t\t\t\t   <span class=\"yuzo__text--title\" style=\"font-size:13px;\">Jornada Nacional da Juventude do MST celebra cente...<\/span>\n\t\t\t\t\t\t\t  \n\t\t\t\t\t\t\t  \n\t\t\t\t\t\t\t  <\/a>\n\n\t\t\t\t\t\t  <\/div>\n<\/div> <script>\n\t\t\t\t\t\t  jQuery(document).ready(function( $ ){\n\t\t\t\t\t\t\t\/\/jQuery('.yuzo_related_post').equalizer({ overflow : 'relatedthumb' });\n\t\t\t\t\t\t\tjQuery('.yuzo_related_post .yuzo_wraps').equalizer({ columns : '> div' });\n\t\t\t\t\t\t   })\n\t\t\t\t\t\t  <\/script> <!-- End Yuzo :) -->","protected":false},"excerpt":{"rendered":"<p><img decoding=\"async\" width=\"150\" height=\"105\" src=\"https:\/\/i0.wp.com\/urbsmagna.com\/wp-content\/uploads\/2026\/09\/Lula-04.09.2026.webp?fit=150%2C105&amp;ssl=1\" alt=\"Presidente Lula discursa durante evento em que sancionou medidas relacionadas a fundos do sistema de Justi\u00e7a |4.9.2026| Imagem reprodu\u00e7\u00e3o \/ @LulaOficial\/X\" data-attachment-id=\"322870\" data-permalink=\"https:\/\/urbsmagna.com\/lula-sanciona-fundos-justica-custas-progressivas\/lula-04-09-2026\/\" data-orig-file=\"https:\/\/i0.wp.com\/urbsmagna.com\/wp-content\/uploads\/2026\/09\/Lula-04.09.2026.webp?fit=2400%2C1680&amp;ssl=1\" data-orig-size=\"2400,1680\" data-comments-opened=\"1\" data-image-meta=\"{&quot;aperture&quot;:&quot;0&quot;,&quot;credit&quot;:&quot;&quot;,&quot;camera&quot;:&quot;&quot;,&quot;caption&quot;:&quot;&quot;,&quot;created_timestamp&quot;:&quot;0&quot;,&quot;copyright&quot;:&quot;&quot;,&quot;focal_length&quot;:&quot;0&quot;,&quot;iso&quot;:&quot;0&quot;,&quot;shutter_speed&quot;:&quot;0&quot;,&quot;title&quot;:&quot;&quot;,&quot;orientation&quot;:&quot;0&quot;,&quot;alt&quot;:&quot;&quot;}\" data-image-title=\"Presidente Lula discursa durante evento em que sancionou medidas relacionadas a fundos do sistema de Justi\u00e7a |4.9.2026| Imagem reprodu\u00e7\u00e3o \/ @LulaOficial\/X\" data-image-description=\"&lt;p&gt;Presidente Lula discursa durante evento em que sancionou medidas relacionadas a fundos do sistema de Justi\u00e7a |4.9.2026| Imagem reprodu\u00e7\u00e3o \/ @LulaOficial\/X&lt;\/p&gt;\n\" data-image-caption=\"&lt;p&gt;Presidente Lula discursa durante evento em que sancionou medidas relacionadas a fundos do sistema de Justi\u00e7a |4.9.2026| Imagem reprodu\u00e7\u00e3o \/ @LulaOficial\/X&lt;\/p&gt;\n\" data-large-file=\"https:\/\/i0.wp.com\/urbsmagna.com\/wp-content\/uploads\/2026\/09\/Lula-04.09.2026.webp?fit=1024%2C717&amp;ssl=1\">Tr\u00eas leis criam fundos da Justi\u00e7a Federal, do Minist\u00e9rio P\u00fablico da Uni\u00e3o e da Defensoria P\u00fablica da Uni\u00e3o com custas progressivas, gratuidade objetiva e destina\u00e7\u00e3o a presen\u00e7a, tecnologia e itiner\u00e2ncia<\/p>\n<p>O post <a href=\"https:\/\/urbsmagna.com\/lula-sanciona-fundos-justica-custas-progressivas\/\">Lula sanciona fundos da Justi\u00e7a: causa milion\u00e1ria deixa de pagar o mesmo que a pequena<\/a> apareceu primeiro em <a href=\"https:\/\/urbsmagna.com\/\">Urbs Magna<\/a>.<\/p>\n","protected":false},"author":2,"featured_media":0,"comment_status":"open","ping_status":"closed","sticky":false,"template":"","format":"standard","meta":{"fifu_image_url":"","fifu_image_alt":"","footnotes":""},"categories":[42320,498,259,81790,31733,536,81791,81792,81793,288,1042,112,81794,191,7551,132,5471,2072],"tags":[],"class_list":["post-103101","post","type-post","status-publish","format-standard","hentry","category-acesso-a-justica","category-brasilia","category-cnj","category-custas-judiciais","category-defensoria-publica-da-uniao","category-democracia","category-fejufe","category-fundos-da-justica","category-gratuidade-de-justica","category-justica","category-justica-federal","category-lula","category-ministerio-publico-da-uniao","category-noticias","category-palacio-do-planalto","category-politica","category-politica-nacional","category-stj"],"_links":{"self":[{"href":"https:\/\/redept.com.br\/blogosfera\/wp-json\/wp\/v2\/posts\/103101","targetHints":{"allow":["GET"]}}],"collection":[{"href":"https:\/\/redept.com.br\/blogosfera\/wp-json\/wp\/v2\/posts"}],"about":[{"href":"https:\/\/redept.com.br\/blogosfera\/wp-json\/wp\/v2\/types\/post"}],"author":[{"embeddable":true,"href":"https:\/\/redept.com.br\/blogosfera\/wp-json\/wp\/v2\/users\/2"}],"replies":[{"embeddable":true,"href":"https:\/\/redept.com.br\/blogosfera\/wp-json\/wp\/v2\/comments?post=103101"}],"version-history":[{"count":0,"href":"https:\/\/redept.com.br\/blogosfera\/wp-json\/wp\/v2\/posts\/103101\/revisions"}],"wp:attachment":[{"href":"https:\/\/redept.com.br\/blogosfera\/wp-json\/wp\/v2\/media?parent=103101"}],"wp:term":[{"taxonomy":"category","embeddable":true,"href":"https:\/\/redept.com.br\/blogosfera\/wp-json\/wp\/v2\/categories?post=103101"},{"taxonomy":"post_tag","embeddable":true,"href":"https:\/\/redept.com.br\/blogosfera\/wp-json\/wp\/v2\/tags?post=103101"}],"curies":[{"name":"wp","href":"https:\/\/api.w.org\/{rel}","templated":true}]}}