{"id":103102,"date":"2026-09-04T17:01:23","date_gmt":"2026-09-04T20:01:23","guid":{"rendered":"https:\/\/redept.com.br\/blogosfera\/o-caso-master-e-a-atuacao-seletiva-do-ministro-andre-mendonca\/"},"modified":"2026-09-04T17:01:23","modified_gmt":"2026-09-04T20:01:23","slug":"o-caso-master-e-a-atuacao-seletiva-do-ministro-andre-mendonca","status":"publish","type":"post","link":"https:\/\/redept.com.br\/blogosfera\/o-caso-master-e-a-atuacao-seletiva-do-ministro-andre-mendonca\/","title":{"rendered":"O caso Master e a atua\u00e7\u00e3o seletiva do ministro Andr\u00e9 Mendon\u00e7a"},"content":{"rendered":"<p>O esc\u00e2ndalo do Banco Master deixou de ser apenas um caso de fraude financeira. Tornou-se tamb\u00e9m um teste para as institui\u00e7\u00f5es brasileiras e para um princ\u00edpio elementar do Estado Democr\u00e1tico de Direito: a lei deve valer igualmente para todos. As revela\u00e7\u00f5es que se acumulam sobre Daniel Vorcaro exp\u00f5em uma extensa rede de rela\u00e7\u00f5es com pol\u00edticos, [\u2026]<\/p>\n<p><a href=\"https:\/\/www.brasildefato.com.br\/2026\/09\/04\/o-caso-master-e-a-atuacao-seletiva-do-ministro-andre-mendonca\/\" rel=\"nofollow\">Fonte<\/a><\/p>\n<!-- Begin Yuzo --><div class='yuzo_related_post style-1'  data-version='5.12.89'><!-- without result --><div class='yuzo_clearfixed yuzo__title yuzo__title'><h3>Related Post<\/h3><\/div>\n\t\t\t\t\t\t  <div class=\"relatedthumb \" style=\"width:125px;float:left;overflow:hidden;\">  \n\t\t\t\t\t\t\t  \n\t\t\t\t\t\t\t  <a  href=\"https:\/\/sul21.com.br\/noticias\/politica\/2026\/08\/candidatura-de-lula-a-reeleicao-e-confirmada-em-convencao-nacional-do-pt\/\"  >\n\t\t\t\t\t\t\t\t\t  <div class=\"yuzo-img-wrap \" style=\"width: 125px;height:90px;\">\n\t\t\t\t\t\t\t\t\t\t\n\t\t\t\t\t\t\t\t\t\t<div class=\"yuzo-img\" style=\"background:url('https:\/\/redept.org\/blogosfera\/wp-content\/plugins\/yuzo-related-post\/assets\/images\/default.png') 50% 50% no-repeat;width: 125px;height:90px;margin-bottom: 5px;background-size: cover; \"><\/div>\n\t\t\t\t\t\t\t\t\t  <\/div>\n\t\t\t\t\t\t\t\t\t  \n\t\t\t\t\t\t\t\t   <span class=\"yuzo__text--title\" style=\"font-size:13px;\">Candidatura de Lula \u00e0 reelei\u00e7\u00e3o \u00e9 confirmada em co...<\/span>\n\t\t\t\t\t\t\t  \n\t\t\t\t\t\t\t  \n\t\t\t\t\t\t\t  <\/a>\n\n\t\t\t\t\t\t  <\/div>\n\t\t\t\t\t\t  <div class=\"relatedthumb \" style=\"width:125px;float:left;overflow:hidden;\">  \n\t\t\t\t\t\t\t  \n\t\t\t\t\t\t\t  <a  href=\"https:\/\/redept.com.br\/blogosfera\/o-que-diz-o-novo-codigo-ecologico-e-ambiental-recentemente-aprovado-na-china\/\"  >\n\t\t\t\t\t\t\t\t\t  <div class=\"yuzo-img-wrap \" style=\"width: 125px;height:90px;\">\n\t\t\t\t\t\t\t\t\t\t\n\t\t\t\t\t\t\t\t\t\t<div class=\"yuzo-img\" style=\"background:url('https:\/\/redept.org\/blogosfera\/wp-content\/plugins\/yuzo-related-post\/assets\/images\/default.png') 50% 50% no-repeat;width: 125px;height:90px;margin-bottom: 5px;background-size: cover; \"><\/div>\n\t\t\t\t\t\t\t\t\t  <\/div>\n\t\t\t\t\t\t\t\t\t  \n\t\t\t\t\t\t\t\t   <span class=\"yuzo__text--title\" style=\"font-size:13px;\">O que diz o novo C\u00f3digo Ecol\u00f3gico e Ambiental rece...<\/span>\n\t\t\t\t\t\t\t  \n\t\t\t\t\t\t\t  \n\t\t\t\t\t\t\t  <\/a>\n\n\t\t\t\t\t\t  <\/div>\n\t\t\t\t\t\t  <div class=\"relatedthumb \" style=\"width:125px;float:left;overflow:hidden;\">  \n\t\t\t\t\t\t\t  \n\t\t\t\t\t\t\t  <a  href=\"https:\/\/redept.com.br\/blogosfera\/kim-jong-un-chega-a-pequim-para-celebrar-80-anos-da-vitoria-na-guerra-mundial-antifascista\/\"  >\n\t\t\t\t\t\t\t\t\t  <div class=\"yuzo-img-wrap \" style=\"width: 125px;height:90px;\">\n\t\t\t\t\t\t\t\t\t\t\n\t\t\t\t\t\t\t\t\t\t<div class=\"yuzo-img\" style=\"background:url('https:\/\/redept.org\/blogosfera\/wp-content\/plugins\/yuzo-related-post\/assets\/images\/default.png') 50% 50% no-repeat;width: 125px;height:90px;margin-bottom: 5px;background-size: cover; \"><\/div>\n\t\t\t\t\t\t\t\t\t  <\/div>\n\t\t\t\t\t\t\t\t\t  \n\t\t\t\t\t\t\t\t   <span class=\"yuzo__text--title\" style=\"font-size:13px;\">Kim Jong-Un chega a Pequim para celebrar 80 anos d...<\/span>\n\t\t\t\t\t\t\t  \n\t\t\t\t\t\t\t  \n\t\t\t\t\t\t\t  <\/a>\n\n\t\t\t\t\t\t  <\/div>\n\t\t\t\t\t\t  <div class=\"relatedthumb \" style=\"width:125px;float:left;overflow:hidden;\">  \n\t\t\t\t\t\t\t  \n\t\t\t\t\t\t\t  <a  href=\"https:\/\/redept.com.br\/blogosfera\/desemprego-sobe-para-58-em-fevereiro-mas-e-o-menor-para-o-trimestre\/\"  >\n\t\t\t\t\t\t\t\t\t  <div class=\"yuzo-img-wrap \" style=\"width: 125px;height:90px;\">\n\t\t\t\t\t\t\t\t\t\t\n\t\t\t\t\t\t\t\t\t\t<div class=\"yuzo-img\" style=\"background:url('https:\/\/redept.org\/blogosfera\/wp-content\/plugins\/yuzo-related-post\/assets\/images\/default.png') 50% 50% no-repeat;width: 125px;height:90px;margin-bottom: 5px;background-size: cover; \"><\/div>\n\t\t\t\t\t\t\t\t\t  <\/div>\n\t\t\t\t\t\t\t\t\t  \n\t\t\t\t\t\t\t\t   <span class=\"yuzo__text--title\" style=\"font-size:13px;\">Desemprego sobe para 5,8% em fevereiro, mas \u00e9 o me...<\/span>\n\t\t\t\t\t\t\t  \n\t\t\t\t\t\t\t  \n\t\t\t\t\t\t\t  <\/a>\n\n\t\t\t\t\t\t  <\/div>\n<\/div> <script>\n\t\t\t\t\t\t  jQuery(document).ready(function( $ ){\n\t\t\t\t\t\t\t\/\/jQuery('.yuzo_related_post').equalizer({ overflow : 'relatedthumb' });\n\t\t\t\t\t\t\tjQuery('.yuzo_related_post .yuzo_wraps').equalizer({ columns : '> div' });\n\t\t\t\t\t\t   })\n\t\t\t\t\t\t  <\/script> <!-- End Yuzo :) -->","protected":false},"excerpt":{"rendered":"<p>O esc\u00e2ndalo do Banco Master deixou de ser apenas um caso de fraude financeira. Tornou-se tamb\u00e9m um teste para as institui\u00e7\u00f5es brasileiras e para um princ\u00edpio elementar do Estado Democr\u00e1tico de Direito: a lei deve valer igualmente para todos. As revela\u00e7\u00f5es que se acumulam sobre Daniel Vorcaro exp\u00f5em uma extensa rede de rela\u00e7\u00f5es com pol\u00edticos, [&hellip;]<\/p>\n","protected":false},"author":2,"featured_media":0,"comment_status":"open","ping_status":"closed","sticky":false,"template":"","format":"standard","meta":{"fifu_image_url":"","fifu_image_alt":"","footnotes":""},"categories":[1261,10166,17810,30903,9602,43807,30544,57375,16591,3086,81795,36874,57387,2427,4251,78749,81494,27306,824,81796,36902,5631,153,1764,592,14701,260,7236,254,34485,81797],"tags":[],"class_list":["post-103102","post","type-post","status-publish","format-standard","hentry","category-alexandre-de-moraes","category-andre-mendonca","category-banco-master","category-caso-master","category-ciro-nogueira","category-credcesta","category-daniel-vorcaro","category-dark-horse","category-devido-processo-legal","category-estado-democratico-de-direito","category-fabio-faria","category-fabio-luis-lula-da-silva","category-financiamento-de-filme","category-flavio-bolsonaro","category-gilberto-kassab","category-imparcialidade-judicial","category-instituto-iter","category-investigacao-criminal","category-jair-bolsonaro","category-justica-seletiva","category-lulinha","category-nikolas-ferreira","category-opiniao","category-policia-federal","category-precatorios","category-procuradoria-geral-da-republica","category-stf","category-supremo-tribunal-federal","category-tarcisio-de-freitas","category-trafico-de-influencia","category-vazamento-seletivo"],"_links":{"self":[{"href":"https:\/\/redept.com.br\/blogosfera\/wp-json\/wp\/v2\/posts\/103102","targetHints":{"allow":["GET"]}}],"collection":[{"href":"https:\/\/redept.com.br\/blogosfera\/wp-json\/wp\/v2\/posts"}],"about":[{"href":"https:\/\/redept.com.br\/blogosfera\/wp-json\/wp\/v2\/types\/post"}],"author":[{"embeddable":true,"href":"https:\/\/redept.com.br\/blogosfera\/wp-json\/wp\/v2\/users\/2"}],"replies":[{"embeddable":true,"href":"https:\/\/redept.com.br\/blogosfera\/wp-json\/wp\/v2\/comments?post=103102"}],"version-history":[{"count":0,"href":"https:\/\/redept.com.br\/blogosfera\/wp-json\/wp\/v2\/posts\/103102\/revisions"}],"wp:attachment":[{"href":"https:\/\/redept.com.br\/blogosfera\/wp-json\/wp\/v2\/media?parent=103102"}],"wp:term":[{"taxonomy":"category","embeddable":true,"href":"https:\/\/redept.com.br\/blogosfera\/wp-json\/wp\/v2\/categories?post=103102"},{"taxonomy":"post_tag","embeddable":true,"href":"https:\/\/redept.com.br\/blogosfera\/wp-json\/wp\/v2\/tags?post=103102"}],"curies":[{"name":"wp","href":"https:\/\/api.w.org\/{rel}","templated":true}]}}